{"id":2798,"date":"2025-05-15T13:53:02","date_gmt":"2025-05-15T16:53:02","guid":{"rendered":"https:\/\/www.laleyaldia.cl\/?p=2798"},"modified":"2025-05-15T13:53:02","modified_gmt":"2025-05-15T16:53:02","slug":"comienza-a-regir-grabado-obligatorio-de-patentes-en-vehiculos-motorizados","status":"publish","type":"post","link":"https:\/\/laleyaldia.cl\/?p=2798","title":{"rendered":"Comienza a regir grabado obligatorio de patentes en veh\u00edculos motorizados"},"content":{"rendered":"<p><strong>Antecedentes<\/strong><\/p>\n<p>Con fecha 11 de septiembre de 2023, fue publicada la Ley N\u00b0 21.601, que Modifica la Ley de Tr\u00e1nsito para prevenir la venta de veh\u00edculos motorizados robados y sancionar las conductas que indica.<\/p>\n<p>Dicha norma tuvo como prop\u00f3sito prevenir la venta de veh\u00edculos motorizados robados. En este sentido, establece una serie de medidas tendientes a prevenir la compraventa de veh\u00edculo motorizados que son consecuencia de robos, hurtos u otros delitos.<\/p>\n<p>Una de estas medidas consiste en la obligatoriedad de grabar la placa patente \u00fanica en los vidrios y espejos laterales de los veh\u00edculos, cuyas caracter\u00edsticas fueron fijadas por el Decreto N\u00b0 13, de 14 de mayo de 2024.<\/p>\n<p><strong>Caracter\u00edsticas del grabado de la placa patente<\/strong><\/p>\n<p>Debe ser permanente: es decir, que haya implicado un desgaste al vidrio y espejo, m\u00e1s all\u00e1 de la t\u00e9cnica utilizada (arenado, tallado, \u00e1cido, etc.)<\/p>\n<p>La letra debe ser legible, y en formato normal: es decir, que no use elementos como cursiva o negrita; y todo, siempre en may\u00fascula.<\/p>\n<p>Las letras y d\u00edgitos de los vidrios: entre 7 y 10 mil\u00edmetros de altura.<\/p>\n<p>Por su parte, en los espejos laterales, la altura deber\u00e1 ser entre 5 y 10 mil\u00edmetros.<\/p>\n<p><strong>Ubicaci\u00f3n del grabado<\/strong><\/p>\n<p>El grabado aludido en el texto debe estar ubicado en los siguientes sectores del veh\u00edculo:<\/p>\n<p>VIDRIOS LATERALES<br \/>\nCostado inferior derecho de cada vidrio en el lado del conductor.<br \/>\nCostado inferior izquierdo en el lado del acompa\u00f1ante.<\/p>\n<p>PARABRISAS<br \/>\nCostado inferior derecho (referencia, zona del conductor)<\/p>\n<p>LUNETA<br \/>\nCostado inferior izquierda<\/p>\n<p>ESPEJOS LATERALES<br \/>\nArriba o abajo del vidrio, siguiendo el borde des sus lados paralelos al suelo.<\/p>\n<p>Cabe destacar, que desde septiembre de 2024, las concesionarias deb\u00edan entregar todos los veh\u00edculos nuevos con la patentes debidamente grabadas en vidrios y espejos.<\/p>\n<p><strong>Casos especiales<\/strong><\/p>\n<p>Los veh\u00edculos que determina el art\u00edculo 54 de la Ley de Tr\u00e1nsito (por ejemplo, aquellos de labores policiales o de FF.AA., o bien, veh\u00edculos extranjeros en tr\u00e1nsito temporal en el pa\u00eds), quedan exentos de esta solicitud.<\/p>\n<p>En el caso de veh\u00edculos que cuenten con su patente pintada en sus costados (como taxis o camiones), deber\u00e1n realizar el grabado s\u00f3lo en espejos laterales y parabrisas.<\/p>\n<p><strong>Sanciones<\/strong><\/p>\n<p>A partir del 15 de mayo de 2025, tener los vidrios y espejos grabados de forma correcta es necesario para poder obtener la revisi\u00f3n t\u00e9cnica de los veh\u00edculos.<\/p>\n<p>Adem\u00e1s, quienes sean controlados por fiscalizadores, inspectores o Carabineros y no cuenten con el grabado, arriesgan una multa que va desde 1 a 1,5 UTM.<\/p>\n<p><strong>Entrada en vigencia<\/strong><\/p>\n<p>De acuerdo a la normativa se\u00f1alada, desde el 15 de mayo de 2025, todos los veh\u00edculos motorizados que circulan en Chile deber\u00e1n tener las patentes grabadas en vidrios y espejos.<\/p>\n<p>La obligaci\u00f3n de grabar la placa patente \u00fanica en los vidrios y espejos laterales de los veh\u00edculos motorizados ser\u00e1 exigible una vez que hayan transcurrido los plazos que se indican a continuaci\u00f3n, de acuerdo a lo dispuesto por el art\u00edculo segundo transitorio de la ley N\u00b0 21.601:<\/p>\n<p>a) Veh\u00edculos nuevos: desde el cuarto mes de publicado el reglamento en el Diario Oficial. No se considerar\u00e1n veh\u00edculos nuevos para estos efectos, aquellos comercializados entre el 11 de septiembre de 2023 y hasta el tercer mes contado desde la publicaci\u00f3n del decreto N\u00b0 13, a los que les resultar\u00e1 aplicable el plazo establecido en la letra b) siguiente.<\/p>\n<p>b) Veh\u00edculos comercializados de forma previa al 11 de septiembre de 2023: transcurridos doce meses desde la publicaci\u00f3n del Decreto N\u00b0 13.<\/p>\n<p><em>Fuente imagen: www.mtt.gob.cl<\/em><\/p>\n","protected":false},"excerpt":{"rendered":"<p>Antecedentes Con fecha 11 de septiembre de 2023, fue publicada la Ley N\u00b0 21.601, que Modifica la Ley de Tr\u00e1nsito para prevenir la venta de veh\u00edculos motorizados robados y sancionar las conductas que [&hellip;]<\/p>\n","protected":false},"author":4,"featured_media":2799,"comment_status":"closed","ping_status":"closed","sticky":false,"template":"","format":"standard","meta":{"footnotes":""},"categories":[68,66],"tags":[240,102],"_links":{"self":[{"href":"https:\/\/laleyaldia.cl\/index.php?rest_route=\/wp\/v2\/posts\/2798"}],"collection":[{"href":"https:\/\/laleyaldia.cl\/index.php?rest_route=\/wp\/v2\/posts"}],"about":[{"href":"https:\/\/laleyaldia.cl\/index.php?rest_route=\/wp\/v2\/types\/post"}],"author":[{"embeddable":true,"href":"https:\/\/laleyaldia.cl\/index.php?rest_route=\/wp\/v2\/users\/4"}],"replies":[{"embeddable":true,"href":"https:\/\/laleyaldia.cl\/index.php?rest_route=%2Fwp%2Fv2%2Fcomments&post=2798"}],"version-history":[{"count":1,"href":"https:\/\/laleyaldia.cl\/index.php?rest_route=\/wp\/v2\/posts\/2798\/revisions"}],"predecessor-version":[{"id":2800,"href":"https:\/\/laleyaldia.cl\/index.php?rest_route=\/wp\/v2\/posts\/2798\/revisions\/2800"}],"wp:featuredmedia":[{"embeddable":true,"href":"https:\/\/laleyaldia.cl\/index.php?rest_route=\/wp\/v2\/media\/2799"}],"wp:attachment":[{"href":"https:\/\/laleyaldia.cl\/index.php?rest_route=%2Fwp%2Fv2%2Fmedia&parent=2798"}],"wp:term":[{"taxonomy":"category","embeddable":true,"href":"https:\/\/laleyaldia.cl\/index.php?rest_route=%2Fwp%2Fv2%2Fcategories&post=2798"},{"taxonomy":"post_tag","embeddable":true,"href":"https:\/\/laleyaldia.cl\/index.php?rest_route=%2Fwp%2Fv2%2Ftags&post=2798"}],"curies":[{"name":"wp","href":"https:\/\/api.w.org\/{rel}","templated":true}]}}