{"id":2746,"date":"2025-03-11T14:18:28","date_gmt":"2025-03-11T17:18:28","guid":{"rendered":"https:\/\/www.laleyaldia.cl\/?p=2746"},"modified":"2025-03-11T14:18:28","modified_gmt":"2025-03-11T17:18:28","slug":"asignacion-especial-a-tecnicos-de-la-salud","status":"publish","type":"post","link":"https:\/\/laleyaldia.cl\/?p=2746","title":{"rendered":"Asignaci\u00f3n especial a t\u00e9cnicos de la salud"},"content":{"rendered":"<p>Con fecha 7 de marzo de 2025, fue publicada en el Diario Oficial la Ley N\u00b0 21.726, que Otorga una asignaci\u00f3n especial t\u00e9cnica del \u00e1rea de la salud, a funcionarios que indica.<\/p>\n<p><strong>Antecedentes<\/strong><\/p>\n<p>Las labores desempe\u00f1adas por los t\u00e9cnicos de la salud, debe ser destacada y reconocida, dado que implica un impacto sanitario relevante en el quehacer de las redes asistenciales, donde contribuyen a la promoci\u00f3n, protecci\u00f3n y recuperaci\u00f3n de la salud de los miles de usuarios y usuarias de los servicios de salud y los establecimientos de salud de car\u00e1cter experimental, a trav\u00e9s de sus habilidades y conocimientos especializados en materias espec\u00edficas.<\/p>\n<p><strong>Objetivo<\/strong><\/p>\n<p>La presente ley tiene por finalidad destacar la importancia, en el \u00e1mbito de las pol\u00edticas de salud p\u00fablica, del personal del estamento t\u00e9cnico que realiza efectiva y permanentemente labores t\u00e9cnicas en salud y que cuente con t\u00edtulos de nivel superior en el \u00e1rea de salud.<\/p>\n<p>En este orden de ideas, se busca reconocer la formaci\u00f3n y dedicaci\u00f3n de tens y auxiliares en enfermer\u00eda, estableciendo un bono especial para los funcionarios que desempe\u00f1en, efectiva y permanentemente, una funci\u00f3n t\u00e9cnica en el \u00e1rea de la salud p\u00fablica, estimulando as\u00ed una actividad fundamental en el sistema de salud y favoreciendo la incorporaci\u00f3n y retenci\u00f3n de este valioso recurso humano.<\/p>\n<p><strong>Contenido<\/strong><\/p>\n<p>En concreto, el texto legal establece una asignaci\u00f3n especial destinada a quienes cumplan una jornada completa de 44 horas semanales y est\u00e9n en cargos de la planta de t\u00e9cnicos o a contrata asimilados a dicha planta de los servicios de salud.<\/p>\n<p>El beneficio tambi\u00e9n se extender\u00e1 al personal de los establecimientos de salud de car\u00e1cter experimental, contratado indefinidamente a plazo fijo.<\/p>\n<p>Para estos efectos, se entender\u00e1 que desempe\u00f1an una funci\u00f3n t\u00e9cnica en el \u00e1rea de la salud en los servicios y establecimientos a que se refiere esta norma, quienes ejecutan procedimientos y t\u00e9cnicas de su \u00e1rea de desempe\u00f1o correspondiente, y participen y colaboren activamente en el cuidado de las personas, familias y comunidades durante todo el curso de vida; bajo supervisi\u00f3n del profesional del equipo de salud respectivo. El director del correspondiente servicio de salud o el director del establecimiento de salud de car\u00e1cter experimental, seg\u00fan el caso, certificar\u00e1 que el funcionario realiza funciones t\u00e9cnicas en el \u00e1rea de la salud.<\/p>\n<p><strong>Requisitos y montos de la asignaci\u00f3n<\/strong><\/p>\n<p>Para recibir el beneficio se exigir\u00e1 que los funcionarios y funcionarias est\u00e9n desempe\u00f1ando dichas funciones, jornadas y cargos, adem\u00e1s de contar con un t\u00edtulo t\u00e9cnico de nivel superior de una carrera del \u00e1rea de la salud otorgado por un establecimiento de educaci\u00f3n superior del Estado o reconocido por \u00e9ste. Adem\u00e1s, dicho funcionario\/a y su t\u00edtulo deber\u00e1n, encontrarse inscritos en el registro nacional de prestadores individuales de salud.<br \/>\nEl texto tambi\u00e9n establece los montos de la asignaci\u00f3n especial t\u00e9cnica en el \u00e1rea de la salud, tanto para el r\u00e9gimen permanente, como durante los doce primeros meses contados desde la entrada en vigencia de la ley.<\/p>\n<p>Para la percepci\u00f3n del beneficio, se requiere que el o la funcionaria se encuentre en servicio a la fecha de su pago, debiendo haberse desempe\u00f1ado durante todo el mes respectivo.<\/p>\n<p>La asignaci\u00f3n establecida a trav\u00e9s de la nueva norma se traduce en 31 mil pesos mensuales por los primeros 11 meses y luego el monto se ajusta por grado.<\/p>\n<p>Cabe destacar que con la publicaci\u00f3n de esta ley, se calcula que se ver\u00edan beneficiados aproximadamente 57 mil trabajadores.<\/p>\n","protected":false},"excerpt":{"rendered":"<p>Con fecha 7 de marzo de 2025, fue publicada en el Diario Oficial la Ley N\u00b0 21.726, que Otorga una asignaci\u00f3n especial t\u00e9cnica del \u00e1rea de la salud, a funcionarios que indica. Antecedentes [&hellip;]<\/p>\n","protected":false},"author":4,"featured_media":2344,"comment_status":"closed","ping_status":"closed","sticky":false,"template":"","format":"standard","meta":{"footnotes":""},"categories":[68,66],"tags":[224,192],"_links":{"self":[{"href":"https:\/\/laleyaldia.cl\/index.php?rest_route=\/wp\/v2\/posts\/2746"}],"collection":[{"href":"https:\/\/laleyaldia.cl\/index.php?rest_route=\/wp\/v2\/posts"}],"about":[{"href":"https:\/\/laleyaldia.cl\/index.php?rest_route=\/wp\/v2\/types\/post"}],"author":[{"embeddable":true,"href":"https:\/\/laleyaldia.cl\/index.php?rest_route=\/wp\/v2\/users\/4"}],"replies":[{"embeddable":true,"href":"https:\/\/laleyaldia.cl\/index.php?rest_route=%2Fwp%2Fv2%2Fcomments&post=2746"}],"version-history":[{"count":1,"href":"https:\/\/laleyaldia.cl\/index.php?rest_route=\/wp\/v2\/posts\/2746\/revisions"}],"predecessor-version":[{"id":2747,"href":"https:\/\/laleyaldia.cl\/index.php?rest_route=\/wp\/v2\/posts\/2746\/revisions\/2747"}],"wp:featuredmedia":[{"embeddable":true,"href":"https:\/\/laleyaldia.cl\/index.php?rest_route=\/wp\/v2\/media\/2344"}],"wp:attachment":[{"href":"https:\/\/laleyaldia.cl\/index.php?rest_route=%2Fwp%2Fv2%2Fmedia&parent=2746"}],"wp:term":[{"taxonomy":"category","embeddable":true,"href":"https:\/\/laleyaldia.cl\/index.php?rest_route=%2Fwp%2Fv2%2Fcategories&post=2746"},{"taxonomy":"post_tag","embeddable":true,"href":"https:\/\/laleyaldia.cl\/index.php?rest_route=%2Fwp%2Fv2%2Ftags&post=2746"}],"curies":[{"name":"wp","href":"https:\/\/api.w.org\/{rel}","templated":true}]}}