{"id":2729,"date":"2025-01-30T10:24:00","date_gmt":"2025-01-30T13:24:00","guid":{"rendered":"https:\/\/www.laleyaldia.cl\/?p=2729"},"modified":"2025-01-30T10:24:00","modified_gmt":"2025-01-30T13:24:00","slug":"nueva-politica-nacional-de-inteligencia-artificial","status":"publish","type":"post","link":"https:\/\/laleyaldia.cl\/?p=2729","title":{"rendered":"Nueva Pol\u00edtica Nacional de Inteligencia Artificial"},"content":{"rendered":"<p>Con fecha 28 de enero de 2025, fue publicado en el Diario Oficial el Decreto N\u00b0 12, que Aprueba actualizaci\u00f3n de la Pol\u00edtica Nacional de Inteligencia Artificial.<\/p>\n<p><strong>Antecedentes<\/strong><\/p>\n<p>En el a\u00f1o 2018 fue creado el Ministerio de Ciencia, Tecnolog\u00eda, Conocimiento e Innovaci\u00f3n, con el fin de fomentar y fortalecer la ciencia, la tecnolog\u00eda y la innovaci\u00f3n derivada de la investigaci\u00f3n cient\u00edfico-tecnol\u00f3gica, contribuyendo de este modo al desarrollo del pa\u00eds.<\/p>\n<p>Esta cartera de estado aprob\u00f3 la Pol\u00edtica Nacional de Inteligencia Artificial, en el a\u00f1o 2021, la que con el paso del tiempo ha debido ser renovada. Con su actualizaci\u00f3n se reafirma la visi\u00f3n de una tecnolog\u00eda al servicio de las personas, centrada en los principios de \u00e9tica, inclusi\u00f3n y responsabilidad, enfocando los esfuerzos en fortalecer la gobernanza y la \u00e9tica.<\/p>\n<p><strong>Objetivo<\/strong><\/p>\n<p>El prop\u00f3sito de la nueva pol\u00edtica radica en fomentar el desarrollo y uso responsable de la IA en Chile, para que esta tecnolog\u00eda se convierta en una herramienta clave para el desarrollo sostenible y equitativo de nuestra sociedad.<\/p>\n<p>De esta forma, se cumple con un compromiso del Gobierno, en avanzar en elementos que permitan contribuir a que nuestro pa\u00eds se inserte en la transformaci\u00f3n tecnol\u00f3gica.<\/p>\n<p><strong>Contenido<\/strong><\/p>\n<p>En un primer acercamiento la normativa define un Sistema de Inteligencia Artificial, como \u201cun sistema computacional que, en funci\u00f3n de objetivos expl\u00edcitos o impl\u00edcitos, infiere, a partir de los datos de entrada que recibe, c\u00f3mo generar resultados tales como predicciones, contenidos, recomendaciones o decisiones que [pueden] influir en entornos f\u00edsicos o virtuales. Los distintos sistemas de IA var\u00edan en sus niveles de autonom\u00eda y capacidad de adaptaci\u00f3n tras la implementaci\u00f3n\u201d (OCDE, 2024).<\/p>\n<p>Por otra parte, se indica que Chile necesita la presente pol\u00edtica ante la necesidad apremiante de acelerar la adaptaci\u00f3n a los cambios producidos por la masificaci\u00f3n de tecnolog\u00edas disruptivas como la IA en la sociedad. Dado que la IA es una tecnolog\u00eda de prop\u00f3sito general con un impacto transversal en la productividad, es clave empoderarse en su desarrollo y empleo para aprovechar las oportunidades del futuro.<\/p>\n<p><strong>Proceso de Actualizaci\u00f3n<\/strong><\/p>\n<p>Esta pol\u00edtica se desarroll\u00f3 y public\u00f3 en el a\u00f1o 2021, a trav\u00e9s de un amplio proceso participativo que produjo un documento con altos niveles de consenso que se ha transformado en una pol\u00edtica de Estado. Debido al acelerado desarrollo de IA a nivel global, durante el 2023 y 2024 se decidi\u00f3 actualizar su contenido para abordar las oportunidades, desaf\u00edos y brechas que se acrecentaron en los \u00faltimos dos a\u00f1os con un foco particular en el eje 3 de la pol\u00edtica, el cual se enfoca en los aspectos de gobernanza y \u00e9tica que impactan en la vida de todas las personas.<\/p>\n<p><strong>Principios transversales de la Pol\u00edtica de IA<\/strong><\/p>\n<p>Los principios transversales que se presentan a continuaci\u00f3n constituyen la columna vertebral de la Pol\u00edtica Nacional de Inteligencia Artificial de Chile, y enmarcan todas las acciones e iniciativas que emanan de ella y constituyen la hoja de ruta \u00e9tica que se espera que gu\u00ede el desarrollo y adopci\u00f3n de estas poderosas tecnolog\u00edas en el pa\u00eds:<\/p>\n<p>PRINCIPIO 1. Uso \u00e9tico y responsable de la IA, centrada en las personas<br \/>\nPRINCIPIO 2. La IA al servicio de un desarrollo sostenible<br \/>\nPRINCIPIO 3. IA en articulaci\u00f3n internacional y multiactor<\/p>\n<p>Ejes de la Pol\u00edtica<\/p>\n<p>En base al an\u00e1lisis comparado de las estrategias de IA publicadas a la fecha por diversos pa\u00edses, y con el objetivo de facilitar su elaboraci\u00f3n y la deliberaci\u00f3n ciudadana, especialmente entre grupos con intereses generales o aquellos que tienen un foco muy espec\u00edfico, la Pol\u00edtica de IA fue estructurada en tres ejes.<\/p>\n<p>Sin embargo, es preciso tener presente que muchas de las tem\u00e1ticas tratadas est\u00e1n interrelacionadas, conexi\u00f3n que se representa en los principios transversales de la presente pol\u00edtica.<\/p>\n<p>Considerando el proceso de actualizaci\u00f3n de la Pol\u00edtica 2021, a las nuevas tendencias del contexto mundial, debates a nivel global y regional sobre la materia, la implementaci\u00f3n de la RAM de la Unesco en Chile y un nuevo proceso participativo que ahond\u00f3 en el Eje 3 de Gobernanza y \u00c9tica, cabe mencionar que se mantuvo la estructura de tres ejes, radicando la actualizaci\u00f3n en los nuevos objetivos que se abordar\u00e1n:<\/p>\n<p>\u2022 Eje N\u00b0 1 Factores habilitantes<br \/>\n\u2022 Eje N\u00b0 2 Desarrollo y adopci\u00f3n<br \/>\n\u2022 Eje N\u00b0 3 Gobernanza y \u00e9tica<\/p>\n<p><strong>Impacto en el Trabajo<\/strong><\/p>\n<p>Los avances en el desarrollo de tecnolog\u00edas emergentes, incluida la IA, est\u00e1n cambiando la naturaleza del trabajo, y se espera que contin\u00faen en las pr\u00f3ximas d\u00e9cadas, de hecho, el 42% de tareas empresariales estar\u00e1n automatizadas al 2027 (World Economic Forum, 2023). En esta l\u00ednea, las actividades y labores se ver\u00e1n modificadas y evolucionar\u00e1n a nuevas formas de trabajar, incorporando sistemas de IA en algunas labores, lo que debe tender a incrementar el bienestar y la productividad. Sin embargo, las transformaciones en el empleo fruto de la IA son una fuente de preocupaci\u00f3n por el eventual reemplazo de labores, lo que implicar\u00eda la p\u00e9rdida de trabajo para potencialmente un n\u00famero de personas relevantes.<\/p>\n<p>Para anticiparse a los cambios, aprovechar las potenciales oportunidades de incremento en productividad y apoyar a las personas cuyas ocupaciones pudieran verse afectadas, Chile ya inici\u00f3 un camino de prospecci\u00f3n para implementar una estrategia que se haga cargo de este fen\u00f3meno. La presente actualizaci\u00f3n apunta a fortalecer esta estrategia y la necesidad de que involucre a todos los actores.<\/p>\n<p><em>Fuente imagen: www.ciperchile.cl<\/em><\/p>\n","protected":false},"excerpt":{"rendered":"<p>Con fecha 28 de enero de 2025, fue publicado en el Diario Oficial el Decreto N\u00b0 12, que Aprueba actualizaci\u00f3n de la Pol\u00edtica Nacional de Inteligencia Artificial. Antecedentes En el a\u00f1o 2018 fue [&hellip;]<\/p>\n","protected":false},"author":4,"featured_media":2730,"comment_status":"closed","ping_status":"closed","sticky":false,"template":"","format":"standard","meta":{"footnotes":""},"categories":[68,66],"tags":[79,217],"_links":{"self":[{"href":"https:\/\/laleyaldia.cl\/index.php?rest_route=\/wp\/v2\/posts\/2729"}],"collection":[{"href":"https:\/\/laleyaldia.cl\/index.php?rest_route=\/wp\/v2\/posts"}],"about":[{"href":"https:\/\/laleyaldia.cl\/index.php?rest_route=\/wp\/v2\/types\/post"}],"author":[{"embeddable":true,"href":"https:\/\/laleyaldia.cl\/index.php?rest_route=\/wp\/v2\/users\/4"}],"replies":[{"embeddable":true,"href":"https:\/\/laleyaldia.cl\/index.php?rest_route=%2Fwp%2Fv2%2Fcomments&post=2729"}],"version-history":[{"count":1,"href":"https:\/\/laleyaldia.cl\/index.php?rest_route=\/wp\/v2\/posts\/2729\/revisions"}],"predecessor-version":[{"id":2731,"href":"https:\/\/laleyaldia.cl\/index.php?rest_route=\/wp\/v2\/posts\/2729\/revisions\/2731"}],"wp:featuredmedia":[{"embeddable":true,"href":"https:\/\/laleyaldia.cl\/index.php?rest_route=\/wp\/v2\/media\/2730"}],"wp:attachment":[{"href":"https:\/\/laleyaldia.cl\/index.php?rest_route=%2Fwp%2Fv2%2Fmedia&parent=2729"}],"wp:term":[{"taxonomy":"category","embeddable":true,"href":"https:\/\/laleyaldia.cl\/index.php?rest_route=%2Fwp%2Fv2%2Fcategories&post=2729"},{"taxonomy":"post_tag","embeddable":true,"href":"https:\/\/laleyaldia.cl\/index.php?rest_route=%2Fwp%2Fv2%2Ftags&post=2729"}],"curies":[{"name":"wp","href":"https:\/\/api.w.org\/{rel}","templated":true}]}}