{"id":2688,"date":"2024-11-22T12:42:44","date_gmt":"2024-11-22T15:42:44","guid":{"rendered":"https:\/\/www.laleyaldia.cl\/?p=2688"},"modified":"2024-11-22T12:42:44","modified_gmt":"2024-11-22T15:42:44","slug":"dia-de-la-libertad-de-informacion-y-el-periodismo-independiente","status":"publish","type":"post","link":"https:\/\/laleyaldia.cl\/?p=2688","title":{"rendered":"D\u00eda de la Libertad de Informaci\u00f3n y el Periodismo Independiente"},"content":{"rendered":"<p>Con fecha 15 de noviembre de 2024, fue publicada en el Diario Oficial la Ley N\u00b0 21.710, que Declara el 12 de mayo de cada a\u00f1o como el d\u00eda de la libertad de informaci\u00f3n, del derecho a la comunicaci\u00f3n y del periodismo independiente y comunitario.<\/p>\n<p><strong>Antecedentes<\/strong><\/p>\n<p>Tanto el Servicio Nacional del Consumidor como la Subsecretar\u00eda de Telecomunicaciones, han efectuado campa\u00f1as con el fin de que los consumidores de telefon\u00eda, internet y televisi\u00f3n de pago conozcan los derechos que les asisten, entre ellos el conocer los precios y cobertura de los servicios, y el derecho a poder comparar los mismos entre los proveedores, a fin de tomar una opci\u00f3n de compra informada y conveniente.<\/p>\n<p><strong>Objetivo<\/strong><\/p>\n<p>El nuevo texto legal busca establecer el reconocimiento expreso a las acciones de comunicaci\u00f3n social, desarrolladas de manera menos formal, empero, en el contexto del pleno ejercicio de la libertad de opinar e informar, bajo la referencia al periodismo independiente.<\/p>\n<p>La norma recuerda el tr\u00e1gico hecho que afect\u00f3, el pasado 1 de mayo, a la reportera de un medio comunitario Francisca Sandoval, que fue baleada por cumplir con la labor de informar, falleciendo el d\u00eda 12 de mayo.<\/p>\n<p><strong>Contenido<\/strong><\/p>\n<p>La presente ley declara el 12 de mayo de cada a\u00f1o como el d\u00eda de la libertad de informaci\u00f3n, del derecho a la comunicaci\u00f3n y del periodismo independiente y comunitario.<\/p>\n<p>Asimismo, en la celebraci\u00f3n de este d\u00eda se podr\u00e1n programar y desarrollar actividades de diversa \u00edndole, tanto a nivel nacional como local, con el objeto de resaltar el derecho a esta forma de comunicaci\u00f3n social. Con este fin, deber\u00e1 existir una coordinaci\u00f3n entre los ministerios de las Culturas, las Artes y el Patrimonio y de la Secretar\u00eda General de Gobierno para realizar actividades de difusi\u00f3n, informaci\u00f3n y promoci\u00f3n del periodismo independiente y comunitario.<\/p>\n","protected":false},"excerpt":{"rendered":"<p>Con fecha 15 de noviembre de 2024, fue publicada en el Diario Oficial la Ley N\u00b0 21.710, que Declara el 12 de mayo de cada a\u00f1o como el d\u00eda de la libertad de [&hellip;]<\/p>\n","protected":false},"author":4,"featured_media":1818,"comment_status":"closed","ping_status":"closed","sticky":false,"template":"","format":"standard","meta":{"footnotes":""},"categories":[68,66],"tags":[77,205],"_links":{"self":[{"href":"https:\/\/laleyaldia.cl\/index.php?rest_route=\/wp\/v2\/posts\/2688"}],"collection":[{"href":"https:\/\/laleyaldia.cl\/index.php?rest_route=\/wp\/v2\/posts"}],"about":[{"href":"https:\/\/laleyaldia.cl\/index.php?rest_route=\/wp\/v2\/types\/post"}],"author":[{"embeddable":true,"href":"https:\/\/laleyaldia.cl\/index.php?rest_route=\/wp\/v2\/users\/4"}],"replies":[{"embeddable":true,"href":"https:\/\/laleyaldia.cl\/index.php?rest_route=%2Fwp%2Fv2%2Fcomments&post=2688"}],"version-history":[{"count":1,"href":"https:\/\/laleyaldia.cl\/index.php?rest_route=\/wp\/v2\/posts\/2688\/revisions"}],"predecessor-version":[{"id":2689,"href":"https:\/\/laleyaldia.cl\/index.php?rest_route=\/wp\/v2\/posts\/2688\/revisions\/2689"}],"wp:featuredmedia":[{"embeddable":true,"href":"https:\/\/laleyaldia.cl\/index.php?rest_route=\/wp\/v2\/media\/1818"}],"wp:attachment":[{"href":"https:\/\/laleyaldia.cl\/index.php?rest_route=%2Fwp%2Fv2%2Fmedia&parent=2688"}],"wp:term":[{"taxonomy":"category","embeddable":true,"href":"https:\/\/laleyaldia.cl\/index.php?rest_route=%2Fwp%2Fv2%2Fcategories&post=2688"},{"taxonomy":"post_tag","embeddable":true,"href":"https:\/\/laleyaldia.cl\/index.php?rest_route=%2Fwp%2Fv2%2Ftags&post=2688"}],"curies":[{"name":"wp","href":"https:\/\/api.w.org\/{rel}","templated":true}]}}