{"id":2657,"date":"2024-10-04T16:29:15","date_gmt":"2024-10-04T19:29:15","guid":{"rendered":"https:\/\/www.laleyaldia.cl\/?p=2657"},"modified":"2024-10-04T16:29:15","modified_gmt":"2024-10-04T19:29:15","slug":"dia-de-concientizacion-sobre-la-vasculitis","status":"publish","type":"post","link":"https:\/\/laleyaldia.cl\/?p=2657","title":{"rendered":"D\u00eda de Concientizaci\u00f3n sobre la Vasculitis"},"content":{"rendered":"<p>Con fecha 28 de septiembre de 2024, fue publicada en el Diario Oficial la Ley N\u00b0 21.697, que Declara el 15 de mayo de cada a\u00f1o como el D\u00eda Nacional de la Concientizaci\u00f3n sobre la Vasculitis.<\/p>\n<p><strong>Antecedentes<\/strong><\/p>\n<p>La vasculitis es una inflamaci\u00f3n de los vasos sangu\u00edneos, la que puede engrosar las paredes de dichos vasos y reducir el ancho del conducto interior de estos. Si se restringe el flujo sangu\u00edneo, los \u00f3rganos y los tejidos pueden da\u00f1arse.<\/p>\n<p>Hay muchos tipos de vasculitis y la mayor\u00eda es poco frecuente. La vasculitis puede afectar a un solo \u00f3rgano o a varios y puede ser de corta o larga duraci\u00f3n. A menudo las vasculitis est\u00e1n acompa\u00f1adas de isquemia, necrosis, e inflamaci\u00f3n de \u00f3rganos.<\/p>\n<p>La vasculitis es una enfermedad de baja prevalencia en nuestro pa\u00eds, no obstante, sus consecuencias para quienes la padecen pueden ser graves, permanentes, potencialmente mortales sin el tratamiento oportuno y adecuado y suponen alt\u00edsimos costos financieros, materiales y emocionales para s\u00ed mismos, como para sus familias.<\/p>\n<p>Cabe se\u00f1alar, que la Vasculitis no tiene cobertura ni ha sido incorporada ni al GES ni a la Ley Ricarte Soto, lo que expone a\u00fan m\u00e1s a quienes la padecen a sufrir las complicaciones de la falta de diagn\u00f3stico precoz y tratamiento oportuno.<\/p>\n<p><strong>Objetivo<\/strong><\/p>\n<p>La norma busca visibilizar esta enfermedad como as\u00ed tambi\u00e9n educar en los derechos de sus pacientes fomentando la detecci\u00f3n y el diagn\u00f3stico oportuno, llevando a efecto acciones de visibilidad, de educaci\u00f3n en salud, de derechos y de fomento en la detecci\u00f3n, al acceso de diagn\u00f3sticos oportunos y a terapias m\u00e1s eficaces para los pacientes y sus familias.<\/p>\n<p><strong>Contenido<\/strong><\/p>\n<p>El art\u00edculo \u00fanico del nuevo texto legal, declara el 15 de mayo de cada a\u00f1o como el D\u00eda Nacional de la Concientizaci\u00f3n sobre la Vasculitis.<\/p>\n","protected":false},"excerpt":{"rendered":"<p>Con fecha 28 de septiembre de 2024, fue publicada en el Diario Oficial la Ley N\u00b0 21.697, que Declara el 15 de mayo de cada a\u00f1o como el D\u00eda Nacional de la Concientizaci\u00f3n [&hellip;]<\/p>\n","protected":false},"author":4,"featured_media":1800,"comment_status":"closed","ping_status":"closed","sticky":false,"template":"","format":"standard","meta":{"footnotes":""},"categories":[68,66],"tags":[100,192],"_links":{"self":[{"href":"https:\/\/laleyaldia.cl\/index.php?rest_route=\/wp\/v2\/posts\/2657"}],"collection":[{"href":"https:\/\/laleyaldia.cl\/index.php?rest_route=\/wp\/v2\/posts"}],"about":[{"href":"https:\/\/laleyaldia.cl\/index.php?rest_route=\/wp\/v2\/types\/post"}],"author":[{"embeddable":true,"href":"https:\/\/laleyaldia.cl\/index.php?rest_route=\/wp\/v2\/users\/4"}],"replies":[{"embeddable":true,"href":"https:\/\/laleyaldia.cl\/index.php?rest_route=%2Fwp%2Fv2%2Fcomments&post=2657"}],"version-history":[{"count":1,"href":"https:\/\/laleyaldia.cl\/index.php?rest_route=\/wp\/v2\/posts\/2657\/revisions"}],"predecessor-version":[{"id":2658,"href":"https:\/\/laleyaldia.cl\/index.php?rest_route=\/wp\/v2\/posts\/2657\/revisions\/2658"}],"wp:featuredmedia":[{"embeddable":true,"href":"https:\/\/laleyaldia.cl\/index.php?rest_route=\/wp\/v2\/media\/1800"}],"wp:attachment":[{"href":"https:\/\/laleyaldia.cl\/index.php?rest_route=%2Fwp%2Fv2%2Fmedia&parent=2657"}],"wp:term":[{"taxonomy":"category","embeddable":true,"href":"https:\/\/laleyaldia.cl\/index.php?rest_route=%2Fwp%2Fv2%2Fcategories&post=2657"},{"taxonomy":"post_tag","embeddable":true,"href":"https:\/\/laleyaldia.cl\/index.php?rest_route=%2Fwp%2Fv2%2Ftags&post=2657"}],"curies":[{"name":"wp","href":"https:\/\/api.w.org\/{rel}","templated":true}]}}