{"id":2655,"date":"2024-10-04T16:26:01","date_gmt":"2024-10-04T19:26:01","guid":{"rendered":"https:\/\/www.laleyaldia.cl\/?p=2655"},"modified":"2024-10-04T16:26:01","modified_gmt":"2024-10-04T19:26:01","slug":"reconocimiento-a-la-defensa-de-la-salud-digna","status":"publish","type":"post","link":"https:\/\/laleyaldia.cl\/?p=2655","title":{"rendered":"Reconocimiento a la Defensa de la Salud Digna"},"content":{"rendered":"<p>Con fecha 28 de septiembre de 2024, fue publicada en el Diario Oficial la Ley N\u00b0 21.696, que Declara el 4 de julio de cada a\u00f1o como el D\u00eda por la Defensa de la Salud Digna.<\/p>\n<p><strong>Antecedentes<\/strong><\/p>\n<p>El d\u00eda 4 de julio del a\u00f1o 2018, falleci\u00f3 la peque\u00f1a Amelia Ray\u00e9n Salazar Jorquera, quien por no recibir una atenci\u00f3n oportuna y adecuada en el Hospital Carlos Van Buren de Valpara\u00edso muere a la espera de una cama UCI; cama que en primera instancia no estaba disponible en el hospital, pero que luego de los respectivos sumarios se confirm\u00f3 que ese d\u00eda s\u00ed hab\u00eda una cama de cuidados intensivos que podr\u00eda haber sido utilizada. Dichos sumarios terminaron con la destituci\u00f3n de la doctora a cargo de la Unidad de Cuidados Intensivos Infantiles por bloquear el uso de la cama UCI que se necesitaba.<\/p>\n<p>Amelia viv\u00eda en el cerro Las Ca\u00f1as, lugar afectado por el mega incendio en Valpara\u00edso en 2014. El siniestro termin\u00f3 con el Centro de Salud Familiar, recinto que, hasta el d\u00eda de hoy, no se ha reconstruido.<\/p>\n<p>Tras esta tr\u00e1gica muerte, los padres de Amelia, familiares, integrantes del Centro Comunitario Las Ca\u00f1as y distintas organizaciones sociales, de trabajadores y usuarios de la salud de Valpara\u00edso formaron la Mesa Comunitaria por la Salud Digna.<\/p>\n<p><strong>Objetivo<\/strong><\/p>\n<p>El prop\u00f3sito de la nueva ley busca conmemorar a Amelia Salazar Jorquera y a todos y todas las personas, en especial ni\u00f1as, ni\u00f1os, adolescentes y adultos mayores que han fallecido por falta de un acceso oportuno en atenci\u00f3n de salud.<\/p>\n<p><strong>Contenido<\/strong><\/p>\n<p>La presente norma declara el 4 de julio de cada a\u00f1o, como el D\u00eda por la Defensa de la Salud Digna.<\/p>\n","protected":false},"excerpt":{"rendered":"<p>Con fecha 28 de septiembre de 2024, fue publicada en el Diario Oficial la Ley N\u00b0 21.696, que Declara el 4 de julio de cada a\u00f1o como el D\u00eda por la Defensa de [&hellip;]<\/p>\n","protected":false},"author":4,"featured_media":2344,"comment_status":"closed","ping_status":"closed","sticky":false,"template":"","format":"standard","meta":{"footnotes":""},"categories":[68,66],"tags":[100,192],"_links":{"self":[{"href":"https:\/\/laleyaldia.cl\/index.php?rest_route=\/wp\/v2\/posts\/2655"}],"collection":[{"href":"https:\/\/laleyaldia.cl\/index.php?rest_route=\/wp\/v2\/posts"}],"about":[{"href":"https:\/\/laleyaldia.cl\/index.php?rest_route=\/wp\/v2\/types\/post"}],"author":[{"embeddable":true,"href":"https:\/\/laleyaldia.cl\/index.php?rest_route=\/wp\/v2\/users\/4"}],"replies":[{"embeddable":true,"href":"https:\/\/laleyaldia.cl\/index.php?rest_route=%2Fwp%2Fv2%2Fcomments&post=2655"}],"version-history":[{"count":1,"href":"https:\/\/laleyaldia.cl\/index.php?rest_route=\/wp\/v2\/posts\/2655\/revisions"}],"predecessor-version":[{"id":2656,"href":"https:\/\/laleyaldia.cl\/index.php?rest_route=\/wp\/v2\/posts\/2655\/revisions\/2656"}],"wp:featuredmedia":[{"embeddable":true,"href":"https:\/\/laleyaldia.cl\/index.php?rest_route=\/wp\/v2\/media\/2344"}],"wp:attachment":[{"href":"https:\/\/laleyaldia.cl\/index.php?rest_route=%2Fwp%2Fv2%2Fmedia&parent=2655"}],"wp:term":[{"taxonomy":"category","embeddable":true,"href":"https:\/\/laleyaldia.cl\/index.php?rest_route=%2Fwp%2Fv2%2Fcategories&post=2655"},{"taxonomy":"post_tag","embeddable":true,"href":"https:\/\/laleyaldia.cl\/index.php?rest_route=%2Fwp%2Fv2%2Ftags&post=2655"}],"curies":[{"name":"wp","href":"https:\/\/api.w.org\/{rel}","templated":true}]}}