{"id":2638,"date":"2024-09-04T13:56:04","date_gmt":"2024-09-04T16:56:04","guid":{"rendered":"https:\/\/www.laleyaldia.cl\/?p=2638"},"modified":"2024-09-04T13:56:04","modified_gmt":"2024-09-04T16:56:04","slug":"ley-otorga-nombre-de-martires-de-carabineros-a-comisarias-de-coquimbo","status":"publish","type":"post","link":"https:\/\/laleyaldia.cl\/?p=2638","title":{"rendered":"Ley otorga nombre de m\u00e1rtires de Carabineros a comisar\u00edas de Coquimbo"},"content":{"rendered":"<p>Con fecha 3 de septiembre de 2024, fue publicada en el Diario Oficial la Ley N\u00b0 21.686, que Asigna nombres que indica a la Primera Comisar\u00eda de La Serena y a la Subcomisar\u00eda de La Florida, ambas de la Regi\u00f3n de Coquimbo.<\/p>\n<p><strong>Antecedentes<\/strong><\/p>\n<p>En los \u00faltimos a\u00f1os, se ha presentado en Chile un aumento sostenido de la delincuencia, lo que ha tra\u00eddo graves consecuencias para las v\u00edctimas y sus familias, afectando no solo a ciudadanos inocentes, sino que tambi\u00e9n a funcionarios de Carabineros.<\/p>\n<p>Seg\u00fan informaci\u00f3n proporcionada por Carabineros, siete uniformados en promedio mueren al a\u00f1o y m\u00e1s de 3.000 sufren heridas de diversa gravedad en actos de servicio, registr\u00e1ndose un total de 81 uniformados fallecidos durante el per\u00edodo de 2008 y el primer semestre de 2018. Entre estos m\u00e1rtires, se encuentran dos carabineros que ejerc\u00edan labores en la regi\u00f3n de Coquimbo, Hans Erick Knopke Briones (37 a\u00f1os) y Luis D\u00edaz Manr\u00edquez (27 a\u00f1os), quienes el d\u00eda 11 de noviembre de 2016 perdieron la vida en un procedimiento policial tras ser atropellados por seis j\u00f3venes delincuentes que hu\u00edan en un auto robado entre las comunas de La Serena con Ovalle.<\/p>\n<p><strong>Objetivo<\/strong><\/p>\n<p>Considerando la vocaci\u00f3n de servicio que demostraron en vida los m\u00e1rtires de Carabineros Hans Knopke y Luis D\u00edaz, surge la necesidad de dar una muestra simb\u00f3lica de reconocimiento por parte de la ciudadan\u00eda y la propia Instituci\u00f3n, por lo que se publica la presente norma, con el prop\u00f3sito de reconocer la valiosa labor que ejercieron durante su carrera, en se\u00f1al de homenaje, respeto y recuerdo a su memoria.<\/p>\n<p><strong>Contenido<\/strong><\/p>\n<p>La nueva ley otorga el nombre de los mencionados funcionarios a dos comisar\u00edas de la regi\u00f3n de Coquimbo, lo que representa una acci\u00f3n de gratitud y aprecio por su fuerte compromiso con la patria y la seguridad de la naci\u00f3n.<br \/>\nEn este sentido, la norma otorga los nombres de Hans Knopke Briones y de Luis D\u00edaz Manr\u00edquez a la Primera Comisar\u00eda de Carabineros La Serena y a la Subcomisar\u00eda de Carabineros La Florida, respectivamente, ubicadas en la Regi\u00f3n de Coquimbo.<\/p>\n<p><strong>Vigencia<\/strong><\/p>\n<p>El art\u00edculo \u00fanico de la citada normativa establece que las denominaciones descritas, comenzar\u00e1n a regir desde la fecha de publicaci\u00f3n de la misma ley.<\/p>\n<p><em>Fuente imagen: www.diarioconstitucional.cl<\/em><\/p>\n","protected":false},"excerpt":{"rendered":"<p>Con fecha 3 de septiembre de 2024, fue publicada en el Diario Oficial la Ley N\u00b0 21.686, que Asigna nombres que indica a la Primera Comisar\u00eda de La Serena y a la Subcomisar\u00eda [&hellip;]<\/p>\n","protected":false},"author":4,"featured_media":2639,"comment_status":"closed","ping_status":"closed","sticky":false,"template":"","format":"standard","meta":{"footnotes":""},"categories":[68,66],"tags":[186,100],"_links":{"self":[{"href":"https:\/\/laleyaldia.cl\/index.php?rest_route=\/wp\/v2\/posts\/2638"}],"collection":[{"href":"https:\/\/laleyaldia.cl\/index.php?rest_route=\/wp\/v2\/posts"}],"about":[{"href":"https:\/\/laleyaldia.cl\/index.php?rest_route=\/wp\/v2\/types\/post"}],"author":[{"embeddable":true,"href":"https:\/\/laleyaldia.cl\/index.php?rest_route=\/wp\/v2\/users\/4"}],"replies":[{"embeddable":true,"href":"https:\/\/laleyaldia.cl\/index.php?rest_route=%2Fwp%2Fv2%2Fcomments&post=2638"}],"version-history":[{"count":1,"href":"https:\/\/laleyaldia.cl\/index.php?rest_route=\/wp\/v2\/posts\/2638\/revisions"}],"predecessor-version":[{"id":2640,"href":"https:\/\/laleyaldia.cl\/index.php?rest_route=\/wp\/v2\/posts\/2638\/revisions\/2640"}],"wp:featuredmedia":[{"embeddable":true,"href":"https:\/\/laleyaldia.cl\/index.php?rest_route=\/wp\/v2\/media\/2639"}],"wp:attachment":[{"href":"https:\/\/laleyaldia.cl\/index.php?rest_route=%2Fwp%2Fv2%2Fmedia&parent=2638"}],"wp:term":[{"taxonomy":"category","embeddable":true,"href":"https:\/\/laleyaldia.cl\/index.php?rest_route=%2Fwp%2Fv2%2Fcategories&post=2638"},{"taxonomy":"post_tag","embeddable":true,"href":"https:\/\/laleyaldia.cl\/index.php?rest_route=%2Fwp%2Fv2%2Ftags&post=2638"}],"curies":[{"name":"wp","href":"https:\/\/api.w.org\/{rel}","templated":true}]}}