{"id":2630,"date":"2024-08-23T10:23:08","date_gmt":"2024-08-23T13:23:08","guid":{"rendered":"https:\/\/www.laleyaldia.cl\/?p=2630"},"modified":"2024-08-23T10:23:08","modified_gmt":"2024-08-23T13:23:08","slug":"alerta-sanitaria-por-brote-de-viruela-del-mono","status":"publish","type":"post","link":"https:\/\/laleyaldia.cl\/?p=2630","title":{"rendered":"Alerta Sanitaria por brote de viruela del mono"},"content":{"rendered":"<p>Con fecha 23 de agosto de 2024, fue publicado en el Diario Oficial el Decreto N\u00b0 32, que Decreta alerta sanitaria y otorga facultades extraordinarias que se\u00f1ala por Emergencia de Salud P\u00fablica de Importancia Internacional derivada por brote de viruela s\u00edmica.<\/p>\n<p><strong>Antecedentes<\/strong><\/p>\n<p>La viruela del mono, o viruela s\u00edmica, es una enfermedad zoon\u00f3tica viral (enfermedad provocada por virus transmitido de los animales a las personas) de la familia de los ortopoxvirus el mismo del virus Variola causante de la viruela humana ya erradicada, y que produce s\u00edntomas parecidos a los que se observaban en los pacientes de viruela en el pasado, de menor gravedad.<\/p>\n<p>El d\u00eda 14 de agosto de 2024 la Organizaci\u00f3n Mundial de la Salud (OMS) emiti\u00f3 una alerta internacional ante el aumento considerable de casos notificados durante el presente a\u00f1o, que a la fecha sobrepasan los 15.600 casos y 537 muertes.<\/p>\n<p>Cabe se\u00f1alar que, la viruela del mono se transmite principalmente por contacto directo o indirecto con sangre, fluidos corporales, las lesiones de la piel o las mucosas de animales infectados. La transmisi\u00f3n secundaria o de persona a persona puede producirse por contacto estrecho con secreciones infectadas de las v\u00edas respiratorias o lesiones cut\u00e1neas de una persona infectada, o con objetos contaminados recientemente con los fluidos del paciente o materiales de la lesi\u00f3n.<\/p>\n<p>Durante el a\u00f1o en curso, se ha reportado un incremento considerable de casos de Viruela del Mono en la Rep\u00fablica Democr\u00e1tica del Congo, en \u00c1frica. Respecto de la situaci\u00f3n epidemiol\u00f3gica nacional, desde el 17 de junio de 2022 al 30 de junio de 2024, han ingresado 3.020 casos sospechosos a la vigilancia, de los cuales 1.481 corresponden a Viruela del Mono (1.455 casos confirmados y 26 casos probables). Hasta la Semana Epidemiol\u00f3gica 30 del a\u00f1o 2024, s\u00f3lo se han reportado 7 casos, todos importados, asociados a importaci\u00f3n o a conductas sexuales de riesgo, donde no se descarta el nexo con extranjeros. Durante todo el per\u00edodo, s\u00f3lo se han registrado tres fallecidos por Viruela del Mono, con edades entre los 30 y 49 a\u00f1os, debido a complicaciones secundarias relacionadas a comorbilidades e inmunosupresi\u00f3n. Respecto a la distribuci\u00f3n geogr\u00e1fica, el 92% de los casos se concentra en zona central del pa\u00eds, principalmente en la Regi\u00f3n Metropolitana, con el 80% del total, seguido por Valpara\u00edso, Antofagasta y Biob\u00edo.<\/p>\n<p>En este contexto, y por su alta transmisibilidad y la incertidumbre respecto de las fuentes de contagio que han sido las causas de su r\u00e1pida propagaci\u00f3n a nivel global, se hace imperante dotar de facultades extraordinarias a la autoridad sanitaria, tanto a nivel nacional, como regional para prevenir su diseminaci\u00f3n.<\/p>\n<p><strong>Contenido<\/strong><\/p>\n<p>La nueva norma declara alerta sanitaria en todo el territorio de la Rep\u00fablica, para enfrentar la amenaza a la salud p\u00fablica producida por la propagaci\u00f3n a nivel mundial de la Viruela del Mono.<\/p>\n<p>En este orden de ideas, se otorgan a la Subsecretar\u00eda de Salud P\u00fablica, a las Secretar\u00edas Regionales Ministeriales de Salud del pa\u00eds y al Instituto de Salud P\u00fablica de Chile, ciertas facultades extraordinarias para disponer, seg\u00fan proceda, de las medidas pertinentes para hacer frente a esta emergencia de salud p\u00fablica.<\/p>\n<p>Por otra parte, el texto legal dispone que los servicios p\u00fablicos y dem\u00e1s organismos de la Administraci\u00f3n del Estado, y otras entidades p\u00fablicas o privadas, deber\u00e1n proporcionar la colaboraci\u00f3n y ejecutar las acciones que les sean requeridas por las autoridades de salud mencionadas anteriormente para el cumplimiento de las facultades extraordinarias que se han dispuesto en el presente acto y las dem\u00e1s acciones que dichas autoridades estimen necesarias para enfrentar esta emergencia.<\/p>\n<p><strong>Vigencia<\/strong><\/p>\n<p>El art\u00edculo 6\u00b0del decreto en comento, se\u00f1ala que sus efectos tendr\u00e1n vigencia hasta el 31 de diciembre de 2024, sin perjuicio de la facultad de poner t\u00e9rmino anticipado si las condiciones sanitarias as\u00ed lo permiten.<\/p>\n<p><strong>Sanciones<\/strong><\/p>\n<p>La norma tambi\u00e9n indica, que el incumplimiento de las medidas impuestas por la autoridad, en virtud de este decreto, ser\u00e1n fiscalizadas y sancionadas seg\u00fan lo dispuesto en el Libro X del C\u00f3digo Sanitario, as\u00ed como en lo dispuesto en el C\u00f3digo Penal, cuando corresponda.<\/p>\n<p><em>Fuente imagen: www.uchile.cl<\/em><\/p>\n","protected":false},"excerpt":{"rendered":"<p>Con fecha 23 de agosto de 2024, fue publicado en el Diario Oficial el Decreto N\u00b0 32, que Decreta alerta sanitaria y otorga facultades extraordinarias que se\u00f1ala por Emergencia de Salud P\u00fablica de [&hellip;]<\/p>\n","protected":false},"author":4,"featured_media":2631,"comment_status":"closed","ping_status":"closed","sticky":false,"template":"","format":"standard","meta":{"footnotes":""},"categories":[68,66],"tags":[100,70,185],"_links":{"self":[{"href":"https:\/\/laleyaldia.cl\/index.php?rest_route=\/wp\/v2\/posts\/2630"}],"collection":[{"href":"https:\/\/laleyaldia.cl\/index.php?rest_route=\/wp\/v2\/posts"}],"about":[{"href":"https:\/\/laleyaldia.cl\/index.php?rest_route=\/wp\/v2\/types\/post"}],"author":[{"embeddable":true,"href":"https:\/\/laleyaldia.cl\/index.php?rest_route=\/wp\/v2\/users\/4"}],"replies":[{"embeddable":true,"href":"https:\/\/laleyaldia.cl\/index.php?rest_route=%2Fwp%2Fv2%2Fcomments&post=2630"}],"version-history":[{"count":1,"href":"https:\/\/laleyaldia.cl\/index.php?rest_route=\/wp\/v2\/posts\/2630\/revisions"}],"predecessor-version":[{"id":2632,"href":"https:\/\/laleyaldia.cl\/index.php?rest_route=\/wp\/v2\/posts\/2630\/revisions\/2632"}],"wp:featuredmedia":[{"embeddable":true,"href":"https:\/\/laleyaldia.cl\/index.php?rest_route=\/wp\/v2\/media\/2631"}],"wp:attachment":[{"href":"https:\/\/laleyaldia.cl\/index.php?rest_route=%2Fwp%2Fv2%2Fmedia&parent=2630"}],"wp:term":[{"taxonomy":"category","embeddable":true,"href":"https:\/\/laleyaldia.cl\/index.php?rest_route=%2Fwp%2Fv2%2Fcategories&post=2630"},{"taxonomy":"post_tag","embeddable":true,"href":"https:\/\/laleyaldia.cl\/index.php?rest_route=%2Fwp%2Fv2%2Ftags&post=2630"}],"curies":[{"name":"wp","href":"https:\/\/api.w.org\/{rel}","templated":true}]}}