{"id":2625,"date":"2024-08-23T10:01:33","date_gmt":"2024-08-23T13:01:33","guid":{"rendered":"https:\/\/www.laleyaldia.cl\/?p=2625"},"modified":"2024-08-23T10:01:33","modified_gmt":"2024-08-23T13:01:33","slug":"reconocimiento-legal-a-la-cueca-portena","status":"publish","type":"post","link":"https:\/\/laleyaldia.cl\/?p=2625","title":{"rendered":"Reconocimiento legal a la Cueca Porte\u00f1a"},"content":{"rendered":"<p>Con fecha 16 de agosto de 2024, fue publicada en el Diario Oficial la Ley N\u00b0 21.684, que Declara el 1 de febrero de cada a\u00f1o como el D\u00eda Nacional de la Cueca Porte\u00f1a.<\/p>\n<p><strong>Antecedentes<\/strong><\/p>\n<p>El Decreto N\u00b0 23 publicado en el Diario Oficial, el 18 de septiembre de 1979, declara la cueca como la danza nacional de Chile. Con el paso de los a\u00f1os, el contenido ha ido variando, tanto en compases, contenido, instrumentos, etc. y se comienza a relacionar a las respectivas urbes en donde se canta, como es el caso del puerto de Valpara\u00edso, naciendo as\u00ed la Cueca Porte\u00f1a.<\/p>\n<p>Cabe se\u00f1alar, que la cueca denominada porte\u00f1a es la cueca de m\u00e1s alto grado de representatividad de Valpara\u00edso que hoy tiende a perderse, lo que hace necesario su rescate trabajando con las agrupaciones de cantantes para mantenerla vigente<\/p>\n<p><strong>D\u00eda 1 de febrero<\/strong><\/p>\n<p>Durante el an\u00e1lisis del cambio musical, contenido y estructura de la cueca urbana para convertirse en un producto \u00fanico conocido hoy como Cueca Porte\u00f1a, se determin\u00f3 consensualmente un gran hito: Los Afuerinos, que fueron los primeros en tocar la Cueca Porte\u00f1a con la estructura po\u00e9tica y musical como se concibe hoy, adem\u00e1s de aportar la instrumentaci\u00f3n que le dar\u00eda el car\u00e1cter propio de esta expresi\u00f3n de la cueca.<\/p>\n<p>El consenso del nacimiento de Los Afuerinos es el 1 de febrero de 1981; es por ello y debido al aporte en registros, herencia a las nuevas agrupaciones, aportes de contenido y composiciones porte\u00f1as, es que se seleccion\u00f3 el 1 de febrero de cada a\u00f1o como el d\u00eda que se celebrar\u00eda a la Cueca Porte\u00f1a.<\/p>\n<p><strong>Objetivo<\/strong><\/p>\n<p>La nueva norma tiene por finalidad preservar y difundir el g\u00e9nero musical nacido en Valpara\u00edso, reconociendo a la cueca chilena, espec\u00edficamente a la cueca porte\u00f1a.<\/p>\n<p><strong>Contenido<\/strong><\/p>\n<p>El art\u00edculo \u00fanico del cuerpo legal declara el 1 de febrero de cada a\u00f1o como el D\u00eda Nacional de la Cueca Porte\u00f1a.<br \/>\nAsimismo, la ley incentiva a las autoridades competentes a que propendan a desarrollar actividades relacionadas con la pr\u00e1ctica y difusi\u00f3n de esta danza.<\/p>\n<p><em>Fuente imagen: www.camara.cl<\/em><\/p>\n","protected":false},"excerpt":{"rendered":"<p>Con fecha 16 de agosto de 2024, fue publicada en el Diario Oficial la Ley N\u00b0 21.684, que Declara el 1 de febrero de cada a\u00f1o como el D\u00eda Nacional de la Cueca [&hellip;]<\/p>\n","protected":false},"author":4,"featured_media":2626,"comment_status":"closed","ping_status":"closed","sticky":false,"template":"","format":"standard","meta":{"footnotes":""},"categories":[68,66],"tags":[182,100],"_links":{"self":[{"href":"https:\/\/laleyaldia.cl\/index.php?rest_route=\/wp\/v2\/posts\/2625"}],"collection":[{"href":"https:\/\/laleyaldia.cl\/index.php?rest_route=\/wp\/v2\/posts"}],"about":[{"href":"https:\/\/laleyaldia.cl\/index.php?rest_route=\/wp\/v2\/types\/post"}],"author":[{"embeddable":true,"href":"https:\/\/laleyaldia.cl\/index.php?rest_route=\/wp\/v2\/users\/4"}],"replies":[{"embeddable":true,"href":"https:\/\/laleyaldia.cl\/index.php?rest_route=%2Fwp%2Fv2%2Fcomments&post=2625"}],"version-history":[{"count":1,"href":"https:\/\/laleyaldia.cl\/index.php?rest_route=\/wp\/v2\/posts\/2625\/revisions"}],"predecessor-version":[{"id":2627,"href":"https:\/\/laleyaldia.cl\/index.php?rest_route=\/wp\/v2\/posts\/2625\/revisions\/2627"}],"wp:featuredmedia":[{"embeddable":true,"href":"https:\/\/laleyaldia.cl\/index.php?rest_route=\/wp\/v2\/media\/2626"}],"wp:attachment":[{"href":"https:\/\/laleyaldia.cl\/index.php?rest_route=%2Fwp%2Fv2%2Fmedia&parent=2625"}],"wp:term":[{"taxonomy":"category","embeddable":true,"href":"https:\/\/laleyaldia.cl\/index.php?rest_route=%2Fwp%2Fv2%2Fcategories&post=2625"},{"taxonomy":"post_tag","embeddable":true,"href":"https:\/\/laleyaldia.cl\/index.php?rest_route=%2Fwp%2Fv2%2Ftags&post=2625"}],"curies":[{"name":"wp","href":"https:\/\/api.w.org\/{rel}","templated":true}]}}