{"id":2541,"date":"2024-03-27T17:15:57","date_gmt":"2024-03-27T20:15:57","guid":{"rendered":"https:\/\/www.laleyaldia.cl\/?p=2541"},"modified":"2024-03-27T17:15:57","modified_gmt":"2024-03-27T20:15:57","slug":"alerta-sanitaria-por-virus-estacionales","status":"publish","type":"post","link":"https:\/\/laleyaldia.cl\/?p=2541","title":{"rendered":"Alerta Sanitaria por virus estacionales"},"content":{"rendered":"<p>Con fecha 26 de marzo de 2024, fue publicado en el Diario Oficial el Decreto N\u00b0 11, que Decreta alerta sanitaria y otorga facultades extraordinarias que indica por aumento de virus respiratorios estacionales.<\/p>\n<p><strong>Antecedentes<\/strong><\/p>\n<p>Como es de p\u00fablico conocimiento, con la llegada del oto\u00f1o e invierno a nuestro pa\u00eds, aumentan las enfermedades respiratorias asociadas a los virus circulantes, principalmente se identifican en este periodo la Influenza y Virus Respiratorio Sincicial, adem\u00e1s de los otros microorganismos no tradicionales. En este sentido, cabe se\u00f1alar que el periodo invernal del a\u00f1o 2023 se caracteriz\u00f3 por una circulaci\u00f3n viral anticipada y de mayor magnitud respecto al a\u00f1o 2022 y a\u00f1os prepand\u00e9micos.<\/p>\n<p>Por otro lado, de acuerdo con el \u00faltimo informe de la Organizaci\u00f3n Mundial de la Salud, de fecha 16 de febrero de 2024, el COVID-19 contin\u00faa siendo una gran amenaza para la poblaci\u00f3n, por lo que instan a los Estados miembros a mantener vigilancia, reportes, seguimientos de variantes, atenci\u00f3n cl\u00ednica temprana, administraci\u00f3n de vacunas a personas pertenecientes a grupos de alto riesgo, comunicaci\u00f3n regular y, en s\u00edntesis, una alerta temprana que permita anticiparse a cualquier dificultad que nazca a ra\u00edz de este virus.<\/p>\n<p>En este contexto, se cumple la hip\u00f3tesis planteada en el C\u00f3digo Sanitario, toda vez que el aumento de la presencia de virus respiratorios en nuestro pa\u00eds, y habi\u00e9ndose constatado su inicio prematuro y sus efectos durante el invierno del a\u00f1o 2023, representan una amenaza para todo el territorio de la Rep\u00fablica, lo que faculta al Ministerio de Salud para la dictaci\u00f3n de una alerta sanitaria que permita abordar esta amenaza a la salud p\u00fablica.<\/p>\n<p><strong>Objetivo<\/strong><\/p>\n<p>La presente norma tiene como prop\u00f3sito, dotar a las autoridades del Ministerio de Salud y de aquellos Servicios P\u00fablicos que conforman el sector, de facultades extraordinarias suficientes para que, amparados en las regulaciones que los rigen y en las atribuciones legales que poseen, puedan realizar acciones de salud p\u00fablica, as\u00ed como otras complementarias, destinadas a prevenir y controlar en forma efectiva las posibles consecuencias sanitarias derivadas de los posibles virus ya se\u00f1alados.<\/p>\n<p><strong>Contenido<\/strong><\/p>\n<p>El texto legal declara Alerta Sanitaria en todo el territorio de la Rep\u00fablica, para enfrentar la amenaza a la salud p\u00fablica producida por el aumento de virus respiratorios estacionales.<\/p>\n<p>Asimismo, se otorga a la Subsecretar\u00eda de Salud P\u00fablica, a las Subsecretar\u00eda de Redes Asistenciales, a las Secretar\u00edas Regionales Ministeriales de Salud, a los Servicios de Salud, al Instituto de Salud P\u00fablica, al Fondo Nacional de Salud, a la Central Nacional de Abastecimiento de los Servicios de Salud y a la Superintendencia de Salud, de facultades extraordinarias para disponer, seg\u00fan proceda, de las medidas indicadas en el mismo decreto.<\/p>\n<p>Por otra parte, la norma indica que los servicios p\u00fablicos y dem\u00e1s organismos de la Administraci\u00f3n del Estado, en el \u00e1mbito de sus respectivas competencias, y otras entidades p\u00fablicas o privadas, deber\u00e1n proporcionar la colaboraci\u00f3n y ejecutar las acciones que les sean requeridas por los \u00f3rganos se\u00f1alados, para el cumplimiento de las facultades extraordinarias que se han dispuesto en el presente acto y las dem\u00e1s acciones que dichas autoridades estimen necesarias para enfrentar esta emergencia.<\/p>\n<p><strong>Vigencia<\/strong><\/p>\n<p>El art\u00edculo 12 del presente decreto, dispone que sus efectos tendr\u00e1n vigencia hasta el 31 de septiembre del a\u00f1o en curso, sin perjuicio de la facultad de poner t\u00e9rmino anticipado si las condiciones sanitarias as\u00ed lo permiten o de prorrogarlo en caso de que estas no mejoren.<\/p>\n","protected":false},"excerpt":{"rendered":"<p>Con fecha 26 de marzo de 2024, fue publicado en el Diario Oficial el Decreto N\u00b0 11, que Decreta alerta sanitaria y otorga facultades extraordinarias que indica por aumento de virus respiratorios estacionales. [&hellip;]<\/p>\n","protected":false},"author":4,"featured_media":1602,"comment_status":"closed","ping_status":"closed","sticky":false,"template":"","format":"standard","meta":{"footnotes":""},"categories":[68,66],"tags":[57,110],"_links":{"self":[{"href":"https:\/\/laleyaldia.cl\/index.php?rest_route=\/wp\/v2\/posts\/2541"}],"collection":[{"href":"https:\/\/laleyaldia.cl\/index.php?rest_route=\/wp\/v2\/posts"}],"about":[{"href":"https:\/\/laleyaldia.cl\/index.php?rest_route=\/wp\/v2\/types\/post"}],"author":[{"embeddable":true,"href":"https:\/\/laleyaldia.cl\/index.php?rest_route=\/wp\/v2\/users\/4"}],"replies":[{"embeddable":true,"href":"https:\/\/laleyaldia.cl\/index.php?rest_route=%2Fwp%2Fv2%2Fcomments&post=2541"}],"version-history":[{"count":1,"href":"https:\/\/laleyaldia.cl\/index.php?rest_route=\/wp\/v2\/posts\/2541\/revisions"}],"predecessor-version":[{"id":2542,"href":"https:\/\/laleyaldia.cl\/index.php?rest_route=\/wp\/v2\/posts\/2541\/revisions\/2542"}],"wp:featuredmedia":[{"embeddable":true,"href":"https:\/\/laleyaldia.cl\/index.php?rest_route=\/wp\/v2\/media\/1602"}],"wp:attachment":[{"href":"https:\/\/laleyaldia.cl\/index.php?rest_route=%2Fwp%2Fv2%2Fmedia&parent=2541"}],"wp:term":[{"taxonomy":"category","embeddable":true,"href":"https:\/\/laleyaldia.cl\/index.php?rest_route=%2Fwp%2Fv2%2Fcategories&post=2541"},{"taxonomy":"post_tag","embeddable":true,"href":"https:\/\/laleyaldia.cl\/index.php?rest_route=%2Fwp%2Fv2%2Ftags&post=2541"}],"curies":[{"name":"wp","href":"https:\/\/api.w.org\/{rel}","templated":true}]}}