{"id":2531,"date":"2024-03-20T19:43:17","date_gmt":"2024-03-20T22:43:17","guid":{"rendered":"https:\/\/www.laleyaldia.cl\/?p=2531"},"modified":"2024-03-20T19:43:17","modified_gmt":"2024-03-20T22:43:17","slug":"derecho-al-olvido-oncologico-ya-es-ley","status":"publish","type":"post","link":"https:\/\/laleyaldia.cl\/?p=2531","title":{"rendered":"Derecho al olvido oncol\u00f3gico ya es ley"},"content":{"rendered":"<p>Con fecha 13 de febrero de 2024, fue publicada en el Diario Oficial la Ley N\u00b0 21.656, que Modifica la ley N\u00b0 21.258, para consagrar el derecho al olvido oncol\u00f3gico.<\/p>\n<p><strong>Antecedentes<\/strong><\/p>\n<p>El proyecto se inspira en la resoluci\u00f3n del 16 de febrero del a\u00f1o 2022, del Parlamento Europeo, en que se solicita formalmente a los pa\u00edses miembros que garanticen el derecho al olvido oncol\u00f3gico, a efectos de paliar y eliminar la discriminaci\u00f3n que sufren los supervivientes de c\u00e1ncer una vez que superan la enfermedad.<\/p>\n<p>Tales actos de discriminaci\u00f3n se concentran en el sector financiero, donde aseguradoras y bancos toman en consideraci\u00f3n los antecedentes m\u00e9dicos de sus clientes, para condicionar su prestaci\u00f3n de servicios.<\/p>\n<p>En este contexto, se solicit\u00f3 a los pa\u00edses garantizar el derecho al olvido de aquellas personas que padecieron de c\u00e1ncer, 10 a\u00f1os despu\u00e9s de finalizar su tratamiento, y al menos 5 a\u00f1os despu\u00e9s para quienes fueron diagnosticados antes de los 18 a\u00f1os. Tales cambios fueron adoptados por pa\u00edses como Francia, Luxemburgo, Pa\u00edses Bajos, y B\u00e9lgica.<\/p>\n<p>Este proyecto busca imitar dichas iniciativas en Chile, donde las empresas del sector financiero ejercen conductas similares a las europeas, sum\u00e1ndose a los m\u00faltiples esfuerzos nacionales por combatir el c\u00e1ncer, as\u00ed como sus efectos, incluso m\u00e1s all\u00e1 de la salud.<\/p>\n<p><strong>Objetivo<\/strong><\/p>\n<p>El objetivo de la ley es asegurar que las personas que hayan padecido y sobrevivido al c\u00e1ncer no enfrenten discriminaciones financieras una vez superada su enfermedad, situaci\u00f3n que se considera alcanzada tras el transcurso de cinco a\u00f1os desde la recepci\u00f3n de la alta cl\u00ednica que indica la remisi\u00f3n de la enfermedad.<\/p>\n<p>De esta manera, se busca proteger la privacidad de las personas supervivientes y evitar que esta enfermedad sea arrastrada de por vida, record\u00e1ndola permanentemente con ocasi\u00f3n de factores externos que, eran permitidos por la legislaci\u00f3n, pese a la afectaci\u00f3n, discriminaci\u00f3n y estigmatizaci\u00f3n que estas condiciones de desigualdad implican.<\/p>\n<p><strong>Contenido<\/strong><\/p>\n<p>La nueva legislaci\u00f3n establece que ser\u00e1n inv\u00e1lidas aquellas cl\u00e1usulas, estipulaciones, condiciones m\u00e1s gravosas, exclusiones, restricciones o discriminaciones de cualquier tipo dirigidas a quienes hayan sufrido una patolog\u00eda oncol\u00f3gica previamente a la fecha de suscripci\u00f3n del contrato o negocio jur\u00eddico, cuando hayan pasado 5 a\u00f1os desde el t\u00e9rmino del tratamiento radical sin que haya habido una reca\u00edda.<\/p>\n<p>Adem\u00e1s, proh\u00edbe la solicitud de informaci\u00f3n sobre antecedentes oncol\u00f3gicos o la obligaci\u00f3n de declarar haber padecido dicha patolog\u00eda al momento de suscribir un contrato o negocio jur\u00eddico, si han transcurrido cinco a\u00f1os desde la finalizaci\u00f3n del tratamiento radical sin reca\u00eddas. Una vez superado este plazo, ning\u00fan asegurador podr\u00e1 considerar la existencia de antecedentes oncol\u00f3gicos para efectos de la contrataci\u00f3n del seguro.<\/p>\n<p>Finalmente, la ley dispone que ser\u00e1n nulas las cl\u00e1usulas que renuncien a lo anteriormente se\u00f1alado y su incumplimiento dar\u00e1 lugar a las denuncias o acciones correspondientes. Estas acciones est\u00e1n destinadas a sancionar a los infractores, anular las cl\u00e1usulas abusivas en los contratos de adhesi\u00f3n, cumplir con la obligaci\u00f3n omitida, cesar el acto que afecte el ejercicio de los derechos de la persona afectada, o conseguir la indemnizaci\u00f3n de perjuicios o reparaci\u00f3n adecuada, aplic\u00e1ndose para estos efectos el procedimiento establecido en la ley sobre protecci\u00f3n de los derechos de los consumidores.<\/p>\n<p><strong>Modificaciones<\/strong><\/p>\n<p>La norma en comento agregar el nuevo art\u00edculo 8\u00b0 bis a la Ley N\u00b0 21.258, que Crea la Ley Nacional del C\u00e1ncer, que rinde homenaje p\u00f3stumo al doctor Claudio Mora.<\/p>\n","protected":false},"excerpt":{"rendered":"<p>Con fecha 13 de febrero de 2024, fue publicada en el Diario Oficial la Ley N\u00b0 21.656, que Modifica la ley N\u00b0 21.258, para consagrar el derecho al olvido oncol\u00f3gico. Antecedentes El proyecto [&hellip;]<\/p>\n","protected":false},"author":4,"featured_media":2441,"comment_status":"closed","ping_status":"closed","sticky":false,"template":"","format":"standard","meta":{"footnotes":""},"categories":[68,66],"tags":[100,152],"_links":{"self":[{"href":"https:\/\/laleyaldia.cl\/index.php?rest_route=\/wp\/v2\/posts\/2531"}],"collection":[{"href":"https:\/\/laleyaldia.cl\/index.php?rest_route=\/wp\/v2\/posts"}],"about":[{"href":"https:\/\/laleyaldia.cl\/index.php?rest_route=\/wp\/v2\/types\/post"}],"author":[{"embeddable":true,"href":"https:\/\/laleyaldia.cl\/index.php?rest_route=\/wp\/v2\/users\/4"}],"replies":[{"embeddable":true,"href":"https:\/\/laleyaldia.cl\/index.php?rest_route=%2Fwp%2Fv2%2Fcomments&post=2531"}],"version-history":[{"count":1,"href":"https:\/\/laleyaldia.cl\/index.php?rest_route=\/wp\/v2\/posts\/2531\/revisions"}],"predecessor-version":[{"id":2532,"href":"https:\/\/laleyaldia.cl\/index.php?rest_route=\/wp\/v2\/posts\/2531\/revisions\/2532"}],"wp:featuredmedia":[{"embeddable":true,"href":"https:\/\/laleyaldia.cl\/index.php?rest_route=\/wp\/v2\/media\/2441"}],"wp:attachment":[{"href":"https:\/\/laleyaldia.cl\/index.php?rest_route=%2Fwp%2Fv2%2Fmedia&parent=2531"}],"wp:term":[{"taxonomy":"category","embeddable":true,"href":"https:\/\/laleyaldia.cl\/index.php?rest_route=%2Fwp%2Fv2%2Fcategories&post=2531"},{"taxonomy":"post_tag","embeddable":true,"href":"https:\/\/laleyaldia.cl\/index.php?rest_route=%2Fwp%2Fv2%2Ftags&post=2531"}],"curies":[{"name":"wp","href":"https:\/\/api.w.org\/{rel}","templated":true}]}}