{"id":2493,"date":"2024-01-24T11:05:10","date_gmt":"2024-01-24T14:05:10","guid":{"rendered":"https:\/\/www.laleyaldia.cl\/?p=2493"},"modified":"2024-01-24T11:25:45","modified_gmt":"2024-01-24T14:25:45","slug":"ley-dispone-prorroga-de-exencion-de-control-horario-respecto-de-jefes-superiores-de-servicio-que-se-indican","status":"publish","type":"post","link":"https:\/\/laleyaldia.cl\/?p=2493","title":{"rendered":"Normativa dispone pr\u00f3rroga de exenci\u00f3n de control horario respecto de jefes superiores de servicio que se indican"},"content":{"rendered":"<p>Con fecha 16 de enero de 2024, fue publicada en el Diario Oficial la Ley N\u00b0 21.652, que Prorroga, para el a\u00f1o 2024, la facultad establecida en el art\u00edculo 66 de la ley N\u00ba 21.526, y regula otra materia que indica.<\/p>\n<p><strong>Antecedentes<\/strong><\/p>\n<p>El art\u00edculo 66 de la ley N\u00b0 21.526, facult\u00f3 durante el a\u00f1o 2023, a las jefas y los jefes superiores de servicio de las subsecretar\u00edas y de los servicios p\u00fablicos dependientes de los ministerios o que se relacionen con el Presidente de la Rep\u00fablica a trav\u00e9s de ellos, para eximir del control horario de jornada de trabajo hasta el 20% de la dotaci\u00f3n m\u00e1xima del personal del respectivo Servicio, cualquiera sea su r\u00e9gimen laboral. Estas personas pod\u00edan realizar sus labores fuera de las dependencias institucionales, mediante la utilizaci\u00f3n de medios inform\u00e1ticos dispuestos por el Servicio.<\/p>\n<p>Considerando el t\u00e9rmino de la alerta sanitaria por COVID durante el presente a\u00f1o y la necesaria transici\u00f3n que requieren los servicios para avanzar en la regulaci\u00f3n del trabajo remoto, se requiere prorrogar la facultad antes se\u00f1alada para el a\u00f1o 2024.<\/p>\n<p><strong>Contenido<\/strong><\/p>\n<p>En una primera instancia, el texto legal prorroga, desde el 1 de enero al 31 diciembre del a\u00f1o 2024, la facultad para eximir del control horario de jornada de trabajo establecida en el art\u00edculo 66 de la ley N\u00b021.526, a las jefas y jefes superiores de servicio de las subsecretar\u00edas y de los servicios p\u00fablicos dependientes de los ministerios o que se relacionen con el Presidente de la Rep\u00fablica a trav\u00e9s de ellos.<br \/>\nEl n\u00famero m\u00e1ximo de funcionarios y funcionarias que podr\u00e1n quedar afectos a esta facultad no podr\u00e1 exceder del 20% de la dotaci\u00f3n m\u00e1xima de personal del servicio.<\/p>\n<p>Cabe se\u00f1alar que, a quienes se aplique esta disposici\u00f3n, deber\u00e1n realizar presencialmente labores en las dependencias institucionales, al menos, tres jornadas diarias dentro de la jornada semanal.<\/p>\n<p><strong>C\u00f3digo de Aguas<\/strong><\/p>\n<p>En otro sentido, la ley permite a aquellos titulares de derechos de aprovechamiento de aguas superficiales que, como consecuencia de los temporales acaecidos entre las regiones comprendidas entre la regi\u00f3n del Libertador Bernardo O\u2019Higgins hasta la regi\u00f3n de Los Lagos, entre los meses de junio y octubre del a\u00f1o 2023, se han encontrado imposibilitados de ejercer sus derechos debido a da\u00f1os sufridos en las obras o al cambio de trazado de los cauces, su forma o dimensiones, podr\u00e1n extraer agua en un punto alternativo de extracci\u00f3n.<\/p>\n<p>Para estos efectos, los titulares dentro de un plazo de 30 d\u00edas, contado desde la fecha de publicaci\u00f3n de esta ley, deber\u00e1n comunicar a la Direcci\u00f3n General de Aguas, el punto alternativo de extracci\u00f3n.<\/p>\n<p><strong>Modificaciones<\/strong><\/p>\n<p>El presente cuerpo legal, sustituye el art\u00edculo 12 transitorio del C\u00f3digo de Aguas.<\/p>\n","protected":false},"excerpt":{"rendered":"<p>Con fecha 16 de enero de 2024, fue publicada en el Diario Oficial la Ley N\u00b0 21.652, que Prorroga, para el a\u00f1o 2024, la facultad establecida en el art\u00edculo 66 de la ley [&hellip;]<\/p>\n","protected":false},"author":4,"featured_media":1602,"comment_status":"closed","ping_status":"closed","sticky":false,"template":"","format":"standard","meta":{"footnotes":""},"categories":[68,66],"tags":[144,100],"_links":{"self":[{"href":"https:\/\/laleyaldia.cl\/index.php?rest_route=\/wp\/v2\/posts\/2493"}],"collection":[{"href":"https:\/\/laleyaldia.cl\/index.php?rest_route=\/wp\/v2\/posts"}],"about":[{"href":"https:\/\/laleyaldia.cl\/index.php?rest_route=\/wp\/v2\/types\/post"}],"author":[{"embeddable":true,"href":"https:\/\/laleyaldia.cl\/index.php?rest_route=\/wp\/v2\/users\/4"}],"replies":[{"embeddable":true,"href":"https:\/\/laleyaldia.cl\/index.php?rest_route=%2Fwp%2Fv2%2Fcomments&post=2493"}],"version-history":[{"count":2,"href":"https:\/\/laleyaldia.cl\/index.php?rest_route=\/wp\/v2\/posts\/2493\/revisions"}],"predecessor-version":[{"id":2501,"href":"https:\/\/laleyaldia.cl\/index.php?rest_route=\/wp\/v2\/posts\/2493\/revisions\/2501"}],"wp:featuredmedia":[{"embeddable":true,"href":"https:\/\/laleyaldia.cl\/index.php?rest_route=\/wp\/v2\/media\/1602"}],"wp:attachment":[{"href":"https:\/\/laleyaldia.cl\/index.php?rest_route=%2Fwp%2Fv2%2Fmedia&parent=2493"}],"wp:term":[{"taxonomy":"category","embeddable":true,"href":"https:\/\/laleyaldia.cl\/index.php?rest_route=%2Fwp%2Fv2%2Fcategories&post=2493"},{"taxonomy":"post_tag","embeddable":true,"href":"https:\/\/laleyaldia.cl\/index.php?rest_route=%2Fwp%2Fv2%2Ftags&post=2493"}],"curies":[{"name":"wp","href":"https:\/\/api.w.org\/{rel}","templated":true}]}}