{"id":2488,"date":"2024-01-10T17:21:50","date_gmt":"2024-01-10T20:21:50","guid":{"rendered":"https:\/\/www.laleyaldia.cl\/?p=2488"},"modified":"2024-01-24T11:26:22","modified_gmt":"2024-01-24T14:26:22","slug":"publicada-ley-que-simplifica-procedimientos-de-concesiones-tarifarias-de-telefonia-fija","status":"publish","type":"post","link":"https:\/\/laleyaldia.cl\/?p=2488","title":{"rendered":"Simplificaci\u00f3n de procedimientos de concesiones tarifarias de telefon\u00eda fija"},"content":{"rendered":"<p>Con fecha 9 de enero de 2024, fue publicada en el Diario Oficial la Ley N\u00b0 21.637, que Modifica el procedimiento de fijaci\u00f3n tarifaria de concesionarias de telefon\u00eda fija.<\/p>\n<p><strong>Antecedentes<\/strong><\/p>\n<p>En nuestro pa\u00eds existen trece concesionarias de servicios de telefon\u00eda fija sujetas a fijaci\u00f3n tarifaria; se trata de empresas con caracter\u00edsticas distintas en cuanto a participaci\u00f3n de mercado, cobertura y tecnolog\u00eda disponible.<\/p>\n<p>Estas empresas tienen la propiedad en distintos tramos, as\u00ed se genera el llamado cargo de acceso. Se entiende por \u00e9ste, la comunicaci\u00f3n que termina en una red de destino de propiedad de un operador diferente a la red de origen. Dicho cargo est\u00e1 sujeto a la ley de fijaci\u00f3n tarifaria y \u00e9sta es la que pretende perfeccionar la ley en estudio.<\/p>\n<p>Por lo anterior, se presenta un proyecto de ley que plantea una adecuaci\u00f3n gradual de procesos tarifarios, con el objeto de simplificar su aplicaci\u00f3n.<\/p>\n<p><strong>Objetivo<\/strong><\/p>\n<p>La presente ley tiene por finalidad Promover una mayor simetr\u00eda tarifaria apuntando a un proceso tarifario \u00fanico de grupos de empresas que tengan criterios t\u00e9cnicos.<\/p>\n<p>Por otra parte, busca simplificar el actual r\u00e9gimen de fijaci\u00f3n tarifaria para las empresas con menor participaci\u00f3n generando ahorros para la autoridad y las compa\u00f1\u00edas.<\/p>\n<p>Finalmente, el texto legal propende a corregir la diferencia temporal que hoy existe en la fijaci\u00f3n tarifaria dado que hoy las concesionarias deben tener un decreto tarifario vigente de 5 a\u00f1os.<\/p>\n<p><strong>Contenido<\/strong><\/p>\n<p>El nuevo cuerpo normativo dispone que las tarifas definitivas para las comunicaciones telef\u00f3nicas de larga distancia se establecer\u00e1n mediante f\u00f3rmula tarifarias; las que incluir\u00e1n las tarifas de acceso a las redes locales y las tarifas de larga distancia de los servicios intermedios de telecomunicaciones.<\/p>\n<p>La ley define tipos de grupos empresariales, con tarifas \u00fanicas para las distintas empresas relacionadas, filiales y coligadas. Al mismo tiempo, determina tarifas para concesionarios que se agrupen conforme se defina, por medio de resoluci\u00f3n fundada, sobre la base de criterios t\u00e9cnicos, objetivos y transparentes (se tendr\u00e1 un proceso \u00fanico por grupo).<\/p>\n<p>Asimismo, se establece que aquellos concesionarios cuya participaci\u00f3n de mercado de l\u00edneas telef\u00f3nicas sea inferior o igual al criterio de corte definido en la misma resoluci\u00f3n, se ce\u00f1ir\u00e1n a las tarifas de aquellas con menor participaci\u00f3n de mercado; resoluci\u00f3n que podr\u00e1 ser modificada cada cinco a\u00f1os, de acuerdo al dinamismo y la variaci\u00f3n de la estructura del mercado.<\/p>\n<p><strong>Otras disposiciones<\/strong><\/p>\n<p>La ley tambi\u00e9n se\u00f1ala que las concesionarias de servicio p\u00fabico local, cuyos decretos tarifarios terminen su vigencia luego de publicada la ley en el Diario Oficial, se agrupar\u00e1n por la Subsecretar\u00eda de Telecomunicaciones, lo que tendr\u00e1 como finalidad realizar la nueva fijaci\u00f3n tarifaria.<\/p>\n<p>El citado organismo determinar\u00e1 las fechas de los procesos tarifarios de cada uno de los grupos, los criterios t\u00e9cnicos que determinar\u00e1n la integraci\u00f3n de cada grupo, las concesionarias que los compondr\u00e1n y el criterio de corte respecto de las concesionarias que se someter\u00e1n a un proceso de fijaci\u00f3n tarifaria.<\/p>\n<p>Finalmente, se indica que mientras no se fijen las tarifas a los grupos mencionados, se mantendr\u00e1n los decretos tarifarios vigentes con las f\u00f3rmulas de reajuste definidas. Una vez que se publiquen los decretos tarifarios de los grupos de concesionarias, entrar\u00e1 en vigencia la estructura de cobro, los niveles tarifarios y los mecanismos de indexaci\u00f3n tarifaria.<\/p>\n<p><strong>Modificaciones<\/strong><\/p>\n<p>La norma en comento modifica la Ley N\u00b0 18.168, General de Telecomunicaciones.<\/p>\n<p><strong>Vigencia<\/strong><\/p>\n<p>El art\u00edculo transitorio del nuevo cuerpo legal, establece que comenzar\u00e1 a regir treinta d\u00edas despu\u00e9s de su publicaci\u00f3n en el Diario Oficial.<\/p>\n","protected":false},"excerpt":{"rendered":"<p>Con fecha 9 de enero de 2024, fue publicada en el Diario Oficial la Ley N\u00b0 21.637, que Modifica el procedimiento de fijaci\u00f3n tarifaria de concesionarias de telefon\u00eda fija. Antecedentes En nuestro pa\u00eds [&hellip;]<\/p>\n","protected":false},"author":4,"featured_media":2200,"comment_status":"closed","ping_status":"closed","sticky":false,"template":"","format":"standard","meta":{"footnotes":""},"categories":[68,66],"tags":[100],"_links":{"self":[{"href":"https:\/\/laleyaldia.cl\/index.php?rest_route=\/wp\/v2\/posts\/2488"}],"collection":[{"href":"https:\/\/laleyaldia.cl\/index.php?rest_route=\/wp\/v2\/posts"}],"about":[{"href":"https:\/\/laleyaldia.cl\/index.php?rest_route=\/wp\/v2\/types\/post"}],"author":[{"embeddable":true,"href":"https:\/\/laleyaldia.cl\/index.php?rest_route=\/wp\/v2\/users\/4"}],"replies":[{"embeddable":true,"href":"https:\/\/laleyaldia.cl\/index.php?rest_route=%2Fwp%2Fv2%2Fcomments&post=2488"}],"version-history":[{"count":2,"href":"https:\/\/laleyaldia.cl\/index.php?rest_route=\/wp\/v2\/posts\/2488\/revisions"}],"predecessor-version":[{"id":2502,"href":"https:\/\/laleyaldia.cl\/index.php?rest_route=\/wp\/v2\/posts\/2488\/revisions\/2502"}],"wp:featuredmedia":[{"embeddable":true,"href":"https:\/\/laleyaldia.cl\/index.php?rest_route=\/wp\/v2\/media\/2200"}],"wp:attachment":[{"href":"https:\/\/laleyaldia.cl\/index.php?rest_route=%2Fwp%2Fv2%2Fmedia&parent=2488"}],"wp:term":[{"taxonomy":"category","embeddable":true,"href":"https:\/\/laleyaldia.cl\/index.php?rest_route=%2Fwp%2Fv2%2Fcategories&post=2488"},{"taxonomy":"post_tag","embeddable":true,"href":"https:\/\/laleyaldia.cl\/index.php?rest_route=%2Fwp%2Fv2%2Ftags&post=2488"}],"curies":[{"name":"wp","href":"https:\/\/api.w.org\/{rel}","templated":true}]}}