{"id":2467,"date":"2023-12-20T12:34:02","date_gmt":"2023-12-20T15:34:02","guid":{"rendered":"https:\/\/www.laleyaldia.cl\/?p=2467"},"modified":"2023-12-20T12:34:02","modified_gmt":"2023-12-20T15:34:02","slug":"ampliacion-de-criterios-para-otorgar-prision-preventiva","status":"publish","type":"post","link":"https:\/\/laleyaldia.cl\/?p=2467","title":{"rendered":"Ampliaci\u00f3n de criterios para otorgar prisi\u00f3n preventiva"},"content":{"rendered":"<p>Con fecha 16 de diciembre de 2023, fue publicada en el Diario Oficial la Ley N\u00b0 21.635, que Modifica el C\u00f3digo Procesal Penal para incorporar nuevos criterios de procedencia de la medida cautelar de prisi\u00f3n preventiva.<\/p>\n<p><strong>Antecedentes<\/strong><\/p>\n<p>Seg\u00fan lo define la doctrina internacional, la prisi\u00f3n preventiva en el proceso penal \u201ces la privaci\u00f3n de libertad del imputado con el fin de asegurar el proceso de conocimiento o la ejecuci\u00f3n de la pena\u201d . En este sentido, es la medida cautelar de mayor intensidad en nuestro sistema procesal penal, decretada por el juez de garant\u00eda, la que supone la \u201cinjerencia m\u00e1s grave en la libertad individual\u201d.<\/p>\n<p>Ante las nuevas modalidades delictivas, caracterizadas por la existencia de asociaciones criminales con un alto poder de fuego mediante el uso de armas ilegales, es que resulta necesario actualizar las referencias de la ley procesal penal, en relaci\u00f3n a los casos en que, ante la gravedad del hecho, la prisi\u00f3n preventiva resulta necesaria para asegurar la presencia del imputado y una adecuada investigaci\u00f3n de los hechos.<\/p>\n<p><strong>Objetivo<\/strong><\/p>\n<p>El nuevo texto legal tiene por finalidad establecer con mejor precisi\u00f3n, criterios y principios orientadores en materia de determinaci\u00f3n de la prisi\u00f3n preventiva.<\/p>\n<p>De esta forma, define alcances m\u00e1s precisos para que los tribunales dicten esta medida, considerando para ello el uso de armas de fuego y la pertenencia a una organizaci\u00f3n criminal, entre otras situaciones.<\/p>\n<p><strong>Contenido<\/strong><\/p>\n<p>El texto legal precisa los fundamentos de necesidad de la prisi\u00f3n preventiva, con la finalidad orientar adecuadamente los criterios de necesidad en funci\u00f3n del peligro que supone para la sociedad, la gravedad del hecho y no la personalidad del imputado, con la finalidad de coherencia interna de la presente reforma, as\u00ed como tambi\u00e9n, desarrollar ciertas hip\u00f3tesis que en el actual contexto afectan gravemente la convivencia social y la calidad de vida de las personas en sus hogares.<\/p>\n<p>La ley se enfoca en la disposici\u00f3n que establece los requisitos para que el tribunal, a petici\u00f3n del Ministerio P\u00fablico o del querellante, decrete la prisi\u00f3n preventiva.<\/p>\n<p>Dicha disposici\u00f3n declara que ser\u00e1 plausible, cuando existan antecedentes calificados que permitan al tribunal considerar que la prisi\u00f3n preventiva es indispensable para el \u00e9xito de diligencias precisas y determinadas de la investigaci\u00f3n. De igual modo, cuando la libertad del imputado sea peligrosa para la seguridad de la sociedad o del ofendido. Asimismo, si existe peligro de que el imputado se d\u00e9 a la fuga.<\/p>\n<p>El texto considera condicionantes para estimar si la libertad del imputado resulta o no peligrosa. De esta forma establece que, el tribunal deber\u00e1 considerar, especialmente:<\/p>\n<p>&#8211; La gravedad de la pena asignada al delito.<br \/>\n&#8211; El n\u00famero de delitos que se le impute y el car\u00e1cter de estos.<br \/>\n&#8211; La existencia de procesos pendientes.<br \/>\n&#8211; El hecho de haber actuado en grupo o pandilla o formando parte de una organizaci\u00f3n o asociaci\u00f3n.<br \/>\n&#8211; En los delitos que tengan pena de crimen asignada.<br \/>\n&#8211; La existencia de condenas anteriores con igual o mayor pena.<br \/>\n&#8211; El delito consiste en atentados contra la vida o integridad f\u00edsica de miembros de las polic\u00edas, las FF.AA. o Gendarmer\u00eda.<br \/>\n&#8211; El encontrarse sometido a alguna medida cautelar distinta a la prisi\u00f3n preventiva, en libertad condicional o medidas alternativas a la privaci\u00f3n de libertad<\/p>\n<p><strong>Nuevas condicionantes<\/strong><\/p>\n<p>Al listado de circunstancias existentes, se agregan las siguientes:<\/p>\n<p>&#8211; La gravedad del hecho.<br \/>\n&#8211; El haber actuado formando parte de una organizaci\u00f3n o asociaci\u00f3n.<br \/>\n&#8211; Cuando en los \u00faltimos dos a\u00f1os, ha sido reiteradamente sometido a las medidas cautelares personales de detenci\u00f3n, prisi\u00f3n preventiva o arresto domiciliario si estas se han decretado por delitos que tengan asignada pena aflictiva (superiores a 3 a\u00f1os y 1 d\u00eda).<\/p>\n<p>Por otra parte, se agregan otras consideraciones que los jueces deber\u00e1n tomar en cuenta, atendiendo al hecho que la libertad del imputado constituir\u00eda un peligro para la seguridad de la sociedad: particularmente cuando se hubiese actuado haciendo uso de arma de fuego u otras se\u00f1aladas en la Ley 17.798, sobre control de armas.<\/p>\n<p>Finalmente, se adicion\u00f3 una \u00faltima consideraci\u00f3n en las excepciones a la norma que define la improcedencia de la prisi\u00f3n preventiva: esta medida se podr\u00e1 decretar cuando el imputado no asista a la audiencia del juicio oral, incluyendo el juicio simplificado.<\/p>\n<p><strong>Modificaciones<\/strong><\/p>\n<p>La norma en comento modifica los art\u00edculos 140 y 141 del C\u00f3digo Procesal Penal.<\/p>\n<p>&nbsp;<\/p>\n<p>&nbsp;<\/p>\n","protected":false},"excerpt":{"rendered":"<p>Con fecha 16 de diciembre de 2023, fue publicada en el Diario Oficial la Ley N\u00b0 21.635, que Modifica el C\u00f3digo Procesal Penal para incorporar nuevos criterios de procedencia de la medida cautelar [&hellip;]<\/p>\n","protected":false},"author":4,"featured_media":2283,"comment_status":"closed","ping_status":"closed","sticky":false,"template":"","format":"standard","meta":{"footnotes":""},"categories":[68,66],"tags":[71,136],"_links":{"self":[{"href":"https:\/\/laleyaldia.cl\/index.php?rest_route=\/wp\/v2\/posts\/2467"}],"collection":[{"href":"https:\/\/laleyaldia.cl\/index.php?rest_route=\/wp\/v2\/posts"}],"about":[{"href":"https:\/\/laleyaldia.cl\/index.php?rest_route=\/wp\/v2\/types\/post"}],"author":[{"embeddable":true,"href":"https:\/\/laleyaldia.cl\/index.php?rest_route=\/wp\/v2\/users\/4"}],"replies":[{"embeddable":true,"href":"https:\/\/laleyaldia.cl\/index.php?rest_route=%2Fwp%2Fv2%2Fcomments&post=2467"}],"version-history":[{"count":1,"href":"https:\/\/laleyaldia.cl\/index.php?rest_route=\/wp\/v2\/posts\/2467\/revisions"}],"predecessor-version":[{"id":2468,"href":"https:\/\/laleyaldia.cl\/index.php?rest_route=\/wp\/v2\/posts\/2467\/revisions\/2468"}],"wp:featuredmedia":[{"embeddable":true,"href":"https:\/\/laleyaldia.cl\/index.php?rest_route=\/wp\/v2\/media\/2283"}],"wp:attachment":[{"href":"https:\/\/laleyaldia.cl\/index.php?rest_route=%2Fwp%2Fv2%2Fmedia&parent=2467"}],"wp:term":[{"taxonomy":"category","embeddable":true,"href":"https:\/\/laleyaldia.cl\/index.php?rest_route=%2Fwp%2Fv2%2Fcategories&post=2467"},{"taxonomy":"post_tag","embeddable":true,"href":"https:\/\/laleyaldia.cl\/index.php?rest_route=%2Fwp%2Fv2%2Ftags&post=2467"}],"curies":[{"name":"wp","href":"https:\/\/api.w.org\/{rel}","templated":true}]}}