{"id":2430,"date":"2023-11-08T11:57:22","date_gmt":"2023-11-08T14:57:22","guid":{"rendered":"https:\/\/www.laleyaldia.cl\/?p=2430"},"modified":"2023-11-08T14:01:57","modified_gmt":"2023-11-08T17:01:57","slug":"publicado-decreto-que-convoca-a-plebiscito-nacional","status":"publish","type":"post","link":"https:\/\/laleyaldia.cl\/?p=2430","title":{"rendered":"Presidente de la Rep\u00fablica convoca a Plebiscito Nacional"},"content":{"rendered":"<p>Con fecha 7 de noviembre de 2023, fue publicado en el Diario Oficial el Decreto exento N\u00b0 3.273, que Convoca a plebiscito nacional para el d\u00eda 17 de diciembre de 2023.<\/p>\n<p><strong>Contenido<\/strong><\/p>\n<p>En el marco del nuevo proceso constituyente que vive nuestro pa\u00eds, y considerando que la propuesta de la Nueva Constituci\u00f3n ya fue entregada oficialmente, el Presidente de la Rep\u00fablica <strong>Gabriel Boric Font, <\/strong>convoc\u00f3 para el d\u00eda 17 de diciembre del a\u00f1o en curso a un Plebiscito Nacional, cumpliendo de esta forma con la obligaci\u00f3n impuesta por la actual Carta Fundamental.<\/p>\n<p>En este orden de ideas, el art\u00edculo 159 de la Constituci\u00f3n Pol\u00edtica de la Rep\u00fablica establece que, Comunicada al Presidente de la Rep\u00fablica la propuesta de texto constitucional aprobada por el Consejo Constitucional, \u00e9ste deber\u00e1 convocar dentro de los tres d\u00edas siguientes a dicha comunicaci\u00f3n, mediante decreto supremo exento, a un plebiscito nacional constitucional para que el electorado se pronuncie sobre la propuesta.<\/p>\n<p>En el plebiscito se\u00f1alado, el electorado dispondr\u00e1 de una c\u00e9dula electoral que contendr\u00e1 la siguiente pregunta: \u201c\u00bfEst\u00e1 usted a favor o en contra del texto de Nueva Constituci\u00f3n?\u201d. Bajo la cuesti\u00f3n planteada habr\u00e1 dos rayas horizontales, una al lado de la otra. La primera de ellas tendr\u00e1 en su parte inferior la expresi\u00f3n \u201cA favor\u201d, y la segunda, la expresi\u00f3n \u201cEn contra\u201d, a fin de que el elector pueda marcar su preferencia sobre una de las alternativas.<\/p>\n<p><strong>Voto obligatorio<\/strong><\/p>\n<p>Cabe se\u00f1alar de acuerdo a lo dispuesto en el art\u00edculo 160 de la Constituci\u00f3n Pol\u00edtica de la Rep\u00fablica, el sufragio en este plebiscito ser\u00e1 obligatorio para quienes tengan domicilio electoral en Chile.<\/p>\n<p><strong>Fuente imagen:<\/strong> <em>www.prensa.presidencia.cl<\/em><\/p>\n","protected":false},"excerpt":{"rendered":"<p>Con fecha 7 de noviembre de 2023, fue publicado en el Diario Oficial el Decreto exento N\u00b0 3.273, que Convoca a plebiscito nacional para el d\u00eda 17 de diciembre de 2023. Contenido En [&hellip;]<\/p>\n","protected":false},"author":4,"featured_media":2431,"comment_status":"closed","ping_status":"closed","sticky":false,"template":"","format":"standard","meta":{"footnotes":""},"categories":[68,66],"tags":[77,125],"_links":{"self":[{"href":"https:\/\/laleyaldia.cl\/index.php?rest_route=\/wp\/v2\/posts\/2430"}],"collection":[{"href":"https:\/\/laleyaldia.cl\/index.php?rest_route=\/wp\/v2\/posts"}],"about":[{"href":"https:\/\/laleyaldia.cl\/index.php?rest_route=\/wp\/v2\/types\/post"}],"author":[{"embeddable":true,"href":"https:\/\/laleyaldia.cl\/index.php?rest_route=\/wp\/v2\/users\/4"}],"replies":[{"embeddable":true,"href":"https:\/\/laleyaldia.cl\/index.php?rest_route=%2Fwp%2Fv2%2Fcomments&post=2430"}],"version-history":[{"count":4,"href":"https:\/\/laleyaldia.cl\/index.php?rest_route=\/wp\/v2\/posts\/2430\/revisions"}],"predecessor-version":[{"id":2437,"href":"https:\/\/laleyaldia.cl\/index.php?rest_route=\/wp\/v2\/posts\/2430\/revisions\/2437"}],"wp:featuredmedia":[{"embeddable":true,"href":"https:\/\/laleyaldia.cl\/index.php?rest_route=\/wp\/v2\/media\/2431"}],"wp:attachment":[{"href":"https:\/\/laleyaldia.cl\/index.php?rest_route=%2Fwp%2Fv2%2Fmedia&parent=2430"}],"wp:term":[{"taxonomy":"category","embeddable":true,"href":"https:\/\/laleyaldia.cl\/index.php?rest_route=%2Fwp%2Fv2%2Fcategories&post=2430"},{"taxonomy":"post_tag","embeddable":true,"href":"https:\/\/laleyaldia.cl\/index.php?rest_route=%2Fwp%2Fv2%2Ftags&post=2430"}],"curies":[{"name":"wp","href":"https:\/\/api.w.org\/{rel}","templated":true}]}}