{"id":2427,"date":"2023-11-08T11:28:32","date_gmt":"2023-11-08T14:28:32","guid":{"rendered":"https:\/\/www.laleyaldia.cl\/?p=2427"},"modified":"2023-11-08T11:28:32","modified_gmt":"2023-11-08T14:28:32","slug":"publicada-ley-que-establece-uso-de-lapiz-de-pasta-azul-en-el-proximo-plebiscito-constitucional","status":"publish","type":"post","link":"https:\/\/laleyaldia.cl\/?p=2427","title":{"rendered":"Publicada ley que establece uso de l\u00e1piz de pasta azul, en el pr\u00f3ximo Plebiscito Constitucional"},"content":{"rendered":"<p>Con fecha 7 de noviembre de 2023, fue publicada en el Diario Oficial la Ley N\u00b0 21.626, que Modifica la Carta Fundamental para hacer aplicable al plebiscito constitucional la disposici\u00f3n que indica.<\/p>\n<p><strong>Antecedentes<\/strong><\/p>\n<p>El sistema de voto presencial a trav\u00e9s de una papeleta, requiere la adopci\u00f3n de medidas que aseguren la probidad del proceso eleccionario y de sus resultados. De cara al plebiscito constitucional que se realizar\u00e1 en nuestro pa\u00eds durante el mes de diciembre del a\u00f1o en curso, se hace necesario continuar fortaleciendo las medidas que permitan entregar integridad al proceso, y con ello, mayor confianza a la ciudadan\u00eda en la transparencia de los resultados.<\/p>\n<p>Cabe se\u00f1alar que el art\u00edculo 70 de la Ley N\u00b0 18.700, establece que al momento de ser admitido un elector a sufragar \u201c\u2026se le proporcionar\u00e1 un l\u00e1piz de grafito color negro &#8230;\u201d. Lo anterior, y considerando el car\u00e1cter alterable de la marca del l\u00e1piz grafito, entra en conflicto con algunas recomendaciones de organizaciones internacionales orientadas a \u201casegurar la integridad\u201d y \u201cminimizar las oportunidades de manipulaci\u00f3n de las papeletas\u201d.<\/p>\n<p><strong>Objetivo y contenido<\/strong><\/p>\n<p>En virtud de lo expuesto, y con la finalidad de evitar la manipulaci\u00f3n de las preferencias de los electores, el nuevo texto legal establece que, para el plebiscito constitucional, se entregue a los electores un l\u00e1piz pasta azul.<\/p>\n<p>De esta forma, se hace aplicable lo dispuesto en el p\u00e1rrafo final del n\u00famero 3 del inciso quinto del art\u00edculo 144 de la Carta Fundamental (que indica que el l\u00e1piz para sufragar deber\u00e1 ser de pasta azul), al art\u00edculo 159 la misma norma (referido al plebiscito constitucional).<\/p>\n<p><strong>Modificaciones<\/strong><\/p>\n<p>La ley en comento agregar un nuevo inciso final al art\u00edculo 159 de la Constituci\u00f3n Pol\u00edtica de la Rep\u00fablica.<\/p>\n<p><em><strong>Equipo Editorial Thomson Reuters<\/strong><\/em><\/p>\n","protected":false},"excerpt":{"rendered":"<p>Con fecha 7 de noviembre de 2023, fue publicada en el Diario Oficial la Ley N\u00b0 21.626, que Modifica la Carta Fundamental para hacer aplicable al plebiscito constitucional la disposici\u00f3n que indica. Antecedentes [&hellip;]<\/p>\n","protected":false},"author":4,"featured_media":1785,"comment_status":"closed","ping_status":"closed","sticky":false,"template":"","format":"standard","meta":{"footnotes":""},"categories":[68,66],"tags":[77,125],"_links":{"self":[{"href":"https:\/\/laleyaldia.cl\/index.php?rest_route=\/wp\/v2\/posts\/2427"}],"collection":[{"href":"https:\/\/laleyaldia.cl\/index.php?rest_route=\/wp\/v2\/posts"}],"about":[{"href":"https:\/\/laleyaldia.cl\/index.php?rest_route=\/wp\/v2\/types\/post"}],"author":[{"embeddable":true,"href":"https:\/\/laleyaldia.cl\/index.php?rest_route=\/wp\/v2\/users\/4"}],"replies":[{"embeddable":true,"href":"https:\/\/laleyaldia.cl\/index.php?rest_route=%2Fwp%2Fv2%2Fcomments&post=2427"}],"version-history":[{"count":1,"href":"https:\/\/laleyaldia.cl\/index.php?rest_route=\/wp\/v2\/posts\/2427\/revisions"}],"predecessor-version":[{"id":2429,"href":"https:\/\/laleyaldia.cl\/index.php?rest_route=\/wp\/v2\/posts\/2427\/revisions\/2429"}],"wp:featuredmedia":[{"embeddable":true,"href":"https:\/\/laleyaldia.cl\/index.php?rest_route=\/wp\/v2\/media\/1785"}],"wp:attachment":[{"href":"https:\/\/laleyaldia.cl\/index.php?rest_route=%2Fwp%2Fv2%2Fmedia&parent=2427"}],"wp:term":[{"taxonomy":"category","embeddable":true,"href":"https:\/\/laleyaldia.cl\/index.php?rest_route=%2Fwp%2Fv2%2Fcategories&post=2427"},{"taxonomy":"post_tag","embeddable":true,"href":"https:\/\/laleyaldia.cl\/index.php?rest_route=%2Fwp%2Fv2%2Ftags&post=2427"}],"curies":[{"name":"wp","href":"https:\/\/api.w.org\/{rel}","templated":true}]}}