{"id":2420,"date":"2023-11-08T11:01:09","date_gmt":"2023-11-08T14:01:09","guid":{"rendered":"https:\/\/www.laleyaldia.cl\/?p=2420"},"modified":"2023-11-08T11:22:37","modified_gmt":"2023-11-08T14:22:37","slug":"propuesta-de-nueva-constitucion-politica-de-la-republica","status":"publish","type":"post","link":"https:\/\/laleyaldia.cl\/?p=2420","title":{"rendered":"Propuesta de nueva Constituci\u00f3n Pol\u00edtica de la Rep\u00fablica"},"content":{"rendered":"<p>Te invitamos a leer la propuesta de nueva Constituci\u00f3n aprobada por el Pleno del Consejo Constitucional luego de casi ocho meses de trabajo.<\/p>\n<p>Con la propuesta de nueva Constituci\u00f3n en las manos, el\u00a0<strong>Presidente de la Rep\u00fablica Gabriel Boric<\/strong>\u00a0firm\u00f3 el decreto que convoca a plebiscito el domingo 17 de diciembre pr\u00f3ximo, oportunidad en la que la ciudadan\u00eda deber\u00e1 pronunciarse si aprueba o rechaza la iniciativa.<\/p>\n<p><strong><a href=\"https:\/\/www.laleyaldia.cl\/wp-content\/uploads\/2023\/11\/Revisa-el-texto-de-la-propuesta.pdf\">Revisa el texto de la propuesta<\/a><\/strong><\/p>\n<p>&nbsp;<\/p>\n","protected":false},"excerpt":{"rendered":"<p>Te invitamos a leer la propuesta de nueva Constituci\u00f3n aprobada por el Pleno del Consejo Constitucional luego de casi ocho meses de trabajo. Con la propuesta de nueva Constituci\u00f3n en las manos, el\u00a0Presidente [&hellip;]<\/p>\n","protected":false},"author":2,"featured_media":1810,"comment_status":"closed","ping_status":"closed","sticky":false,"template":"","format":"standard","meta":{"footnotes":""},"categories":[68],"tags":[124,77,123],"_links":{"self":[{"href":"https:\/\/laleyaldia.cl\/index.php?rest_route=\/wp\/v2\/posts\/2420"}],"collection":[{"href":"https:\/\/laleyaldia.cl\/index.php?rest_route=\/wp\/v2\/posts"}],"about":[{"href":"https:\/\/laleyaldia.cl\/index.php?rest_route=\/wp\/v2\/types\/post"}],"author":[{"embeddable":true,"href":"https:\/\/laleyaldia.cl\/index.php?rest_route=\/wp\/v2\/users\/2"}],"replies":[{"embeddable":true,"href":"https:\/\/laleyaldia.cl\/index.php?rest_route=%2Fwp%2Fv2%2Fcomments&post=2420"}],"version-history":[{"count":5,"href":"https:\/\/laleyaldia.cl\/index.php?rest_route=\/wp\/v2\/posts\/2420\/revisions"}],"predecessor-version":[{"id":2428,"href":"https:\/\/laleyaldia.cl\/index.php?rest_route=\/wp\/v2\/posts\/2420\/revisions\/2428"}],"wp:featuredmedia":[{"embeddable":true,"href":"https:\/\/laleyaldia.cl\/index.php?rest_route=\/wp\/v2\/media\/1810"}],"wp:attachment":[{"href":"https:\/\/laleyaldia.cl\/index.php?rest_route=%2Fwp%2Fv2%2Fmedia&parent=2420"}],"wp:term":[{"taxonomy":"category","embeddable":true,"href":"https:\/\/laleyaldia.cl\/index.php?rest_route=%2Fwp%2Fv2%2Fcategories&post=2420"},{"taxonomy":"post_tag","embeddable":true,"href":"https:\/\/laleyaldia.cl\/index.php?rest_route=%2Fwp%2Fv2%2Ftags&post=2420"}],"curies":[{"name":"wp","href":"https:\/\/api.w.org\/{rel}","templated":true}]}}