{"id":2414,"date":"2023-10-25T11:53:05","date_gmt":"2023-10-25T14:53:05","guid":{"rendered":"https:\/\/www.laleyaldia.cl\/?p=2414"},"modified":"2023-10-25T11:53:05","modified_gmt":"2023-10-25T14:53:05","slug":"tipificacion-de-delito-para-el-porte-injustificado-de-combustible","status":"publish","type":"post","link":"https:\/\/laleyaldia.cl\/?p=2414","title":{"rendered":"Tipificaci\u00f3n de delito para el porte injustificado de combustible"},"content":{"rendered":"<p>Con fecha 25 de octubre de 2023, fue publicada en el Diario Oficial la Ley N\u00b0 21.620, que Modifica el C\u00f3digo Penal para sancionar como simple delito el porte injustificado de combustible en el contexto de reuniones en lugares de uso p\u00fablico.<\/p>\n<p><strong>Antecedentes<\/strong><\/p>\n<p>El derecho de reuni\u00f3n y la libertad de expresi\u00f3n, son derechos fundamentales en toda democracia, los que se encuentran reconocidos tanto en nuestra Carta Fundamental, como en los Tratados Internacionales ratificados por Chile y que se encuentran actualmente vigentes.<\/p>\n<p>Dichas normas disponen que tal derecho debe ejercerse sin armas, lo que es de suma relevancia tanto para el resguardo del orden p\u00fablico, como para las personas que participen en las manifestaciones; dado que el porte de armas en el contexto de manifestaciones pone en peligro a las personas que se desplazan por la calle o que se encuentran en lugares aleda\u00f1os, a los funcionarios policiales que resguardan la manifestaci\u00f3n y a todos quienes concurren a ejercer su derecho a reuni\u00f3n de forma pac\u00edfica.<\/p>\n<p>Cabe se\u00f1alar, que nuestra legislaci\u00f3n contiene actualmente diversas disposiciones destinadas a proteger el bien jur\u00eddico protegido de orden p\u00fablico, en su dimensi\u00f3n de tranquilidad p\u00fablica; mas no se contemplan, los casos en el que personas concurran a reuniones con sustancias combustibles susceptibles de ser utilizadas en la elaboraci\u00f3n de artefactos incendiarios o en la ignici\u00f3n de objetos o estructuras.<\/p>\n<p><strong>Objetivo<\/strong><\/p>\n<p>La nueva regulaci\u00f3n busca proteger el derecho a manifestarse pac\u00edficamente, asegurando la integridad f\u00edsica de las personas que ejercen dicho derecho, de los transe\u00fantes y de aquellos funcionarios que est\u00e1n encargados de mantener, resguardar y restablecer el orden p\u00fablico.<\/p>\n<p><strong>Contenido<\/strong><\/p>\n<p>El cuerpo legal sanciona penalmente el porte injustificado de bencina u otro tipo de combustibles en el contexto de manifestaciones, como una forma de prevenir posibles atentados contra las personas durante reuniones en lugares p\u00fablicos.<\/p>\n<p>En este orden de ideas, la legislaci\u00f3n sanciona con presidio menor en su grado m\u00ednimo (desde 61 d\u00edas a 540 d\u00edas) a quien, en el contexto de reuniones en lugares de uso p\u00fablico, porte injustificadamente combustible apto para cometer atentados contra las personas o para ocasionar da\u00f1o en las cosas.<\/p>\n<p><strong>Modificaciones<\/strong><\/p>\n<p>La ley en comento, incorpora el art\u00edculo 288 ter al C\u00f3digo Penal.<\/p>\n<p><em><strong>Equipo Editorial Thomson Reuters<\/strong><\/em><\/p>\n","protected":false},"excerpt":{"rendered":"<p>Con fecha 25 de octubre de 2023, fue publicada en el Diario Oficial la Ley N\u00b0 21.620, que Modifica el C\u00f3digo Penal para sancionar como simple delito el porte injustificado de combustible en [&hellip;]<\/p>\n","protected":false},"author":4,"featured_media":1796,"comment_status":"closed","ping_status":"closed","sticky":false,"template":"","format":"standard","meta":{"footnotes":""},"categories":[68,66],"tags":[120,71],"_links":{"self":[{"href":"https:\/\/laleyaldia.cl\/index.php?rest_route=\/wp\/v2\/posts\/2414"}],"collection":[{"href":"https:\/\/laleyaldia.cl\/index.php?rest_route=\/wp\/v2\/posts"}],"about":[{"href":"https:\/\/laleyaldia.cl\/index.php?rest_route=\/wp\/v2\/types\/post"}],"author":[{"embeddable":true,"href":"https:\/\/laleyaldia.cl\/index.php?rest_route=\/wp\/v2\/users\/4"}],"replies":[{"embeddable":true,"href":"https:\/\/laleyaldia.cl\/index.php?rest_route=%2Fwp%2Fv2%2Fcomments&post=2414"}],"version-history":[{"count":1,"href":"https:\/\/laleyaldia.cl\/index.php?rest_route=\/wp\/v2\/posts\/2414\/revisions"}],"predecessor-version":[{"id":2415,"href":"https:\/\/laleyaldia.cl\/index.php?rest_route=\/wp\/v2\/posts\/2414\/revisions\/2415"}],"wp:featuredmedia":[{"embeddable":true,"href":"https:\/\/laleyaldia.cl\/index.php?rest_route=\/wp\/v2\/media\/1796"}],"wp:attachment":[{"href":"https:\/\/laleyaldia.cl\/index.php?rest_route=%2Fwp%2Fv2%2Fmedia&parent=2414"}],"wp:term":[{"taxonomy":"category","embeddable":true,"href":"https:\/\/laleyaldia.cl\/index.php?rest_route=%2Fwp%2Fv2%2Fcategories&post=2414"},{"taxonomy":"post_tag","embeddable":true,"href":"https:\/\/laleyaldia.cl\/index.php?rest_route=%2Fwp%2Fv2%2Ftags&post=2414"}],"curies":[{"name":"wp","href":"https:\/\/api.w.org\/{rel}","templated":true}]}}