{"id":2388,"date":"2023-10-12T09:10:13","date_gmt":"2023-10-12T12:10:13","guid":{"rendered":"https:\/\/www.laleyaldia.cl\/?p=2388"},"modified":"2023-10-12T09:10:13","modified_gmt":"2023-10-12T12:10:13","slug":"sala-aprueba-legislar-sobre-cambios-al-seguro-de-cesantia","status":"publish","type":"post","link":"https:\/\/laleyaldia.cl\/?p=2388","title":{"rendered":"Sala aprueba legislar sobre cambios al seguro de cesant\u00eda"},"content":{"rendered":"<p><strong>T\u00edtulo del Proyecto:<\/strong><br \/>\nFlexibiliza los requisitos de acceso, incrementa el monto de las prestaciones al seguro de desempleo de la ley N\u00ba 19.728 y establece otras modificaciones que indica<\/p>\n<p><strong>Etapa en que se encuentra:<\/strong><br \/>\n&#8211; Segundo tr\u00e1mite constitucional (Senado)<\/p>\n<p><strong>Fecha de Ingreso:<\/strong><br \/>\nLunes 5 de Junio, 2023<\/p>\n<p>El proyecto reduce los meses de carencia para ser beneficiario de este seguro, se aumenta el n\u00famero de giros y el monto del segundo de \u00e9stos, y se automatiza la prestaci\u00f3n en situaciones de cat\u00e1strofe y alerta sanitaria, entre otras medidas.<\/p>\n<p>Con 33 votos a favor y 2 abstenciones la Sala del Senado aprob\u00f3 la idea de legislar del proyecto, en segundo tr\u00e1mite, que flexibiliza los requisitos de acceso e incrementa el monto de las prestaciones al seguro de desempleo, estableciendo diversas modificaciones a las normas vigentes.<\/p>\n<p>La iniciativa, que fue analizada previamente por las Comisiones de Trabajo y Previsi\u00f3n Social y de Hacienda, volver\u00e1 a la primera de esas instancias para ser analizada en particular, para lo cual se fij\u00f3 el martes 17 de octubre como plazo para presentar indicaciones.<\/p>\n<p>Si bien el proyecto se iba a votar en general y en particular por tratarse de un art\u00edculo \u00fanico, la Sala decidi\u00f3 s\u00f3lo pronunciarse en general, dado que el Ejecutivo present\u00f3 indicaciones que a juicio de los senadores deben ser analizadas por la comisi\u00f3n t\u00e9cnica.<\/p>\n<p>El senador Gast\u00f3n Saavedra, a nombre de la Comisi\u00f3n de Trabajo y Previsi\u00f3n Social, explic\u00f3 los alcances de la iniciativa, se\u00f1alando que busca posibilitar que un mayor n\u00famero de trabajadoras y trabajadores accedan al seguro de cesant\u00eda cuando as\u00ed lo requieran, incluyendo prestaciones en caso de estado de cat\u00e1strofe por calamidad p\u00fablica, zona afectada por cat\u00e1strofe o alerta sanitaria, y propiciar el mejoramiento de la empleabilidad y la reinserci\u00f3n laboral.<\/p>\n<p>En tanto, el senador Jos\u00e9 Garc\u00eda explic\u00f3 lo analizado por la Comisi\u00f3n de Hacienda, mientras que la Ministra del Trabajo, Jeannette Jara, se refiri\u00f3 a los alcances de las indicaciones presentadas por el Ejecutivo.<\/p>\n<p>Durante el debate intervinieron los senadores Gustavo Sanhueza, Claudia Pascual, Jos\u00e9 Garc\u00eda, Gast\u00f3n Saavedra, Carlos Kuschel, Jos\u00e9 Miguel Durana, Luciano Cruz-Coke, Alejandro Kusanovic, Ximena Rinc\u00f3n y Alejandra Sep\u00falveda.<\/p>\n<p>Hubo coincidencia en la importancia de hacer modificaciones al seguro de cesant\u00eda, m\u00e1s a\u00fan en el momento econ\u00f3mico que enfrenta el pa\u00eds, pues entre otras medidas disminuye el n\u00famero de cotizaciones para acceder al beneficio.<\/p>\n<p>No obstante, se se\u00f1al\u00f3 la importancia de analizar detalladamente las indicaciones presentadas por el Ejecutivo antes de someter el proyecto a votaci\u00f3n en sala.<\/p>\n<p>Por su parte, la Ministra del Trabajo manifest\u00f3 que la informaci\u00f3n sobre el seguro de cesant\u00eda est\u00e1 disponible y en l\u00ednea, al mismo tiempo que detall\u00f3 informaci\u00f3n solicitada por los senadores.<\/p>\n<p><strong>QU\u00c9 HACE EL PROYECTO<\/strong><\/p>\n<p>Las principales modificaciones que se contemplan en el proyecto son:<\/p>\n<p>&#8211; Rebajar el requisito para tener derecho a una prestaci\u00f3n por cesant\u00eda de los trabajadores con contrato indefinido o trabajadores de casa particular, de 12 cotizaciones mensuales continuas o discontinuas a 10 cotizaciones registradas en la cuenta individual por cesant\u00eda.<\/p>\n<p>&#8211; Rebajar el requisito para tener derecho a una prestaci\u00f3n por cesant\u00eda de los trabajadores con contrato a plazo fijo o por obra, trabajo o servicio determinado de 6 cotizaciones mensuales a 5 cotizaciones.<\/p>\n<p>&#8211; En cuanto al retiro de los fondos de la cuenta individual y el monto de la prestaci\u00f3n, se rebaja el promedio de las remuneraciones devengadas por el trabajador de los \u00faltimos 12 meses a los \u00faltimos 10 meses para el caso de trabajadores con contrato indefinido o de casa particular. Los trabajadores con contrato a plazo fijo, por obra, trabajo o servicio determinado, se rebaja el promedio de los \u00faltimos 6 meses a los \u00faltimos 5 meses.<\/p>\n<p>&#8211; Se dispone el financiamiento de medidas para la intermediaci\u00f3n y habilitaci\u00f3n laboral para facilitar la reinserci\u00f3n laboral de las personas cesantes. Los recursos para ese fin no podr\u00e1n exceder el 2% del saldo total del Fondo de Cesant\u00eda Solidario.<\/p>\n<p>&#8211; El Servicio Nacional de Capacitaci\u00f3n y Empleo, Sence, elaborar\u00e1 un reporte de la evaluaci\u00f3n de los programas de intermediaci\u00f3n laboral del a\u00f1o anterior.<\/p>\n<p>&#8211; Se incorpora una disposici\u00f3n que permite comprometer recursos fiscales para el financiamiento de las prestaciones por cesant\u00eda (370 millones de d\u00f3lares aproximadamente) para contribuir a la sustentabilidad del Fondo de Cesant\u00eda Solidario.<\/p>\n<p><a href=\"https:\/\/www.senado.cl\/appsenado\/templates\/tramitacion\/index.php?boletin_ini=15990-13\">Ver Bolet\u00edn N\u00b0 15990-13<\/a><\/p>\n<p><em><strong>Fuente: www.senado.cl<\/strong><\/em><\/p>\n","protected":false},"excerpt":{"rendered":"<p>T\u00edtulo del Proyecto: Flexibiliza los requisitos de acceso, incrementa el monto de las prestaciones al seguro de desempleo de la ley N\u00ba 19.728 y establece otras modificaciones que indica Etapa en que se [&hellip;]<\/p>\n","protected":false},"author":4,"featured_media":1810,"comment_status":"closed","ping_status":"closed","sticky":false,"template":"","format":"standard","meta":{"footnotes":""},"categories":[66],"tags":[78,112],"_links":{"self":[{"href":"https:\/\/laleyaldia.cl\/index.php?rest_route=\/wp\/v2\/posts\/2388"}],"collection":[{"href":"https:\/\/laleyaldia.cl\/index.php?rest_route=\/wp\/v2\/posts"}],"about":[{"href":"https:\/\/laleyaldia.cl\/index.php?rest_route=\/wp\/v2\/types\/post"}],"author":[{"embeddable":true,"href":"https:\/\/laleyaldia.cl\/index.php?rest_route=\/wp\/v2\/users\/4"}],"replies":[{"embeddable":true,"href":"https:\/\/laleyaldia.cl\/index.php?rest_route=%2Fwp%2Fv2%2Fcomments&post=2388"}],"version-history":[{"count":1,"href":"https:\/\/laleyaldia.cl\/index.php?rest_route=\/wp\/v2\/posts\/2388\/revisions"}],"predecessor-version":[{"id":2389,"href":"https:\/\/laleyaldia.cl\/index.php?rest_route=\/wp\/v2\/posts\/2388\/revisions\/2389"}],"wp:featuredmedia":[{"embeddable":true,"href":"https:\/\/laleyaldia.cl\/index.php?rest_route=\/wp\/v2\/media\/1810"}],"wp:attachment":[{"href":"https:\/\/laleyaldia.cl\/index.php?rest_route=%2Fwp%2Fv2%2Fmedia&parent=2388"}],"wp:term":[{"taxonomy":"category","embeddable":true,"href":"https:\/\/laleyaldia.cl\/index.php?rest_route=%2Fwp%2Fv2%2Fcategories&post=2388"},{"taxonomy":"post_tag","embeddable":true,"href":"https:\/\/laleyaldia.cl\/index.php?rest_route=%2Fwp%2Fv2%2Ftags&post=2388"}],"curies":[{"name":"wp","href":"https:\/\/api.w.org\/{rel}","templated":true}]}}