{"id":2372,"date":"2023-09-21T16:20:46","date_gmt":"2023-09-21T19:20:46","guid":{"rendered":"https:\/\/www.laleyaldia.cl\/?p=2372"},"modified":"2023-09-21T16:20:46","modified_gmt":"2023-09-21T19:20:46","slug":"ley-de-delitos-economicos-y-atentados-contra-el-medio-ambiente","status":"publish","type":"post","link":"https:\/\/laleyaldia.cl\/?p=2372","title":{"rendered":"Ley de delitos econ\u00f3micos y atentados contra el medio ambiente"},"content":{"rendered":"<p>La ley establece diversas modificaciones que buscan prevenir la comisi\u00f3n de delitos econ\u00f3micos a trav\u00e9s de imposici\u00f3n de mayores exigencias a las personas jur\u00eddicas y sus sistemas de cumplimiento interno, as\u00ed como a los directivos y gerentes de las empresas.<\/p>\n<p>La norma en comento sistematiza los delitos econ\u00f3micos y atentados contra el medio ambiente, modifica diversos cuerpos legales que tipifican delitos contra el orden socioecon\u00f3mico, y adecua las penas aplicables.<\/p>\n<p>La ley define los delitos econ\u00f3micos como los que por su naturaleza son econ\u00f3micos y otros que pasan a ser econ\u00f3micos en determinadas circunstancias (cometidos en el ejercicio de un cargo en la empresa o los cometidos por un funcionario p\u00fablico a instancias de alguien que tenga un cargo en una empresa, como el cohecho).<\/p>\n<p>Adem\u00e1s, la ley a\u00f1ade los delitos contra el medio ambiente en la categor\u00eda de delitos econ\u00f3micos.<\/p>\n<p><strong>Delitos pasan a tener la categor\u00eda de delitos econ\u00f3micos<\/strong><\/p>\n<p>La receptaci\u00f3n, el lavado y blanqueo de activos pasan a ser considerados delitos econ\u00f3micos cuando los hechos de los que provienen las especies sean considerados como delitos econ\u00f3micos o sean perpetrados en ejercicio de un cargo, funci\u00f3n o posici\u00f3n en una empresa, o cuando se cometan en beneficio econ\u00f3mico o de otra naturaleza para una empresa.<\/p>\n<p><strong>Responsables de delitos econ\u00f3micos<\/strong><\/p>\n<ol>\n<li>Todas las personas penalmente responsables conforme a las reglas generales por un hecho considerado como delito econ\u00f3mico.<\/li>\n<li>Las personas penalmente responsables conforme a las reglas generales por un hecho considerado como delito econ\u00f3mico que al momento de su intervenci\u00f3n hubieran tenido conocimiento de las circunstancias del delito.<\/li>\n<\/ol>\n<p>&nbsp;<\/p>\n<p><strong>Determinaci\u00f3n de la pena<\/strong><\/p>\n<p>Se le aplica la pena que la determinada ley establezca para el delito espec\u00edfico. No obstante, la determinaci\u00f3n de la pena de presidio o reclusi\u00f3n, as\u00ed como de su sustituci\u00f3n, se har\u00e1n seg\u00fan lo que dispone la ley especial.<\/p>\n<p>Todo delito econ\u00f3mico conlleva adem\u00e1s una pena de multa, cuyo monto se establecer\u00e1 conforme a la ley especial, as\u00ed como la imposici\u00f3n de las inhabilitaciones y prohibiciones previstas.<br \/>\nLa multa se fijar\u00e1 en un n\u00famero de d\u00edas-multa que corresponda a la extensi\u00f3n de las penas privativas o restrictivas de libertad. El monto de la multa ser\u00e1 el que corresponda en dinero al valor que el tribunal fije para cada d\u00eda-multa.<\/p>\n<p>Habr\u00e1 una f\u00f3rmula para determinar la pena, su sustituci\u00f3n y el monto de la multa, que ser\u00e1 una sanci\u00f3n econ\u00f3mica proporcional a la gravedad del delito y se calcular\u00e1 sobre la base del ingreso promedio diario del condenado.<\/p>\n<p><strong>Regla especial para la determinaci\u00f3n atenuantes<\/strong><\/p>\n<p>No se aplicar\u00e1n las reglas generales sobre atenuantes y agravantes. Habr\u00e1 una regla especial de culpabilidad disminuida. Entre otros aspectos, se relaciona con que el condenado no hubiera buscado provecho econ\u00f3mico de la perpetraci\u00f3n del hecho para \u00e9l o para otra persona o que el sentenciado aun estando en posiciones de poder en la organizaci\u00f3n no participara del delito por acci\u00f3n, sino por omisi\u00f3n.<\/p>\n<p>Tambi\u00e9n se considerar\u00e1 atenuante si el perjuicio causado fue limitado. Se entender\u00e1 que eso ocurre cuando el perjuicio total supere las 40 unidades tributarias mensuales y no pase de 400 UTM.<br \/>\nNo se considerar\u00e1 en los delitos econ\u00f3micos la atenuante de irreprochable conducta anterior.<\/p>\n<p><strong>Regla respecto de atenuantes muy calificadas<\/strong><\/p>\n<p>Se considerar\u00e1n circunstancias atenuantes muy calificadas de un delito econ\u00f3mico las siguientes:<\/p>\n<ol>\n<li>La culpabilidad muy disminuida del condenado, establecida siempre que se d\u00e9 cualquiera de los siguientes supuestos:<\/li>\n<\/ol>\n<ul>\n<li>El condenado actu\u00f3 en inter\u00e9s de personas necesitadas o por necesidad personal apremiante.<\/li>\n<li>El condenado tom\u00f3 oportuna y voluntariamente medidas orientadas a prevenir o mitigar sustancialmente la generaci\u00f3n de da\u00f1os a la v\u00edctima o a otros.<\/li>\n<li>El condenado actu\u00f3 bajo presi\u00f3n y en una situaci\u00f3n de subordinaci\u00f3n al interior de una organizaci\u00f3n.<\/li>\n<li>El condenado actu\u00f3 en una situaci\u00f3n de subordinaci\u00f3n y con conocimiento limitado de que su actuaci\u00f3n era il\u00edcita.<\/li>\n<\/ul>\n<ol start=\"2\">\n<li>Que el hecho haya tenido una cuant\u00eda de bagatela (escaso valor). Se entender\u00e1 as\u00ed cuando:<\/li>\n<\/ol>\n<ul>\n<li>El perjuicio total no supere 40 unidades tributarias mensuales.<\/li>\n<li>Concurra cualquiera de las causales atenuantes relacionadas con que el hecho no haya acarreado perjuicio al inter\u00e9s fiscal, como tambi\u00e9n el haberse pagado el impuesto debido, sus intereses y sanciones pecuniarias.<\/li>\n<\/ul>\n<p><strong>Agravantes<\/strong><\/p>\n<ol>\n<li>La culpabilidad elevada del condenado, con los siguientes supuestos:<\/li>\n<\/ol>\n<ul>\n<li>El condenado particip\u00f3 activamente en una posici\u00f3n intermedia en la organizaci\u00f3n en la que se perpetr\u00f3 el delito.<\/li>\n<li>El condenado ejerci\u00f3 abusivamente autoridad o poder al perpetrar el hecho.<\/li>\n<li>El condenado hab\u00eda sido sancionado anteriormente por perpetrar un delito econ\u00f3mico.<\/li>\n<li>El condenado por delito econ\u00f3mico de infracci\u00f3n a las normas tributarias se encuentra en cualquiera de las siguientes situaciones: que haya usado asesor\u00eda tributaria, documentaci\u00f3n falsa, fraudulenta o adulterada, o se haya concertado con otros para realizarlo o teniendo la calidad de productor, no haya emitido facturas, con lo que facilitara la evasi\u00f3n tributaria de otros contribuyentes.<\/li>\n<\/ul>\n<ol start=\"2\">\n<li>Que el hecho haya ocasionado un perjuicio o reportado un beneficio relevante. Si supera las 400 unidades tributarias mensuales y no supere las 40.000.<\/li>\n<\/ol>\n<p><strong>Agravantes muy calificadas<\/strong><\/p>\n<ol>\n<li>La culpabilidad muy elevada del condenado, establecida siempre que concurra cualquiera de los siguientes supuestos:<\/li>\n<\/ol>\n<ul>\n<li>El condenado particip\u00f3 activamente en una posici\u00f3n jer\u00e1rquica superior en la organizaci\u00f3n en la que se perpetr\u00f3 el delito.<\/li>\n<li>El condenado ejerci\u00f3 presi\u00f3n sobre sus subordinados en la organizaci\u00f3n para que colaboraran en la perpetraci\u00f3n del delito.<\/li>\n<\/ul>\n<ol start=\"2\">\n<li>Que el hecho haya ocasionado un perjuicio muy elevado:<\/li>\n<\/ol>\n<ul>\n<li>Cuando el hecho haya ocasionado perjuicio a personas naturales o jur\u00eddicas, p\u00fablicas o privadas, que en total supere las 40 mil unidades tributarias mensuales, o haya reportado un beneficio de ese monto.<\/li>\n<li>Cuando el hecho haya afectado el suministro de bienes de primera necesidad o de consumo masivo.<\/li>\n<li>Cuando el hecho haya afectado abusivamente a individuos que pertenecen a un grupo vulnerable.<\/li>\n<li>En ciertas actuaciones de funcionarios p\u00fablicos como en la designaci\u00f3n de una persona en un cargo o funci\u00f3n p\u00fablica, participaci\u00f3n en un procedimiento de adquisici\u00f3n, contrataci\u00f3n o concesi\u00f3n que supere las mil unidades tributarias mensuales, la fiscalizaci\u00f3n de actividades econ\u00f3micas o cuando se da la agravante de m\u00e1s de un hechor.<\/li>\n<\/ul>\n<p><strong>Sustituci\u00f3n de penas<\/strong><\/p>\n<p>El cumplimiento de las penas privativas o restrictivas de libertad podr\u00e1 sustituirse por el tribunal que las imponga, por alguna de las siguientes:<\/p>\n<ul>\n<li>Remisi\u00f3n condicional (se cumple la pena en libertad).<\/li>\n<li>Reclusi\u00f3n parcial en domicilio.<\/li>\n<li>Reclusi\u00f3n parcial en establecimiento especial.<\/li>\n<\/ul>\n<p>De esta manera, no se aplica la pena de libertad vigilada para las penas mayores.<\/p>\n<p><strong>Condiciones para la aplicaci\u00f3n de penas remitidas<\/strong><\/p>\n<p>Al aplicar la remisi\u00f3n condicional, el tribunal establecer\u00e1 un plazo de observaci\u00f3n que no ser\u00e1 inferior al de la duraci\u00f3n de la pena, con un m\u00ednimo de un a\u00f1o y un m\u00e1ximo de tres, e impondr\u00e1 al condenado las siguientes condiciones:<\/p>\n<ul>\n<li>Residencia en un lugar determinado, que podr\u00e1 ser propuesto por el tribunal.<\/li>\n<li>Sujeci\u00f3n al control administrativo y a la asistencia de Gendarmer\u00eda de Chile.<\/li>\n<li>Ejercicio de una profesi\u00f3n, oficio, empleo, arte, industria o comercio, si el condenado careciere de medios conocidos y honestos de subsistencia y no poseyere la calidad de estudiante.<\/li>\n<\/ul>\n<p><strong>Reclusi\u00f3n parcial en domicilio<\/strong><\/p>\n<p>La pena de reclusi\u00f3n parcial en domicilio consiste en el encierro en el domicilio del condenado. La reclusi\u00f3n parcial podr\u00e1 ser diurna o de fin de semana.<br \/>\nLa reclusi\u00f3n diurna es el encierro en el domicilio del condenado, durante el lapso de ocho horas diarias y continuas, el que se fijar\u00e1 entre las ocho y las veintid\u00f3s horas.<br \/>\nLa reclusi\u00f3n de fin de semana consistir\u00e1 en el encierro en el domicilio del condenado entre las 22 horas del d\u00eda viernes y las 6 horas del d\u00eda lunes siguiente.<\/p>\n<p><strong>Reclusi\u00f3n en establecimiento especial<\/strong><\/p>\n<p>La pena de reclusi\u00f3n parcial en establecimiento especial consiste en el encierro en un lugar especialmente dispuesto para ello durante 56 horas semanales.<\/p>\n<p><strong>Atentados contra el medio ambiente<\/strong><\/p>\n<p>Ser\u00e1 sancionado con presidio o reclusi\u00f3n menor en sus grados m\u00ednimo a medio (61 d\u00edas a tres a\u00f1os) el que sin haber sometido su actividad a una evaluaci\u00f3n de impacto ambiental a sabiendas de estar obligado a ello:<\/p>\n<ul>\n<li>Vierta sustancias contaminantes en aguas mar\u00edtimas o continentales.<\/li>\n<li>Extraiga aguas continentales, sean superficiales o subterr\u00e1neas, o aguas mar\u00edtimas.<\/li>\n<li>Vierta o deposite sustancias contaminantes en el suelo o subsuelo, continental o mar\u00edtimo.<\/li>\n<li>Vierta tierras u otros s\u00f3lidos en humedales.<\/li>\n<li>Extraiga componentes del suelo o subsuelo.<\/li>\n<li>Libere sustancias contaminantes al aire.<\/li>\n<\/ul>\n<p>La pena ser\u00e1 de presidio o reclusi\u00f3n menor en sus grados medio a m\u00e1ximo (541 d\u00edas a 5 a\u00f1os) si el infractor perpetra el hecho estando obligado a someter su actividad a un estudio de impacto ambiental.<\/p>\n<p><strong>Penas ser\u00e1n aplicables a personas jur\u00eddicas <\/strong><\/p>\n<ul>\n<li>La extinci\u00f3n de la persona jur\u00eddica.<\/li>\n<li>La inhabilitaci\u00f3n para contratar con el Estado.<\/li>\n<li>La p\u00e9rdida de beneficios fiscales y la prohibici\u00f3n de recibirlos.<\/li>\n<li>La supervisi\u00f3n de la persona jur\u00eddica.<\/li>\n<li>La multa.<\/li>\n<li>La publicaci\u00f3n de un extracto de la sentencia condenatoria.<\/li>\n<\/ul>\n<p>Esta norma regir\u00e1 el primer d\u00eda del decimotercer mes siguiente al de la publicaci\u00f3n de la ley. ()<\/p>\n<p><strong>Fuentes:<\/strong> <em>www.bcn.cl; www.diarioficial.cl<\/em><\/p>\n","protected":false},"excerpt":{"rendered":"<p>La ley establece diversas modificaciones que buscan prevenir la comisi\u00f3n de delitos econ\u00f3micos a trav\u00e9s de imposici\u00f3n de mayores exigencias a las personas jur\u00eddicas y sus sistemas de cumplimiento interno, as\u00ed como a [&hellip;]<\/p>\n","protected":false},"author":2,"featured_media":2291,"comment_status":"closed","ping_status":"closed","sticky":false,"template":"","format":"standard","meta":{"footnotes":""},"categories":[68],"tags":[104,98,103,101],"_links":{"self":[{"href":"https:\/\/laleyaldia.cl\/index.php?rest_route=\/wp\/v2\/posts\/2372"}],"collection":[{"href":"https:\/\/laleyaldia.cl\/index.php?rest_route=\/wp\/v2\/posts"}],"about":[{"href":"https:\/\/laleyaldia.cl\/index.php?rest_route=\/wp\/v2\/types\/post"}],"author":[{"embeddable":true,"href":"https:\/\/laleyaldia.cl\/index.php?rest_route=\/wp\/v2\/users\/2"}],"replies":[{"embeddable":true,"href":"https:\/\/laleyaldia.cl\/index.php?rest_route=%2Fwp%2Fv2%2Fcomments&post=2372"}],"version-history":[{"count":1,"href":"https:\/\/laleyaldia.cl\/index.php?rest_route=\/wp\/v2\/posts\/2372\/revisions"}],"predecessor-version":[{"id":2373,"href":"https:\/\/laleyaldia.cl\/index.php?rest_route=\/wp\/v2\/posts\/2372\/revisions\/2373"}],"wp:featuredmedia":[{"embeddable":true,"href":"https:\/\/laleyaldia.cl\/index.php?rest_route=\/wp\/v2\/media\/2291"}],"wp:attachment":[{"href":"https:\/\/laleyaldia.cl\/index.php?rest_route=%2Fwp%2Fv2%2Fmedia&parent=2372"}],"wp:term":[{"taxonomy":"category","embeddable":true,"href":"https:\/\/laleyaldia.cl\/index.php?rest_route=%2Fwp%2Fv2%2Fcategories&post=2372"},{"taxonomy":"post_tag","embeddable":true,"href":"https:\/\/laleyaldia.cl\/index.php?rest_route=%2Fwp%2Fv2%2Ftags&post=2372"}],"curies":[{"name":"wp","href":"https:\/\/api.w.org\/{rel}","templated":true}]}}