{"id":2337,"date":"2023-08-18T16:53:55","date_gmt":"2023-08-18T19:53:55","guid":{"rendered":"https:\/\/www.laleyaldia.cl\/?p=2337"},"modified":"2023-08-18T19:07:38","modified_gmt":"2023-08-18T22:07:38","slug":"proteccion-de-neuroderechos-corte-suprema-acoge-primer-recurso-a-nivel-mundial-en-la-materia","status":"publish","type":"post","link":"https:\/\/laleyaldia.cl\/?p=2337","title":{"rendered":"Protecci\u00f3n de neuroderechos: Corte Suprema acoge primer recurso a nivel mundial en la materia"},"content":{"rendered":"\r\n<p>En un fallo innovador e in\u00e9dito el M\u00e1ximo Tribunal acogi\u00f3 un recurso de protecci\u00f3n presentado por el exsenador Guido Girardi en contra de la empresa Emotiv que comercializa el dispositivo &#8220;Insight&#8221;. El dispositivo aludido consiste en un dispositivo inal\u00e1mbrico que funciona como una vincha con sensores que recaban informaci\u00f3n sobre la actividad el\u00e9ctrica del cerebro, obteniendo datos sobre gestos, movimientos, preferencias, tiempos de reacci\u00f3n y actividad cognitiva de quien lo usa.<\/p>\r\n\r\n\r\n\r\n<p>En el recurso el exlegislador, denuncia que el mencionado dispositivo no protege adecuadamente la privacidad de la informaci\u00f3n cerebral de sus usuarios, vulnerando las garant\u00edas constitucionales contenidas en los numerales 1, 4, 6 y 24 del art\u00edculo 19 de la Constituci\u00f3n Pol\u00edtica de la Rep\u00fablica en la recolecci\u00f3n y el uso de datos biom\u00e9tricos de los usuarios de sus productos.<\/p>\r\n\r\n\r\n\r\n<p>Adem\u00e1s, indico que, por el uso del dispositivo y el almacenamiento de su informaci\u00f3n cerebral por la empresa, se ha expuesto a riesgos que comprenden:<\/p>\r\n\r\n\r\n\r\n<ul>\r\n<li>\u00b7\u00a0La reidentificaci\u00f3n;<\/li>\r\n\r\n\r\n\r\n<li>\u00b7\u00a0La pirater\u00eda o hackeo de datos cerebrales;<\/li>\r\n\r\n\r\n\r\n<li>\u00b7\u00a0Reutilizaci\u00f3n no autorizada de los datos cerebrales;<\/li>\r\n\r\n\r\n\r\n<li>\u00b7\u00a0Mercantilizaci\u00f3n de los datos cerebrales;<\/li>\r\n\r\n\r\n\r\n<li>\u00b7\u00a0Vigilancia digital;<\/li>\r\n\r\n\r\n\r\n<li>\u00b7\u00a0Captaci\u00f3n de datos cerebrales para fines no consentidos por el individuo, entre otros.<\/li>\r\n<\/ul>\r\n\r\n\r\n\r\n<div class=\"wp-block-buttons is-layout-flex wp-block-buttons-is-layout-flex\">\r\n<div class=\"wp-block-button\"><a class=\"wp-block-button__link wp-element-button\" href=\"https:\/\/www.laleyaldia.cl\/wp-content\/uploads\/2023\/08\/Proteccion-neuroderechos-CSuprema.pdf\" target=\"_blank\" rel=\"noreferrer noopener\">Ver texto completo del art\u00edculo<\/a><\/div>\r\n<\/div>\r\n","protected":false},"excerpt":{"rendered":"<p>En un fallo innovador e in\u00e9dito el M\u00e1ximo Tribunal acogi\u00f3 un recurso de protecci\u00f3n presentado por el exsenador Guido Girardi en contra de la empresa Emotiv que comercializa el dispositivo &#8220;Insight&#8221;. El dispositivo [&hellip;]<\/p>\n","protected":false},"author":1,"featured_media":2344,"comment_status":"closed","ping_status":"closed","sticky":false,"template":"","format":"standard","meta":{"footnotes":""},"categories":[96,81],"tags":[77,80,95],"_links":{"self":[{"href":"https:\/\/laleyaldia.cl\/index.php?rest_route=\/wp\/v2\/posts\/2337"}],"collection":[{"href":"https:\/\/laleyaldia.cl\/index.php?rest_route=\/wp\/v2\/posts"}],"about":[{"href":"https:\/\/laleyaldia.cl\/index.php?rest_route=\/wp\/v2\/types\/post"}],"author":[{"embeddable":true,"href":"https:\/\/laleyaldia.cl\/index.php?rest_route=\/wp\/v2\/users\/1"}],"replies":[{"embeddable":true,"href":"https:\/\/laleyaldia.cl\/index.php?rest_route=%2Fwp%2Fv2%2Fcomments&post=2337"}],"version-history":[{"count":3,"href":"https:\/\/laleyaldia.cl\/index.php?rest_route=\/wp\/v2\/posts\/2337\/revisions"}],"predecessor-version":[{"id":2348,"href":"https:\/\/laleyaldia.cl\/index.php?rest_route=\/wp\/v2\/posts\/2337\/revisions\/2348"}],"wp:featuredmedia":[{"embeddable":true,"href":"https:\/\/laleyaldia.cl\/index.php?rest_route=\/wp\/v2\/media\/2344"}],"wp:attachment":[{"href":"https:\/\/laleyaldia.cl\/index.php?rest_route=%2Fwp%2Fv2%2Fmedia&parent=2337"}],"wp:term":[{"taxonomy":"category","embeddable":true,"href":"https:\/\/laleyaldia.cl\/index.php?rest_route=%2Fwp%2Fv2%2Fcategories&post=2337"},{"taxonomy":"post_tag","embeddable":true,"href":"https:\/\/laleyaldia.cl\/index.php?rest_route=%2Fwp%2Fv2%2Ftags&post=2337"}],"curies":[{"name":"wp","href":"https:\/\/api.w.org\/{rel}","templated":true}]}}