{"id":2322,"date":"2023-08-14T13:43:00","date_gmt":"2023-08-14T16:43:00","guid":{"rendered":"https:\/\/www.laleyaldia.cl\/?p=2322"},"modified":"2023-08-14T13:43:00","modified_gmt":"2023-08-14T16:43:00","slug":"plantean-reducir-de-155-a-120-la-cantidad-de-diputadas-y-diputados","status":"publish","type":"post","link":"https:\/\/laleyaldia.cl\/?p=2322","title":{"rendered":"Plantean reducir de 155 a 120 la cantidad de diputadas y diputados"},"content":{"rendered":"\n<p>La resoluci\u00f3n, aprobada por mayor\u00eda de votos, estima que es una medida que contribuye a optimizar los procesos del Estado.<\/p>\n\n\n\n<p>Solicitar al Presidente de la Rep\u00fablica que elabore y env\u00ede a tramitaci\u00f3n un proyecto de ley para modificar la Constituci\u00f3n Pol\u00edtica, en el sentido de reducir la cantidad de diputadas y diputados a 120 es el objetivo de la&nbsp;<strong>resoluci\u00f3n 898<\/strong>. El texto se aprob\u00f3 en la Sala por 65 votos a favor, 49 en contra y 10 abstenciones.<\/p>\n\n\n\n<p>En el documento se recuerda que, en 2015, mediante la Ley 20.840, se sustituy\u00f3 el sistema electoral. Asimismo, se resolvi\u00f3 aumentar el n\u00famero de parlamentarios que conforman la C\u00e1mara de Diputadas y Diputados del Congreso Nacional. De tal modo, se increment\u00f3 de 120 a 155 el n\u00famero de legisladores.<\/p>\n\n\n\n<p>Dicho aumento buscaba incrementar y\/o fortalecer la actividad parlamentaria en materia legislativa y de acciones de fiscalizaci\u00f3n. Sin embargo, los autores de la resoluci\u00f3n estiman que eso gener\u00f3 un sabor amargo en la gran mayor\u00eda de los chilenos. Ello, porque se observ\u00f3 como innecesario. De igual modo, se considera que, a ojos de la ciudadan\u00eda, no incidi\u00f3 en la eficiencia ni eficacia de la C\u00e1mara.<\/p>\n\n\n\n<p>Tambi\u00e9n se eval\u00faa que no es apreciable que el alza de parlamentarios provoque una mayor productividad en la actividad legislativa ni de las acciones fiscalizadoras. Tampoco en su capacidad de representaci\u00f3n.<\/p>\n\n\n\n<p>A este contexto, los autores suman el momento econ\u00f3mico complejo que vive el pa\u00eds. As\u00ed, se considera necesario optimizar al m\u00e1ximo los recursos de todos los chilenos.<\/p>\n\n\n\n<p>Tomando dichos planteamientos, se cree que la eventual reducci\u00f3n del n\u00famero de parlamentarios, de 155 a 120, va en la direcci\u00f3n de optimizar los procesos del Estado.<\/p>\n\n\n\n<p>La resoluci\u00f3n es una propuesta de Enrique Lee (PRI), Christian Matheson (IND), Yovana Ahumada (IND) y V\u00edctor Alejandro Pino (IND).<\/p>\n\n\n\n<p><a href=\"http:\/\/www.laleyaldia.cl\/wp-content\/uploads\/2023\/07\/Resolucion-N%C2%B0-898.pdf\">Resoluci\u00f3n N\u00b0 898<\/a><\/p>\n\n\n\n<p><em><strong>Fuente: www.camara.cl<\/strong><\/em><\/p>\n","protected":false},"excerpt":{"rendered":"<p>La resoluci\u00f3n, aprobada por mayor\u00eda de votos, estima que es una medida que contribuye a optimizar los procesos del Estado. Solicitar al Presidente de la Rep\u00fablica que elabore y env\u00ede a tramitaci\u00f3n un [&hellip;]<\/p>\n","protected":false},"author":1,"featured_media":2291,"comment_status":"closed","ping_status":"closed","sticky":false,"template":"","format":"standard","meta":{"footnotes":""},"categories":[66],"tags":[77],"_links":{"self":[{"href":"https:\/\/laleyaldia.cl\/index.php?rest_route=\/wp\/v2\/posts\/2322"}],"collection":[{"href":"https:\/\/laleyaldia.cl\/index.php?rest_route=\/wp\/v2\/posts"}],"about":[{"href":"https:\/\/laleyaldia.cl\/index.php?rest_route=\/wp\/v2\/types\/post"}],"author":[{"embeddable":true,"href":"https:\/\/laleyaldia.cl\/index.php?rest_route=\/wp\/v2\/users\/1"}],"replies":[{"embeddable":true,"href":"https:\/\/laleyaldia.cl\/index.php?rest_route=%2Fwp%2Fv2%2Fcomments&post=2322"}],"version-history":[{"count":1,"href":"https:\/\/laleyaldia.cl\/index.php?rest_route=\/wp\/v2\/posts\/2322\/revisions"}],"predecessor-version":[{"id":2323,"href":"https:\/\/laleyaldia.cl\/index.php?rest_route=\/wp\/v2\/posts\/2322\/revisions\/2323"}],"wp:featuredmedia":[{"embeddable":true,"href":"https:\/\/laleyaldia.cl\/index.php?rest_route=\/wp\/v2\/media\/2291"}],"wp:attachment":[{"href":"https:\/\/laleyaldia.cl\/index.php?rest_route=%2Fwp%2Fv2%2Fmedia&parent=2322"}],"wp:term":[{"taxonomy":"category","embeddable":true,"href":"https:\/\/laleyaldia.cl\/index.php?rest_route=%2Fwp%2Fv2%2Fcategories&post=2322"},{"taxonomy":"post_tag","embeddable":true,"href":"https:\/\/laleyaldia.cl\/index.php?rest_route=%2Fwp%2Fv2%2Ftags&post=2322"}],"curies":[{"name":"wp","href":"https:\/\/api.w.org\/{rel}","templated":true}]}}