{"id":2317,"date":"2023-08-14T13:31:13","date_gmt":"2023-08-14T16:31:13","guid":{"rendered":"https:\/\/www.laleyaldia.cl\/?p=2317"},"modified":"2023-08-14T13:31:14","modified_gmt":"2023-08-14T16:31:14","slug":"comision-de-trabajo-retomo-la-tramitacion-del-proyecto-de-reforma-al-sistema-de-pensiones","status":"publish","type":"post","link":"https:\/\/laleyaldia.cl\/?p=2317","title":{"rendered":"Comisi\u00f3n de Trabajo retom\u00f3 la tramitaci\u00f3n del proyecto de reforma al sistema de pensiones"},"content":{"rendered":"\n<p><strong>T\u00edtulo del Proyecto:<\/strong><br>Crea un nuevo Sistema Mixto de Pensiones y un Seguro Social en el pilar contributivo, mejora la Pensi\u00f3n Garantizada Universal y establece beneficios y modificaciones regulatorias que indica<\/p>\n\n\n\n<p><strong>Etapa en que se encuentra:<\/strong><br>\u2013 Primer tr\u00e1mite constitucional (C. Diputados)<\/p>\n\n\n\n<p><strong>Fecha de Ingreso:<\/strong><br>Lunes 7 de noviembre, 2022<\/p>\n\n\n\n<hr class=\"wp-block-separator has-alpha-channel-opacity\"\/>\n\n\n\n<p>La iniciativa propone el otorgamiento de una \u00fanica pensi\u00f3n final que ser\u00e1 el resultado de la PGU m\u00e1s la pensi\u00f3n autofinanciada por la capitalizaci\u00f3n individual. Se agrega a ello el nuevo seguro social proveniente de la cotizaci\u00f3n del 6% del empleador.<\/p>\n\n\n\n<p>La Comisi\u00f3n de Trabajo retom\u00f3 ayer el an\u00e1lisis del proyecto (bolet\u00edn 15480) que reforma el sistema de pensiones y fij\u00f3 el cronograma para su tramitaci\u00f3n.<\/p>\n\n\n\n<p>El presidente de la instancia legislativa, diputado Juan Santana (PS), inform\u00f3 que la propuesta ser\u00e1 dividida en 14 temas y en 14 pilares que van hacer votados por semanas. Junto a ello, el grupo parlamentario acord\u00f3 que sesionar\u00e1n los d\u00edas martes y mi\u00e9rcoles para este cometido.<\/p>\n\n\n\n<p><strong>Comenzar\u00e1n la votaci\u00f3n en particular el martes 11 de julio con temas relativos al Decreto 3500, que establece un nuevo sistema de pensiones.<\/strong><\/p>\n\n\n\n<p>Seg\u00fan se especific\u00f3, se incorporar\u00e1n a la discusi\u00f3n invitados y expertos. La idea es que no superan los cinco por sesi\u00f3n.<\/p>\n\n\n\n<p>En la jornada estuvo presente la ministra del Trabajo, Jeannette Jara. Resalt\u00f3 la importancia de hacer una reforma al sistema de pensiones y advirti\u00f3 que es necesario tener conciencia en d\u00f3nde se va a colocar el foco de atenci\u00f3n. Si en los pensionados o en la industria.<\/p>\n\n\n\n<p>\u201cEs un debate grande que requiere tiempo y voluntad pol\u00edtica (\u2026). Es algo que va a requerir un tiempo, pero ese tiempo no es eterno\u201d, remarc\u00f3.<\/p>\n\n\n\n<p><strong>Bases de la iniciativa<\/strong><\/p>\n\n\n\n<p>La reforma tiene como primer y gran objetivo aumentar en forma efectiva y financieramente sustentable las pensiones de los actuales y futuros pensionados y pensionadas de nuestro pa\u00eds.<\/p>\n\n\n\n<p>Para cumplir este objetivo, propone aumentar el monto y la cobertura de la Pensi\u00f3n Garantizada Universal, a trav\u00e9s del aumento gradual de la PGU a $250 mil, desde los $194 mil actuales.<\/p>\n\n\n\n<p>El texto legal establece una nueva cotizaci\u00f3n de los empleadores y la creaci\u00f3n del Seguro Social Previsional. Se implementar\u00e1 de forma gradual hasta completar un 6% de la renta imponible. Con esta cotizaci\u00f3n se construir\u00e1 el Fondo Integrado de Pensiones que crear\u00e1 el Seguro Social.<\/p>\n\n\n\n<p>Adem\u00e1s, incorpora una reorganizaci\u00f3n de la industria en el Pilar Contributivo. El objetivo es mejorar la eficiencia del Pilar Contributivo y elevar las pensiones.<\/p>\n\n\n\n<p>Para ello, contempla la creaci\u00f3n de un Inversor de Pensiones P\u00fablico y Aut\u00f3nomo (IPPA) y de Inversores de Pensiones Privados (IPP). La nueva entidad p\u00fablica gestionar\u00e1 de forma exclusiva el Seguro Social, al que se destinar\u00e1n los aportes del 6% que haga el empleador. Adem\u00e1s, competir\u00e1 con los inversores privados (los IPP) por la administraci\u00f3n de la cotizaci\u00f3n del 10,5% del trabajador.<\/p>\n\n\n\n<p><strong>Datos relevantes<\/strong><\/p>\n\n\n\n<p>Cifras de la Superintendencia de Pensiones muestran que la mediana de las pensiones autofinanciadas, para las personas jubiladas entre 2007 y 2021, alcanz\u00f3 a $64.216. Adem\u00e1s, los resultados del sistema muestran que existe una enorme brecha entre las pensiones de hombres y mujeres, que este no es capaz de minimizar.<\/p>\n\n\n\n<p>As\u00ed lo detalla el documento de m\u00e1s de 400 p\u00e1ginas presentado por el Gobierno a la C\u00e1mara, donde se explica la reforma previsional. Considera 350 art\u00edculos m\u00e1s decenas de disposiciones transitorias. A ellas se suman los informes financieros, de impacto regulatorio y sobre sustentabilidad del Fondo de Reserva de Pensiones.<\/p>\n\n\n\n<p><a href=\"https:\/\/www.camara.cl\/legislacion\/ProyectosDeLey\/tramitacion.aspx?prmID=16006&amp;prmBOLETIN=15480-13\">Ver Bolet\u00edn N\u00b0 15480-13<\/a><\/p>\n\n\n\n<p><em><strong>Fuente: www.camara.cl<\/strong><\/em><\/p>\n","protected":false},"excerpt":{"rendered":"<p>T\u00edtulo del Proyecto:Crea un nuevo Sistema Mixto de Pensiones y un Seguro Social en el pilar contributivo, mejora la Pensi\u00f3n Garantizada Universal y establece beneficios y modificaciones regulatorias que indica Etapa en que [&hellip;]<\/p>\n","protected":false},"author":1,"featured_media":1789,"comment_status":"closed","ping_status":"closed","sticky":false,"template":"","format":"standard","meta":{"footnotes":""},"categories":[66],"tags":[78,91],"_links":{"self":[{"href":"https:\/\/laleyaldia.cl\/index.php?rest_route=\/wp\/v2\/posts\/2317"}],"collection":[{"href":"https:\/\/laleyaldia.cl\/index.php?rest_route=\/wp\/v2\/posts"}],"about":[{"href":"https:\/\/laleyaldia.cl\/index.php?rest_route=\/wp\/v2\/types\/post"}],"author":[{"embeddable":true,"href":"https:\/\/laleyaldia.cl\/index.php?rest_route=\/wp\/v2\/users\/1"}],"replies":[{"embeddable":true,"href":"https:\/\/laleyaldia.cl\/index.php?rest_route=%2Fwp%2Fv2%2Fcomments&post=2317"}],"version-history":[{"count":1,"href":"https:\/\/laleyaldia.cl\/index.php?rest_route=\/wp\/v2\/posts\/2317\/revisions"}],"predecessor-version":[{"id":2318,"href":"https:\/\/laleyaldia.cl\/index.php?rest_route=\/wp\/v2\/posts\/2317\/revisions\/2318"}],"wp:featuredmedia":[{"embeddable":true,"href":"https:\/\/laleyaldia.cl\/index.php?rest_route=\/wp\/v2\/media\/1789"}],"wp:attachment":[{"href":"https:\/\/laleyaldia.cl\/index.php?rest_route=%2Fwp%2Fv2%2Fmedia&parent=2317"}],"wp:term":[{"taxonomy":"category","embeddable":true,"href":"https:\/\/laleyaldia.cl\/index.php?rest_route=%2Fwp%2Fv2%2Fcategories&post=2317"},{"taxonomy":"post_tag","embeddable":true,"href":"https:\/\/laleyaldia.cl\/index.php?rest_route=%2Fwp%2Fv2%2Ftags&post=2317"}],"curies":[{"name":"wp","href":"https:\/\/api.w.org\/{rel}","templated":true}]}}