{"id":2303,"date":"2023-08-14T13:08:19","date_gmt":"2023-08-14T16:08:19","guid":{"rendered":"https:\/\/www.laleyaldia.cl\/?p=2303"},"modified":"2023-08-14T13:08:19","modified_gmt":"2023-08-14T16:08:19","slug":"llega-a-sala-proyecto-que-simplifica-procedimientos-de-concesiones-tarifarias-de-telefonia-fija","status":"publish","type":"post","link":"https:\/\/laleyaldia.cl\/?p=2303","title":{"rendered":"Llega a Sala proyecto que simplifica procedimientos de concesiones tarifarias de telefon\u00eda fija"},"content":{"rendered":"\n<p><strong>T\u00edtulo del Proyecto:<\/strong><br>Modifica el procedimiento de fijaci\u00f3n tarifaria de concesionarias de telefon\u00eda fija, y corrige y actualiza referencias en la ley N\u00b0 18.168 General de Telecomunicaciones<\/p>\n\n\n\n<p><strong>Etapa en que se encuentra:<\/strong><br>\u2013 Primer tr\u00e1mite constitucional (Senado)<\/p>\n\n\n\n<p><strong>Fecha de Ingreso:<\/strong><br>Lunes 8 de mayo, 2023<\/p>\n\n\n\n<hr class=\"wp-block-separator has-alpha-channel-opacity\"\/>\n\n\n\n<p>La iniciativa que cumple su primer tr\u00e1mite promueve adem\u00e1s una mayor simetr\u00eda en dichos mecanismos de fijaci\u00f3n tarifaria de este tipo de servicios.<\/p>\n\n\n\n<p>En una pr\u00f3xima sesi\u00f3n ordinaria, la Sala deber\u00e1 revisar el proyecto \u2013iniciado en mensaje- que modifica el procedimiento de fijaci\u00f3n tarifaria de concesionarias de telefon\u00eda fija simplific\u00e1ndolo y promoviendo mayor simetr\u00eda, el que cursa primer tr\u00e1mite.<\/p>\n\n\n\n<p>Esto luego que la propuesta fuera despachada a Sala desde la Comisi\u00f3n de Transportes y Telecomunicaciones , ocasi\u00f3n donde se aprob\u00f3 su articulado. Cabe recordar que el texto fue aprobado en general, el 14 de junio, jornada en que el subsecretario de Transportes, Claudio Araya; y representantes de diversas compa\u00f1\u00edas se hicieron presentes en la sesi\u00f3n.<\/p>\n\n\n\n<p><strong>CONTEXTO<\/strong><\/p>\n\n\n\n<p>La red servicios p\u00fablicos de telecomunicaci\u00f3n de telefon\u00eda fija la comparten 13 concesionarias en Chile, las cuales tienen la propiedad en distintos tramos, as\u00ed se genera el llamado cargo de acceso. Se entiende por \u00e9ste, la comunicaci\u00f3n que termina en una red de destino de propiedad de un operador diferente a la red de origen.<\/p>\n\n\n\n<p>Dicho cargo est\u00e1 sujeto a la ley de fijaci\u00f3n tarifaria y \u00e9sta es la que pretende perfeccionar la ley en estudio.<\/p>\n\n\n\n<p>El mensaje explica que las empresas Claro Chile, Claro Comunicaciones, VTR, Telef\u00f3nica, GTR Telesat y CTR, entre otras, tienen presencia en distintas regiones del pa\u00eds, por lo que su participaci\u00f3n en la red y las utilidades por el concepto de cargo de acceso son variables, sobre todo ahora que se ha registrado una baja en los precios desde que el servicio de telefon\u00eda fija ha sido desplazado por el m\u00f3vil.<\/p>\n\n\n\n<p><strong>PROYECTO<\/strong><\/p>\n\n\n\n<p>En lo sustancial, la norma busca:<\/p>\n\n\n\n<p>\u2013 Promover una mayor simetr\u00eda tarifaria apuntando a un proceso tarifario \u00fanico de grupos de empresas que tengan criterios t\u00e9cnicos.<\/p>\n\n\n\n<p>\u2013 Simplificar el actual r\u00e9gimen de fijaci\u00f3n tarifaria para las empresas con menor participaci\u00f3n generando ahorros para la autoridad y las compa\u00f1\u00edas.<\/p>\n\n\n\n<p>\u2013 Corregir la diferencia temporal que hoy existe en la fijaci\u00f3n tarifaria dado que hoy las concesionarias deben tener un decreto tarifario vigente de 5 a\u00f1os.<\/p>\n\n\n\n<p><a href=\"https:\/\/www.senado.cl\/appsenado\/templates\/tramitacion\/index.php?boletin_ini=15891-15\">Ver Bolet\u00edn N\u00b0 15891-15<\/a><\/p>\n\n\n\n<p><em><strong>Fuente: www.senado.cl<\/strong><\/em><\/p>\n","protected":false},"excerpt":{"rendered":"<p>T\u00edtulo del Proyecto:Modifica el procedimiento de fijaci\u00f3n tarifaria de concesionarias de telefon\u00eda fija, y corrige y actualiza referencias en la ley N\u00b0 18.168 General de Telecomunicaciones Etapa en que se encuentra:\u2013 Primer tr\u00e1mite [&hellip;]<\/p>\n","protected":false},"author":1,"featured_media":2223,"comment_status":"closed","ping_status":"closed","sticky":false,"template":"","format":"standard","meta":{"footnotes":""},"categories":[67],"tags":[89,88],"_links":{"self":[{"href":"https:\/\/laleyaldia.cl\/index.php?rest_route=\/wp\/v2\/posts\/2303"}],"collection":[{"href":"https:\/\/laleyaldia.cl\/index.php?rest_route=\/wp\/v2\/posts"}],"about":[{"href":"https:\/\/laleyaldia.cl\/index.php?rest_route=\/wp\/v2\/types\/post"}],"author":[{"embeddable":true,"href":"https:\/\/laleyaldia.cl\/index.php?rest_route=\/wp\/v2\/users\/1"}],"replies":[{"embeddable":true,"href":"https:\/\/laleyaldia.cl\/index.php?rest_route=%2Fwp%2Fv2%2Fcomments&post=2303"}],"version-history":[{"count":1,"href":"https:\/\/laleyaldia.cl\/index.php?rest_route=\/wp\/v2\/posts\/2303\/revisions"}],"predecessor-version":[{"id":2304,"href":"https:\/\/laleyaldia.cl\/index.php?rest_route=\/wp\/v2\/posts\/2303\/revisions\/2304"}],"wp:featuredmedia":[{"embeddable":true,"href":"https:\/\/laleyaldia.cl\/index.php?rest_route=\/wp\/v2\/media\/2223"}],"wp:attachment":[{"href":"https:\/\/laleyaldia.cl\/index.php?rest_route=%2Fwp%2Fv2%2Fmedia&parent=2303"}],"wp:term":[{"taxonomy":"category","embeddable":true,"href":"https:\/\/laleyaldia.cl\/index.php?rest_route=%2Fwp%2Fv2%2Fcategories&post=2303"},{"taxonomy":"post_tag","embeddable":true,"href":"https:\/\/laleyaldia.cl\/index.php?rest_route=%2Fwp%2Fv2%2Ftags&post=2303"}],"curies":[{"name":"wp","href":"https:\/\/api.w.org\/{rel}","templated":true}]}}