{"id":2275,"date":"2023-08-14T11:32:13","date_gmt":"2023-08-14T14:32:13","guid":{"rendered":"https:\/\/www.laleyaldia.cl\/?p=2275"},"modified":"2023-08-14T11:32:13","modified_gmt":"2023-08-14T14:32:13","slug":"inician-la-discusion-de-proyectos-que-regulan-aportes-a-fundaciones","status":"publish","type":"post","link":"https:\/\/laleyaldia.cl\/?p=2275","title":{"rendered":"Inician la discusi\u00f3n de proyectos que regulan aportes a fundaciones"},"content":{"rendered":"\n<p><strong>T\u00edtulo del Proyecto:<\/strong><\/p>\n\n\n\n<p>Modifica diversos cuerpos legales en materia de responsabilidad administrativa y municipal y de informaci\u00f3n de recursos p\u00fablicos asignados a asociaciones que indica<\/p>\n\n\n\n<p><strong>Etapa en que se encuentra:<\/strong><br>\u2013 Primer tr\u00e1mite constitucional (C. Diputados)<\/p>\n\n\n\n<p><strong>Fecha de Ingreso:<\/strong><br>Martes 4 de julio, 2023<\/p>\n\n\n\n<hr class=\"wp-block-separator has-alpha-channel-opacity\"\/>\n\n\n\n<p>La iniciativa, analizada por la Comisi\u00f3n de Gobierno Interior, busca regular todas las transferencias de recursos p\u00fablicos desde los \u00f3rganos de la administraci\u00f3n del Estado a fundaciones y otras asociaciones sin fines de lucro.<\/p>\n\n\n\n<p>La Comisi\u00f3n de Gobierno Interior inici\u00f3 la discusi\u00f3n de cuatro proyectos de ley en materia de regulaci\u00f3n de recursos p\u00fablicos asignados a fundaciones y organizaciones no gubernamentales; y del deber de informar respecto del financiamiento y aportes recibidos de parte de privados (boletines 16054, 16063, 16064 y 16075).<\/p>\n\n\n\n<p>Los proyectos buscan establecer la obligaci\u00f3n de informaci\u00f3n respecto de las transferencias de organismos del Estado, a fundaciones sin fines de lucro reguladas por la Ley 20.500.<\/p>\n\n\n\n<p>Adem\u00e1s, proponen una modernizaci\u00f3n de la legislaci\u00f3n existente que fija requisitos que deben cumplir las organizaciones privadas que reciben financiamiento p\u00fablico. Asimismo, buscan establecer requisitos espec\u00edficos para sus socios, elementos de acci\u00f3n p\u00fablica, publicidad de sus actos, entre otros puntos.<\/p>\n\n\n\n<p>Junto con ello, incorporan obligaciones para las personas jur\u00eddicas a fin de garantizar el buen uso y destino de los recursos p\u00fablicos que perciban. La idea es establecer nuevos est\u00e1ndares de transparencia y de informaci\u00f3n p\u00fablica. Igualmente, se disponen sanciones ante el incumplimiento de estas nuevas exigencias.<\/p>\n\n\n\n<p>La diputada Daniela Cicardini (PS) es autora de una de las iniciativas (bolet\u00edn 16075). Detall\u00f3 que buscan establecer que el registro nacional de personalidad jur\u00eddica sin fines de lucro sea de total dominio y acceso p\u00fablico. Adem\u00e1s, que las organizaciones y fundaciones tengan una antig\u00fcedad de 2 a\u00f1os para recibir fondos p\u00fablicos y transparenten su trabajo a trav\u00e9s de sus plataformas.<\/p>\n\n\n\n<p>Por su parte, el diputado Jorge Brito (RD), tambi\u00e9n autor de uno de los proyectos (bolet\u00edn 16063), se\u00f1al\u00f3 que se procura modificar la Ley 20.500, sobre asociaciones y participaci\u00f3n ciudadana en la gesti\u00f3n p\u00fablica, con el prop\u00f3sito de incorporar lo que propone la ley sobre acceso a la informaci\u00f3n p\u00fablica.<\/p>\n\n\n\n<p>\u201cEstas dos leyes permitir\u00e1n estandarizar el r\u00e9gimen de acceso a la informaci\u00f3n sobre transparencia activa como pasiva, resguardando el inter\u00e9s de la naci\u00f3n frente a la ejecuci\u00f3n de programas sociales o iniciativas de apoyo a la comunidad\u201d, enfatiz\u00f3 el parlamentario.<\/p>\n\n\n\n<p><strong>Importancia de la transparencia<\/strong><\/p>\n\n\n\n<p>En la sesi\u00f3n expuso el acad\u00e9mico y expresidente del Consejo para la Transparencia, Marcelo Drago. El personero se refiri\u00f3 a la importancia de la transparencia, rendici\u00f3n de cuentas y la prevenci\u00f3n de la corrupci\u00f3n.<\/p>\n\n\n\n<p>Inform\u00f3 que es una obligaci\u00f3n de los funcionarios p\u00fablicos responder por sus actos. Asimismo, el garantizar la transparencia y la integridad en el ejercicio de sus funciones. \u201cEsto implica que los l\u00edderes pol\u00edticos y los servidores p\u00fablicos deben ser responsables de sus acciones y decisiones. Tambi\u00e9n, deben rendir cuentas ante la sociedad y los ciudadanos\u201d, coment\u00f3.<\/p>\n\n\n\n<p>Se\u00f1al\u00f3 que la rendici\u00f3n de cuentas es un acto que se realiza d\u00eda a d\u00eda a trav\u00e9s de la transparencia. \u201cLa autoridad no puede elegir que informaci\u00f3n compartir, deben compartir la informaci\u00f3n que est\u00e1 obligado hacer; sino lo hace puede ser sancionado\u201d, precis\u00f3.<\/p>\n\n\n\n<p>Acot\u00f3 que el efecto preventivo de la corrupci\u00f3n cambia el comportamiento de los funcionarios ante la expectativa de quedar expuestos. Recalc\u00f3 que \u201ces un proceso en el que todos los ciudadanos vigilan y eval\u00faan el actuar responsable de los servidores p\u00fablicos, por medio de mecanismos como la transparencia y la fiscalizaci\u00f3n\u201d.<\/p>\n\n\n\n<p>Drago indic\u00f3 que una propuesta global para ordenar las organizaciones sin fines de lucro en materia de transparencia debe estar enfocada en est\u00e1ndares de montos e informaci\u00f3n. La idea es que se active una obligaci\u00f3n de transparencia activa.<\/p>\n\n\n\n<p><a href=\"https:\/\/www.camara.cl\/legislacion\/ProyectosDeLey\/tramitacion.aspx?prmID=16594&amp;prmBOLETIN=16054-06\">Ver Bolet\u00edn N\u00b0 16054-06<\/a><\/p>\n\n\n\n<p><em><strong>Fuente: www.camara.cl<\/strong><\/em><\/p>\n","protected":false},"excerpt":{"rendered":"<p>T\u00edtulo del Proyecto: Modifica diversos cuerpos legales en materia de responsabilidad administrativa y municipal y de informaci\u00f3n de recursos p\u00fablicos asignados a asociaciones que indica Etapa en que se encuentra:\u2013 Primer tr\u00e1mite constitucional [&hellip;]<\/p>\n","protected":false},"author":1,"featured_media":1843,"comment_status":"closed","ping_status":"closed","sticky":false,"template":"","format":"standard","meta":{"footnotes":""},"categories":[66],"tags":[86],"_links":{"self":[{"href":"https:\/\/laleyaldia.cl\/index.php?rest_route=\/wp\/v2\/posts\/2275"}],"collection":[{"href":"https:\/\/laleyaldia.cl\/index.php?rest_route=\/wp\/v2\/posts"}],"about":[{"href":"https:\/\/laleyaldia.cl\/index.php?rest_route=\/wp\/v2\/types\/post"}],"author":[{"embeddable":true,"href":"https:\/\/laleyaldia.cl\/index.php?rest_route=\/wp\/v2\/users\/1"}],"replies":[{"embeddable":true,"href":"https:\/\/laleyaldia.cl\/index.php?rest_route=%2Fwp%2Fv2%2Fcomments&post=2275"}],"version-history":[{"count":1,"href":"https:\/\/laleyaldia.cl\/index.php?rest_route=\/wp\/v2\/posts\/2275\/revisions"}],"predecessor-version":[{"id":2276,"href":"https:\/\/laleyaldia.cl\/index.php?rest_route=\/wp\/v2\/posts\/2275\/revisions\/2276"}],"wp:featuredmedia":[{"embeddable":true,"href":"https:\/\/laleyaldia.cl\/index.php?rest_route=\/wp\/v2\/media\/1843"}],"wp:attachment":[{"href":"https:\/\/laleyaldia.cl\/index.php?rest_route=%2Fwp%2Fv2%2Fmedia&parent=2275"}],"wp:term":[{"taxonomy":"category","embeddable":true,"href":"https:\/\/laleyaldia.cl\/index.php?rest_route=%2Fwp%2Fv2%2Fcategories&post=2275"},{"taxonomy":"post_tag","embeddable":true,"href":"https:\/\/laleyaldia.cl\/index.php?rest_route=%2Fwp%2Fv2%2Ftags&post=2275"}],"curies":[{"name":"wp","href":"https:\/\/api.w.org\/{rel}","templated":true}]}}