{"id":2273,"date":"2023-08-14T11:30:36","date_gmt":"2023-08-14T14:30:36","guid":{"rendered":"https:\/\/www.laleyaldia.cl\/?p=2273"},"modified":"2023-08-14T11:30:36","modified_gmt":"2023-08-14T14:30:36","slug":"venta-ilegal-de-medicamentos-presentaran-indicaciones-para-dar-mas-facultades-al-isp","status":"publish","type":"post","link":"https:\/\/laleyaldia.cl\/?p=2273","title":{"rendered":"Venta ilegal de medicamentos: presentar\u00e1n indicaciones para dar m\u00e1s facultades al ISP"},"content":{"rendered":"\n<p><strong>T\u00edtulo del Proyecto:<\/strong><br>Modifica diversos cuerpos legales para regular la comercializaci\u00f3n de productos farmac\u00e9uticos y sancionar su venta ilegal<\/p>\n\n\n\n<p><strong>Etapa en que se encuentra:<\/strong><br>\u2013 Primer tr\u00e1mite constitucional (Senado)<\/p>\n\n\n\n<p><strong>Fecha de Ingreso:<\/strong><br>Martes 18 de abril, 2023<\/p>\n\n\n\n<hr class=\"wp-block-separator has-alpha-channel-opacity\"\/>\n\n\n\n<p>La Comisi\u00f3n de Salud aprob\u00f3 en general, la moci\u00f3n tras conocer mayores detalles de los \u00faltimos decomisos que ha realizado la autoridad en la v\u00eda p\u00fablica, donde tambi\u00e9n se ha detectado la falsificaci\u00f3n de estos productos.<\/p>\n\n\n\n<p>Hasta el 4 de agosto tendr\u00e1n como plazo los senadores y el Ejecutivo, para presentar indicaciones al proyecto que&nbsp;<strong>regula la comercializaci\u00f3n de productos farmac\u00e9uticos y sanciona su venta ilegal<\/strong>, el que cursa primer tr\u00e1mite.<\/p>\n\n\n\n<p>Esto luego que los integrantes de la Comisi\u00f3n de Salud aprobaran en general, la norma de autor\u00eda de los senadores Juan Luis Castro, Javier Macaya, Francisco Chahu\u00e1n, Ximena \u00d3rdenes y Juan Ignacio Latorre, considerando la importancia de terminar con este tipo de pr\u00e1cticas que se han generalizado en los \u00faltimos a\u00f1os.<\/p>\n\n\n\n<p>De hecho, en la \u00faltima sesi\u00f3n, el director del Instituto de Salud P\u00fablica (ISP), Rub\u00e9n Verdugo entreg\u00f3 detalles de los decomisos que se han realizado. As\u00ed coment\u00f3 que \u201cen el 2020, se hicieron 189 acciones de fiscalizaci\u00f3n y en lo que va del a\u00f1o llevamos 79. El problema es que los vol\u00famenes son mucho mayores ahora, por ejemplo entre el 2020 y el 2021 se comercializaron 133 mil unidades, pero hoy hablamos de m\u00e1s de 473 mil\u201d.<\/p>\n\n\n\n<p>\u201cNos gustar\u00eda tener m\u00e1s facultades para requerir informaci\u00f3n pensando en la inteligencia de datos, levantar alertas al mercado, actuar como agente revelador tambi\u00e9n, acceder a informaci\u00f3n tributaria y contar con una red de fiscalizaci\u00f3n descentralizada. La Contralor\u00eda nos ha dicho que no tenemos mayores atribuciones para hacer mucho m\u00e1s\u201d, sintetiz\u00f3 la autoridad.<\/p>\n\n\n\n<p>En tanto, el director de la Unidad Especializada en Delitos Econ\u00f3micos, Medioambientales, Ciberdelitos y Lavados de Activos (ULDDECO) del Ministerio P\u00fablico, Mauricio Fern\u00e1ndez hizo ver algunas precisiones t\u00e9cnicas que deber\u00edan hacerse a la redacci\u00f3n al proyecto en cuanto a los tipos penales relacionados a la venta ilegal y la falsificaci\u00f3n y la sustracci\u00f3n de medicamentos, y la responsabilidad del propietario de la farmacia desde donde provienen los f\u00e1rmacos.<\/p>\n\n\n\n<p>En la sesi\u00f3n, Verdugo mostr\u00f3 antibi\u00f3ticos, sicotr\u00f3picos, analg\u00e9sicos y antiespasm\u00f3dicos que pueden ser expedidos en farmacias pero que han sido incautados en ferias, algunos de ellos falsificados. En cuanto a estos \u00faltimos, los senadores consultaron si se est\u00e1n haciendo an\u00e1lisis de sus componentes ante lo cual, la autoridad reconoci\u00f3 que casi no se encuentra el principio activo en estas unidades, solo excipientes.<\/p>\n\n\n\n<p>Tambi\u00e9n se consult\u00f3 sobre el tr\u00e1fico de medicamentos en el personal de salud, la fiscalizaci\u00f3n que se realiza a los vendedores de cadenas de farmacias que expenden a granel f\u00e1rmacos para el comercio ilegal, y los pasos que se realizan para controlar la cadena de distribuci\u00f3n.<\/p>\n\n\n\n<p>Cabe consignar que el texto contempla el endurecimiento de sanciones penales y sanitarias para quienes vendan medicamentos en lugares no destinados para ello y f\u00e1rmacos adulterados, como para quienes los prescriben o faciliten estos hechos.<\/p>\n\n\n\n<p><a href=\"https:\/\/www.senado.cl\/appsenado\/templates\/tramitacion\/index.php?boletin_ini=15850-11\">Ver Bolet\u00edn N\u00b0 15850-11<\/a><\/p>\n\n\n\n<p><em><strong>Fuente: www.senado.cl<\/strong><\/em><\/p>\n","protected":false},"excerpt":{"rendered":"<p>T\u00edtulo del Proyecto:Modifica diversos cuerpos legales para regular la comercializaci\u00f3n de productos farmac\u00e9uticos y sancionar su venta ilegal Etapa en que se encuentra:\u2013 Primer tr\u00e1mite constitucional (Senado) Fecha de Ingreso:Martes 18 de abril, [&hellip;]<\/p>\n","protected":false},"author":1,"featured_media":1865,"comment_status":"closed","ping_status":"closed","sticky":false,"template":"","format":"standard","meta":{"footnotes":""},"categories":[66],"tags":[70],"_links":{"self":[{"href":"https:\/\/laleyaldia.cl\/index.php?rest_route=\/wp\/v2\/posts\/2273"}],"collection":[{"href":"https:\/\/laleyaldia.cl\/index.php?rest_route=\/wp\/v2\/posts"}],"about":[{"href":"https:\/\/laleyaldia.cl\/index.php?rest_route=\/wp\/v2\/types\/post"}],"author":[{"embeddable":true,"href":"https:\/\/laleyaldia.cl\/index.php?rest_route=\/wp\/v2\/users\/1"}],"replies":[{"embeddable":true,"href":"https:\/\/laleyaldia.cl\/index.php?rest_route=%2Fwp%2Fv2%2Fcomments&post=2273"}],"version-history":[{"count":1,"href":"https:\/\/laleyaldia.cl\/index.php?rest_route=\/wp\/v2\/posts\/2273\/revisions"}],"predecessor-version":[{"id":2274,"href":"https:\/\/laleyaldia.cl\/index.php?rest_route=\/wp\/v2\/posts\/2273\/revisions\/2274"}],"wp:featuredmedia":[{"embeddable":true,"href":"https:\/\/laleyaldia.cl\/index.php?rest_route=\/wp\/v2\/media\/1865"}],"wp:attachment":[{"href":"https:\/\/laleyaldia.cl\/index.php?rest_route=%2Fwp%2Fv2%2Fmedia&parent=2273"}],"wp:term":[{"taxonomy":"category","embeddable":true,"href":"https:\/\/laleyaldia.cl\/index.php?rest_route=%2Fwp%2Fv2%2Fcategories&post=2273"},{"taxonomy":"post_tag","embeddable":true,"href":"https:\/\/laleyaldia.cl\/index.php?rest_route=%2Fwp%2Fv2%2Ftags&post=2273"}],"curies":[{"name":"wp","href":"https:\/\/api.w.org\/{rel}","templated":true}]}}