{"id":2270,"date":"2023-08-14T11:28:38","date_gmt":"2023-08-14T14:28:38","guid":{"rendered":"https:\/\/www.laleyaldia.cl\/?p=2270"},"modified":"2023-08-14T16:48:22","modified_gmt":"2023-08-14T19:48:22","slug":"publicada-ley-que-dispone-exencion-del-iva-a-los-servicios-sanitarios-rurales","status":"publish","type":"post","link":"https:\/\/laleyaldia.cl\/?p=2270","title":{"rendered":"Publicada ley que dispone exenci\u00f3n del IVA a los servicios sanitarios rurales"},"content":{"rendered":"\n<p>Con fecha 17 de julio de 2023, fue publicada en el Diario Oficial la Ley N\u00b0 21.581, que Exime del Impuesto al Valor Agregado a los servicios sanitarios rurales a que se refiere la ley N\u00b0 20.998.<\/p>\n\n\n\n<p><strong>Antecedentes<\/strong><\/p>\n\n\n\n<p>Desde hace sesenta a\u00f1os las zonas rurales de Chile se han abastecido de agua potable a trav\u00e9s del Plan B\u00e1sico de Saneamiento Rural. Hoy, ese programa sigue vigente con m\u00e1s de dos mil sistemas de agua potable rural (APR). Estos sistemas son administrados, mantenidos y operados por la propia comunidad, la que se organiza, por lo general, a trav\u00e9s de Comit\u00e9s o Cooperativas, con asesor\u00eda y asistencia del Estado.<\/p>\n\n\n\n<p>En cuanto a su tratamiento tributario, los APR han estado expuestos a cambios legislativos que han generado incertezas sobre su tratamiento tributario.<\/p>\n\n\n\n<p>Los servicios sanitarios rurales, que hoy ascienden a 2300 y benefician a tres millones de usuarios, nunca pagaron impuestos hasta el 2011 que los grav\u00f3. Luego una interpretaci\u00f3n del Servicio de Impuestos Internos los deja exentos, posteriormente hubo un nuevo cambio de criterio.<\/p>\n\n\n\n<p>La entrada en vigencia de la ley N\u00ba 21.420 del a\u00f1o 2022, que reduce o elimina exenciones tributarias que indica, devel\u00f3 la necesidad de impulsar un cambio normativo para establecer un r\u00e9gimen diferenciado respecto de las actividades de los Comit\u00e9 de APR.<\/p>\n\n\n\n<p><strong>Objetivo<\/strong><\/p>\n\n\n\n<p>El prop\u00f3sito de la norma radica en aclarar el tratamiento tributario de los APR; eximiendo a estos operadores del pago del IVA, con la condici\u00f3n de que est\u00e9n inscritos en el registro respectivo.<\/p>\n\n\n\n<p>En este sentido, se establece un tratamiento tributario especial para los servicios prestados por agua potable rural (APR), en virtud de la importante labor que cumplen. Estas organizaciones no solo realizan el servicio de suministro de servicios sanitarios a hogares, sino tambi\u00e9n a organizaciones municipales, colegios y servicios de urgencia, como el Cuerpo de Bomberos.<\/p>\n\n\n\n<p><strong>Contenido<\/strong><\/p>\n\n\n\n<p>En concreto, el texto legal dispone que los operadores de los servicios sanitarios rurales que presten servicios a sus asociados, cooperados o socios, no se encontrar\u00e1n gravados con Impuesto al Valor Agregado.<\/p>\n\n\n\n<p>Para estos efectos, los nuevos operadores deber\u00e1n encontrarse inscritos o incorporados en el Registro de operadores de servicios sanitarios rurales al \u00faltimo d\u00eda del mes anterior en que comience a prestar los servicios se\u00f1alados.<\/p>\n\n\n\n<p>A aquellos operadores que ya se encuentren prestando dichos servicios se les aplicar\u00e1 este tratamiento tributario desde el mes siguiente a aqu\u00e9l en que se incorporen al Registro.<\/p>\n\n\n\n<p>Tampoco se encontrar\u00e1n gravados con IVA los servicios sanitarios rurales prestados entre operadores o asociaciones de operadores, siempre que estos respondan exclusivamente a garantizar la continuidad del servicio.<\/p>\n\n\n\n<p><strong>Otras disposiciones<\/strong><\/p>\n\n\n\n<p>La nueva regulaci\u00f3n indica que tambi\u00e9n se encontrar\u00e1n exentas del IVA las prestaciones de servicios sanitarios rurales o la venta de agua potable realizadas al Cuerpo de Bomberos o sus compa\u00f1\u00edas. Igualmente, a los establecimientos educacionales municipales de educaci\u00f3n preb\u00e1sica, b\u00e1sica y media, reconocidos por el Ministerio de Educaci\u00f3n, y a los bienes ra\u00edces municipales.<\/p>\n\n\n\n<p>Asimismo, durante el mes de enero de cada a\u00f1o, el ministerio deber\u00e1 informar al Servicio de Impuestos Internos el listado de operadores incorporados en el Registro de operadores de servicios sanitarios rurales, inscritos al 31 de diciembre del a\u00f1o anterior.<\/p>\n\n\n\n<p>Las operaciones realizadas por los operadores de servicios sanitarios rurales distintas a las se\u00f1aladas en el presente art\u00edculo se regir\u00e1n por las reglas generales del Impuesto al Valor Agregado, atendiendo a su naturaleza.<\/p>\n\n\n\n<p><strong>Modificaciones<\/strong><\/p>\n\n\n\n<p>La norma en comento modifica la Ley N\u00b0 20.998, que Regula los Servicios Sanitarios Surales.<\/p>\n","protected":false},"excerpt":{"rendered":"<p>Con fecha 17 de julio de 2023, fue publicada en el Diario Oficial la Ley N\u00b0 21.581, que Exime del Impuesto al Valor Agregado a los servicios sanitarios rurales a que se refiere [&hellip;]<\/p>\n","protected":false},"author":1,"featured_media":1872,"comment_status":"closed","ping_status":"closed","sticky":false,"template":"","format":"standard","meta":{"footnotes":""},"categories":[67],"tags":[94],"_links":{"self":[{"href":"https:\/\/laleyaldia.cl\/index.php?rest_route=\/wp\/v2\/posts\/2270"}],"collection":[{"href":"https:\/\/laleyaldia.cl\/index.php?rest_route=\/wp\/v2\/posts"}],"about":[{"href":"https:\/\/laleyaldia.cl\/index.php?rest_route=\/wp\/v2\/types\/post"}],"author":[{"embeddable":true,"href":"https:\/\/laleyaldia.cl\/index.php?rest_route=\/wp\/v2\/users\/1"}],"replies":[{"embeddable":true,"href":"https:\/\/laleyaldia.cl\/index.php?rest_route=%2Fwp%2Fv2%2Fcomments&post=2270"}],"version-history":[{"count":1,"href":"https:\/\/laleyaldia.cl\/index.php?rest_route=\/wp\/v2\/posts\/2270\/revisions"}],"predecessor-version":[{"id":2271,"href":"https:\/\/laleyaldia.cl\/index.php?rest_route=\/wp\/v2\/posts\/2270\/revisions\/2271"}],"wp:featuredmedia":[{"embeddable":true,"href":"https:\/\/laleyaldia.cl\/index.php?rest_route=\/wp\/v2\/media\/1872"}],"wp:attachment":[{"href":"https:\/\/laleyaldia.cl\/index.php?rest_route=%2Fwp%2Fv2%2Fmedia&parent=2270"}],"wp:term":[{"taxonomy":"category","embeddable":true,"href":"https:\/\/laleyaldia.cl\/index.php?rest_route=%2Fwp%2Fv2%2Fcategories&post=2270"},{"taxonomy":"post_tag","embeddable":true,"href":"https:\/\/laleyaldia.cl\/index.php?rest_route=%2Fwp%2Fv2%2Ftags&post=2270"}],"curies":[{"name":"wp","href":"https:\/\/api.w.org\/{rel}","templated":true}]}}