{"id":2237,"date":"2023-08-11T16:35:52","date_gmt":"2023-08-11T19:35:52","guid":{"rendered":"https:\/\/www.laleyaldia.cl\/?p=2237"},"modified":"2023-08-11T16:35:53","modified_gmt":"2023-08-11T19:35:53","slug":"publicada-ley-que-dispone-sanciones-por-danos-en-transporte-publico","status":"publish","type":"post","link":"https:\/\/laleyaldia.cl\/?p=2237","title":{"rendered":"Publicada ley que dispone sanciones por da\u00f1os en transporte p\u00fablico"},"content":{"rendered":"\n<p>Con fecha 5 de agosto de 2023, fue publicada en el Diario Oficial la Ley N\u00b0 21.587, que Sanciona los da\u00f1os en los medios de transporte p\u00fablico de pasajeros y en los bienes e infraestructura asociada a dicha actividad.<\/p>\n\n\n\n<p><strong>Objetivo<\/strong><\/p>\n\n\n\n<p>La presente normativa, tiene por finalidad castigar penalmente los atentados a medios de transporte p\u00fablico de pasajeros, se encuentren o no en circulaci\u00f3n, al igual que a quienes marquen con mensajes, firmas, rayados, u otras figuras o expresiones a medios de transporte p\u00fablico de pasajeros o en bienes o infraestructura asociada a dicha actividad.<\/p>\n\n\n\n<p>La justificaci\u00f3n de mayores sanciones se fundamenta en que las ciudades, el acceso a las oportunidades laborales, a los lugares de residencia y a los espacios donde se ofrecen muchos de los servicios esenciales para el desarrollo de la vida cotidiana dependen de las condiciones de transporte. En este orden de ideas, cualquier problema que afecte su acceso y funcionamiento, impacta negativamente en la poblaci\u00f3n.<\/p>\n\n\n\n<p>Es necesario destacar, que los medios de transporte cumplen un&nbsp;<strong>\u00abrol social\u00bb<\/strong>, pues permiten a las personas la realizaci\u00f3n de los desplazamientos cotidianos para desarrollar sus actividades diarias laborales, escolares, estudiantiles y sociales. El da\u00f1o a los buses o medios de transporte significa que al d\u00eda siguiente estos no pueden operar con normalidad, lo que afecta directamente a los usuarios.<\/p>\n\n\n\n<p><strong>Contenido<\/strong><\/p>\n\n\n\n<p>En t\u00e9rminos generales, la presente normativa sanciona con mayor gravedad los atentados a los medios de transporte p\u00fablico de pasajeros particularmente los buses, sus elementos auxiliares o accesorios y los da\u00f1os a la infraestructura asociada, tales como paraderos, terminales, luminaria, elementos de las v\u00edas, c\u00e1maras u otras tecnolog\u00edas, cuya destrucci\u00f3n perjudica la movilidad de las personas.<\/p>\n\n\n\n<p>En espec\u00edfico, la norma sanciona a quien atente contra un veh\u00edculo motorizado,&nbsp;<strong>est\u00e9 en circulaci\u00f3n o no<\/strong>, apedre\u00e1ndolo o arroj\u00e1ndole otros objetos contundentes o inflamables o por cualquier otro medio semejante. En ese caso, la persona ser\u00e1 castigada con pena de presidio menor en su grado m\u00ednimo.<\/p>\n\n\n\n<p>Cabe se\u00f1alar, que si a consecuencias del atentado se causare la muerte o se lesionare a alguna persona, se aplicar\u00e1n las penas se\u00f1aladas al delito de que se trate, aumentadas en un grado.<\/p>\n\n\n\n<p>Por otra parte, la ley establece que ser\u00e1n castigados con la pena de reclusi\u00f3n menor en sus grados medio a m\u00e1ximo y multa de once a veinte unidades tributarias mensuales, a quienes causen da\u00f1o cuyo importe exceda de cuarenta unidades tributarias mensuales, entre otros,&nbsp;<strong>a medios de transporte p\u00fablico de pasajeros o en bienes o infraestructura asociada a dicha actividad.<\/strong><\/p>\n\n\n\n<p><strong>Modificaciones<\/strong><\/p>\n\n\n\n<p>La norma en comento modifica los siguientes cuerpos legales:<\/p>\n\n\n\n<p>\u2013 DFL N\u00b0 1, Fija texto refundido, coordinado y sistematizado de la Ley de Tr\u00e1nsito<br>\u2013 C\u00f3digo Penal<\/p>\n","protected":false},"excerpt":{"rendered":"<p>Con fecha 5 de agosto de 2023, fue publicada en el Diario Oficial la Ley N\u00b0 21.587, que Sanciona los da\u00f1os en los medios de transporte p\u00fablico de pasajeros y en los bienes [&hellip;]<\/p>\n","protected":false},"author":1,"featured_media":1837,"comment_status":"closed","ping_status":"closed","sticky":false,"template":"","format":"standard","meta":{"footnotes":""},"categories":[67],"tags":[71,72],"_links":{"self":[{"href":"https:\/\/laleyaldia.cl\/index.php?rest_route=\/wp\/v2\/posts\/2237"}],"collection":[{"href":"https:\/\/laleyaldia.cl\/index.php?rest_route=\/wp\/v2\/posts"}],"about":[{"href":"https:\/\/laleyaldia.cl\/index.php?rest_route=\/wp\/v2\/types\/post"}],"author":[{"embeddable":true,"href":"https:\/\/laleyaldia.cl\/index.php?rest_route=\/wp\/v2\/users\/1"}],"replies":[{"embeddable":true,"href":"https:\/\/laleyaldia.cl\/index.php?rest_route=%2Fwp%2Fv2%2Fcomments&post=2237"}],"version-history":[{"count":1,"href":"https:\/\/laleyaldia.cl\/index.php?rest_route=\/wp\/v2\/posts\/2237\/revisions"}],"predecessor-version":[{"id":2238,"href":"https:\/\/laleyaldia.cl\/index.php?rest_route=\/wp\/v2\/posts\/2237\/revisions\/2238"}],"wp:featuredmedia":[{"embeddable":true,"href":"https:\/\/laleyaldia.cl\/index.php?rest_route=\/wp\/v2\/media\/1837"}],"wp:attachment":[{"href":"https:\/\/laleyaldia.cl\/index.php?rest_route=%2Fwp%2Fv2%2Fmedia&parent=2237"}],"wp:term":[{"taxonomy":"category","embeddable":true,"href":"https:\/\/laleyaldia.cl\/index.php?rest_route=%2Fwp%2Fv2%2Fcategories&post=2237"},{"taxonomy":"post_tag","embeddable":true,"href":"https:\/\/laleyaldia.cl\/index.php?rest_route=%2Fwp%2Fv2%2Ftags&post=2237"}],"curies":[{"name":"wp","href":"https:\/\/api.w.org\/{rel}","templated":true}]}}