{"id":2235,"date":"2024-01-24T11:36:36","date_gmt":"2024-01-24T14:36:36","guid":{"rendered":"https:\/\/www.laleyaldia.cl\/?p=2235"},"modified":"2024-02-07T16:27:56","modified_gmt":"2024-02-07T19:27:56","slug":"normativa-coronavirus-se-extiende-alerta-sanitaria-por-emergencia-de-salud-publica-hasta-el-31-de-agosto-de-2023","status":"publish","type":"post","link":"https:\/\/laleyaldia.cl\/?p=2235","title":{"rendered":"NORMATIVA CORONAVIRUS. Fin de alerta sanitaria por emergencia de salud p\u00fablica: 31 de agosto de 2023"},"content":{"rendered":"\r\n<h1 class=\"wp-block-heading\">2024<\/h1>\r\n<p>Sin normativa Covid (al 7 de febrero de 2024)<\/p>\r\n<h1 class=\"wp-block-heading\">2023<\/h1>\r\n<p><strong>Resoluci\u00f3n exenta N\u00b0 6.818, Servicio Agr\u00edcola y Ganadero (22 de noviembre)<\/strong><br \/>Ajusta requisitos de Coronavirus, en raz\u00f3n de la situaci\u00f3n actual de la enfermedad a nivel mundial y nacional, y deroga resoluci\u00f3n N\u00b0 2.170 exenta, de 2021<\/p>\r\n<p><a href=\"https:\/\/westlawchile.cl\/maf\/app\/document?&amp;src=laley4&amp;docguid=i02FD49A1DB457ECF7CE1F82855044AF2&amp;hitguid=i02FD49A1DB457ECF7CE1F82855044AF2&amp;tocguid=&amp;spos=1&amp;epos=1&amp;td=2&amp;ao=i0AC50834CD5E878681CD6243E1B5D7B6&amp;searchFrom=&amp;savedSearch=false&amp;context=99&amp;crumb-action=append&amp;\">Ver texto completo<\/a><\/p>\r\n<p>&nbsp;<\/p>\r\n<p>\r\n\r\n<\/p>\r\n<p>&nbsp;<\/p>\r\n<p>\r\n\r\n<\/p>\r\n<hr class=\"wp-block-separator has-alpha-channel-opacity\" \/>\r\n<p>\r\n\r\n<\/p>\r\n<p><strong>Decreto N\u00b0 34, Ministerio de Salud (6 de noviembre)<\/strong><br \/>Dispone env\u00edo de kits de test r\u00e1pidos de detecci\u00f3n de anticuerpos que se indican a la Rep\u00fablica del Per\u00fa para apoyo en la atenci\u00f3n derivada de la cat\u00e1strofe humanitaria por pandemia Covid-19<\/p>\r\n<p><a href=\"https:\/\/westlawchile.cl\/maf\/app\/document?&amp;src=laley4&amp;docguid=i8F898993E384D9A4ACBAC917F5B98B28&amp;hitguid=i8F898993E384D9A4ACBAC917F5B98B28&amp;tocguid=&amp;spos=31&amp;epos=31&amp;td=40&amp;ao=i0AC50834CD5E878681CD6243E1B5D7B6&amp;searchFrom=&amp;savedSearch=false&amp;context=177&amp;crumb-action=append&amp;\">Ver texto completo<\/a><\/p>\r\n<p>&nbsp;<\/p>\r\n<p>\r\n\r\n<\/p>\r\n<hr class=\"wp-block-separator has-alpha-channel-opacity\" \/>\r\n<p>\r\n\r\n<\/p>\r\n<p><strong>Decreto N\u00b0 77, Ministerio de Educaci\u00f3n (30 de septiembre)<\/strong><br \/>Modifica decreto N\u00b0 48, de 2021<\/p>\r\n<p><a href=\"https:\/\/westlawchile.cl\/maf\/app\/document?&amp;src=laley4&amp;docguid=i757F106029F1D671BE62A6258DE15535&amp;hitguid=i757F106029F1D671BE62A6258DE15535&amp;tocguid=&amp;spos=8&amp;epos=8&amp;td=22&amp;ao=i0AC50834CD5E878681CD6243E1B5D7B6&amp;searchFrom=&amp;savedSearch=false&amp;context=185&amp;crumb-action=append&amp;\">Ver texto completo<\/a><\/p>\r\n<p>&nbsp;<\/p>\r\n<p>\r\n\r\n<\/p>\r\n<hr class=\"wp-block-separator has-alpha-channel-opacity\" \/>\r\n<p>\r\n\r\n<\/p>\r\n<p><strong>Acta N\u00b0 164, Corte Suprema (22 de agosto)<\/strong><br \/>Auto acordado que regula el teletrabajo estableciendo el texto refundido y sistematizado del acta N\u00ba 41-2020<\/p>\r\n<p><a href=\"https:\/\/westlawchile.cl\/maf\/app\/document?&amp;src=laley4&amp;docguid=i7724333D04F67D0A54B6783C683A45FC&amp;hitguid=i7724333D04F67D0A54B6783C683A45FC&amp;tocguid=&amp;spos=1&amp;epos=1&amp;td=1&amp;ao=i0AC50834CD5E878681CD6243E1B5D7B6&amp;searchFrom=&amp;savedSearch=false&amp;context=191&amp;crumb-action=append&amp;\">Ver texto completo<\/a><\/p>\r\n<p>&nbsp;<\/p>\r\n<p>\r\n\r\n<\/p>\r\n<hr class=\"wp-block-separator has-alpha-channel-opacity\" \/>\r\n<p>\r\n\r\n<\/p>\r\n<p><strong>Decreto N\u00b0 222, Ministerio de Hacienda (19 de julio)<\/strong><br \/>Deja sin efecto decreto N\u00ba 504 exento, de 2022<\/p>\r\n<p><a href=\"https:\/\/westlawchile.cl\/maf\/app\/document?&amp;src=laley4&amp;docguid=i893D5E1E5C929980BCAF107526D909DA&amp;hitguid=i893D5E1E5C929980BCAF107526D909DA&amp;tocguid=&amp;spos=10&amp;epos=10&amp;td=15&amp;ao=i0AC50834CD5E878681CD6243E1B5D7B6&amp;searchFrom=&amp;savedSearch=false&amp;context=194&amp;crumb-action=append&amp;\">Ver texto completo<\/a><\/p>\r\n<p>&nbsp;<\/p>\r\n<p>\r\n\r\n<\/p>\r\n<hr class=\"wp-block-separator has-alpha-channel-opacity\" \/>\r\n<p>\r\n\r\n<\/p>\r\n\r\n\r\n\r\n<p><strong>Decreto N\u00b0 12, Ministerio del Trabajo y Previsi\u00f3n Social (30 de junio)<\/strong><br \/>Modifica el decreto N\u00b0 67, de 1999, excluyendo de los procesos de evaluaci\u00f3n de la magnitud de la siniestralidad efectiva correspondientes a los a\u00f1os 2023 y 2025, las incapacidades y muertes derivadas de los contagios por COVID-19 y establece medida especial para la aplicaci\u00f3n del proceso de evaluaci\u00f3n del a\u00f1o 2023<\/p>\r\n\r\n\r\n\r\n<p><a href=\"https:\/\/westlawchile.cl\/maf\/app\/document?&amp;src=laley4&amp;docguid=iD47BE9F420137790200E308CDAA3AE33&amp;hitguid=iD47BE9F420137790200E308CDAA3AE33&amp;tocguid=&amp;spos=1&amp;epos=1&amp;td=7&amp;ao=i0AC50834CD5E878681CD6243E1B5D7B6&amp;searchFrom=&amp;savedSearch=false&amp;context=74&amp;crumb-action=append&amp;\">Ver texto completo<\/a><\/p>\r\n<p>&nbsp;<\/p>\r\n\r\n\r\n<hr class=\"wp-block-separator has-alpha-channel-opacity\" \/>\r\n\r\n\r\n<p><strong>Resoluci\u00f3n exenta N\u00b0 699, Ministerio de Salud (15 de junio)<\/strong><br \/>Modifica resoluci\u00f3n N\u00b0 1.400 exenta, de 2022, que establece Plan Seguimos Cuid\u00e1ndonos<\/p>\r\n\r\n\r\n\r\n<p><a href=\"https:\/\/westlawchile.cl\/maf\/app\/document?&amp;src=laley4&amp;docguid=i2ECF692F7A3CB8CE669797936F69C697&amp;hitguid=i2ECF692F7A3CB8CE669797936F69C697&amp;tocguid=&amp;spos=1&amp;epos=1&amp;td=3&amp;ao=i0AC50834CD5E878681CD6243E1B5D7B6&amp;searchFrom=&amp;savedSearch=false&amp;context=47&amp;crumb-action=append&amp;\">Ver texto completo<\/a><\/p>\r\n\r\n\r\n<hr class=\"wp-block-separator has-alpha-channel-opacity\" \/>\r\n\r\n\r\n<p><strong>Resoluci\u00f3n exenta N\u00b0 428, Ministerio de Salud (9 de junio)<\/strong><br \/>Instruye la suspensi\u00f3n de cirug\u00eda electiva y aumento extraordinario de capacidad camas de cuidados intensivos pedi\u00e1tricos que indica<\/p>\r\n\r\n\r\n\r\n<p><a href=\"https:\/\/westlawchile.cl\/maf\/app\/document?&amp;src=laley4&amp;docguid=i14C87A463F6EFD1C931735C8796512B4&amp;hitguid=i14C87A463F6EFD1C931735C8796512B4&amp;tocguid=&amp;spos=1&amp;epos=1&amp;td=3&amp;ao=i0AC50834CD5E878681CD6243E1B5D7B6&amp;searchFrom=&amp;savedSearch=false&amp;context=69&amp;crumb-action=append&amp;\">Ver texto completo<\/a><\/p>\r\n\r\n\r\n<hr class=\"wp-block-separator has-alpha-channel-opacity\" \/>\r\n\r\n\r\n<p><strong>Resoluci\u00f3n exenta N\u00b0 954, Ministerio de las Culturas, las Artes y el Patrimonio (9 de junio)<\/strong><br \/>Modifica resoluci\u00f3n N\u00b0 734 exenta, de 2023<\/p>\r\n\r\n\r\n\r\n<p><a href=\"https:\/\/westlawchile.cl\/maf\/app\/document?&amp;src=laley4&amp;docguid=iAD3EDB377549D471E02FC9CB8D66B5BA&amp;hitguid=iAD3EDB377549D471E02FC9CB8D66B5BA&amp;tocguid=&amp;spos=2&amp;epos=2&amp;td=3&amp;ao=i0AC50834CD5E878681CD6243E1B5D7B6&amp;searchFrom=&amp;savedSearch=false&amp;context=75&amp;crumb-action=append&amp;\">Ver texto completo<\/a><\/p>\r\n\r\n\r\n<hr class=\"wp-block-separator has-alpha-channel-opacity\" \/>\r\n\r\n\r\n<p><strong>Decreto N\u00b0 17, Ministerio del Trabajo y Previsi\u00f3n Social (5 de junio)<\/strong><br \/>Modifica decreto N\u00b0 28, de 2011, que establece componentes, l\u00edneas de acci\u00f3n, procedimientos, modalidades y mecanismos de control del Programa de Formaci\u00f3n en el Puesto de Trabajo<\/p>\r\n\r\n\r\n\r\n<p><a href=\"https:\/\/westlawchile.cl\/maf\/app\/document?&amp;src=laley4&amp;docguid=i194B4579F25F459F734408CE1623095A&amp;hitguid=i194B4579F25F459F734408CE1623095A&amp;tocguid=&amp;spos=31&amp;epos=31&amp;td=38&amp;ao=i0AC50834CD5E878681CD6243E1B5D7B6&amp;searchFrom=&amp;savedSearch=false&amp;context=81&amp;crumb-action=append&amp;\">Ver texto completo<\/a><\/p>\r\n\r\n\r\n<hr class=\"wp-block-separator has-alpha-channel-opacity\" \/>\r\n\r\n\r\n<p><strong>Resoluci\u00f3n exenta N\u00b0 561, Ministerio de salud (25 de mayo)<\/strong><br \/>Deja sin efecto la resoluci\u00f3n N\u00ba 1.472 exenta, de 2022, que establece medidas sanitarias para el traslado de personas a la Isla de Pascua; y la resoluci\u00f3n N\u00ba 1.530 exenta, de 2022, que establece medidas sanitarias para el traslado de personas a la comuna de Juan Fern\u00e1ndez<\/p>\r\n\r\n\r\n\r\n<p><a href=\"https:\/\/westlawchile.cl\/maf\/app\/document?&amp;src=laley4&amp;docguid=i21D994438E1496389B973F650391740E&amp;hitguid=i21D994438E1496389B973F650391740E&amp;tocguid=&amp;spos=3&amp;epos=3&amp;td=4&amp;ao=i0AC50834CD5E878681CD6243E1B5D7B6&amp;searchFrom=&amp;savedSearch=false&amp;context=7&amp;crumb-action=append&amp;\">Ver texto completo<\/a><\/p>\r\n\r\n\r\n<hr class=\"wp-block-separator has-alpha-channel-opacity\" \/>\r\n\r\n\r\n<p><strong>Resoluci\u00f3n exenta N\u00b0 505, Ministerio de Salud (12 de mayo)<\/strong><br \/>Deja sin efecto resoluci\u00f3n N\u00b0 495 exenta, de 2022, que aprueba Plan Fronteras Protegidas<\/p>\r\n\r\n\r\n\r\n<p><a href=\"https:\/\/westlawchile.cl\/maf\/app\/document?&amp;src=laley4&amp;docguid=i174709922F152DEF70534D86FB27E2D1&amp;hitguid=i174709922F152DEF70534D86FB27E2D1&amp;tocguid=&amp;spos=4&amp;epos=4&amp;td=4&amp;ao=i0AC50834CD5E878681CD6243E1B5D7B6&amp;searchFrom=&amp;savedSearch=false&amp;context=108&amp;crumb-action=append&amp;\">Ver texto completo<\/a><\/p>\r\n\r\n\r\n<hr class=\"wp-block-separator has-alpha-channel-opacity\" \/>\r\n\r\n\r\n<p><strong>Resoluci\u00f3n exenta N\u00b0 229, Ministerio de Econom\u00eda, Fomento y Turismo (11 de mayo)<\/strong><br \/>Deja sin efecto resoluci\u00f3n N\u00ba 462 exenta, de 2021, y dispone retorno a funciones de manera presencial, en t\u00e9rminos que se\u00f1ala, y delega firma para efectos que indica<\/p>\r\n\r\n\r\n\r\n<p><a href=\"https:\/\/westlawchile.cl\/maf\/app\/document?&amp;src=laley4&amp;docguid=i58D352DF1944268909A28C10D7AC9EF2&amp;hitguid=i58D352DF1944268909A28C10D7AC9EF2&amp;tocguid=&amp;spos=1&amp;epos=1&amp;td=1&amp;ao=i0AC50834CD5E878681CD6243E1B5D7B6&amp;searchFrom=&amp;savedSearch=false&amp;context=105&amp;crumb-action=append&amp;\">Ver texto completo<\/a><\/p>\r\n\r\n\r\n<hr class=\"wp-block-separator has-alpha-channel-opacity\" \/>\r\n\r\n\r\n<p><strong>Decreto N\u00b0 5, Ministerio del Medio Ambiente (11 de mayo)<\/strong><br \/>Establece norma primaria de calidad del aire para el compuesto org\u00e1nico vol\u00e1til benceno<\/p>\r\n\r\n\r\n\r\n<p><a href=\"https:\/\/westlawchile.cl\/maf\/app\/document?&amp;src=laley4&amp;docguid=i97C3D793BFBED2AAD530C7A7BFFCBECB&amp;hitguid=i97C3D793BFBED2AAD530C7A7BFFCBECB&amp;tocguid=&amp;spos=1&amp;epos=1&amp;td=3&amp;ao=i0AC50834CD5E878681CD6243E1B5D7B6&amp;searchFrom=&amp;savedSearch=false&amp;context=102&amp;crumb-action=append&amp;\">Ver texto completo<\/a><\/p>\r\n\r\n\r\n<hr class=\"wp-block-separator has-alpha-channel-opacity\" \/>\r\n\r\n\r\n<p><strong>Resoluci\u00f3n exenta N\u00b0 734, Ministerio de las Culturas, las Artes y el Patrimonio (4 de mayo)<\/strong><br \/>Autoriza modalidad de trabajo a distancia por las causales y bajo las condiciones y plazos que indica, adopta medidas para el retorno gradual de funcionarios y funcionarias y dem\u00e1s personas que indica y deroga resoluciones N\u00bas. 40 y 267 exentas, de 2023<\/p>\r\n\r\n\r\n\r\n<p><a href=\"https:\/\/westlawchile.cl\/maf\/app\/document?&amp;src=laley4&amp;docguid=i88785A440D331A4FEC8D2FE030DBFA18&amp;hitguid=i88785A440D331A4FEC8D2FE030DBFA18&amp;tocguid=&amp;spos=1&amp;epos=1&amp;td=1&amp;ao=i0AC50834CD5E878681CD6243E1B5D7B6&amp;searchFrom=&amp;savedSearch=false&amp;context=14&amp;crumb-action=append&amp;\">Ver texto completo<\/a><\/p>\r\n\r\n\r\n<hr class=\"wp-block-separator has-alpha-channel-opacity\" \/>\r\n\r\n\r\n<p><strong>Resoluci\u00f3n exenta N\u00b0 283, Ministerio del Trabajo y Previsi\u00f3n Social (27 de abril)<\/strong><br \/>Modifica resoluci\u00f3n N\u00b0 625 exenta, de 2020, que califica la situaci\u00f3n de emergencia laboral que indica y activa implementaci\u00f3n de la l\u00ednea emergencia laboral COVID-19 del Programa de formaci\u00f3n en el puesto de trabajo, conforme a lo dispuesto en el decreto N\u00b0 28, de 2011, en t\u00e9rminos y condiciones que indica<\/p>\r\n\r\n\r\n\r\n<p><a href=\"https:\/\/westlawchile.cl\/maf\/app\/document?&amp;src=laley4&amp;docguid=iD752921D457413612B5647F2CDA8E378&amp;hitguid=iD752921D457413612B5647F2CDA8E378&amp;tocguid=&amp;spos=4&amp;epos=4&amp;td=5&amp;ao=i0AC50834CD5E878681CD6243E1B5D7B6&amp;searchFrom=&amp;savedSearch=false&amp;context=7&amp;crumb-action=append&amp;\">Ver texto completo<\/a><\/p>\r\n\r\n\r\n<hr class=\"wp-block-separator has-alpha-channel-opacity\" \/>\r\n\r\n\r\n<p><strong>Decreto N\u00b0 10, Ministerio de Salud (23 de marzo)<\/strong><br \/>Prorroga vigencia del decreto N\u00ba 4, de 2020, que decreta alerta sanitaria por el per\u00edodo que se se\u00f1ala y otorga facultades extraordinarias que indica por Emergencia de Salud P\u00fablica de Importancia Internacional por brote del nuevo coronavirus (2019-NCOV)<\/p>\r\n\r\n\r\n\r\n<p><a href=\"https:\/\/westlawchile.cl\/maf\/app\/document?&amp;src=laley4&amp;docguid=iF1C7C1D66B0C3D4C56BB52179C5772E6&amp;hitguid=iF1C7C1D66B0C3D4C56BB52179C5772E6&amp;tocguid=&amp;spos=17&amp;epos=17&amp;td=46&amp;ao=i0AC50834CD5E878681CD6243E1B5D7B6&amp;searchFrom=&amp;savedSearch=false&amp;context=212&amp;crumb-action=append&amp;\">Ver texto completo<\/a><\/p>\r\n\r\n\r\n<hr class=\"wp-block-separator has-alpha-channel-opacity\" \/>\r\n\r\n\r\n<p><strong>Resoluci\u00f3n exenta N\u00b0 870, Ministerio de Transportes y Telecomunicaciones (21 de marzo)<\/strong><br \/>Suspende plazo establecido para cancelar, por antig\u00fcedad, los veh\u00edculos inscritos en el Registro Nacional de Servicios de Transporte Remunerado de Escolares, por motivos que indica<\/p>\r\n\r\n\r\n\r\n<p><a href=\"https:\/\/westlawchile.cl\/maf\/app\/document?&amp;src=laley4&amp;docguid=i317C38FE85241BB4D4BCBD20706C7895&amp;hitguid=i317C38FE85241BB4D4BCBD20706C7895&amp;tocguid=&amp;spos=3&amp;epos=3&amp;td=3&amp;ao=i0AC50834CD5E878681CD6243E1B5D7B6&amp;searchFrom=&amp;savedSearch=false&amp;context=221&amp;crumb-action=append&amp;\">Ver texto completo<\/a><\/p>\r\n\r\n\r\n<hr class=\"wp-block-separator has-alpha-channel-opacity\" \/>\r\n\r\n\r\n<p><strong>Resoluci\u00f3n exenta N\u00b0 871, Ministerio de Transportes y Telecomunicaciones (21 de marzo)<\/strong><br \/>Suspende plazo establecido para cancelar, por antig\u00fcedad, a taxis, buses y minibuses que indica, del Registro Nacional de Servicios de Transporte de Pasajeros<\/p>\r\n\r\n\r\n\r\n<p><a href=\"https:\/\/westlawchile.cl\/maf\/app\/document?&amp;src=laley4&amp;docguid=iCB0D6A77987A5A219DA750942E712C95&amp;hitguid=iCB0D6A77987A5A219DA750942E712C95&amp;tocguid=&amp;spos=4&amp;epos=4&amp;td=5&amp;ao=i0AC50834CD5E878681CD6243E1B5D7B6&amp;searchFrom=&amp;savedSearch=false&amp;context=224&amp;crumb-action=append&amp;\">Ver texto completo<\/a><\/p>\r\n\r\n\r\n<hr class=\"wp-block-separator has-alpha-channel-opacity\" \/>\r\n\r\n\r\n<p><strong>Decreto N\u00b0 386, Ministerio del Interior y Seguridad P\u00fablica (20 de marzo)<\/strong><br \/>Declara duelo oficial por un d\u00eda en memoria de la primera v\u00edctima fallecida por la pandemia del COVID-19<\/p>\r\n\r\n\r\n\r\n<p><a href=\"https:\/\/westlawchile.cl\/maf\/app\/document?&amp;src=laley4&amp;docguid=i5D318B5DE0C48C80D224463CC32FB878&amp;hitguid=i5D318B5DE0C48C80D224463CC32FB878&amp;tocguid=&amp;spos=6&amp;epos=6&amp;td=8&amp;ao=i0AC50834CD5E878681CD6243E1B5D7B6&amp;searchFrom=&amp;savedSearch=false&amp;context=228&amp;crumb-action=append&amp;\">Ver texto completo<\/a><\/p>\r\n\r\n\r\n<hr class=\"wp-block-separator has-alpha-channel-opacity\" \/>\r\n\r\n\r\n<p><strong>Decreto N\u00b0 14, Ministerio de Relaciones Exteriores (13 de marzo)<\/strong><br \/>Promulga el Acuerdo con la Organizaci\u00f3n de las Naciones Unidas para la Alimentaci\u00f3n y la Agricultura relativo al proyecto Programa Cooperaci\u00f3n Sur-Sur FAO-China \u2013 Respuesta y recuperaci\u00f3n al impacto del covid-19 en los medios de vida rurales y los sistemas alimentarios en los pa\u00edses de la Comunidad de Estados Latinoamericanos y Caribe\u00f1os a trav\u00e9s de la cooperaci\u00f3n Sur-Sur<\/p>\r\n\r\n\r\n\r\n<p><a href=\"https:\/\/westlawchile.cl\/maf\/app\/document?&amp;src=laley4&amp;docguid=iA557A8CFD3874CA225B249DBCB7AAF01&amp;hitguid=iA557A8CFD3874CA225B249DBCB7AAF01&amp;tocguid=&amp;spos=9&amp;epos=9&amp;td=9&amp;ao=i0AC50834CD5E878681CD6243E1B5D7B6&amp;searchFrom=&amp;savedSearch=false&amp;context=79&amp;crumb-action=append&amp;\">Ver texto completo<\/a><\/p>\r\n\r\n\r\n<hr class=\"wp-block-separator has-alpha-channel-opacity\" \/>\r\n\r\n\r\n<p><strong>Resoluci\u00f3n exenta N\u00b0 2.530, Seremi de Salud Regi\u00f3n del Maule (7 de febrero)<\/strong><br \/>Dispone la reestructuraci\u00f3n, reducci\u00f3n y cierre de estrategias asociadas a la pandemia por COVID-19 y conformadas en virtud del decreto N\u00ba 4, de 2020, que decreta alerta sanitaria en todo el territorio de la Rep\u00fablica<\/p>\r\n\r\n\r\n\r\n<p><a href=\"https:\/\/westlawchile.cl\/maf\/app\/document?&amp;src=laley4&amp;docguid=i364A3689B2960F5530F1E1B0C1D4DFFA&amp;hitguid=i364A3689B2960F5530F1E1B0C1D4DFFA&amp;tocguid=&amp;spos=1&amp;epos=1&amp;td=2&amp;ao=i0AC50834CD5E878681CD6243E1B5D7B6&amp;searchFrom=&amp;savedSearch=false&amp;context=91&amp;crumb-action=append&amp;\">Ver texto completo<\/a><\/p>\r\n\r\n\r\n<hr class=\"wp-block-separator has-alpha-channel-opacity\" \/>\r\n\r\n\r\n<p><strong>Resoluci\u00f3n exenta N\u00b0 146, Ministerio de Salud (7 de febrero)<\/strong><br \/>Modifica resoluciones N\u00b0 1.472 y N\u00b0 1.530 exentas, de 2022, que establecen las medidas sanitarias para el traslado de personas a Isla de Pascua y a Juan Fern\u00e1ndez, respectivamente<\/p>\r\n\r\n\r\n\r\n<p><a href=\"https:\/\/westlawchile.cl\/maf\/app\/document?&amp;src=laley4&amp;docguid=iE66F820422B98354F7A17BB011305CE5&amp;hitguid=iE66F820422B98354F7A17BB011305CE5&amp;tocguid=&amp;spos=1&amp;epos=1&amp;td=5&amp;ao=i0AC50834CD5E878681CD6243E1B5D7B6&amp;searchFrom=&amp;savedSearch=false&amp;context=94&amp;crumb-action=append&amp;\">Ver texto completo<\/a><\/p>\r\n\r\n\r\n<hr class=\"wp-block-separator has-alpha-channel-opacity\" \/>\r\n\r\n\r\n<p><strong>Ley N\u00b0 21.530, Ministerio de Salud (2 de febrero)<\/strong><br \/>Establece un derecho a descanso reparatorio para trabajadores de la salud del sector privado, como reconocimiento a su labor durante la pandemia de COVID-19<\/p>\r\n\r\n\r\n\r\n<p><a href=\"https:\/\/westlawchile.cl\/maf\/app\/document?&amp;src=laley4&amp;docguid=iBE178494D9AC3170E2D2C4F28EF16ECE&amp;hitguid=iBE178494D9AC3170E2D2C4F28EF16ECE&amp;tocguid=&amp;spos=1&amp;epos=1&amp;td=1&amp;ao=i0AC50834CD5E878681CD6243E1B5D7B6&amp;searchFrom=&amp;savedSearch=false&amp;context=152&amp;crumb-action=append&amp;\">Ver texto completo<\/a><\/p>\r\n\r\n\r\n<hr class=\"wp-block-separator has-alpha-channel-opacity\" \/>\r\n\r\n\r\n<p><strong>Resoluci\u00f3n exenta N\u00b0 1.487, Seremi de Salud Regi\u00f3n Metropolitana (31 de enero)<\/strong><br \/>Dispone el cierre de la estrategia sanitaria denominada Trazabilidad o Trazabilidad Call Center<\/p>\r\n\r\n\r\n\r\n<p><a href=\"https:\/\/westlawchile.cl\/maf\/app\/document?&amp;src=laley4&amp;docguid=i61B3D423C676AA2A77EB7A300CF35B8C&amp;hitguid=i61B3D423C676AA2A77EB7A300CF35B8C&amp;tocguid=&amp;spos=1&amp;epos=1&amp;td=1&amp;ao=i0AC50834CD5E878681CD6243E1B5D7B6&amp;searchFrom=&amp;savedSearch=false&amp;context=158&amp;crumb-action=append&amp;\">Ver texto completo<\/a><\/p>\r\n\r\n\r\n<hr class=\"wp-block-separator has-alpha-channel-opacity\" \/>\r\n\r\n\r\n<p><strong>Resoluci\u00f3n exenta N\u00b0 92, Ministerio de Salud (25 de enero)<\/strong><br \/>Modifica resoluci\u00f3n N\u00b0 495 exenta, de 2022, que aprueba Plan Fronteras Protegidas<\/p>\r\n\r\n\r\n\r\n<p><a href=\"https:\/\/westlawchile.cl\/maf\/app\/document?&amp;src=laley4&amp;docguid=i94B5FABEDB066100846436C1E93554BE&amp;hitguid=i94B5FABEDB066100846436C1E93554BE&amp;tocguid=&amp;spos=2&amp;epos=2&amp;td=2&amp;ao=i0AC50834CD5E878681CD6243E1B5D7B6&amp;searchFrom=&amp;savedSearch=false&amp;context=221&amp;crumb-action=append&amp;\">Ver texto completo<\/a><\/p>\r\n\r\n\r\n<hr class=\"wp-block-separator has-alpha-channel-opacity\" \/>\r\n\r\n\r\n<p><strong>Resoluci\u00f3n exenta N\u00b0 1.155, Seremi de Salud Regi\u00f3n Metropolitana (18 de enero)<\/strong><br \/>Dispone el cierre de la estrategia de aduanas y barreras sanitarias del Aeropuerto Arturo Merino Ben\u00edtez, barrera de pasos fronterizos y cordones sanitarios<\/p>\r\n\r\n\r\n\r\n<p><a href=\"https:\/\/westlawchile.cl\/maf\/app\/document?&amp;src=laley4&amp;docguid=iA2D30232E28980A434E4E5A05C83F9F9&amp;hitguid=iA2D30232E28980A434E4E5A05C83F9F9&amp;tocguid=&amp;spos=2&amp;epos=2&amp;td=2&amp;ao=i0AC50834CD5E878681CD6243E1B5D7B6&amp;searchFrom=&amp;savedSearch=false&amp;context=224&amp;crumb-action=append&amp;\">Ver texto completo<\/a><\/p>\r\n\r\n\r\n<hr class=\"wp-block-separator has-alpha-channel-opacity\" \/>\r\n\r\n\r\n<p><strong>Resoluci\u00f3n exenta N\u00b0 40, Ministerio de las Culturas, las Artes y el Patrimonio (18 de enero)<\/strong><br \/>Exime de control horario y establece modalidad de trabajo a distancia por las causales y bajo las condiciones que indica y deroga resoluci\u00f3n N\u00b0 940 exenta, de 2022<\/p>\r\n\r\n\r\n\r\n<p><a href=\"https:\/\/westlawchile.cl\/maf\/app\/document?&amp;src=laley4&amp;docguid=i44396BBB340679CD4A43AFA34D5B2509&amp;hitguid=i44396BBB340679CD4A43AFA34D5B2509&amp;tocguid=&amp;spos=1&amp;epos=1&amp;td=1&amp;ao=i0AC50834CD5E878681CD6243E1B5D7B6&amp;searchFrom=&amp;savedSearch=false&amp;context=228&amp;crumb-action=append&amp;\">Ver texto completo<\/a><\/p>\r\n\r\n\r\n<hr class=\"wp-block-separator has-alpha-channel-opacity\" \/>\r\n\r\n\r\n<p><strong>Resoluci\u00f3n exenta N\u00b0 2.376, Seremi de Salud Regi\u00f3n del Maule (6 de enero)<\/strong><br \/>Establece t\u00e9rmino de la estrategia fiscalizaci\u00f3n agr\u00edcola \u2013 uso COVID-19 asociada a la pandemia por COVID-19<\/p>\r\n\r\n\r\n\r\n<p><a href=\"https:\/\/westlawchile.cl\/maf\/app\/document?&amp;src=laley4&amp;docguid=i91E52101EEAA027134753DAB80581E93&amp;hitguid=i91E52101EEAA027134753DAB80581E93&amp;tocguid=&amp;spos=1&amp;epos=1&amp;td=1&amp;ao=i0AC50834CD5E878681CD6243E1B5D7B6&amp;searchFrom=&amp;savedSearch=false&amp;context=232&amp;crumb-action=append&amp;\">Ver texto completo<\/a><\/p>\r\n\r\n\r\n\r\n<h1 class=\"wp-block-heading\"><strong>2022<\/strong><\/h1>\r\n\r\n\r\n\r\n<p><strong>Decreto N\u00b0 91, Ministerio de Salud (31 de diciembre)<\/strong><br \/>Prorroga vigencia de decreto N\u00b0 4, de 2020, que decreta alerta sanitaria por periodo que se\u00f1ala y otorga facultades extraordinarias que indica por Emergencia de Salud P\u00fablica de Importancia Internacional por brote del nuevo coronavirus<\/p>\r\n\r\n\r\n\r\n<p><a href=\"https:\/\/westlawchile.cl\/maf\/app\/document?&amp;src=laley4&amp;docguid=iC74D96C3A0F75C8328DF0B91B92E9769&amp;hitguid=iC74D96C3A0F75C8328DF0B91B92E9769&amp;tocguid=&amp;spos=15&amp;epos=15&amp;td=22&amp;ao=i0AC50834CD5E878681CD6243E1B5D7B6&amp;searchFrom=&amp;savedSearch=false&amp;context=188&amp;crumb-action=append&amp;\">Ver texto completo<\/a><\/p>\r\n\r\n\r\n<hr class=\"wp-block-separator has-alpha-channel-opacity\" \/>\r\n\r\n\r\n<p><strong>Resoluci\u00f3n exenta N\u00b0 1.842, Ministerio de Salud (31 de diciembre)<\/strong><br \/>Modifica resoluci\u00f3n N\u00b0 495 exenta, de 2022, que aprueba Plan Fronteras Protegidas<\/p>\r\n\r\n\r\n\r\n<p><a href=\"https:\/\/westlawchile.cl\/maf\/app\/document?&amp;src=laley4&amp;docguid=i397E6062D7B02D5EA3A12DC2A2CF67CF&amp;hitguid=i397E6062D7B02D5EA3A12DC2A2CF67CF&amp;tocguid=&amp;spos=1&amp;epos=1&amp;td=1&amp;ao=i0AC50834CD5E878681CD6243E1B5D7B6&amp;searchFrom=&amp;savedSearch=false&amp;context=196&amp;crumb-action=append&amp;\">Ver texto completo<\/a><\/p>\r\n\r\n\r\n<hr class=\"wp-block-separator has-alpha-channel-opacity\" \/>\r\n\r\n\r\n<p><strong>Resoluci\u00f3n exenta N\u00b0 1.741, Ministerio de Salud (21 de diciembre)<\/strong><br \/>Aprueba Protocolo de investigaci\u00f3n de brotes y medidas sanitarias en establecimientos de adultos mayores en contexto de pandemia COVID-19 y sus anexos<\/p>\r\n\r\n\r\n\r\n<p><a href=\"https:\/\/westlawchile.cl\/maf\/app\/document?&amp;src=laley4&amp;docguid=i6EA2A4DAB1D67CD8E450AD212BDFD7A4&amp;hitguid=i6EA2A4DAB1D67CD8E450AD212BDFD7A4&amp;tocguid=&amp;spos=3&amp;epos=3&amp;td=3&amp;ao=i0AC50834CD5E878681CD6243E1B5D7B6&amp;searchFrom=&amp;savedSearch=false&amp;context=199&amp;crumb-action=append&amp;\">Ver texto completo<\/a><\/p>\r\n\r\n\r\n<hr class=\"wp-block-separator has-alpha-channel-opacity\" \/>\r\n\r\n\r\n<p><strong>Decreto N\u00b0 435, Ministerio de Hacienda (16 de diciembre)<\/strong><br \/>Aprueba Reglamento de administraci\u00f3n del Fondo de Garant\u00eda para Peque\u00f1os y Medianos Empresarios aplicable a las garant\u00edas Chile Apoya<\/p>\r\n\r\n\r\n\r\n<p><a href=\"https:\/\/westlawchile.cl\/maf\/app\/document?&amp;src=laley4&amp;docguid=i6E6E5B59CF0C4A8F0CC025408A0450A6&amp;hitguid=i6E6E5B59CF0C4A8F0CC025408A0450A6&amp;tocguid=&amp;spos=2&amp;epos=2&amp;td=6&amp;ao=i0AC50834CD5E878681CD6243E1B5D7B6&amp;searchFrom=&amp;savedSearch=false&amp;context=384&amp;crumb-action=append&amp;\">Ver texto completo<\/a><\/p>\r\n\r\n\r\n<hr class=\"wp-block-separator has-alpha-channel-opacity\" \/>\r\n\r\n\r\n<p><strong>Ley N\u00b0 21.512, Ministerio de Salud (14 de diciembre)<\/strong><br \/>Regula la disposici\u00f3n final de elementos de protecci\u00f3n personal de car\u00e1cter sanitario y proh\u00edbe y sanciona su eliminaci\u00f3n en lugares p\u00fablicos<\/p>\r\n\r\n\r\n\r\n<p><a href=\"https:\/\/westlawchile.cl\/maf\/app\/document?&amp;src=laley4&amp;docguid=i01E45EF7FDE5076C5EBEA520CE1D88E2&amp;hitguid=i01E45EF7FDE5076C5EBEA520CE1D88E2&amp;tocguid=&amp;spos=1&amp;epos=1&amp;td=1&amp;ao=i0AC50834CD5E878681CD6243E1B5D7B6&amp;searchFrom=&amp;savedSearch=false&amp;context=387&amp;crumb-action=append&amp;\">Ver texto completo<\/a><\/p>\r\n\r\n\r\n<hr class=\"wp-block-separator has-alpha-channel-opacity\" \/>\r\n\r\n\r\n<p><strong>Resoluci\u00f3n exenta N\u00b0 1.281, Ministerio del Trabajo y Previsi\u00f3n Social (12 de diciembre)<\/strong><br \/>Modifica resoluci\u00f3n N\u00ba625 exenta, de 2020, que califica la situaci\u00f3n de emergencia laboral que indica y activa implementaci\u00f3n de la l\u00ednea emergencia laboral COVID-19 del Programa de Formaci\u00f3n en el Puesto de Trabajo, conforme a lo dispuesto en el decreto N\u00ba28, de 2011, en los t\u00e9rminos y condiciones que indica<\/p>\r\n\r\n\r\n\r\n<p><a href=\"https:\/\/westlawchile.cl\/maf\/app\/document?&amp;src=laley4&amp;docguid=iF4A293C26DC1DDD901C91F629A4DA50B&amp;hitguid=iF4A293C26DC1DDD901C91F629A4DA50B&amp;tocguid=&amp;spos=1&amp;epos=1&amp;td=1&amp;ao=i0AC50834CD5E878681CD6243E1B5D7B6&amp;searchFrom=&amp;savedSearch=false&amp;context=390&amp;crumb-action=append&amp;\">Ver texto completo<\/a><\/p>\r\n\r\n\r\n<hr class=\"wp-block-separator has-alpha-channel-opacity\" \/>\r\n\r\n\r\n<p><strong>Resoluci\u00f3n exenta N\u00b0 1.666, Ministerio de Salud (9 de diciembre)<\/strong><br \/>Modifica resoluci\u00f3n N\u00ba 473 exenta, de 2022, que crea Comisi\u00f3n Nacional de Respuesta Pand\u00e9mica COVID-19 y deja sin efecto Consejo Asesor COVID-19<\/p>\r\n\r\n\r\n\r\n<p><a href=\"https:\/\/westlawchile.cl\/maf\/app\/document?&amp;src=laley4&amp;docguid=i2EBF1FCCDFD71C38DB07EF0D23800420&amp;hitguid=i2EBF1FCCDFD71C38DB07EF0D23800420&amp;tocguid=&amp;spos=1&amp;epos=1&amp;td=1&amp;ao=i0AC50834CD5E878681CD6243E1B5D7B6&amp;searchFrom=&amp;savedSearch=false&amp;context=393&amp;crumb-action=append&amp;\">Ver texto completo<\/a><\/p>\r\n\r\n\r\n<hr class=\"wp-block-separator has-alpha-channel-opacity\" \/>\r\n\r\n\r\n<p><strong>Resoluci\u00f3n exenta N\u00b0 1.645, Ministerio de Salud (1 de diciembre)<\/strong><br \/>Modifica resoluci\u00f3n N\u00ba 1.472 exenta, de 2022, que establece medidas sanitarias para el traslado de personas a Isla de Pascua<\/p>\r\n\r\n\r\n\r\n<p><a href=\"https:\/\/westlawchile.cl\/maf\/app\/document?&amp;src=laley4&amp;docguid=i4FF704C19C89AFA7F5EF299902B9B530&amp;hitguid=i4FF704C19C89AFA7F5EF299902B9B530&amp;tocguid=&amp;spos=2&amp;epos=2&amp;td=2&amp;ao=i0AC50834CD5E878681CD6243E1B5D7B6&amp;searchFrom=&amp;savedSearch=false&amp;context=20&amp;crumb-action=append&amp;\">Ver texto completo<\/a><\/p>\r\n\r\n\r\n<hr class=\"wp-block-separator has-alpha-channel-opacity\" \/>\r\n\r\n\r\n<p><strong>Ley N\u00b0 21.509, Ministerio de Salud (25 de noviembre)<\/strong><br \/>Que autoriza la toma de examen PCR desde los 14 a\u00f1os, sin el consentimiento de sus progenitores o de quien ostente el cuidado personal y\/o patria potestad, en el contexto del programa de b\u00fasqueda de casos activos de COVID-19<\/p>\r\n\r\n\r\n\r\n<p><a href=\"https:\/\/westlawchile.cl\/maf\/app\/document?&amp;src=laley4&amp;docguid=iD863F9303CF759D84FFFD650E15DB7E5&amp;hitguid=iD863F9303CF759D84FFFD650E15DB7E5&amp;tocguid=&amp;spos=1&amp;epos=1&amp;td=1&amp;ao=i0AC50834CD5E878681CD6243E1B5D7B6&amp;searchFrom=&amp;savedSearch=false&amp;context=179&amp;crumb-action=append&amp;\">Ver texto completo<\/a><\/p>\r\n\r\n\r\n<hr class=\"wp-block-separator has-alpha-channel-opacity\" \/>\r\n\r\n\r\n<p><strong>Ley N\u00b0 21.510, Ministerio del Trabajo y Previsi\u00f3n Social (24 de noviembre)<\/strong><br \/>Extiende transitoriamente el permiso postnatal parental<\/p>\r\n\r\n\r\n\r\n<p><a href=\"https:\/\/westlawchile.cl\/maf\/app\/document?&amp;src=laley4&amp;docguid=i03C13587C4749E2AE9015ED6E4D3F092&amp;hitguid=i03C13587C4749E2AE9015ED6E4D3F092&amp;tocguid=&amp;spos=1&amp;epos=1&amp;td=1&amp;ao=i0AC50834CD5E878681CD6243E1B5D7B6&amp;searchFrom=&amp;savedSearch=false&amp;context=164&amp;crumb-action=append&amp;\">Ver texto completo<\/a><\/p>\r\n\r\n\r\n<hr class=\"wp-block-separator has-alpha-channel-opacity\" \/>\r\n\r\n\r\n<p><strong>Resoluci\u00f3n exenta N\u00b0 1.583, Ministerio de Salud (22 de noviembre)<\/strong><br \/>Aprueba documento Vigilancia de Errores Program\u00e1ticos vacuna contra SARS-CoV-2. Actualizaci\u00f3n 20 de septiembre de 2022<\/p>\r\n\r\n\r\n\r\n<p><a href=\"https:\/\/westlawchile.cl\/maf\/app\/document?&amp;src=laley4&amp;docguid=i5D212D0AE200671320244FE618D281D4&amp;hitguid=i5D212D0AE200671320244FE618D281D4&amp;tocguid=&amp;spos=1&amp;epos=1&amp;td=1&amp;ao=i0AC50834CD5E878681CD6243E1B5D7B6&amp;searchFrom=&amp;savedSearch=false&amp;context=167&amp;crumb-action=append&amp;\">Ver texto completo<\/a><\/p>\r\n\r\n\r\n<hr class=\"wp-block-separator has-alpha-channel-opacity\" \/>\r\n\r\n\r\n<p><strong>Decreto N\u00b0 27, Ministerio se Ciencia, Tecnolog\u00eda, Conocimiento e Innovaci\u00f3n (17 de noviembre)<\/strong><br \/>Modifica decreto N\u00ba 664, de 2008, del Ministerio de Educaci\u00f3n, que establece normas sobre el otorgamiento de becas del Programa Becas Bicentenario de Postgrado, Becas Chile, en lo que respecta a las becas administradas por la Agencia Nacional de Investigaci\u00f3n y Desarrollo, en el sentido de facultar la pr\u00f3rroga de becas Bicentenario de doctorado que hayan sufrido interrupci\u00f3n por la pandemia provocada por el covid-19, por medidas de confinamiento y otras similares<\/p>\r\n\r\n\r\n\r\n<p><a href=\"https:\/\/westlawchile.cl\/maf\/app\/document?&amp;src=laley4&amp;docguid=iEF311A6FED8A721F02ECE95CE37461AE&amp;hitguid=iEF311A6FED8A721F02ECE95CE37461AE&amp;tocguid=&amp;spos=28&amp;epos=28&amp;td=32&amp;ao=i0AC50834CD5E878681CD6243E1B5D7B6&amp;searchFrom=&amp;savedSearch=false&amp;context=10&amp;crumb-action=append&amp;\">Ver texto completo<\/a><\/p>\r\n\r\n\r\n<hr class=\"wp-block-separator has-alpha-channel-opacity\" \/>\r\n\r\n\r\n<p><strong>Decreto N\u00b0 28, Ministerio se Ciencia, Tecnolog\u00eda, Conocimiento e Innovaci\u00f3n (17 de noviembre)<\/strong><br \/>Modifica decreto N\u00b0 335, de 2010, del Ministerio de Educaci\u00f3n, que establece criterios y condiciones para asignar becas nacionales de postgrado, de la Agencia Nacional de Investigaci\u00f3n y Desarrollo, en el sentido de facultar la pr\u00f3rroga de becas nacionales de doctorado que hayan sufrido interrupci\u00f3n por la pandemia provocada por el covid-19, por medidas de confinamiento y otras similares<\/p>\r\n\r\n\r\n\r\n<p><a href=\"https:\/\/westlawchile.cl\/maf\/app\/document?&amp;src=laley4&amp;docguid=i5D1C14956ED3A08188B9B87F79608B04&amp;hitguid=i5D1C14956ED3A08188B9B87F79608B04&amp;tocguid=&amp;spos=40&amp;epos=40&amp;td=43&amp;ao=i0AC50834CD5E878681CD6243E1B5D7B6&amp;searchFrom=&amp;savedSearch=false&amp;context=22&amp;crumb-action=append&amp;\">Ver texto completo<\/a><\/p>\r\n\r\n\r\n<hr class=\"wp-block-separator has-alpha-channel-opacity\" \/>\r\n\r\n\r\n<p><strong>Ley N\u00b0 21.506, Ministerio de Educaci\u00f3n (15 de noviembre)<\/strong><br \/>Suspende las evaluaciones de los profesionales de la educaci\u00f3n durante el a\u00f1o 2022 y modifica las normas que indica<\/p>\r\n\r\n\r\n\r\n<p><a href=\"https:\/\/westlawchile.cl\/maf\/app\/document?&amp;src=laley4&amp;docguid=i4523D52D3F29076884EAC0C131D1446F&amp;hitguid=i4523D52D3F29076884EAC0C131D1446F&amp;tocguid=&amp;spos=1&amp;epos=1&amp;td=1&amp;ao=i0AC50834CD5E878681CD6243E1B5D7B6&amp;searchFrom=&amp;savedSearch=false&amp;context=26&amp;crumb-action=append&amp;\">Ver texto completo<\/a><\/p>\r\n\r\n\r\n<hr class=\"wp-block-separator has-alpha-channel-opacity\" \/>\r\n\r\n\r\n<p><strong>Resoluci\u00f3n exenta N\u00b0 1.530, Ministerio de Salud (8 de noviembre)<\/strong><br \/>Establece medidas sanitarias para el traslado de personas a la comuna de Juan Fern\u00e1ndez; deja sin efecto resoluci\u00f3n N\u00b0 310 exenta, de 2022, de la Secretar\u00eda Ministerial Regional de Salud de Valpara\u00edso, y modifica resoluci\u00f3n N\u00b0 1.400 exenta, de 2022<\/p>\r\n\r\n\r\n\r\n<p><a href=\"https:\/\/westlawchile.cl\/maf\/app\/document?&amp;src=laley4&amp;docguid=i69549353F2439D5C09B2D83F34867976&amp;hitguid=i69549353F2439D5C09B2D83F34867976&amp;tocguid=&amp;spos=1&amp;epos=1&amp;td=2&amp;ao=i0AC50834CD5E878681CD6243E1B5D7B6&amp;searchFrom=&amp;savedSearch=false&amp;context=29&amp;crumb-action=append&amp;\">Ver texto completo<\/a><\/p>\r\n\r\n\r\n<hr class=\"wp-block-separator has-alpha-channel-opacity\" \/>\r\n\r\n\r\n<p><strong>Resoluci\u00f3n exenta N\u00b0 680, Ministerio de Salud (4 de noviembre)<\/strong><br \/>Dispone la disminuci\u00f3n y\/o reestructuraci\u00f3n de estrategias sanitarias asociadas a la pandemia por COVID-19<\/p>\r\n\r\n\r\n\r\n<p><a href=\"https:\/\/westlawchile.cl\/maf\/app\/document?&amp;src=laley4&amp;docguid=iC6946D84817F5A349A51213E970F3FDB&amp;hitguid=iC6946D84817F5A349A51213E970F3FDB&amp;tocguid=&amp;spos=3&amp;epos=3&amp;td=4&amp;ao=i0AC50834CD5E878681CD6243E1B5D7B6&amp;searchFrom=&amp;savedSearch=false&amp;context=32&amp;crumb-action=append&amp;\">Ver texto completo<\/a><\/p>\r\n\r\n\r\n<hr class=\"wp-block-separator has-alpha-channel-opacity\" \/>\r\n\r\n\r\n<p><strong>Decreto N\u00b0 60, Ministerio del Trabajo y Previsi\u00f3n Social (24 de octubre)<\/strong><br \/>Modifica decreto N\u00ba 28, de 2011, que establece componentes, l\u00edneas de acci\u00f3n, procedimientos, modalidades y mecanismos de control del programa de formaci\u00f3n en el puesto de trabajo<\/p>\r\n\r\n\r\n\r\n<p><a href=\"https:\/\/westlawchile.cl\/maf\/app\/document?&amp;src=laley4&amp;docguid=iD8C172E5180554EBFC43EF8EB7EA9E8E&amp;hitguid=iD8C172E5180554EBFC43EF8EB7EA9E8E&amp;tocguid=&amp;spos=16&amp;epos=16&amp;td=27&amp;ao=i0AC50834CD5E878681CD6243E1B5D7B6&amp;searchFrom=&amp;savedSearch=false&amp;context=35&amp;crumb-action=append&amp;\">Ver texto completo<\/a><\/p>\r\n\r\n\r\n<hr class=\"wp-block-separator has-alpha-channel-opacity\" \/>\r\n\r\n\r\n<p><strong>Resoluci\u00f3n exenta N\u00b0 1.425, Ministerio de Salud (18 de octubre)<\/strong><br \/>Aprueba lineamientos t\u00e9cnicos operativos para dosis de refuerzo con vacuna bivalente contra SARS-CoV-2<\/p>\r\n\r\n\r\n\r\n<p><a href=\"https:\/\/westlawchile.cl\/maf\/app\/document?&amp;src=laley4&amp;docguid=iFCCC629E8CCA16C9CA9D2A7D26C0B5FF&amp;hitguid=iFCCC629E8CCA16C9CA9D2A7D26C0B5FF&amp;tocguid=&amp;spos=1&amp;epos=1&amp;td=2&amp;ao=i0AC50834CD5E878681CD6243E1B5D7B6&amp;searchFrom=&amp;savedSearch=false&amp;context=50&amp;crumb-action=append&amp;\">Ver texto completo<\/a><\/p>\r\n\r\n\r\n<hr class=\"wp-block-separator has-alpha-channel-opacity\" \/>\r\n\r\n\r\n<p><strong>Resoluci\u00f3n exenta N\u00b0 1.472, Ministerio de Salud (18 de octubre)<\/strong><br \/>Establece medidas sanitarias para el traslado de personas a la Isla de Pascua, y deja sin efecto resoluci\u00f3n N\u00b0 1.057 exenta, de 2022<\/p>\r\n\r\n\r\n\r\n<p><a href=\"https:\/\/westlawchile.cl\/maf\/app\/document?&amp;src=laley4&amp;docguid=i3BFA51A276345C6E0C928E123D1E350D&amp;hitguid=i3BFA51A276345C6E0C928E123D1E350D&amp;tocguid=&amp;spos=1&amp;epos=1&amp;td=1&amp;ao=i0AC50834CD5E878681CD6243E1B5D7B6&amp;searchFrom=&amp;savedSearch=false&amp;context=53&amp;crumb-action=append&amp;\">Ver texto completo<\/a><\/p>\r\n\r\n\r\n<hr class=\"wp-block-separator has-alpha-channel-opacity\" \/>\r\n\r\n\r\n<p><strong>Ley N\u00b0 21.502, Ministerio de Salud (11 de octubre)<\/strong><br \/>Prorroga habilitaci\u00f3n temporal consagrada en la ley N\u00ba 21.274<\/p>\r\n\r\n\r\n\r\n<p><a href=\"https:\/\/westlawchile.cl\/maf\/app\/document?&amp;src=laley4&amp;docguid=i33B7D3BA53DC45E0DB8213F96E9AE7AB&amp;hitguid=i33B7D3BA53DC45E0DB8213F96E9AE7AB&amp;tocguid=&amp;spos=1&amp;epos=1&amp;td=1&amp;ao=i0AC50834CD5E878681CD6243E1B5D7B6&amp;searchFrom=&amp;savedSearch=false&amp;context=56&amp;crumb-action=append&amp;\">Ver texto completo<\/a><\/p>\r\n\r\n\r\n<hr class=\"wp-block-separator has-alpha-channel-opacity\" \/>\r\n\r\n\r\n<p><strong>Resoluci\u00f3n exenta N\u00b0 1.948, Seremi de Salud Regi\u00f3n del Maule (5 de octubre)<\/strong><br \/>Dispone reestructuraci\u00f3n, reducci\u00f3n y cierre de las estrategias conformadas con ocasi\u00f3n del decreto N\u00ba 4, de 2020, que decreta alerta sanitaria en todo el territorio de la Rep\u00fablica con ocasi\u00f3n de la pandemia del coronavirus y dispone medidas que indica<\/p>\r\n\r\n\r\n\r\n<p><a href=\"https:\/\/westlawchile.cl\/maf\/app\/document?&amp;src=laley4&amp;docguid=iC4EC854F80A80783C570A45FAB4D04A2&amp;hitguid=iC4EC854F80A80783C570A45FAB4D04A2&amp;tocguid=&amp;spos=2&amp;epos=2&amp;td=3&amp;ao=i0AC50834CD5E878681CD6243E1B5D7B6&amp;searchFrom=&amp;savedSearch=false&amp;context=59&amp;crumb-action=append&amp;\">Ver texto completo<\/a><\/p>\r\n\r\n\r\n<hr class=\"wp-block-separator has-alpha-channel-opacity\" \/>\r\n\r\n\r\n<p><strong>Resoluci\u00f3n exenta n\u00famero J1-2099, Seremi de Salud Regi\u00f3n del Antofagasta (5 de octubre)<\/strong><br \/>Establece t\u00e9rmino de la estrategia de fiscalizaci\u00f3n asociada a la pandemia por COVID-19<\/p>\r\n\r\n\r\n\r\n<p><a href=\"https:\/\/westlawchile.cl\/maf\/app\/document?&amp;src=laley4&amp;docguid=i4F6F26A2D0318A8696DA4D7BF9E5F979&amp;hitguid=i4F6F26A2D0318A8696DA4D7BF9E5F979&amp;tocguid=&amp;spos=1&amp;epos=1&amp;td=2&amp;ao=i0AC50834CD5E878681CD6243E1B5D7B6&amp;searchFrom=&amp;savedSearch=false&amp;context=62&amp;crumb-action=append&amp;\">Ver texto completo<\/a><\/p>\r\n\r\n\r\n<hr class=\"wp-block-separator has-alpha-channel-opacity\" \/>\r\n\r\n\r\n<p><strong>Resoluci\u00f3n exenta N\u00b0 1.400, Ministerio de Salud (30 de septiembre)<\/strong><br \/>Establece plan Seguimos Cuid\u00e1ndonos<\/p>\r\n\r\n\r\n\r\n<p><a href=\"https:\/\/westlawchile.cl\/maf\/app\/document?&amp;src=laley4&amp;docguid=i29F9D92D3D4B604BD25AEF07703C6C49&amp;hitguid=i29F9D92D3D4B604BD25AEF07703C6C49&amp;tocguid=&amp;spos=1&amp;epos=1&amp;td=1&amp;ao=i0AC50834CD5E878681CD6243E1B5D7B6&amp;searchFrom=&amp;savedSearch=false&amp;context=65&amp;crumb-action=append&amp;\">Ver texto completo<\/a><\/p>\r\n\r\n\r\n<hr class=\"wp-block-separator has-alpha-channel-opacity\" \/>\r\n\r\n\r\n<p><strong>Resoluci\u00f3n exenta N\u00b0 1.401, Ministerio de Salud (30 de septiembre)<\/strong><br \/>Modifica la resoluci\u00f3n N\u00b0 495 exenta, de 2022, que aprueba plan Fronteras Protegidas<\/p>\r\n\r\n\r\n\r\n<p><a href=\"https:\/\/westlawchile.cl\/maf\/app\/document?&amp;src=laley4&amp;docguid=i44C7BD4CE5AE497599784C52760D399A&amp;hitguid=i44C7BD4CE5AE497599784C52760D399A&amp;tocguid=&amp;spos=1&amp;epos=1&amp;td=1&amp;ao=i0AC50834CD5E878681CD6243E1B5D7B6&amp;searchFrom=&amp;savedSearch=false&amp;context=68&amp;crumb-action=append&amp;\">Ver texto completo<\/a><\/p>\r\n\r\n\r\n<hr class=\"wp-block-separator has-alpha-channel-opacity\" \/>\r\n\r\n\r\n<p><strong>Decreto N\u00b0 75, Ministerio de Salud (30 de septiembre)<\/strong><br \/>Prorroga vigencia y modifica decreto N\u00b0 4, de 2020, que decreta alerta sanitaria por el periodo que se se\u00f1ala y otorga facultades extraordinarias que indica por Emergencia de Salud P\u00fablica de Importancia Internacional por brote del nuevo coronavirus (2019-NCOV)<\/p>\r\n\r\n\r\n\r\n<p><a href=\"https:\/\/westlawchile.cl\/maf\/app\/document?&amp;src=laley4&amp;docguid=iF2D775851BBE1D4E95F2B4437B596D42&amp;hitguid=iF2D775851BBE1D4E95F2B4437B596D42&amp;tocguid=&amp;spos=14&amp;epos=14&amp;td=21&amp;ao=i0AC50834CD5E878681CD6243E1B5D7B6&amp;searchFrom=&amp;savedSearch=false&amp;context=390&amp;crumb-action=append&amp;\">Ver texto completo<\/a><\/p>\r\n\r\n\r\n<hr class=\"wp-block-separator has-alpha-channel-opacity\" \/>\r\n\r\n\r\n<p><strong>Resoluci\u00f3n exenta N\u00b0 1.370, Ministerio de Salud (29 de septiembre)<\/strong><br \/>Modifica resoluci\u00f3n N\u00b0 473 exenta, de 2022, que crea Comisi\u00f3n Nacional de Respuesta Pand\u00e9mica COVID-19 y deja sin efecto Consejo Asesor COVID-19<\/p>\r\n\r\n\r\n\r\n<p><a href=\"https:\/\/westlawchile.cl\/maf\/app\/document?&amp;src=laley4&amp;docguid=i4A62BD9EEB550BD1C2BA9C0D68F84C02&amp;hitguid=i4A62BD9EEB550BD1C2BA9C0D68F84C02&amp;tocguid=&amp;spos=1&amp;epos=1&amp;td=1&amp;ao=i0AC50834CD5E878681CD6243E1B5D7B6&amp;searchFrom=&amp;savedSearch=false&amp;context=400&amp;crumb-action=append&amp;\">Ver texto completo<\/a><\/p>\r\n\r\n\r\n<hr class=\"wp-block-separator has-alpha-channel-opacity\" \/>\r\n\r\n\r\n<p><strong>Resoluci\u00f3n exenta N\u00b0 1.342, Ministerio de Salud (22 de septiembre)<\/strong><br \/>Dispone medidas sanitarias que indica por brote de COVID-19<\/p>\r\n\r\n\r\n\r\n<p><a href=\"https:\/\/westlawchile.cl\/maf\/app\/document?&amp;src=laley4&amp;docguid=iB87D800F2FFB44264DCA4D33D4670E00&amp;hitguid=iB87D800F2FFB44264DCA4D33D4670E00&amp;tocguid=&amp;spos=1&amp;epos=1&amp;td=1&amp;ao=i0AC50834CD5E878681CD6243E1B5D7B6&amp;searchFrom=&amp;savedSearch=false&amp;context=111&amp;crumb-action=append&amp;\">Ver texto completo<\/a><\/p>\r\n\r\n\r\n<hr class=\"wp-block-separator has-alpha-channel-opacity\" \/>\r\n\r\n\r\n<p><strong>Resoluci\u00f3n exenta N\u00b0 313, Direcci\u00f3n General del Cr\u00e9dito Prendario (17 de septiembre)<\/strong><br \/>Declara suspensi\u00f3n de remates presenciales y electr\u00f3nicos, seg\u00fan se indica, en las unidades de cr\u00e9dito del pa\u00eds para el mes de septiembre del a\u00f1o 2022<\/p>\r\n\r\n\r\n\r\n<p><a href=\"https:\/\/westlawchile.cl\/maf\/app\/document?&amp;src=laley4&amp;docguid=iC1E8D175718929E9BA6462B24925E76F&amp;hitguid=iC1E8D175718929E9BA6462B24925E76F&amp;tocguid=&amp;spos=1&amp;epos=1&amp;td=2&amp;ao=i0AC50834CD5E878681CD6243E1B5D7B6&amp;searchFrom=&amp;savedSearch=false&amp;context=114&amp;crumb-action=append&amp;\">Ver texto completo<\/a><\/p>\r\n\r\n\r\n<hr class=\"wp-block-separator has-alpha-channel-opacity\" \/>\r\n\r\n\r\n<p><strong>Resoluci\u00f3n exenta N\u00b0 1.339, Ministerio de Salud (15 de septiembre)<\/strong><br \/>Dispone medidas sanitarias que indica por brote de COVID-19<\/p>\r\n\r\n\r\n\r\n<p><a href=\"https:\/\/westlawchile.cl\/maf\/app\/document?&amp;src=laley4&amp;docguid=i1675E322D872CD37E0AD6C399BBE748F&amp;hitguid=i1675E322D872CD37E0AD6C399BBE748F&amp;tocguid=&amp;spos=2&amp;epos=2&amp;td=3&amp;ao=i0AC50834CD5E878681CD6243E1B5D7B6&amp;searchFrom=&amp;savedSearch=false&amp;context=27&amp;crumb-action=append&amp;\">Ver texto completo<\/a><\/p>\r\n\r\n\r\n<hr class=\"wp-block-separator has-alpha-channel-opacity\" \/>\r\n\r\n\r\n<p><strong>Resoluci\u00f3n exenta N\u00b0 1.258, Ministerio de Salud (8 de septiembre)<\/strong><br \/>Dispone medidas sanitarias que indica por brote de COVID-19<\/p>\r\n\r\n\r\n\r\n<p><a href=\"https:\/\/westlawchile.cl\/maf\/app\/document?&amp;src=laley4&amp;docguid=i381A5B81311C955685279295779FE858&amp;hitguid=i381A5B81311C955685279295779FE858&amp;tocguid=&amp;spos=1&amp;epos=1&amp;td=2&amp;ao=i0AC50834CD5E878681CD6243E1B5D7B6&amp;searchFrom=&amp;savedSearch=false&amp;context=67&amp;crumb-action=append&amp;\">Ver texto completo<\/a><\/p>\r\n\r\n\r\n<hr class=\"wp-block-separator has-alpha-channel-opacity\" \/>\r\n\r\n\r\n<p><strong>Resoluci\u00f3n exenta N\u00b0 297, Direcci\u00f3n General del Cr\u00e9dito Prendario (7 de septiembre)<\/strong><br \/>Regulariza suspensi\u00f3n de las operaciones de la Unidad de Cr\u00e9dito de La Serena, en el periodo se\u00f1alado<\/p>\r\n\r\n\r\n\r\n<p><a href=\"https:\/\/westlawchile.cl\/maf\/app\/document?&amp;src=laley4&amp;docguid=iF031528817E2CC7FC4833747D33DC2E3&amp;hitguid=iF031528817E2CC7FC4833747D33DC2E3&amp;tocguid=&amp;spos=1&amp;epos=1&amp;td=1&amp;ao=i0AC50834CD5E878681CD6243E1B5D7B6&amp;searchFrom=&amp;savedSearch=false&amp;context=76&amp;crumb-action=append&amp;\">Ver texto completo<\/a><\/p>\r\n\r\n\r\n<hr class=\"wp-block-separator has-alpha-channel-opacity\" \/>\r\n\r\n\r\n<p><strong>Resoluci\u00f3n exenta N\u00b0 1.219, Ministerio de Salud (2 de septiembre)<\/strong><br \/>Modifica resoluci\u00f3n N\u00b0 495 exenta, de 2022, que aprueba plan Fronteras Protegidas<\/p>\r\n\r\n\r\n\r\n<p><a href=\"https:\/\/westlawchile.cl\/maf\/app\/document?&amp;src=laley4&amp;docguid=iD160CB0E9EF3A8BC210D5F15B1D6CE5B&amp;hitguid=iD160CB0E9EF3A8BC210D5F15B1D6CE5B&amp;tocguid=&amp;spos=1&amp;epos=1&amp;td=1&amp;ao=i0AC50834CD5E878681CD6243E1B5D7B6&amp;searchFrom=&amp;savedSearch=false&amp;context=79&amp;crumb-action=append&amp;\">Ver texto completo<\/a><\/p>\r\n\r\n\r\n<hr class=\"wp-block-separator has-alpha-channel-opacity\" \/>\r\n\r\n\r\n<p><strong>Resoluci\u00f3n exenta N\u00b0 1.205, Ministerio de Salud (1 de septiembre)<\/strong><br \/>Dispone medidas sanitarias que indica por brote de COVID-19<\/p>\r\n\r\n\r\n\r\n<p><a href=\"https:\/\/westlawchile.cl\/maf\/app\/document?&amp;src=laley4&amp;docguid=iD0AAE4CE4E69FC1B6FC1A8C43C0DA698&amp;hitguid=iD0AAE4CE4E69FC1B6FC1A8C43C0DA698&amp;tocguid=&amp;spos=1&amp;epos=1&amp;td=1&amp;ao=i0AC50834CD5E878681CD6243E1B5D7B6&amp;searchFrom=&amp;savedSearch=false&amp;context=182&amp;crumb-action=append&amp;\">Ver texto completo<\/a><\/p>\r\n\r\n\r\n<hr class=\"wp-block-separator has-alpha-channel-opacity\" \/>\r\n\r\n\r\n<p><strong>Resoluci\u00f3n exenta N\u00b0 1.209, Ministerio de Salud (1 de septiembre)<\/strong><br \/>Modifica resoluci\u00f3n N\u00b0 495 exenta, de 2022, que aprueba plan Fronteras Protegidas<\/p>\r\n\r\n\r\n\r\n<p><a href=\"https:\/\/westlawchile.cl\/maf\/app\/document?&amp;src=laley4&amp;docguid=iD0AAE4CE4E69FC1B6FC1A8C43C0DA698&amp;hitguid=iD0AAE4CE4E69FC1B6FC1A8C43C0DA698&amp;tocguid=&amp;spos=1&amp;epos=1&amp;td=1&amp;ao=i0AC50834CD5E878681CD6243E1B5D7B6&amp;searchFrom=&amp;savedSearch=false&amp;context=182&amp;crumb-action=append&amp;\">Ver texto completo<\/a><\/p>\r\n\r\n\r\n<hr class=\"wp-block-separator has-alpha-channel-opacity\" \/>\r\n\r\n\r\n<p><strong>Resoluci\u00f3n exenta N\u00b0 1.210, Ministerio de Salud (1 de septiembre)<\/strong><br \/>Modifica resoluci\u00f3n N\u00b0 494 exenta, de 2022, que establece plan Seguimos Cuid\u00e1ndonos, Paso a Paso<\/p>\r\n\r\n\r\n\r\n<p><a href=\"https:\/\/westlawchile.cl\/maf\/app\/document?&amp;src=laley4&amp;docguid=i75498E9BA6CB6B440B06529ECB4C85BD&amp;hitguid=i75498E9BA6CB6B440B06529ECB4C85BD&amp;tocguid=&amp;spos=2&amp;epos=2&amp;td=4&amp;ao=i0AC50834CD5E878681CD6243E1B5D7B6&amp;searchFrom=&amp;savedSearch=false&amp;context=189&amp;crumb-action=append&amp;\">Ver texto completo<\/a><\/p>\r\n\r\n\r\n<hr class=\"wp-block-separator has-alpha-channel-opacity\" \/>\r\n\r\n\r\n<p><strong>Resoluci\u00f3n exenta N\u00b0 1.204, Ministerio de Salud (30 de agosto)<\/strong><br \/>Dispone medidas sanitarias que indica por brote de COVID-19<\/p>\r\n\r\n\r\n\r\n<p><a href=\"https:\/\/westlawchile.cl\/maf\/app\/document?&amp;src=laley4&amp;docguid=iB4C2B16F3A49D1AB50B1D27268FD1B3F&amp;hitguid=iB4C2B16F3A49D1AB50B1D27268FD1B3F&amp;tocguid=&amp;spos=1&amp;epos=1&amp;td=2&amp;ao=i0AC50834CD5E878681CD6243E1B5D7B6&amp;searchFrom=&amp;savedSearch=false&amp;context=192&amp;crumb-action=append&amp;\">Ver texto completo<\/a><\/p>\r\n\r\n\r\n<hr class=\"wp-block-separator has-alpha-channel-opacity\" \/>\r\n\r\n\r\n<p><strong>Circular N\u00b0 38, Ministerio del Interior y Seguridad P\u00fablica (26 de agosto)<\/strong><br \/>Dicta disposiciones para el resguardo del orden p\u00fablico del Plebiscito Nacional Constitucional, a realizarse el d\u00eda 4 de septiembre de 2022<\/p>\r\n\r\n\r\n\r\n<p><a href=\"https:\/\/westlawchile.cl\/maf\/app\/document?&amp;src=laley4&amp;docguid=i78EA420812DFCA4E928D833ED87C019F&amp;hitguid=i78EA420812DFCA4E928D833ED87C019F&amp;tocguid=&amp;spos=1&amp;epos=1&amp;td=3&amp;ao=i0AC50834CD5E878681CD6243E1B5D7B6&amp;searchFrom=&amp;savedSearch=false&amp;context=195&amp;crumb-action=append&amp;\">Ver texto completo<\/a><\/p>\r\n\r\n\r\n<hr class=\"wp-block-separator has-alpha-channel-opacity\" \/>\r\n\r\n\r\n<p><strong>Resoluci\u00f3n exenta N\u00b0 1.170, Ministerio de Salud (25 de agosto)<\/strong><br \/>Dispone medidas sanitarias que indica por brote de COVID-19, y modifica resoluci\u00f3n N\u00b0 494 exenta, de 2022, que establece plan Seguimos Cuid\u00e1ndonos, Paso a Paso<\/p>\r\n\r\n\r\n\r\n<p><a href=\"https:\/\/westlawchile.cl\/maf\/app\/document?&amp;src=laley4&amp;docguid=i06FB907A2179503BE494C02BAACAE3B7&amp;hitguid=i06FB907A2179503BE494C02BAACAE3B7&amp;tocguid=&amp;spos=1&amp;epos=1&amp;td=1&amp;ao=i0AC50834CD5E878681CD6243E1B5D7B6&amp;searchFrom=&amp;savedSearch=false&amp;context=8&amp;crumb-action=append&amp;\">Ver texto completo<\/a><\/p>\r\n\r\n\r\n<hr class=\"wp-block-separator has-alpha-channel-opacity\" \/>\r\n\r\n\r\n<p><strong>Resoluci\u00f3n exenta N\u00b0 1.124, Ministerio de Salud (18 de agosto)<\/strong><br \/>Dispone medidas sanitarias que indica por brote de COVID-19<\/p>\r\n\r\n\r\n\r\n<p><a href=\"https:\/\/westlawchile.cl\/maf\/app\/document?&amp;src=laley4&amp;docguid=i50DA264D3C0154FAC4C32D35A05D888E&amp;hitguid=i50DA264D3C0154FAC4C32D35A05D888E&amp;tocguid=&amp;spos=3&amp;epos=3&amp;td=4&amp;ao=i0AC50834CD5E878681CD6243E1B5D7B6&amp;searchFrom=&amp;savedSearch=false&amp;context=14&amp;crumb-action=append&amp;\">Ver texto completo<\/a><\/p>\r\n\r\n\r\n<hr class=\"wp-block-separator has-alpha-channel-opacity\" \/>\r\n\r\n\r\n<p><strong>Resoluci\u00f3n exenta N\u00b0 1.097, Ministerio de Salud (11 de agosto)<\/strong><br \/>Dispone medidas sanitarias que indica por brote de COVID-19<\/p>\r\n\r\n\r\n\r\n<p><a href=\"https:\/\/westlawchile.cl\/maf\/app\/document?&amp;src=laley4&amp;docguid=i5FD606A5551A752239BCCBD3FCD50C2C&amp;hitguid=i5FD606A5551A752239BCCBD3FCD50C2C&amp;tocguid=&amp;spos=3&amp;epos=3&amp;td=3&amp;ao=i0AC50834CD5E878681CD6243E1B5D7B6&amp;searchFrom=&amp;savedSearch=false&amp;context=20&amp;crumb-action=append&amp;\">Ver texto completo<\/a><\/p>\r\n\r\n\r\n<hr class=\"wp-block-separator has-alpha-channel-opacity\" \/>\r\n\r\n\r\n<p><strong>Resoluci\u00f3n exenta N\u00b0 1.069, Ministerio de Salud (4 de agosto)<\/strong><br \/>Dispone medidas sanitarias que indica por brote de COVID-19<\/p>\r\n\r\n\r\n\r\n<p><a href=\"https:\/\/westlawchile.cl\/maf\/app\/document?&amp;src=laley4&amp;docguid=i55AE4F12816F3A89FCA35BCD7102646E&amp;hitguid=i55AE4F12816F3A89FCA35BCD7102646E&amp;tocguid=&amp;spos=1&amp;epos=1&amp;td=1&amp;ao=i0AC50834CD5E878681CD6243E1B5D7B6&amp;searchFrom=&amp;savedSearch=false&amp;context=136&amp;crumb-action=append&amp;\">Ver texto completo<\/a><\/p>\r\n\r\n\r\n<hr class=\"wp-block-separator has-alpha-channel-opacity\" \/>\r\n\r\n\r\n<p><strong>Resoluci\u00f3n exenta N\u00b0 249, Direcci\u00f3n General del Cr\u00e9dito Prendario (4 de agosto)<\/strong><br \/>Regulariza suspensi\u00f3n de operaciones en las Unidades de Cr\u00e9dito de Arica, Temuco y Puerto Montt<\/p>\r\n\r\n\r\n\r\n<p><a href=\"https:\/\/westlawchile.cl\/maf\/app\/document?&amp;src=laley4&amp;&amp;docguid=iA3B04D0927EEFCF31B143EE9A7EB0CC0&amp;hitguid=iA3B04D0927EEFCF31B143EE9A7EB0CC0&amp;tocguid=&amp;spos=2&amp;epos=2&amp;td=3&amp;ao=i0AC50834CD5E878681CD6243E1B5D7B6&amp;searchFrom=&amp;savedSearch=false&amp;context=139&amp;crumb-action=append&amp;\">Ver texto completo<\/a><\/p>\r\n\r\n\r\n<hr class=\"wp-block-separator has-alpha-channel-opacity\" \/>\r\n\r\n\r\n<p><strong>Resoluci\u00f3n exenta N\u00b0 1.057, Ministerio de Salud (30 de julio)<\/strong><br \/>Establece requisitos y medidas sanitarias en el traslado de viajeros hacia Isla de Pascua y definiciones espec\u00edficas sobre cuarentenas y aislamientos para dicho territorio<\/p>\r\n\r\n\r\n\r\n<p><a href=\"https:\/\/westlawchile.cl\/maf\/app\/document?&amp;src=laley4&amp;docguid=iCFB2EE9B1AFF32AFB8C7E712544AFEF2&amp;hitguid=iCFB2EE9B1AFF32AFB8C7E712544AFEF2&amp;tocguid=&amp;spos=3&amp;epos=3&amp;td=3&amp;ao=i0AC50834CD5E878681CD6243E1B5D7B6&amp;searchFrom=&amp;savedSearch=false&amp;context=142&amp;crumb-action=append&amp;\">Ver texto completo<\/a><\/p>\r\n\r\n\r\n<hr class=\"wp-block-separator has-alpha-channel-opacity\" \/>\r\n\r\n\r\n<p><strong>Resoluci\u00f3n exenta N\u00b0 1.033, Ministerio de Salud (28 de julio)<\/strong><br \/>Dispone medidas sanitarias que indica por brote de COVID-19<\/p>\r\n\r\n\r\n\r\n<p><a href=\"https:\/\/westlawchile.cl\/maf\/app\/document?&amp;src=laley4&amp;docguid=iC7DA38634067C4B88059805D4C02C1EC&amp;hitguid=iC7DA38634067C4B88059805D4C02C1EC&amp;tocguid=&amp;spos=2&amp;epos=2&amp;td=2&amp;ao=i0AC50834CD5E878681CD6243E1B5D7B6&amp;searchFrom=&amp;savedSearch=false&amp;context=145&amp;crumb-action=append&amp;\">Ver texto completo<\/a><\/p>\r\n\r\n\r\n<hr class=\"wp-block-separator has-alpha-channel-opacity\" \/>\r\n\r\n\r\n<p><strong>Ley N\u00b0 21.460, Ministerio de Salud (21 de julio)<\/strong><br \/>Declara el d\u00eda 21 de marzo de cada a\u00f1o como el D\u00eda Nacional de Conmemoraci\u00f3n de las Personas Fallecidas producto de la Pandemia de COVID-19<\/p>\r\n\r\n\r\n\r\n<p><a href=\"https:\/\/westlawchile.cl\/maf\/app\/document?&amp;src=laley4&amp;docguid=iD100C2B701C1BC7ADC4F113FFB52BA38&amp;hitguid=iD100C2B701C1BC7ADC4F113FFB52BA38&amp;tocguid=&amp;spos=1&amp;epos=1&amp;td=1&amp;ao=i0AC50834CD5E878681CD6243E1B5D7B6&amp;searchFrom=&amp;savedSearch=false&amp;context=33&amp;crumb-action=append&amp;\">Ver texto completo<\/a><\/p>\r\n\r\n\r\n<hr class=\"wp-block-separator has-alpha-channel-opacity\" \/>\r\n\r\n\r\n<p><strong>Resoluci\u00f3n exenta N\u00b0 803, Ministerio de Salud (21 de julio)<\/strong><br \/>Complementa resoluci\u00f3n N\u00b0 473 exenta, de 2022, que crea Comisi\u00f3n Nacional de Respuesta Pand\u00e9mica COVID-19 y deja sin efecto Consejo Asesor COVID-19<\/p>\r\n\r\n\r\n\r\n<p><a href=\"https:\/\/westlawchile.cl\/maf\/app\/document?&amp;src=laley4&amp;docguid=iB531E2298E66E1A33F96AE0D0FF0796A&amp;hitguid=iB531E2298E66E1A33F96AE0D0FF0796A&amp;tocguid=&amp;spos=2&amp;epos=2&amp;td=3&amp;ao=i0AC50834CD5E878681CD6243E1B5D7B6&amp;searchFrom=&amp;savedSearch=false&amp;context=175&amp;crumb-action=append&amp;\">Ver texto completo<\/a><\/p>\r\n\r\n\r\n<hr class=\"wp-block-separator has-alpha-channel-opacity\" \/>\r\n\r\n\r\n<p><strong>Resoluci\u00f3n exenta N\u00b0 974, Ministerio de Salud (21 de julio)<\/strong><br \/>Dispone medidas sanitarias que indica por brote de COVID-19<\/p>\r\n\r\n\r\n\r\n<p><a href=\"https:\/\/westlawchile.cl\/maf\/app\/document?&amp;src=laley4&amp;docguid=iB517281E4DFB9EDB7680099ECB3315BE&amp;hitguid=iB517281E4DFB9EDB7680099ECB3315BE&amp;tocguid=&amp;spos=1&amp;epos=1&amp;td=1&amp;ao=i0AC50834CD5E878681CD6243E1B5D7B6&amp;searchFrom=&amp;savedSearch=false&amp;context=169&amp;crumb-action=append&amp;\">Ver texto completo<\/a><\/p>\r\n\r\n\r\n<hr class=\"wp-block-separator has-alpha-channel-opacity\" \/>\r\n\r\n\r\n<p><strong>Acuerdo S\/N, Servicio Electoral (20 de julio)<\/strong><br \/>Dicta normas e instrucciones para el desarrollo del Plebiscito Constitucional del 4 de septiembre de 2022<\/p>\r\n\r\n\r\n\r\n<p><a href=\"https:\/\/westlawchile.cl\/maf\/app\/document?&amp;src=laley4&amp;docguid=i26F87828DBD7598F3DE0190363BA7A50&amp;hitguid=i26F87828DBD7598F3DE0190363BA7A50&amp;tocguid=&amp;spos=1&amp;epos=1&amp;td=1&amp;ao=i0AC50834CD5E878681CD6243E1B5D7B6&amp;searchFrom=&amp;savedSearch=false&amp;context=95&amp;crumb-action=append&amp;\">Ver texto completo<\/a><\/p>\r\n\r\n\r\n<hr class=\"wp-block-separator has-alpha-channel-opacity\" \/>\r\n\r\n\r\n<p><strong>Resoluci\u00f3n exenta N\u00b0 599, Ministerio del Trabajo y Previsi\u00f3n Social (19 de julio)<\/strong><br \/>Modifica resoluci\u00f3n N\u00ba 625 exenta, de 2020, que califica la situaci\u00f3n de emergencia laboral que indica y activa implementaci\u00f3n de l\u00ednea emergencia laboral COVID-19 del Programa de Formaci\u00f3n en el Puesto de Trabajo, conforme a lo dispuesto en el decreto N\u00b0 28, de 2011<\/p>\r\n\r\n\r\n\r\n<p><a href=\"https:\/\/westlawchile.cl\/maf\/app\/document?&amp;src=laley4&amp;docguid=i31F01F6922050B9DD86ADE771CA0074D&amp;hitguid=i31F01F6922050B9DD86ADE771CA0074D&amp;tocguid=&amp;spos=2&amp;epos=2&amp;td=2&amp;ao=i0AC50834CD5E878681CD6243E1B5D7B6&amp;searchFrom=&amp;savedSearch=false&amp;context=128&amp;crumb-action=append&amp;\">Ver texto completo<\/a><\/p>\r\n\r\n\r\n<hr class=\"wp-block-separator has-alpha-channel-opacity\" \/>\r\n\r\n\r\n<p><strong>Resoluci\u00f3n exenta N\u00b0 953, Ministerio de Salud (14 de julio)<\/strong><br \/>Dispone medidas sanitarias que indica por brote de COVID-19<\/p>\r\n\r\n\r\n\r\n<p><a href=\"https:\/\/westlawchile.cl\/maf\/app\/document?&amp;src=laley4&amp;docguid=i62E8B1CDB4E44934CD1DCF0BCCA618B5&amp;hitguid=i62E8B1CDB4E44934CD1DCF0BCCA618B5&amp;tocguid=&amp;spos=2&amp;epos=2&amp;td=2&amp;ao=i0AC50834CD5E878681CD6243E1B5D7B6&amp;searchFrom=&amp;savedSearch=false&amp;context=6&amp;crumb-action=append&amp;\">Ver texto completo<\/a><\/p>\r\n\r\n\r\n<hr class=\"wp-block-separator has-alpha-channel-opacity\" \/>\r\n\r\n\r\n<p><strong>Resoluci\u00f3n exenta N\u00b0 925, Ministerio de Salud (7 de julio)<\/strong><br \/>Dispone medidas sanitarias que indica por brote de COVID-19<\/p>\r\n\r\n\r\n\r\n<p><a href=\"https:\/\/westlawchile.cl\/maf\/app\/document?&amp;src=laley4&amp;docguid=i519FABE96B62C21545A9A4EC599AD5EA&amp;hitguid=i519FABE96B62C21545A9A4EC599AD5EA&amp;tocguid=&amp;spos=2&amp;epos=2&amp;td=2&amp;ao=i0AC50834CD5E878681CD6243E1B5D7B6&amp;searchFrom=&amp;savedSearch=false&amp;context=21&amp;crumb-action=append&amp;\">Ver texto completo<\/a><\/p>\r\n\r\n\r\n<hr class=\"wp-block-separator has-alpha-channel-opacity\" \/>\r\n\r\n\r\n<p><strong>Resoluci\u00f3n exenta N\u00b0 214, Direcci\u00f3n General del Cr\u00e9dito Prendario (5 de julio)<\/strong><br \/>Regulariza suspensi\u00f3n de las operaciones de las Unidades de Cr\u00e9dito de Quilpu\u00e9, Valpara\u00edso y Vi\u00f1a del Mar<\/p>\r\n\r\n\r\n\r\n<p><a href=\"https:\/\/westlawchile.cl\/maf\/app\/document?&amp;src=laley4&amp;docguid=i87CF43580719DF9A10F41BB6F96F39E1&amp;hitguid=i87CF43580719DF9A10F41BB6F96F39E1&amp;tocguid=&amp;spos=2&amp;epos=2&amp;td=2&amp;ao=i0AC50834CD5E878681CD6243E1B5D7B6&amp;searchFrom=&amp;savedSearch=false&amp;context=18&amp;crumb-action=append&amp;\">Ver texto completo<\/a><\/p>\r\n\r\n\r\n<hr class=\"wp-block-separator has-alpha-channel-opacity\" \/>\r\n\r\n\r\n<p><strong>Resoluci\u00f3n exenta N\u00b0 907, Ministerio de Salud (30 de junio)<\/strong><br \/>Dispone medidas sanitarias que indica por brote de COVID-19<\/p>\r\n\r\n\r\n\r\n<p><a href=\"https:\/\/westlawchile.cl\/maf\/app\/document?&amp;src=laley4&amp;docguid=i978B97353F8572C90642C53B041D5A18&amp;hitguid=i978B97353F8572C90642C53B041D5A18&amp;tocguid=&amp;spos=2&amp;epos=2&amp;td=3&amp;ao=i0AC50834CD5E878681CD6243E1B5D7B6&amp;searchFrom=&amp;savedSearch=false&amp;context=15&amp;crumb-action=append&amp;\">Ver texto completo<\/a><\/p>\r\n\r\n\r\n<hr class=\"wp-block-separator has-alpha-channel-opacity\" \/>\r\n\r\n\r\n<p><strong>Decreto N\u00b0 130, Ministerio de Energ\u00eda (23 de junio)<\/strong><br \/>Aprueba procedimiento para el pago de los subsidios establecidos en la ley N\u00b0 21.423, que regula el prorrateo y pago de deudas por servicios de agua potable y electricidad generados durante la pandemia COVID-19, y establece subsidios a clientes vulnerables<\/p>\r\n\r\n\r\n\r\n<p><a href=\"https:\/\/westlawchile.cl\/maf\/app\/document?&amp;src=laley4&amp;docguid=i71483807C6ED45C0EA652B9ABC6D8662&amp;hitguid=i71483807C6ED45C0EA652B9ABC6D8662&amp;tocguid=&amp;spos=1&amp;epos=1&amp;td=27&amp;ao=i0AC50834CD5E878681CD6243E1B5D7B6&amp;searchFrom=&amp;savedSearch=false&amp;context=252&amp;crumb-action=append&amp;\">Ver texto completo<\/a><\/p>\r\n\r\n\r\n<hr class=\"wp-block-separator has-alpha-channel-opacity\" \/>\r\n\r\n\r\n<p><strong>Resoluci\u00f3n exenta N\u00b0 839, Ministerio de Salud (23 de junio)<\/strong><br \/>Dispone medidas sanitarias que indica por brote de COVID-19<\/p>\r\n\r\n\r\n\r\n<p><a href=\"https:\/\/westlawchile.cl\/maf\/app\/document?&amp;src=laley4&amp;docguid=iA2885795326B43B36D79FD77C3A2314B&amp;hitguid=iA2885795326B43B36D79FD77C3A2314B&amp;tocguid=&amp;spos=1&amp;epos=1&amp;td=3&amp;ao=i0AC50834CD5E878681CD6243E1B5D7B6&amp;searchFrom=&amp;savedSearch=false&amp;context=256&amp;crumb-action=append&amp;\">Ver texto completo<\/a><\/p>\r\n\r\n\r\n<hr class=\"wp-block-separator has-alpha-channel-opacity\" \/>\r\n\r\n\r\n<p><strong>Resoluci\u00f3n exenta N\u00b0 4.271, Seremi de Salud Regi\u00f3n Metropolitana (23 de junio)<\/strong><br \/>Dispone medida sanitaria que indica<\/p>\r\n\r\n\r\n\r\n<p><a href=\"https:\/\/westlawchile.cl\/maf\/app\/document?&amp;src=laley4&amp;docguid=i6C1882803AEF3BDDE0246FDD20BEE9D7&amp;hitguid=i6C1882803AEF3BDDE0246FDD20BEE9D7&amp;tocguid=&amp;spos=1&amp;epos=1&amp;td=1&amp;ao=i0AC50834CD5E878681CD6243E1B5D7B6&amp;searchFrom=&amp;savedSearch=false&amp;context=201&amp;crumb-action=append&amp;\">Ver texto completo<\/a><\/p>\r\n\r\n\r\n<hr class=\"wp-block-separator has-alpha-channel-opacity\" \/>\r\n\r\n\r\n<p><strong>Resoluci\u00f3n exenta N\u00b0 499, Seremi de Salud Regi\u00f3n de Arica y Parinacota (23 de junio)<\/strong><br \/>Dispone medida sanitaria que indica<\/p>\r\n\r\n\r\n\r\n<p><a href=\"https:\/\/westlawchile.cl\/maf\/app\/document?&amp;src=laley4&amp;docguid=i361F2B079F108B4C1707E4BECD59F947&amp;hitguid=i361F2B079F108B4C1707E4BECD59F947&amp;tocguid=&amp;spos=1&amp;epos=1&amp;td=1&amp;ao=i0AC50834CD5E878681CD6243E1B5D7B6&amp;searchFrom=&amp;savedSearch=false&amp;context=274&amp;crumb-action=append&amp;\">Ver texto completo<\/a><\/p>\r\n\r\n\r\n<hr class=\"wp-block-separator has-alpha-channel-opacity\" \/>\r\n\r\n\r\n<p><strong>Resoluci\u00f3n exenta N\u00b0 CP 12.027, Seremi de Salud Regi\u00f3n de Tarapac\u00e1 (23 de junio)<\/strong><br \/>Dispone medida sanitaria que indica para vacaciones de invierno escolares a\u00f1o 2022 en la Regi\u00f3n de Tarapac\u00e1<\/p>\r\n\r\n\r\n\r\n<p><a href=\"https:\/\/westlawchile.cl\/maf\/app\/document?&amp;src=laley4&amp;docguid=iC03FD30D1F1C7397EB4B34AA6933FD96&amp;hitguid=iC03FD30D1F1C7397EB4B34AA6933FD96&amp;tocguid=&amp;spos=1&amp;epos=1&amp;td=3&amp;ao=i0AC50834CD5E878681CD6243E1B5D7B6&amp;searchFrom=&amp;savedSearch=false&amp;context=207&amp;crumb-action=append&amp;\">Ver texto completo<\/a><\/p>\r\n\r\n\r\n<hr class=\"wp-block-separator has-alpha-channel-opacity\" \/>\r\n\r\n\r\n<p><strong>Resoluci\u00f3n exenta N\u00b0 CP 12.025, Seremi de Salud Regi\u00f3n de Antofagasta (23 de junio)<\/strong><br \/>Dispone medida sanitaria que indica<\/p>\r\n\r\n\r\n\r\n<p><a href=\"https:\/\/westlawchile.cl\/maf\/app\/document?&amp;src=laley4&amp;docguid=iF2828393475CAC1200E80E227F7BEA15&amp;hitguid=iF2828393475CAC1200E80E227F7BEA15&amp;tocguid=&amp;spos=1&amp;epos=1&amp;td=3&amp;ao=i0AC50834CD5E878681CD6243E1B5D7B6&amp;searchFrom=&amp;savedSearch=false&amp;context=210&amp;crumb-action=append&amp;\">Ver texto completo<\/a><\/p>\r\n\r\n\r\n<hr class=\"wp-block-separator has-alpha-channel-opacity\" \/>\r\n\r\n\r\n<p><strong>Resoluci\u00f3n exenta N\u00b0 CP 12.023, Seremi de Salud Regi\u00f3n de Atacama (23 de junio)<\/strong><br \/>Dispone medida sanitaria que indica<\/p>\r\n\r\n\r\n\r\n<p><a href=\"https:\/\/westlawchile.cl\/maf\/app\/document?&amp;src=laley4&amp;docguid=i5BDB77FA74F05334D961BB1EDAC455FD&amp;hitguid=i5BDB77FA74F05334D961BB1EDAC455FD&amp;tocguid=&amp;spos=1&amp;epos=1&amp;td=3&amp;ao=i0AC50834CD5E878681CD6243E1B5D7B6&amp;searchFrom=&amp;savedSearch=false&amp;context=216&amp;crumb-action=append&amp;\">Ver texto completo<\/a><\/p>\r\n\r\n\r\n<hr class=\"wp-block-separator has-alpha-channel-opacity\" \/>\r\n\r\n\r\n<p><strong>Resoluci\u00f3n exenta N\u00b0 CP 12.036, Seremi de Salud Regi\u00f3n de Coquimbo (23 de junio)<\/strong><br \/>Dispone medida sanitaria que indica<\/p>\r\n\r\n\r\n\r\n<p><a href=\"https:\/\/westlawchile.cl\/maf\/app\/document?&amp;src=laley4&amp;docguid=iEDE1A93084062809F46E6DB3CAE8C4FA&amp;hitguid=iEDE1A93084062809F46E6DB3CAE8C4FA&amp;tocguid=&amp;spos=1&amp;epos=1&amp;td=3&amp;ao=i0AC50834CD5E878681CD6243E1B5D7B6&amp;searchFrom=&amp;savedSearch=false&amp;context=219&amp;crumb-action=append&amp;\">Ver texto completo<\/a><\/p>\r\n\r\n\r\n<hr class=\"wp-block-separator has-alpha-channel-opacity\" \/>\r\n\r\n\r\n<p><strong>Resoluci\u00f3n exenta N\u00b0 116, Seremi de Valpara\u00edso (23 de junio)<\/strong><br \/>Dispone medida sanitaria que indica<\/p>\r\n\r\n\r\n\r\n<p><a href=\"https:\/\/westlawchile.cl\/maf\/app\/document?&amp;src=laley4&amp;docguid=iD3DABA9B56A1CBA3288F99AB1EEBF274&amp;hitguid=iD3DABA9B56A1CBA3288F99AB1EEBF274&amp;tocguid=&amp;spos=2&amp;epos=2&amp;td=4&amp;ao=i0AC50834CD5E878681CD6243E1B5D7B6&amp;searchFrom=&amp;savedSearch=false&amp;context=222&amp;crumb-action=append&amp;\">Ver texto completo<\/a><\/p>\r\n\r\n\r\n<hr class=\"wp-block-separator has-alpha-channel-opacity\" \/>\r\n\r\n\r\n<p><strong>Resoluci\u00f3n exenta N\u00b0 CP 12.022, Seremi Libertador General Bernardo O\u2019Higgins (23 de junio)<\/strong><br \/>Dispone medida sanitaria que indica<\/p>\r\n\r\n\r\n\r\n<p><a href=\"https:\/\/westlawchile.cl\/maf\/app\/document?&amp;src=laley4&amp;docguid=i50B3CDA17A3D73350DD2A635FFA14148&amp;hitguid=i50B3CDA17A3D73350DD2A635FFA14148&amp;tocguid=&amp;spos=1&amp;epos=1&amp;td=3&amp;ao=i0AC50834CD5E878681CD6243E1B5D7B6&amp;searchFrom=&amp;savedSearch=false&amp;context=225&amp;crumb-action=append&amp;\">Ver texto completo<\/a><\/p>\r\n\r\n\r\n<hr class=\"wp-block-separator has-alpha-channel-opacity\" \/>\r\n\r\n\r\n<p><strong>Resoluci\u00f3n exenta N\u00b0 CP 12.214, Seremi Libertador General Bernardo O\u2019Higgins (23 de junio)<\/strong><br \/>Modifica resoluci\u00f3n N\u00b0 12.022 exenta, de 2022<\/p>\r\n\r\n\r\n\r\n<p><a href=\"https:\/\/westlawchile.cl\/maf\/app\/document?&amp;src=laley4&amp;docguid=i82E61366C45611C1D776D39BDABD800B&amp;hitguid=i82E61366C45611C1D776D39BDABD800B&amp;tocguid=&amp;spos=1&amp;epos=1&amp;td=3&amp;ao=i0AC50834CD5E878681CD6243E1B5D7B6&amp;searchFrom=&amp;savedSearch=false&amp;context=228&amp;crumb-action=append&amp;\">Ver texto completo<\/a><\/p>\r\n\r\n\r\n<hr class=\"wp-block-separator has-alpha-channel-opacity\" \/>\r\n\r\n\r\n<p><strong>Resoluci\u00f3n exenta N\u00b0 CP 12.031, Seremi Regi\u00f3n del Maule (23 de junio)<\/strong><br \/>Dispone medida sanitaria que indica<\/p>\r\n\r\n\r\n\r\n<p><a href=\"https:\/\/westlawchile.cl\/maf\/app\/document?&amp;src=laley4&amp;docguid=iE592ADFDF992BF67C2267AD9235A66B9&amp;hitguid=iE592ADFDF992BF67C2267AD9235A66B9&amp;tocguid=&amp;spos=1&amp;epos=1&amp;td=3&amp;ao=i0AC50834CD5E878681CD6243E1B5D7B6&amp;searchFrom=&amp;savedSearch=false&amp;context=231&amp;crumb-action=append&amp;\">Ver texto completo<\/a><\/p>\r\n\r\n\r\n<hr class=\"wp-block-separator has-alpha-channel-opacity\" \/>\r\n\r\n\r\n<p><strong>Resoluci\u00f3n exenta N\u00b0 CP 12.030, Seremi Regi\u00f3n de \u00d1uble (23 de junio)<\/strong><br \/>Dispone medida sanitaria que indica<\/p>\r\n\r\n\r\n\r\n<p><a href=\"https:\/\/westlawchile.cl\/maf\/app\/document?&amp;src=laley4&amp;docguid=i5D8B21F3EAC4E01440CCCD6DE2E76EBF&amp;hitguid=i5D8B21F3EAC4E01440CCCD6DE2E76EBF&amp;tocguid=&amp;spos=1&amp;epos=1&amp;td=3&amp;ao=i0AC50834CD5E878681CD6243E1B5D7B6&amp;searchFrom=&amp;savedSearch=false&amp;context=234&amp;crumb-action=append&amp;\">Ver texto completo<\/a><\/p>\r\n\r\n\r\n<hr class=\"wp-block-separator has-alpha-channel-opacity\" \/>\r\n\r\n\r\n<p><strong>Resoluci\u00f3n exenta N\u00b0 1.285, Seremi Regi\u00f3n del Biob\u00edo (23 de junio)<\/strong><br \/>Dispone medida sanitaria que indica<\/p>\r\n\r\n\r\n\r\n<p><a href=\"https:\/\/westlawchile.cl\/maf\/app\/document?&amp;src=laley4&amp;docguid=i43131549E0479E1C9777B2D54CAE1CCE&amp;hitguid=i43131549E0479E1C9777B2D54CAE1CCE&amp;tocguid=&amp;spos=1&amp;epos=1&amp;td=1&amp;ao=i0AC50834CD5E878681CD6243E1B5D7B6&amp;searchFrom=&amp;savedSearch=false&amp;context=237&amp;crumb-action=append&amp;\">Ver texto completo<\/a><\/p>\r\n\r\n\r\n<hr class=\"wp-block-separator has-alpha-channel-opacity\" \/>\r\n\r\n\r\n<p><strong>Resoluci\u00f3n exenta N\u00b0 CP 12.028, Seremi Regi\u00f3n de la Araucan\u00eda (23 de junio)<\/strong><br \/>Suspende clases como medida sanitaria<\/p>\r\n\r\n\r\n\r\n<p><a href=\"https:\/\/westlawchile.cl\/maf\/app\/document?&amp;src=laley4&amp;docguid=i78C562D265DBD02A6D0ABC00F824EB40&amp;hitguid=i78C562D265DBD02A6D0ABC00F824EB40&amp;tocguid=&amp;spos=1&amp;epos=1&amp;td=3&amp;ao=i0AC50834CD5E878681CD6243E1B5D7B6&amp;searchFrom=&amp;savedSearch=false&amp;context=240&amp;crumb-action=append&amp;\">Ver texto completo<\/a><\/p>\r\n\r\n\r\n<hr class=\"wp-block-separator has-alpha-channel-opacity\" \/>\r\n\r\n\r\n<p><strong>Resoluci\u00f3n exenta N\u00b0 CP 12.026, Seremi Regi\u00f3n de Los R\u00edos (23 de junio)<\/strong><br \/>Dispone medida sanitaria que indica<\/p>\r\n\r\n\r\n\r\n<p><a href=\"https:\/\/westlawchile.cl\/maf\/app\/document?&amp;src=laley4&amp;docguid=iC3E0448E085E9943A4FFB3533A3A0DB0&amp;hitguid=iC3E0448E085E9943A4FFB3533A3A0DB0&amp;tocguid=&amp;spos=1&amp;epos=1&amp;td=3&amp;ao=i0AC50834CD5E878681CD6243E1B5D7B6&amp;searchFrom=&amp;savedSearch=false&amp;context=243&amp;crumb-action=append&amp;\">Ver texto completo<\/a><\/p>\r\n\r\n\r\n<hr class=\"wp-block-separator has-alpha-channel-opacity\" \/>\r\n\r\n\r\n<p><strong>Resoluci\u00f3n exenta N\u00b0 CP 12.032, Seremi Regi\u00f3n de Los Lagos (23 de junio)<\/strong><br \/>Dispone medida sanitaria de suspensi\u00f3n de clases que indica<\/p>\r\n\r\n\r\n\r\n<p><a href=\"https:\/\/westlawchile.cl\/maf\/app\/document?&amp;src=laley4&amp;docguid=iEB9738689724884EEEFB0E31DA507D11&amp;hitguid=iEB9738689724884EEEFB0E31DA507D11&amp;tocguid=&amp;spos=1&amp;epos=1&amp;td=3&amp;ao=i0AC50834CD5E878681CD6243E1B5D7B6&amp;searchFrom=&amp;savedSearch=false&amp;context=246&amp;crumb-action=append&amp;\">Ver texto completo<\/a><\/p>\r\n\r\n\r\n<hr class=\"wp-block-separator has-alpha-channel-opacity\" \/>\r\n\r\n\r\n<p><strong>Resoluci\u00f3n exenta N\u00b0 CP 12.235, Seremi Regi\u00f3n de Los Lagos (23 de junio)<\/strong><br \/>Modifica resoluci\u00f3n N\u00ba 12.032 exenta, de 2022<\/p>\r\n\r\n\r\n\r\n<p><a href=\"https:\/\/westlawchile.cl\/maf\/app\/document?&amp;src=laley4&amp;docguid=iA560193090364D6BF0691618443AF0A8&amp;hitguid=iA560193090364D6BF0691618443AF0A8&amp;tocguid=&amp;spos=1&amp;epos=1&amp;td=3&amp;ao=i0AC50834CD5E878681CD6243E1B5D7B6&amp;searchFrom=&amp;savedSearch=false&amp;context=249&amp;crumb-action=append&amp;\">Ver texto completo<\/a><\/p>\r\n\r\n\r\n<hr class=\"wp-block-separator has-alpha-channel-opacity\" \/>\r\n\r\n\r\n<p><strong>Resoluci\u00f3n exenta 801, Ministerio de Salud (16 de junio)<\/strong><br \/>Dispone medidas sanitarias que indica por brote de COVID-19<\/p>\r\n\r\n\r\n\r\n<p><a href=\"https:\/\/westlawchile.cl\/maf\/app\/document?&amp;src=laley4&amp;docguid=iF3777C90A7E98FA0F9F2033FC21AF566&amp;hitguid=iF3777C90A7E98FA0F9F2033FC21AF566&amp;tocguid=&amp;spos=2&amp;epos=2&amp;td=2&amp;ao=i0AC50834CD5E878681CD6243E1B5D7B6&amp;searchFrom=&amp;savedSearch=false&amp;context=250&amp;crumb-action=append&amp;\">Ver texto completo<\/a><\/p>\r\n\r\n\r\n<hr class=\"wp-block-separator has-alpha-channel-opacity\" \/>\r\n\r\n\r\n<p><strong>Resoluci\u00f3n exenta N\u00b0 807, Ministerio de Salud (16 de junio)<\/strong><br \/>Modifica resoluci\u00f3n N\u00b0 495 exenta, de 2022, que aprueba Plan Fronteras Protegidas<\/p>\r\n\r\n\r\n\r\n<p><a href=\"https:\/\/westlawchile.cl\/maf\/app\/document?&amp;src=laley4&amp;docguid=i67AE86B14E66525317964CF272E3A50B&amp;hitguid=i67AE86B14E66525317964CF272E3A50B&amp;tocguid=&amp;spos=2&amp;epos=2&amp;td=3&amp;ao=i0AC50834CD5E878681CD6243E1B5D7B6&amp;searchFrom=&amp;savedSearch=false&amp;context=253&amp;crumb-action=append&amp;\">Ver texto completo<\/a><\/p>\r\n\r\n\r\n<hr class=\"wp-block-separator has-alpha-channel-opacity\" \/>\r\n\r\n\r\n<p><strong>Resoluci\u00f3n exenta N\u00b0 785, Ministerio de Salud (10 de junio)<\/strong><br \/>Modifica resoluci\u00f3n N\u00b0 494 exenta, de 2022, que establece plan Seguimos Cuid\u00e1ndonos, Paso a Paso<\/p>\r\n\r\n\r\n\r\n<p><a href=\"https:\/\/westlawchile.cl\/maf\/app\/document?&amp;src=laley4&amp;docguid=i27D3A80E12C9BC5B68EB79D2171C381B&amp;hitguid=i27D3A80E12C9BC5B68EB79D2171C381B&amp;tocguid=&amp;spos=3&amp;epos=3&amp;td=3&amp;ao=i0AC50834CD5E878681CD6243E1B5D7B6&amp;searchFrom=&amp;savedSearch=false&amp;context=256&amp;crumb-action=append&amp;\">Ver texto completo<\/a><\/p>\r\n\r\n\r\n<hr class=\"wp-block-separator has-alpha-channel-opacity\" \/>\r\n\r\n\r\n<p><strong>Resoluci\u00f3n exenta N\u00b0 770, Ministerio de Salud (9 de junio)<\/strong><br \/>Dispone medidas sanitarias que indica por brote de COVID-19<\/p>\r\n\r\n\r\n\r\n<p><a href=\"https:\/\/westlawchile.cl\/maf\/app\/document?&amp;src=laley4&amp;docguid=i5D79C25F06B67421D68C8A5FAFB9088F&amp;hitguid=i5D79C25F06B67421D68C8A5FAFB9088F&amp;tocguid=&amp;spos=2&amp;epos=2&amp;td=2&amp;ao=i0AC50834CD5E878681CD6243E1B5D7B6&amp;searchFrom=&amp;savedSearch=false&amp;context=45&amp;crumb-action=append&amp;\">Ver texto completo<\/a><\/p>\r\n\r\n\r\n<hr class=\"wp-block-separator has-alpha-channel-opacity\" \/>\r\n\r\n\r\n<p><strong>Decreto N\u00b0 26, Ministerio del Trabajo y Previsi\u00f3n Social (9 de junio)<\/strong><br \/>Modifica decreto N\u00b0 28, de 2011, que establece componentes, l\u00edneas de acci\u00f3n, procedimientos, modalidades y mecanismos de control del Programa de Formaci\u00f3n en el Puesto de Trabajo<\/p>\r\n\r\n\r\n\r\n<p><a href=\"https:\/\/westlawchile.cl\/maf\/app\/document?&amp;src=laley4&amp;docguid=i3A58639B230A6FCFD0375D33552C5CB9&amp;hitguid=i3A58639B230A6FCFD0375D33552C5CB9&amp;tocguid=&amp;spos=25&amp;epos=25&amp;td=37&amp;ao=i0AC50834CD5E878681CD6243E1B5D7B6&amp;searchFrom=&amp;savedSearch=false&amp;context=38&amp;crumb-action=append&amp;\">Ver texto completo<\/a><\/p>\r\n\r\n\r\n<hr class=\"wp-block-separator has-alpha-channel-opacity\" \/>\r\n\r\n\r\n<p><strong>Resoluci\u00f3n exenta N\u00b0 2.556, Ministerio de Transportes y Telecomunicaciones (9 de junio)<\/strong><br \/>Suspende plazo establecido para cancelar, por antig\u00fcedad, los veh\u00edculos inscritos en el Registro Nacional de Servicios de Transporte Remunerado de Escolares, por motivos que indica<\/p>\r\n\r\n\r\n\r\n<p><a href=\"https:\/\/westlawchile.cl\/maf\/app\/document?&amp;src=laley4&amp;docguid=i9F25F7938CC418A1B0821E31AED2E913&amp;hitguid=i9F25F7938CC418A1B0821E31AED2E913&amp;tocguid=&amp;spos=2&amp;epos=2&amp;td=2&amp;ao=i0AC50834CD5E878681CD6243E1B5D7B6&amp;searchFrom=&amp;savedSearch=false&amp;context=35&amp;crumb-action=append&amp;\">Ver texto completo<\/a><\/p>\r\n\r\n\r\n<hr class=\"wp-block-separator has-alpha-channel-opacity\" \/>\r\n\r\n\r\n<p><strong>Resoluci\u00f3n exenta N\u00b0 190, Direcci\u00f3n General de Cr\u00e9dito Prendario (6 de junio)<\/strong><br \/>Declara suspensi\u00f3n de remates presenciales y en modalidad online, en las unidades de cr\u00e9dito del pa\u00eds para el mes de junio del a\u00f1o 2022<\/p>\r\n\r\n\r\n\r\n<p><a href=\"https:\/\/westlawchile.cl\/maf\/app\/document?&amp;src=laley4&amp;docguid=i7FF375F4901C09844AAAE445C6656796&amp;hitguid=i7FF375F4901C09844AAAE445C6656796&amp;tocguid=&amp;spos=1&amp;epos=1&amp;td=1&amp;ao=i0AC50834CD5E878681CD6243E1B5D7B6&amp;searchFrom=&amp;savedSearch=false&amp;context=29&amp;crumb-action=append&amp;\">Ver texto completo<\/a><\/p>\r\n\r\n\r\n<hr class=\"wp-block-separator has-alpha-channel-opacity\" \/>\r\n\r\n\r\n<p><strong>Resoluci\u00f3n exenta N\u00b0 687, Ministerio de Vivienda y Urbanismo (3 de junio)<\/strong><br \/>Aprueba medidas excepcionales de gesti\u00f3n para el otorgamiento de subsidios adicionales, conforme al decreto N\u00ba 49, de 2011, y sus modificaciones, Programa Fondo Solidario de Elecci\u00f3n de Vivienda, y deja sin efecto resoluci\u00f3n N\u00ba 1.179 exenta, de 2021<\/p>\r\n\r\n\r\n\r\n<p><a href=\"https:\/\/westlawchile.cl\/maf\/app\/document?&amp;src=laley4&amp;docguid=iB6F025570F19FACAE874A5EB724D97A2&amp;hitguid=iB6F025570F19FACAE874A5EB724D97A2&amp;tocguid=&amp;spos=4&amp;epos=4&amp;td=5&amp;ao=i0AC50834CD5E878681CD6243E1B5D7B6&amp;searchFrom=&amp;savedSearch=false&amp;context=23&amp;crumb-action=append&amp;\">Ver texto completo<\/a><\/p>\r\n\r\n\r\n<hr class=\"wp-block-separator has-alpha-channel-opacity\" \/>\r\n\r\n\r\n<p><strong>Resoluci\u00f3n exenta N\u00b0 706, Ministerio de Salud (2 de junio)<\/strong><br \/>Dispone medidas sanitarias que indica por brote de COVID-19<\/p>\r\n\r\n\r\n\r\n<p><a href=\"https:\/\/westlawchile.cl\/maf\/app\/document?&amp;src=laley4&amp;docguid=i176D80FA974E2D259A656A137692A251&amp;hitguid=i176D80FA974E2D259A656A137692A251&amp;tocguid=&amp;spos=1&amp;epos=1&amp;td=2&amp;ao=i0AC50834CD5E878681CD6243E1B5D7B6&amp;searchFrom=&amp;savedSearch=false&amp;context=14&amp;crumb-action=append&amp;\">Ver texto completo<\/a><\/p>\r\n\r\n\r\n<hr class=\"wp-block-separator has-alpha-channel-opacity\" \/>\r\n\r\n\r\n<p><strong>Resoluci\u00f3n exenta N\u00b0 705, Ministerio de Salud (1 de junio)<\/strong><br \/>Modifica la resoluci\u00f3n N\u00b0 495 exenta, de 2022, que aprueba plan Fronteras Protegidas<\/p>\r\n\r\n\r\n\r\n<p><a href=\"https:\/\/westlawchile.cl\/maf\/app\/document?&amp;src=laley4&amp;docguid=i35744D7D68CF9E5FBEDF448D55FE2159&amp;hitguid=i35744D7D68CF9E5FBEDF448D55FE2159&amp;tocguid=&amp;spos=2&amp;epos=2&amp;td=4&amp;ao=i0AC50834CD5E878681CD6243E1B5D7B6&amp;searchFrom=&amp;savedSearch=false&amp;context=8&amp;crumb-action=append&amp;\">Ver texto completo<\/a><\/p>\r\n\r\n\r\n<hr class=\"wp-block-separator has-alpha-channel-opacity\" \/>\r\n\r\n\r\n<p><strong>Decreto N\u00b0 71, Ministerio de Justicia y Derechos Humanos (31 de mayo)<\/strong><br \/>Extiende vigencia de c\u00e9dulas de identidad para chilenos y chilenas<\/p>\r\n\r\n\r\n\r\n<p><a href=\"https:\/\/westlawchile.cl\/maf\/app\/document?&amp;src=laley4&amp;docguid=i60E0B1E382A37560C760D00BDA07893D&amp;hitguid=i60E0B1E382A37560C760D00BDA07893D&amp;tocguid=&amp;spos=12&amp;epos=12&amp;td=25&amp;ao=i0AC50834CD5E878681CD6243E1B5D7B6&amp;searchFrom=&amp;savedSearch=false&amp;context=8&amp;crumb-action=append&amp;\">Ver texto completo<\/a><\/p>\r\n\r\n\r\n<hr class=\"wp-block-separator has-alpha-channel-opacity\" \/>\r\n\r\n\r\n<p><strong>Resoluci\u00f3n exenta N\u00b0 2.501, Ministerio de Transportes y Telecomunicaciones (31 de mayo)<\/strong><br \/>Suspende plazo establecido para cancelar, por antig\u00fcedad, a taxis, buses y minibuses que indica, del Registro Nacional de Servicios de Transporte de Pasajeros<\/p>\r\n\r\n\r\n\r\n<p><a href=\"https:\/\/westlawchile.cl\/maf\/app\/document?&amp;src=laley4&amp;docguid=i2860B7EECB7190DCEC52635E6D8C7729&amp;hitguid=i2860B7EECB7190DCEC52635E6D8C7729&amp;tocguid=&amp;spos=1&amp;epos=1&amp;td=1&amp;ao=i0AC50834CD5E878681CD6243E1B5D7B6&amp;searchFrom=&amp;savedSearch=false&amp;context=15&amp;crumb-action=append&amp;\">Ver texto completo<\/a><\/p>\r\n\r\n\r\n<hr class=\"wp-block-separator has-alpha-channel-opacity\" \/>\r\n\r\n\r\n<p><strong>Resoluci\u00f3n exenta N\u00b0 689, Ministerio de Salud (26 de mayo)<\/strong><br \/>Modifica resoluci\u00f3n N\u00b0 495 exenta, de 2022, que aprueba plan Fronteras Protegidas<\/p>\r\n\r\n\r\n\r\n<p><a href=\"https:\/\/westlawchile.cl\/maf\/app\/document?&amp;src=laley4&amp;docguid=i7E835A09FFD9079BB9D79897BB948D0E&amp;hitguid=i7E835A09FFD9079BB9D79897BB948D0E&amp;tocguid=&amp;spos=1&amp;epos=1&amp;td=1&amp;ao=i0AC50834CD5E878681CD6243E1B5D7B6&amp;searchFrom=&amp;savedSearch=false&amp;context=20&amp;crumb-action=append&amp;\">Ver texto completo<\/a><\/p>\r\n\r\n\r\n<hr class=\"wp-block-separator has-alpha-channel-opacity\" \/>\r\n\r\n\r\n<p><strong>Resoluci\u00f3n exenta N\u00b0 690, Ministerio de Salud (26 de mayo)<\/strong><br \/>Dispone medidas sanitarias que indica por brote de COVID-19<\/p>\r\n\r\n\r\n\r\n<p><a href=\"https:\/\/westlawchile.cl\/maf\/app\/document?&amp;src=laley4&amp;docguid=iF9C5D041EC0E96EE396C46F5275A3BAD&amp;hitguid=iF9C5D041EC0E96EE396C46F5275A3BAD&amp;tocguid=&amp;spos=2&amp;epos=2&amp;td=2&amp;ao=i0AC50834CD5E878681CD6243E1B5D7B6&amp;searchFrom=&amp;savedSearch=false&amp;context=27&amp;crumb-action=append&amp;\">Ver texto completo<\/a><\/p>\r\n\r\n\r\n<hr class=\"wp-block-separator has-alpha-channel-opacity\" \/>\r\n\r\n\r\n<p><strong>Decreto N\u00b0 27, Ministerio de las Culturas, las Artes y el Patrimonio (25 de mayo)<\/strong><br \/>Fija criterios de distribuci\u00f3n y el procedimiento de postulaci\u00f3n al Bono de las y los Trabajadores de las Culturas, las Artes y el Patrimonio establecido en la ley N\u00ba 21.395, de Presupuestos para el Sector P\u00fablico correspondiente al a\u00f1o 2022<\/p>\r\n\r\n\r\n\r\n<p><a href=\"https:\/\/westlawchile.cl\/maf\/app\/document?&amp;src=laley4&amp;docguid=iC38BF3A638D48D0B15B96C0EC9951715&amp;hitguid=iC38BF3A638D48D0B15B96C0EC9951715&amp;tocguid=&amp;spos=28&amp;epos=28&amp;td=31&amp;ao=i0AC50834CD5E878681CD6243E1B5D7B6&amp;searchFrom=&amp;savedSearch=false&amp;context=33&amp;crumb-action=append&amp;\">Ver texto completo<\/a><\/p>\r\n\r\n\r\n<hr class=\"wp-block-separator has-alpha-channel-opacity\" \/>\r\n\r\n\r\n<p><strong>Resoluci\u00f3n exenta N\u00b0 602, Ministerio de Salud (23 de mayo)<\/strong><br \/>Aprueba procedimiento de b\u00fasqueda activa de casos para empresas que lo realicen con recursos propios<\/p>\r\n\r\n\r\n\r\n<p><a href=\"https:\/\/westlawchile.cl\/maf\/app\/document?&amp;src=laley4&amp;docguid=iAE8DA8DC69CC0EB7273F818A28CD3E8F&amp;hitguid=iAE8DA8DC69CC0EB7273F818A28CD3E8F&amp;tocguid=&amp;spos=2&amp;epos=2&amp;td=2&amp;ao=i0AC50834CD5E878681CD6243E1B5D7B6&amp;searchFrom=&amp;savedSearch=false&amp;context=79&amp;crumb-action=append&amp;\">Ver texto completo<\/a><\/p>\r\n\r\n\r\n<hr class=\"wp-block-separator has-alpha-channel-opacity\" \/>\r\n\r\n\r\n<p><strong>Resoluci\u00f3n exenta N\u00b0 638, Ministerio de Salud (19 de mayo)<\/strong><br \/>Dispone medidas sanitarias que indica por brote de COVID-19<\/p>\r\n\r\n\r\n\r\n<p><a href=\"https:\/\/westlawchile.cl\/maf\/app\/document?&amp;src=laley4&amp;docguid=i4D036628E71873A8B4A47F0E6F744094&amp;hitguid=i4D036628E71873A8B4A47F0E6F744094&amp;tocguid=&amp;spos=3&amp;epos=3&amp;td=4&amp;ao=i0AC50834CD5E878681CD6243E1B5D7B6&amp;searchFrom=&amp;savedSearch=false&amp;context=85&amp;crumb-action=append&amp;\">Ver texto completo<\/a><\/p>\r\n\r\n\r\n<hr class=\"wp-block-separator has-alpha-channel-opacity\" \/>\r\n\r\n\r\n<p><strong>Resoluci\u00f3n exenta N\u00b0 615, Ministerio de Vivienda y Urbanismo (19 de mayo)<\/strong><br \/>Modifica resoluci\u00f3n N\u00b0 1.259 exenta, de 2021, que adopta medidas excepcionales de gesti\u00f3n que indica en el Programa Fondo Solidario de Elecci\u00f3n de Vivienda del decreto N\u00b0 49, de 2011<\/p>\r\n\r\n\r\n\r\n<p><a href=\"https:\/\/westlawchile.cl\/maf\/app\/document?&amp;src=laley4&amp;docguid=iE26179B9E86F1CFB1D171FCF7C7D8B21&amp;hitguid=iE26179B9E86F1CFB1D171FCF7C7D8B21&amp;tocguid=&amp;spos=2&amp;epos=2&amp;td=2&amp;ao=i0AC50834CD5E878681CD6243E1B5D7B6&amp;searchFrom=&amp;savedSearch=false&amp;context=91&amp;crumb-action=append&amp;\">Ver texto completo<\/a><\/p>\r\n\r\n\r\n<hr class=\"wp-block-separator has-alpha-channel-opacity\" \/>\r\n\r\n\r\n<p><strong>Resoluci\u00f3n exenta N\u00b0 586, Ministerio de Salud (18 de mayo)<\/strong><br \/>Aprueba Protocolo de Trazabilidad de casos confirmados y probables de COVID-19 en trabajadores y seguimiento de contactos estrechos laborales en brotes o conglomerados<\/p>\r\n\r\n\r\n\r\n<p><a href=\"https:\/\/westlawchile.cl\/maf\/app\/document?&amp;src=laley4&amp;docguid=iDC4A95BAA3896C47D499ABE6FE015268&amp;hitguid=iDC4A95BAA3896C47D499ABE6FE015268&amp;tocguid=&amp;spos=3&amp;epos=3&amp;td=3&amp;ao=i0AC50834CD5E878681CD6243E1B5D7B6&amp;searchFrom=&amp;savedSearch=false&amp;context=97&amp;crumb-action=append&amp;\">Ver texto completo<\/a><\/p>\r\n\r\n\r\n<hr class=\"wp-block-separator has-alpha-channel-opacity\" \/>\r\n\r\n\r\n<p><strong>Resoluci\u00f3n exenta N\u00b0 606, Ministerio de Salud (14 de mayo)<\/strong><br \/>Modifica la resoluci\u00f3n N\u00ba 495 exenta, de 2022, que aprueba Plan Fronteras Protegidas<\/p>\r\n\r\n\r\n\r\n<p><a href=\"https:\/\/westlawchile.cl\/maf\/app\/document?&amp;src=laley4&amp;docguid=iC634219AD42B637836705B69F509C236&amp;hitguid=iC634219AD42B637836705B69F509C236&amp;tocguid=&amp;spos=2&amp;epos=2&amp;td=3&amp;ao=i0AC50834CD5E878681CD6243E1B5D7B6&amp;searchFrom=&amp;savedSearch=false&amp;context=221&amp;crumb-action=append&amp;\">Ver texto completo<\/a><\/p>\r\n\r\n\r\n<hr class=\"wp-block-separator has-alpha-channel-opacity\" \/>\r\n\r\n\r\n<p><strong>Resoluci\u00f3n exenta N\u00b0 587, Ministerio de Salud (12 de mayo)<\/strong><br \/>Dispone medidas sanitarias que indica por brote de COVID-19<\/p>\r\n\r\n\r\n\r\n<p><a href=\"https:\/\/westlawchile.cl\/maf\/app\/document?&amp;src=laley4&amp;docguid=iC3B7F2C588627BB34A21962D770E03EC&amp;hitguid=iC3B7F2C588627BB34A21962D770E03EC&amp;tocguid=&amp;spos=3&amp;epos=3&amp;td=4&amp;ao=i0AC50834CD5E878681CD6243E1B5D7B6&amp;searchFrom=&amp;savedSearch=false&amp;context=227&amp;crumb-action=append&amp;\">Ver texto completo<\/a><\/p>\r\n\r\n\r\n<hr class=\"wp-block-separator has-alpha-channel-opacity\" \/>\r\n\r\n\r\n<p><strong>Resoluci\u00f3n exenta N\u00b0 567, Ministerio de Salud (5 de mayo)<\/strong><br \/>Dispone medidas sanitarias que indica por brote de COVID-19<\/p>\r\n\r\n\r\n\r\n<p><a href=\"https:\/\/westlawchile.cl\/maf\/app\/document?&amp;src=laley4&amp;docguid=i7A2831349B2E7A38FFE0095E72AC6792&amp;hitguid=i7A2831349B2E7A38FFE0095E72AC6792&amp;tocguid=&amp;spos=2&amp;epos=2&amp;td=2&amp;ao=i0AC50834CD5E878681CD6243E1B5D7B6&amp;searchFrom=&amp;savedSearch=false&amp;context=161&amp;crumb-action=append&amp;\">Ver texto completo<\/a><\/p>\r\n\r\n\r\n<hr class=\"wp-block-separator has-alpha-channel-opacity\" \/>\r\n\r\n\r\n<p><strong>Resoluci\u00f3n exenta N\u00b0 1.329, Ministerio de Salud (5 de mayo)<\/strong><br \/>Proh\u00edbe funcionamiento de fuentes fijas que usen como combustible le\u00f1a u otro dendroenerg\u00e9tico en las comunas que indica<\/p>\r\n\r\n\r\n\r\n<p><a href=\"https:\/\/westlawchile.cl\/maf\/app\/document?&amp;src=laley4&amp;docguid=iEC042AADA2427F4C1CBAF702DDF28DB6&amp;hitguid=iEC042AADA2427F4C1CBAF702DDF28DB6&amp;tocguid=&amp;spos=2&amp;epos=2&amp;td=3&amp;ao=i0AC50834CD5E878681CD6243E1B5D7B6&amp;searchFrom=&amp;savedSearch=false&amp;context=164&amp;crumb-action=append&amp;\">Ver texto completo<\/a><\/p>\r\n\r\n\r\n<hr class=\"wp-block-separator has-alpha-channel-opacity\" \/>\r\n\r\n\r\n<p><strong>Resoluci\u00f3n exenta N\u00b0 141, Direcci\u00f3n General del Cr\u00e9dito Prendario (4 de mayo)<\/strong><br \/>Declara suspensi\u00f3n de remates presenciales en las Unidades de Cr\u00e9dito del pa\u00eds para el mes de mayo del a\u00f1o 2022<\/p>\r\n\r\n\r\n\r\n<p><a href=\"https:\/\/westlawchile.cl\/maf\/app\/document?&amp;src=laley4&amp;docguid=i0676AF51C094D762633916CFA7CF9D9A&amp;hitguid=i0676AF51C094D762633916CFA7CF9D9A&amp;tocguid=&amp;spos=2&amp;epos=2&amp;td=8&amp;ao=i0AC50834CD5E878681CD6243E1B5D7B6&amp;searchFrom=&amp;savedSearch=false&amp;context=87&amp;crumb-action=append&amp;\">Ver texto completo<\/a><\/p>\r\n\r\n\r\n<hr class=\"wp-block-separator has-alpha-channel-opacity\" \/>\r\n\r\n\r\n<p><strong>Resoluci\u00f3n exenta N\u00b0 504, Ministerio de Salud (21 de abril)<\/strong><br \/>Dispone medidas sanitarias que indica por brote de COVID-19<\/p>\r\n\r\n\r\n\r\n<p><a href=\"https:\/\/westlawchile.cl\/maf\/app\/document?&amp;src=laley4&amp;docguid=i6C6C78140CD8D30F367D994677417BDB&amp;hitguid=i6C6C78140CD8D30F367D994677417BDB&amp;tocguid=&amp;spos=2&amp;epos=2&amp;td=3&amp;ao=i0AC50834CD5E878681CD6243E1B5D7B6&amp;searchFrom=&amp;savedSearch=false&amp;context=143&amp;crumb-action=append&amp;\">Ver texto completo<\/a><\/p>\r\n\r\n\r\n<hr class=\"wp-block-separator has-alpha-channel-opacity\" \/>\r\n\r\n\r\n<p><strong>Resoluci\u00f3n exenta N\u00b0 494, Ministerio de Salud (14 de abril)<\/strong><br \/>Establece plan Seguimos Cuid\u00e1ndonos, Paso a Paso<\/p>\r\n\r\n\r\n\r\n<p><a href=\"https:\/\/westlawchile.cl\/maf\/app\/document?&amp;src=laley4&amp;docguid=iEA8A2440F117EB33A03D85A1B938C68A&amp;hitguid=iEA8A2440F117EB33A03D85A1B938C68A&amp;tocguid=&amp;spos=2&amp;epos=2&amp;td=3&amp;ao=i0AC50834CD5E878681CD6243E1B5D7B6&amp;searchFrom=&amp;savedSearch=false&amp;context=102&amp;crumb-action=append&amp;\">Ver texto completo<\/a><\/p>\r\n\r\n\r\n<hr class=\"wp-block-separator has-alpha-channel-opacity\" \/>\r\n\r\n\r\n<p><strong>Resoluci\u00f3n exenta N\u00b0 495, Ministerio de Salud (14 de abril)<\/strong><br \/>Aprueba Plan Fronteras Protegidas<\/p>\r\n\r\n\r\n\r\n<p><a href=\"https:\/\/westlawchile.cl\/maf\/app\/document?&amp;src=laley4&amp;docguid=i3FB2A5DEB1083C9C7EB7AC1185CB906E&amp;hitguid=i3FB2A5DEB1083C9C7EB7AC1185CB906E&amp;tocguid=&amp;spos=1&amp;epos=1&amp;td=1&amp;ao=i0AC50834CD5E878681CD6243E1B5D7B6&amp;searchFrom=&amp;savedSearch=false&amp;context=99&amp;crumb-action=append&amp;\">Ver texto completo<\/a><\/p>\r\n\r\n\r\n<hr class=\"wp-block-separator has-alpha-channel-opacity\" \/>\r\n\r\n\r\n<p><strong>Resoluci\u00f3n exenta N\u00b0 496, Ministerio de Salud (14 de abril)<\/strong><br \/>Dispone medidas sanitarias que indica por brote de COVID-19<\/p>\r\n\r\n\r\n\r\n<p><a href=\"https:\/\/westlawchile.cl\/maf\/app\/document?&amp;src=laley4&amp;docguid=i71CCA4E80269E9AA73A0FAC24833C53C&amp;hitguid=i71CCA4E80269E9AA73A0FAC24833C53C&amp;tocguid=&amp;spos=4&amp;epos=4&amp;td=4&amp;ao=i0AC50834CD5E878681CD6243E1B5D7B6&amp;searchFrom=&amp;savedSearch=false&amp;context=96&amp;crumb-action=append&amp;\">Ver texto completo<\/a><\/p>\r\n\r\n\r\n<hr class=\"wp-block-separator has-alpha-channel-opacity\" \/>\r\n\r\n\r\n<p><strong>Resoluci\u00f3n exenta N\u00b0 485, Ministerio de Salud (11 de abril)<\/strong><br \/>Modifica resoluci\u00f3n N\u00b0 672 exenta, de 2021, que establece Plan Fronteras Protegidas<\/p>\r\n\r\n\r\n\r\n<p><a href=\"https:\/\/westlawchile.cl\/maf\/app\/document?&amp;src=laley4&amp;docguid=i7F8E9A4CFAA321645F7A5B7E41CFA15C&amp;hitguid=i7F8E9A4CFAA321645F7A5B7E41CFA15C&amp;tocguid=&amp;spos=4&amp;epos=4&amp;td=5&amp;ao=i0AC50834CD5E878681CD6243E1B5D7B6&amp;searchFrom=&amp;savedSearch=false&amp;context=78&amp;crumb-action=append&amp;\">Ver texto completo<\/a><\/p>\r\n\r\n\r\n<hr class=\"wp-block-separator has-alpha-channel-opacity\" \/>\r\n\r\n\r\n<p><strong>Decreto N\u00b0 13, Ministerio de Relaciones Exteriores (5 de abril)<\/strong><br \/>Promulga la Revisi\u00f3n Sustantiva N\u00ba 2 del Acuerdo con el Programa de las Naciones Unidas para el Desarrollo sobre el proyecto: Plan de Gesti\u00f3n para la Eliminaci\u00f3n de HCFC en Chile \u2013 Fase II<\/p>\r\n\r\n\r\n<hr class=\"wp-block-separator has-alpha-channel-opacity\" \/>\r\n\r\n\r\n<p><strong>Resoluci\u00f3n exenta N\u00b0 473, Ministerio de Salud (2 de abril)<\/strong><br \/>Crea Comisi\u00f3n Nacional de Respuesta Pand\u00e9mica COVID-19 y deja sin efecto Consejo Asesor COVID-19<\/p>\r\n\r\n\r\n\r\n<p><a href=\"https:\/\/westlawchile.cl\/maf\/app\/document?&amp;src=laley4&amp;docguid=i4E1044298AE43F6129FC0B036D849245&amp;hitguid=i4E1044298AE43F6129FC0B036D849245&amp;tocguid=&amp;spos=4&amp;epos=4&amp;td=5&amp;ao=i0AC50834CD5E878681CD6243E1B5D7B6&amp;searchFrom=&amp;savedSearch=false&amp;context=101&amp;crumb-action=append&amp;\">Ver texto completo<\/a><\/p>\r\n\r\n\r\n<hr class=\"wp-block-separator has-alpha-channel-opacity\" \/>\r\n\r\n\r\n<p><strong>Decreto N\u00b0 142, Ministerio del Interior y Seguridad P\u00fablica (31 de marzo)<\/strong><br \/>Extiende vigencia del decreto N\u00b0 295, de 2021, que dispone el cierre temporal de lugares habilitados para el tr\u00e1nsito de personas, por Emergencia de Salud P\u00fablica de Importancia Internacional por brote del nuevo coronavirus (2019-NCOV)<\/p>\r\n\r\n\r\n\r\n<p><a href=\"https:\/\/westlawchile.cl\/maf\/app\/document?&amp;src=laley4&amp;docguid=i3DB3D39331477E90E8E18DEEA99E1194&amp;hitguid=i3DB3D39331477E90E8E18DEEA99E1194&amp;tocguid=&amp;spos=8&amp;epos=8&amp;td=20&amp;ao=i0AC50834CD5E878681CD6243E1B5D7B6&amp;searchFrom=&amp;savedSearch=false&amp;context=104&amp;crumb-action=append&amp;\">Ver texto completo<\/a><\/p>\r\n\r\n\r\n<hr class=\"wp-block-separator has-alpha-channel-opacity\" \/>\r\n\r\n\r\n<p><strong>Resoluci\u00f3n exenta N\u00b0 86, Direcci\u00f3n General del Cr\u00e9dito Prendario (30 de marzo)<\/strong><br \/>Declara suspensi\u00f3n de remates presenciales en las unidades de cr\u00e9dito del pa\u00eds para el mes de abril del a\u00f1o 2022<\/p>\r\n\r\n\r\n\r\n<p><a href=\"https:\/\/westlawchile.cl\/maf\/app\/document?&amp;src=laley4&amp;docguid=iE6A03D721DEAED1AAFF3F4FA83EBC3B6&amp;hitguid=iE6A03D721DEAED1AAFF3F4FA83EBC3B6&amp;tocguid=&amp;spos=3&amp;epos=3&amp;td=5&amp;ao=i0AC50834CD5E878681CD6243E1B5D7B6&amp;searchFrom=&amp;savedSearch=false&amp;context=163&amp;crumb-action=append&amp;\">Ver texto completo<\/a><\/p>\r\n\r\n\r\n<hr class=\"wp-block-separator has-alpha-channel-opacity\" \/>\r\n\r\n\r\n<p><strong>Decreto N\u00b0 31, Ministerio de Salud (28 de marzo)<\/strong><br \/>Prorroga vigencia del decreto N\u00b0 4, de 2020, que decreta alerta sanitaria por per\u00edodo que se\u00f1ala y otorga facultades extraordinarias que indica por Emergencia de Salud P\u00fablica de Importancia Internacional por brote del nuevo coronavirus (2019-NCOV)<\/p>\r\n\r\n\r\n\r\n<p><a href=\"https:\/\/westlawchile.cl\/maf\/app\/document?&amp;src=laley4&amp;docguid=i821A9067DE133A0ABB4E9AC28E472579&amp;hitguid=i821A9067DE133A0ABB4E9AC28E472579&amp;tocguid=&amp;spos=30&amp;epos=30&amp;td=38&amp;ao=i0AC50834CD5E878681CD6243E1B5D7B6&amp;searchFrom=&amp;savedSearch=false&amp;context=147&amp;crumb-action=append&amp;\">Ver texto completo<\/a><\/p>\r\n\r\n\r\n<hr class=\"wp-block-separator has-alpha-channel-opacity\" \/>\r\n\r\n\r\n<p><strong>Resoluci\u00f3n exenta N\u00b0 460, Ministerio de Salud (24 de marzo)<\/strong><br \/>Dispone medidas sanitarias que indica por brote de COVID-19<\/p>\r\n\r\n\r\n\r\n<p><a href=\"https:\/\/westlawchile.cl\/maf\/app\/document?&amp;src=laley4&amp;docguid=iA2553B0D19DA97C0CF4CF52168B9609B&amp;hitguid=iA2553B0D19DA97C0CF4CF52168B9609B&amp;tocguid=&amp;spos=2&amp;epos=2&amp;td=2&amp;ao=i0AC50834CD5E878681CD6243E1B5D7B6&amp;searchFrom=&amp;savedSearch=false&amp;context=173&amp;crumb-action=append&amp;\">Ver texto completo<\/a><\/p>\r\n\r\n\r\n<hr class=\"wp-block-separator has-alpha-channel-opacity\" \/>\r\n\r\n\r\n<p><strong>Resoluci\u00f3n exenta N\u00b0 408, Ministerio de Salud (24 de marzo)<\/strong><br \/>Aprueba documento Vigilancia de errores program\u00e1ticos (EPRO) vacuna contra SARS-CoV-2 2021<\/p>\r\n\r\n\r\n\r\n<p><a href=\"https:\/\/westlawchile.cl\/maf\/app\/document?&amp;src=laley4&amp;docguid=i4BCED3B6BCAE0C6348DB597F3DF8E44E&amp;hitguid=i4BCED3B6BCAE0C6348DB597F3DF8E44E&amp;tocguid=&amp;spos=1&amp;epos=1&amp;td=1&amp;ao=i0AC50834CD5E878681CD6243E1B5D7B6&amp;searchFrom=&amp;savedSearch=false&amp;context=181&amp;crumb-action=append&amp;\">Ver texto completo<\/a><\/p>\r\n\r\n\r\n<hr class=\"wp-block-separator has-alpha-channel-opacity\" \/>\r\n\r\n\r\n<p><strong>Resoluci\u00f3n exenta N\u00b0 391, Ministerio de Salud (23 de marzo)<\/strong><br \/>Aprueba documento Eventos adversos post inmunizaci\u00f3n con vacunas contra SARS-CoV-2<\/p>\r\n\r\n\r\n\r\n<p><a href=\"https:\/\/westlawchile.cl\/maf\/app\/document?&amp;src=laley4&amp;docguid=i419AF58D2CB0BCFA438E55EE35F2880E&amp;hitguid=i419AF58D2CB0BCFA438E55EE35F2880E&amp;tocguid=&amp;spos=4&amp;epos=4&amp;td=5&amp;ao=i0AC50834CD5E878681CD6243E1B5D7B6&amp;searchFrom=&amp;savedSearch=false&amp;context=84&amp;crumb-action=append&amp;\">Ver texto completo<\/a><\/p>\r\n\r\n\r\n<hr class=\"wp-block-separator has-alpha-channel-opacity\" \/>\r\n\r\n\r\n<p><strong>Resoluci\u00f3n exenta N\u00b0 392, Ministerio de Salud (23 de marzo)<\/strong><br \/>Aprueba documento Informe de Esavi Notificados Primer Semestre 2021<\/p>\r\n\r\n\r\n\r\n<p><a href=\"https:\/\/westlawchile.cl\/maf\/app\/document?&amp;src=laley4&amp;docguid=iF26B8C2B3AF8448C082C29F3EBE843E3&amp;hitguid=iF26B8C2B3AF8448C082C29F3EBE843E3&amp;tocguid=&amp;spos=1&amp;epos=1&amp;td=1&amp;ao=i0AC50834CD5E878681CD6243E1B5D7B6&amp;searchFrom=&amp;savedSearch=false&amp;context=91&amp;crumb-action=append&amp;\">Ver texto completo<\/a><\/p>\r\n\r\n\r\n<hr class=\"wp-block-separator has-alpha-channel-opacity\" \/>\r\n\r\n\r\n<p><strong>Resoluci\u00f3n exenta N\u00b0 393, Ministerio de Salud (23 de marzo)<\/strong><br \/>Aprueba documento Coadministraci\u00f3n de vacunas durante la estrategia de vacunaci\u00f3n escolar<\/p>\r\n\r\n\r\n\r\n<p><a href=\"https:\/\/westlawchile.cl\/maf\/app\/document?&amp;src=laley4&amp;docguid=iD9DB74E7457401FED5C7A353E446E937&amp;hitguid=iD9DB74E7457401FED5C7A353E446E937&amp;tocguid=&amp;spos=1&amp;epos=1&amp;td=2&amp;ao=i0AC50834CD5E878681CD6243E1B5D7B6&amp;searchFrom=&amp;savedSearch=false&amp;context=94&amp;crumb-action=append&amp;\">Ver texto completo<\/a><\/p>\r\n\r\n\r\n<hr class=\"wp-block-separator has-alpha-channel-opacity\" \/>\r\n\r\n\r\n<p><strong>Resoluci\u00f3n exenta N\u00b0 394, Ministerio de Salud (23 de marzo)<\/strong><br \/>Aprueba Informe del dise\u00f1o, planificaci\u00f3n y desarrollo de Campa\u00f1a de Vacunaci\u00f3n COVID-19 2021 en Chile<\/p>\r\n\r\n\r\n\r\n<p><a href=\"https:\/\/westlawchile.cl\/maf\/app\/document?&amp;src=laley4&amp;docguid=i7EC2980A10365B8A8A7AC9132E1ADF16&amp;hitguid=i7EC2980A10365B8A8A7AC9132E1ADF16&amp;tocguid=&amp;spos=1&amp;epos=1&amp;td=4&amp;ao=i0AC50834CD5E878681CD6243E1B5D7B6&amp;searchFrom=&amp;savedSearch=false&amp;context=97&amp;crumb-action=append&amp;\">Ver texto completo<\/a><\/p>\r\n\r\n\r\n<hr class=\"wp-block-separator has-alpha-channel-opacity\" \/>\r\n\r\n\r\n<p><strong>Resoluci\u00f3n exenta N\u00b0 395, Ministerio de Salud (23 de marzo)<\/strong><br \/>Aprueba documento Dosis de refuerzo en la campa\u00f1a de vacunaci\u00f3n contra SARS-CoV-2 en Chile fase 2<\/p>\r\n\r\n\r\n\r\n<p><a href=\"https:\/\/westlawchile.cl\/maf\/app\/document?&amp;src=laley4&amp;docguid=iABBD8890B16FDA9A9C50EDD02376761A&amp;hitguid=iABBD8890B16FDA9A9C50EDD02376761A&amp;tocguid=&amp;spos=4&amp;epos=4&amp;td=5&amp;ao=i0AC50834CD5E878681CD6243E1B5D7B6&amp;searchFrom=&amp;savedSearch=false&amp;context=100&amp;crumb-action=append&amp;\">Ver texto completo<\/a><\/p>\r\n\r\n\r\n<hr class=\"wp-block-separator has-alpha-channel-opacity\" \/>\r\n\r\n\r\n<p><strong>Resoluci\u00f3n exenta N\u00b0 396, Ministerio de Salud (23 de marzo)<\/strong><br \/>Aprueba documento Cuarta dosis de vacuna contra SARS-CoV-2 para residentes y funcionarios de Eleam<\/p>\r\n\r\n\r\n\r\n<p><a href=\"https:\/\/westlawchile.cl\/maf\/app\/document?&amp;src=laley4&amp;docguid=iF273E45E1B2570436DC9D5B576217075&amp;hitguid=iF273E45E1B2570436DC9D5B576217075&amp;tocguid=&amp;spos=3&amp;epos=3&amp;td=4&amp;ao=i0AC50834CD5E878681CD6243E1B5D7B6&amp;searchFrom=&amp;savedSearch=false&amp;context=103&amp;crumb-action=append&amp;\">Ver texto completo<\/a><\/p>\r\n\r\n\r\n<hr class=\"wp-block-separator has-alpha-channel-opacity\" \/>\r\n\r\n\r\n<p><strong>Resoluci\u00f3n exenta N\u00b0 397, Ministerio de Salud (23 de marzo)<\/strong><br \/>Aprueba documento Cuarta Dosis de Vacuna contra SARS-CoV-2 para personal de salud<\/p>\r\n\r\n\r\n\r\n<p><a href=\"https:\/\/westlawchile.cl\/maf\/app\/document?&amp;src=laley4&amp;docguid=i0F68A7680EFD8A6FEBCDFFCCA41D2514&amp;hitguid=i0F68A7680EFD8A6FEBCDFFCCA41D2514&amp;tocguid=&amp;spos=1&amp;epos=1&amp;td=2&amp;ao=i0AC50834CD5E878681CD6243E1B5D7B6&amp;searchFrom=&amp;savedSearch=false&amp;context=8&amp;crumb-action=append&amp;\">Ver texto completo<\/a><\/p>\r\n\r\n\r\n<hr class=\"wp-block-separator has-alpha-channel-opacity\" \/>\r\n\r\n\r\n<p><strong>Resoluci\u00f3n exenta N\u00b0 398, Ministerio de Salud (23 de marzo)<\/strong><br \/>Aprueba documento Cuarta Dosis de Vacuna contra SARS-CoV-2: personas inmunocomprometidas<\/p>\r\n\r\n\r\n\r\n<p><a href=\"https:\/\/westlawchile.cl\/maf\/app\/document?&amp;src=laley4&amp;docguid=iC5561D380454A5B3B6FF445CE2670725&amp;hitguid=iC5561D380454A5B3B6FF445CE2670725&amp;tocguid=&amp;spos=1&amp;epos=1&amp;td=2&amp;ao=i0AC50834CD5E878681CD6243E1B5D7B6&amp;searchFrom=&amp;savedSearch=false&amp;context=11&amp;crumb-action=append&amp;\">Ver texto completo<\/a><\/p>\r\n\r\n\r\n<hr class=\"wp-block-separator has-alpha-channel-opacity\" \/>\r\n\r\n\r\n<p><strong>Resoluci\u00f3n exenta N\u00b0 399, Ministerio de Salud (23 de marzo)<\/strong><br \/>Aprueba documento Cuarta Dosis de Vacuna Contra SARS-CoV-2 Poblaci\u00f3n General desde los 18 A\u00f1os<\/p>\r\n\r\n\r\n\r\n<p><a href=\"https:\/\/westlawchile.cl\/maf\/app\/document?&amp;src=laley4&amp;docguid=i951B544DE51D25479817C33AFEAD76F2&amp;hitguid=i951B544DE51D25479817C33AFEAD76F2&amp;tocguid=&amp;spos=1&amp;epos=1&amp;td=1&amp;ao=i0AC50834CD5E878681CD6243E1B5D7B6&amp;searchFrom=&amp;savedSearch=false&amp;context=14&amp;crumb-action=append&amp;\">Ver texto completo<\/a><\/p>\r\n\r\n\r\n<hr class=\"wp-block-separator has-alpha-channel-opacity\" \/>\r\n\r\n\r\n<p><strong>Resoluci\u00f3n exenta N\u00b0 400, Ministerio de Salud (23 de marzo)<\/strong><br \/>Aprueba documento Dosis de refuerzo de vacuna contra SARS-CoV-2 en pacientes inmunocomprometidos<\/p>\r\n\r\n\r\n\r\n<p><a href=\"https:\/\/westlawchile.cl\/maf\/app\/document?&amp;src=laley4&amp;docguid=i5346D662076AA8E57B2A4DA4745D65B9&amp;hitguid=i5346D662076AA8E57B2A4DA4745D65B9&amp;tocguid=&amp;spos=1&amp;epos=1&amp;td=2&amp;ao=i0AC50834CD5E878681CD6243E1B5D7B6&amp;searchFrom=&amp;savedSearch=false&amp;context=17&amp;crumb-action=append&amp;\">Ver texto completo<\/a><\/p>\r\n\r\n\r\n<hr class=\"wp-block-separator has-alpha-channel-opacity\" \/>\r\n\r\n\r\n<p><strong>Resoluci\u00f3n exenta N\u00b0 401, Ministerio de Salud (23 de marzo)<\/strong><br \/>Aprueba documento Esquema Heter\u00f3logo AstraZeneca\/Pfizer para completar vacunaci\u00f3n de menores de 45 a\u00f1os que recibieron 1\u00b0 dosis de Astrazeneca<\/p>\r\n\r\n\r\n\r\n<p><a href=\"https:\/\/westlawchile.cl\/maf\/app\/document?&amp;src=laley4&amp;docguid=i0296BEB62E3BDC72FBC6CA48342D069D&amp;hitguid=i0296BEB62E3BDC72FBC6CA48342D069D&amp;tocguid=&amp;spos=2&amp;epos=2&amp;td=3&amp;ao=i0AC50834CD5E878681CD6243E1B5D7B6&amp;searchFrom=&amp;savedSearch=false&amp;context=20&amp;crumb-action=append&amp;\">Ver texto completo<\/a><\/p>\r\n\r\n\r\n<hr class=\"wp-block-separator has-alpha-channel-opacity\" \/>\r\n\r\n\r\n<p><strong>Resoluci\u00f3n exenta N\u00b0 402, Ministerio de Salud (23 de marzo)<\/strong><br \/>Aprueba documento Vacunaci\u00f3n contra SARS-Cov-2 en adolescentes<\/p>\r\n\r\n\r\n\r\n<p><a href=\"https:\/\/westlawchile.cl\/maf\/app\/document?&amp;src=laley4&amp;docguid=i8E7AC9B1364B19FF6264EB581236F58B&amp;hitguid=i8E7AC9B1364B19FF6264EB581236F58B&amp;tocguid=&amp;spos=2&amp;epos=2&amp;td=2&amp;ao=i0AC50834CD5E878681CD6243E1B5D7B6&amp;searchFrom=&amp;savedSearch=false&amp;context=23&amp;crumb-action=append&amp;\">Ver texto completo<\/a><\/p>\r\n\r\n\r\n<hr class=\"wp-block-separator has-alpha-channel-opacity\" \/>\r\n\r\n\r\n<p><strong>Resoluci\u00f3n exenta N\u00b0 403, Ministerio de Salud (23 de marzo)<\/strong><br \/>Aprueba documentos Uso de vacuna de laboratorio AstraZeneca (ChAdOx1-S) en plan de vacunaci\u00f3n contra SARS-CoV-2 y Actualizaci\u00f3n de uso vacuna de laboratorio AstraZeneca (ChAdOx1-S)<\/p>\r\n\r\n\r\n\r\n<p><a href=\"https:\/\/westlawchile.cl\/maf\/app\/document?&amp;src=laley4&amp;docguid=i62AC8D42338C43A147856DC706AAD28B&amp;hitguid=i62AC8D42338C43A147856DC706AAD28B&amp;tocguid=&amp;spos=2&amp;epos=2&amp;td=3&amp;ao=i0AC50834CD5E878681CD6243E1B5D7B6&amp;searchFrom=&amp;savedSearch=false&amp;context=26&amp;crumb-action=append&amp;\">Ver texto completo<\/a><\/p>\r\n\r\n\r\n<hr class=\"wp-block-separator has-alpha-channel-opacity\" \/>\r\n\r\n\r\n<p><strong>Resoluci\u00f3n exenta N\u00b0 404, Ministerio de Salud (23 de marzo)<\/strong><br \/>Aprueba documento Vacunaci\u00f3n contra SARS-CoV-2 en pre-escolares (3 a 5 a\u00f1os)<\/p>\r\n\r\n\r\n\r\n<p><a href=\"https:\/\/westlawchile.cl\/maf\/app\/document?&amp;src=laley4&amp;docguid=i424BA6CF97C03108E00E6FDE3427F871&amp;hitguid=i424BA6CF97C03108E00E6FDE3427F871&amp;tocguid=&amp;spos=3&amp;epos=3&amp;td=4&amp;ao=i0AC50834CD5E878681CD6243E1B5D7B6&amp;searchFrom=&amp;savedSearch=false&amp;context=29&amp;crumb-action=append&amp;\">Ver texto completo<\/a><\/p>\r\n\r\n\r\n<hr class=\"wp-block-separator has-alpha-channel-opacity\" \/>\r\n\r\n\r\n<p><strong>Resoluci\u00f3n exenta N\u00b0 437, Ministerio de Salud (23 de marzo)<\/strong><br \/>Aprueba documento Esavi serio: S\u00edndrome de Trombosis con Trombocitopenia<\/p>\r\n\r\n\r\n\r\n<p><a href=\"https:\/\/westlawchile.cl\/maf\/app\/document?&amp;src=laley4&amp;docguid=i893FB97A1962A6F576E9A93AEF685BEA&amp;hitguid=i893FB97A1962A6F576E9A93AEF685BEA&amp;tocguid=&amp;spos=4&amp;epos=4&amp;td=5&amp;ao=i0AC50834CD5E878681CD6243E1B5D7B6&amp;searchFrom=&amp;savedSearch=false&amp;context=32&amp;crumb-action=append&amp;\">Ver texto completo<\/a><\/p>\r\n\r\n\r\n<hr class=\"wp-block-separator has-alpha-channel-opacity\" \/>\r\n\r\n\r\n<p><strong>Resoluci\u00f3n exenta N\u00b0 438, Ministerio de Salud (23 de marzo)<\/strong><br \/>Aprueba documento Recomendaci\u00f3n para Administraci\u00f3n de 2\u00aa dosis de Vacuna contra SARS-CoV-2 Posterior a Esavi no serio<\/p>\r\n\r\n\r\n\r\n<p><a href=\"https:\/\/westlawchile.cl\/maf\/app\/document?&amp;src=laley4&amp;docguid=i6CF9A6781AC060A31ECC9295A43642EE&amp;hitguid=i6CF9A6781AC060A31ECC9295A43642EE&amp;tocguid=&amp;spos=3&amp;epos=3&amp;td=5&amp;ao=i0AC50834CD5E878681CD6243E1B5D7B6&amp;searchFrom=&amp;savedSearch=false&amp;context=35&amp;crumb-action=append&amp;\">Ver texto completo<\/a><\/p>\r\n\r\n\r\n<hr class=\"wp-block-separator has-alpha-channel-opacity\" \/>\r\n\r\n\r\n<p><strong>Resoluci\u00f3n exenta N\u00b0 439, Ministerio de Salud (23 de marzo)<\/strong><br \/>Aprueba documento Dosis de Refuerzo de Vacuna contra SARS-CoV-2 en Pacientes Pedi\u00e1tricos Inmunocomprometidos (3-11 a\u00f1os)<\/p>\r\n\r\n\r\n\r\n<p><a href=\"https:\/\/westlawchile.cl\/maf\/app\/document?&amp;src=laley4&amp;docguid=i75917E9BC57BAC5117B803111728BAFF&amp;hitguid=i75917E9BC57BAC5117B803111728BAFF&amp;tocguid=&amp;spos=1&amp;epos=1&amp;td=1&amp;ao=i0AC50834CD5E878681CD6243E1B5D7B6&amp;searchFrom=&amp;savedSearch=false&amp;context=38&amp;crumb-action=append&amp;\">Ver texto completo<\/a><\/p>\r\n\r\n\r\n<hr class=\"wp-block-separator has-alpha-channel-opacity\" \/>\r\n\r\n\r\n<p><strong>Resoluci\u00f3n exenta N\u00b0 440, Ministerio de Salud (23 de marzo)<\/strong><br \/>Aprueba documento Vacunaci\u00f3n contra SARS-CoV-2 en edad pedi\u00e1trica (6 a 11 a\u00f1os)<\/p>\r\n\r\n\r\n\r\n<p><a href=\"https:\/\/westlawchile.cl\/maf\/app\/document?&amp;src=laley4&amp;docguid=iD4BCD3FBFE0E7B405AFD79CFC587502C&amp;hitguid=iD4BCD3FBFE0E7B405AFD79CFC587502C&amp;tocguid=&amp;spos=3&amp;epos=3&amp;td=3&amp;ao=i0AC50834CD5E878681CD6243E1B5D7B6&amp;searchFrom=&amp;savedSearch=false&amp;context=41&amp;crumb-action=append&amp;\">Ver texto completo<\/a><\/p>\r\n\r\n\r\n<hr class=\"wp-block-separator has-alpha-channel-opacity\" \/>\r\n\r\n\r\n<p><strong>Resoluci\u00f3n exenta N\u00b0 441, Ministerio de Salud (23 de marzo)<\/strong><br \/>Aprueba documento Recomendaci\u00f3n para administraci\u00f3n de 2a dosis o dosis de refuerzo de vacuna contra SARS-CoV-2 posterior a ESAVI serio y\/o de inter\u00e9s cl\u00ednico<\/p>\r\n\r\n\r\n\r\n<p><a href=\"https:\/\/westlawchile.cl\/maf\/app\/document?&amp;src=laley4&amp;docguid=i80E9C3650AC84C1EC9C8D7681B845B3E&amp;hitguid=i80E9C3650AC84C1EC9C8D7681B845B3E&amp;tocguid=&amp;spos=1&amp;epos=1&amp;td=1&amp;ao=i0AC50834CD5E878681CD6243E1B5D7B6&amp;searchFrom=&amp;savedSearch=false&amp;context=44&amp;crumb-action=append&amp;\">Ver texto completo<\/a><\/p>\r\n\r\n\r\n<hr class=\"wp-block-separator has-alpha-channel-opacity\" \/>\r\n\r\n\r\n<p><strong>Resoluci\u00f3n exenta N\u00b0 442, Ministerio de Salud (23 de marzo)<\/strong><br \/>Aprueba documento Esavi serio: miocarditis y\/o pericarditis<\/p>\r\n\r\n\r\n\r\n<p><a href=\"https:\/\/westlawchile.cl\/maf\/app\/document?&amp;src=laley4&amp;docguid=i0A3E80B1B3B05EEC47617FBDBBAB6227&amp;hitguid=i0A3E80B1B3B05EEC47617FBDBBAB6227&amp;tocguid=&amp;spos=5&amp;epos=5&amp;td=7&amp;ao=i0AC50834CD5E878681CD6243E1B5D7B6&amp;searchFrom=&amp;savedSearch=false&amp;context=47&amp;crumb-action=append&amp;\">Ver texto completo<\/a><\/p>\r\n\r\n\r\n<hr class=\"wp-block-separator has-alpha-channel-opacity\" \/>\r\n\r\n\r\n<p><strong>Resoluci\u00f3n exenta N\u00b0 407, Ministerio de Salud (22 de marzo)<\/strong><br \/>Aprueba documento Dosis de refuerzo en la campa\u00f1a de vacunaci\u00f3n contra SARS-CoV-2 en Chile fase 3: ni\u00f1os, ni\u00f1as y adolescentes (NNA)<\/p>\r\n\r\n\r\n\r\n<p><a href=\"https:\/\/westlawchile.cl\/maf\/app\/document?&amp;src=laley4&amp;docguid=iD6E482292DFCB2546F16AC8F976BF8D7&amp;hitguid=iD6E482292DFCB2546F16AC8F976BF8D7&amp;tocguid=&amp;spos=2&amp;epos=2&amp;td=2&amp;ao=i0AC50834CD5E878681CD6243E1B5D7B6&amp;searchFrom=&amp;savedSearch=false&amp;context=51&amp;crumb-action=append&amp;\">Ver texto completo<\/a><\/p>\r\n\r\n\r\n<hr class=\"wp-block-separator has-alpha-channel-opacity\" \/>\r\n\r\n\r\n<p><strong>Resoluci\u00f3n exenta N\u00b0 406, Ministerio de Salud (22 de marzo)<\/strong><br \/>Aprueba documento Dosis de refuerzo en la campa\u00f1a de vacunaci\u00f3n contra SARS-CoV-2 \u2013 recomendaciones especiales<\/p>\r\n\r\n\r\n\r\n<p><a href=\"https:\/\/westlawchile.cl\/maf\/app\/document?&amp;src=laley4&amp;docguid=iF504C9FDD7AD5158BA854A0064C46651&amp;hitguid=iF504C9FDD7AD5158BA854A0064C46651&amp;tocguid=&amp;spos=4&amp;epos=4&amp;td=4&amp;ao=i0AC50834CD5E878681CD6243E1B5D7B6&amp;searchFrom=&amp;savedSearch=false&amp;context=54&amp;crumb-action=append&amp;\">Ver texto completo<\/a><\/p>\r\n\r\n\r\n<hr class=\"wp-block-separator has-alpha-channel-opacity\" \/>\r\n\r\n\r\n<p><strong>Resoluci\u00f3n exenta N\u00b0 405, Ministerio de Salud (22 de marzo)<\/strong><br \/>Aprueba documento Actualizaci\u00f3n de la vacuna contra SARS-CoV-2 en embarazadas y nodrizas<\/p>\r\n\r\n\r\n\r\n<p><a href=\"https:\/\/westlawchile.cl\/maf\/app\/document?&amp;src=laley4&amp;docguid=iF29BE80EEE82158D8E7CF2DEC2AC1D1D&amp;hitguid=iF29BE80EEE82158D8E7CF2DEC2AC1D1D&amp;tocguid=&amp;spos=3&amp;epos=3&amp;td=8&amp;ao=i0AC50834CD5E878681CD6243E1B5D7B6&amp;searchFrom=&amp;savedSearch=false&amp;context=60&amp;crumb-action=append&amp;\">Ver texto completo<\/a><\/p>\r\n\r\n\r\n<hr class=\"wp-block-separator has-alpha-channel-opacity\" \/>\r\n\r\n\r\n<p><strong>Decreto N\u00b0 1, Ministerio de Educaci\u00f3n (22 de marzo)<\/strong><br \/>Aprueba reglamento que fija procedimiento para c\u00e1lculo de excedentes de los fondos solidarios de Cr\u00e9dito Universitario<\/p>\r\n\r\n\r\n\r\n<p><a href=\"https:\/\/westlawchile.cl\/maf\/app\/document?&amp;src=laley4&amp;docguid=i9E9CF47DDAEB4E2FED01CAAFA42370F4&amp;hitguid=i9E9CF47DDAEB4E2FED01CAAFA42370F4&amp;tocguid=&amp;spos=1&amp;epos=1&amp;td=4&amp;ao=i0AC50834CD5E878681CD6243E1B5D7B6&amp;searchFrom=&amp;savedSearch=false&amp;context=72&amp;crumb-action=append&amp;\">Ver texto completo<\/a><\/p>\r\n\r\n\r\n<hr class=\"wp-block-separator has-alpha-channel-opacity\" \/>\r\n\r\n\r\n<p><strong>Decreto N\u00b0 72, Ministerio de Econom\u00eda, Fomento y Turismo (16 de marzo)<\/strong><br \/>Aprueba estrategia de fomento y promoci\u00f3n de la inversi\u00f3n extranjera<\/p>\r\n\r\n\r\n\r\n<p><a href=\"https:\/\/westlawchile.cl\/maf\/app\/document?&amp;src=laley4&amp;docguid=iDCE45C0B83B075387DF38464D41FA909&amp;hitguid=iDCE45C0B83B075387DF38464D41FA909&amp;tocguid=&amp;spos=1&amp;epos=1&amp;td=24&amp;ao=i0AC50834CD5E878681CD6243E1B5D7B6&amp;searchFrom=&amp;savedSearch=false&amp;context=76&amp;crumb-action=append&amp;\">Ver texto completo<\/a><\/p>\r\n\r\n\r\n<hr class=\"wp-block-separator has-alpha-channel-opacity\" \/>\r\n\r\n\r\n<p><strong>Resoluci\u00f3n exenta N\u00b0 412, Ministerio de Salud (11 de marzo)<\/strong><br \/>Dispone medidas sanitarias que indica por brote de COVID-19 y modifica resoluci\u00f3n N\u00ba 994 exenta, de 2021<\/p>\r\n\r\n\r\n\r\n<p><a href=\"https:\/\/westlawchile.cl\/maf\/app\/document?&amp;docguid=i71D855DEBAEB122090558589771425F5&amp;hitguid=i71D855DEBAEB122090558589771425F5&amp;tocguid=&amp;spos=2&amp;epos=2&amp;td=5&amp;ao=i0AC50834CD5E878681CD6243E1B5D7B6&amp;searchFrom=&amp;savedSearch=false&amp;context=307&amp;crumb-action=append&amp;\">Ver texto completo<\/a><\/p>\r\n\r\n\r\n<hr class=\"wp-block-separator has-alpha-channel-opacity\" \/>\r\n\r\n\r\n<p><strong>Resoluci\u00f3n exenta N\u00b0 324, Ministerio de Salud (10 de marzo)<\/strong><br \/>Dispone medidas sanitarias que indica por brote de COVID-19<\/p>\r\n\r\n\r\n\r\n<p><a href=\"https:\/\/westlawchile.cl\/maf\/app\/document?&amp;src=laley4&amp;docguid=i03206E65ABB7455C572EA6A73FBFDA43&amp;hitguid=i03206E65ABB7455C572EA6A73FBFDA43&amp;tocguid=&amp;spos=4&amp;epos=4&amp;td=4&amp;ao=i0AC50834CD5E878681CD6243E1B5D7B6&amp;searchFrom=&amp;savedSearch=false&amp;context=249&amp;crumb-action=append&amp;\">Ver texto completo<\/a><\/p>\r\n\r\n\r\n<hr class=\"wp-block-separator has-alpha-channel-opacity\" \/>\r\n\r\n\r\n<p><strong>Resoluci\u00f3n exenta N\u00b0 370, Ministerio de Salud (10 de marzo)<\/strong><br \/>Modifica resoluci\u00f3n N\u00ba 994 exenta, de 2021, que establece cuarto plan Paso a Paso<\/p>\r\n\r\n\r\n\r\n<p><a href=\"https:\/\/westlawchile.cl\/maf\/app\/document?&amp;src=laley4&amp;docguid=i48DE0B7523C3A84B31DD9C2C54B3BC81&amp;hitguid=i48DE0B7523C3A84B31DD9C2C54B3BC81&amp;tocguid=&amp;spos=2&amp;epos=2&amp;td=3&amp;ao=i0AC50834CD5E878681CD6243E1B5D7B6&amp;searchFrom=&amp;savedSearch=false&amp;context=252&amp;crumb-action=append&amp;\">Ver texto completo<\/a><\/p>\r\n\r\n\r\n<hr class=\"wp-block-separator has-alpha-channel-opacity\" \/>\r\n\r\n\r\n<p><strong>Resoluci\u00f3n exenta N\u00b0 151, Ministerio del Trabajo y Previsi\u00f3n Social (9 de marzo)<\/strong><br \/>Modifica resoluci\u00f3n N\u00ba 625 exenta, de 2020, que califica la situaci\u00f3n de emergencia laboral que indica y activa implementaci\u00f3n de L\u00ednea Emergencia Laboral COVID-19 del Programa de Formaci\u00f3n en el Puesto de Trabajo, conforme a lo dispuesto en el decreto N\u00ba 28, de 2011, en el sentido que indica<\/p>\r\n\r\n\r\n\r\n<p><a href=\"https:\/\/westlawchile.cl\/maf\/app\/document?&amp;src=laley4&amp;docguid=i7B6F273EF3949DC828C2FACCE36E8509&amp;hitguid=i7B6F273EF3949DC828C2FACCE36E8509&amp;tocguid=&amp;spos=4&amp;epos=4&amp;td=4&amp;ao=i0AC50834CD5E878681CD6243E1B5D7B6&amp;searchFrom=&amp;savedSearch=false&amp;context=97&amp;crumb-action=append&amp;\">Ver texto completo<\/a><\/p>\r\n\r\n\r\n<hr class=\"wp-block-separator has-alpha-channel-opacity\" \/>\r\n\r\n\r\n<p><strong>Decreto N\u00b0 7, Ministerio del Trabajo y Previsi\u00f3n Social (9 de marzo)<\/strong><br \/>Modifica decreto N\u00ba 28, de 2011, que establece componentes, l\u00edneas de acci\u00f3n, procedimientos, modalidades y mecanismos de control del Programa de Formaci\u00f3n en el Puesto de Trabajo<\/p>\r\n\r\n\r\n\r\n<p><a href=\"https:\/\/westlawchile.cl\/maf\/app\/document?&amp;src=laley4&amp;docguid=i257B30E8FCC3D1CD88C98FBE22BB9791&amp;hitguid=i257B30E8FCC3D1CD88C98FBE22BB9791&amp;tocguid=&amp;spos=5&amp;epos=5&amp;td=5&amp;ao=i0AC50834CD5E878681CD6243E1B5D7B6&amp;searchFrom=&amp;savedSearch=false&amp;context=109&amp;crumb-action=append&amp;\">Ver texto completo<\/a><\/p>\r\n\r\n\r\n<hr class=\"wp-block-separator has-alpha-channel-opacity\" \/>\r\n\r\n\r\n<p><strong>Resoluci\u00f3n exenta N\u00b0 1.080, Ministerio de Transportes y Telecomunicaciones (9 de marzo)<\/strong><br \/>Prorroga per\u00edodo de postulaci\u00f3n de subsidio que se indica, establecido mediante resoluci\u00f3n N\u00ba 4.602 exenta, de 2021<\/p>\r\n\r\n\r\n\r\n<p><a href=\"https:\/\/westlawchile.cl\/maf\/app\/document?&amp;src=laley4&amp;docguid=i6B2D372DE66418DA8B98BF5CB753B57B&amp;hitguid=i6B2D372DE66418DA8B98BF5CB753B57B&amp;tocguid=&amp;spos=2&amp;epos=2&amp;td=3&amp;ao=i0AC50834CD5E878681CD6243E1B5D7B6&amp;searchFrom=&amp;savedSearch=false&amp;context=178&amp;crumb-action=append&amp;\">Ver texto completo<\/a><\/p>\r\n\r\n\r\n<hr class=\"wp-block-separator has-alpha-channel-opacity\" \/>\r\n\r\n\r\n<p><strong>Resoluci\u00f3n exenta N\u00b0 325, Ministerio de Salud (8 de marzo)<\/strong><br \/>Modifica resoluci\u00f3n N\u00b0 672 exenta, de 2021, que establece Plan Fronteras Protegidas<\/p>\r\n\r\n\r\n\r\n<p><a href=\"https:\/\/westlawchile.cl\/maf\/app\/document?&amp;src=laley4&amp;docguid=i9DBDED6A49D4FE0B2799AE8354653E77&amp;hitguid=i9DBDED6A49D4FE0B2799AE8354653E77&amp;tocguid=&amp;spos=2&amp;epos=2&amp;td=2&amp;ao=i0AC50834CD5E878681CD6243E1B5D7B6&amp;searchFrom=&amp;savedSearch=false&amp;context=118&amp;crumb-action=append&amp;\">Ver texto completo<\/a><\/p>\r\n\r\n\r\n<hr class=\"wp-block-separator has-alpha-channel-opacity\" \/>\r\n\r\n\r\n<p><strong>Resoluci\u00f3n exenta N\u00b0 59, Direcci\u00f3n General del Cr\u00e9dito Prendario (5 de marzo)<\/strong><br \/>Deja sin efecto resoluci\u00f3n N\u00ba 53 exenta, de 2022, y declara suspensi\u00f3n de remates presenciales en las unidades de cr\u00e9dito del pa\u00eds para el mes de marzo del a\u00f1o 2022<\/p>\r\n\r\n\r\n\r\n<p><a href=\"https:\/\/westlawchile.cl\/maf\/app\/document?&amp;src=laley4&amp;docguid=iA060B948CB2399F071D8D533B0A295D4&amp;hitguid=iA060B948CB2399F071D8D533B0A295D4&amp;tocguid=&amp;spos=2&amp;epos=2&amp;td=37&amp;ao=i0AC50834CD5E878681CD6243E1B5D7B6&amp;searchFrom=&amp;savedSearch=false&amp;context=185&amp;crumb-action=append&amp;\">Ver texto completo<\/a><\/p>\r\n\r\n\r\n<hr class=\"wp-block-separator has-alpha-channel-opacity\" \/>\r\n\r\n\r\n<p><strong>Resoluci\u00f3n exenta N\u00b0 311, Ministerio de Salud (5 de marzo)<\/strong><br \/>Dispone medidas sanitarias que indica por brote de COVID-19<\/p>\r\n\r\n\r\n\r\n<p><a href=\"https:\/\/westlawchile.cl\/maf\/app\/document?&amp;src=laley4&amp;docguid=i638917120365B5B814DE0897A7B6CECD&amp;hitguid=i638917120365B5B814DE0897A7B6CECD&amp;tocguid=&amp;spos=1&amp;epos=1&amp;td=3&amp;ao=i0AC50834CD5E878681CD6243E1B5D7B6&amp;searchFrom=&amp;savedSearch=false&amp;context=127&amp;crumb-action=append&amp;\">Ver texto completo<\/a><\/p>\r\n\r\n\r\n<hr class=\"wp-block-separator has-alpha-channel-opacity\" \/>\r\n\r\n\r\n<p><strong>Decreto N\u00b0 7, Ministerio de Salud (4 de marzo)<\/strong><br \/>Modifica decreto N\u00b0 4, de 2020, que decreta alerta sanitaria por el per\u00edodo que se\u00f1ala y otorga facultades extraordinarias que indica por Emergencia de Salud P\u00fablica de Importancia Internacional por brote del nuevo coronavirus (2019-NCOV)<\/p>\r\n\r\n\r\n\r\n<p><a href=\"https:\/\/westlawchile.cl\/maf\/app\/document?&amp;src=laley4&amp;docguid=i2496FDEA8A4D079FC4BC3F8B90E7FC6E&amp;hitguid=i2496FDEA8A4D079FC4BC3F8B90E7FC6E&amp;tocguid=&amp;spos=6&amp;epos=6&amp;td=6&amp;ao=i0AC50834CD5E878681CD6243E1B5D7B6&amp;searchFrom=&amp;savedSearch=false&amp;context=131&amp;crumb-action=append&amp;\">Ver texto completo<\/a><\/p>\r\n\r\n\r\n<hr class=\"wp-block-separator has-alpha-channel-opacity\" \/>\r\n\r\n\r\n<p><strong>Ley N\u00b0 21.428, Ministerio de Transportes y Telecomunicaciones (4 de marzo)<\/strong><br \/>Prorroga la vigencia de las licencias de conducir que se indican, hasta el a\u00f1o 2023<\/p>\r\n\r\n\r\n\r\n<p><a href=\"https:\/\/westlawchile.cl\/maf\/app\/document?&amp;src=laley4&amp;docguid=iBC3BA252D4CBAB66B5273CA6FE57A70A&amp;hitguid=iBC3BA252D4CBAB66B5273CA6FE57A70A&amp;tocguid=&amp;spos=1&amp;epos=1&amp;td=1&amp;ao=i0AC50834CD5E878681CD6243E1B5D7B6&amp;searchFrom=&amp;savedSearch=false&amp;context=134&amp;crumb-action=append&amp;\">Ver texto completo<\/a><\/p>\r\n\r\n\r\n<hr class=\"wp-block-separator has-alpha-channel-opacity\" \/>\r\n\r\n\r\n<p><strong>Resoluci\u00f3n exenta N\u00b0 53, Direcci\u00f3n General del Cr\u00e9dito Prendario (3 de marzo)<\/strong><br \/>Declara suspensi\u00f3n de remates presenciales en las Unidades de Cr\u00e9dito del pa\u00eds para el mes de marzo del a\u00f1o 2022<\/p>\r\n\r\n\r\n\r\n<p><a href=\"https:\/\/westlawchile.cl\/maf\/app\/document?&amp;src=laley4&amp;docguid=i703C4EB7A4CE5E8EA976E0A425CBBC2D&amp;hitguid=i703C4EB7A4CE5E8EA976E0A425CBBC2D&amp;tocguid=&amp;spos=2&amp;epos=2&amp;td=7&amp;ao=i0AC50834CD5E878681CD6243E1B5D7B6&amp;searchFrom=&amp;savedSearch=false&amp;context=9&amp;crumb-action=append&amp;\">Ver texto completo<\/a><\/p>\r\n\r\n\r\n<hr class=\"wp-block-separator has-alpha-channel-opacity\" \/>\r\n\r\n\r\n<p><strong>Resoluci\u00f3n exenta N\u00b0 109, Seremi de Transportes Regi\u00f3n del Libertador General Bernardo O\u2019Higgins (3 de marzo)<\/strong><br \/>Suspende plazo establecido para el reemplazo de los taxis cancelados del Registro de Servicios de Transporte de Pasajeros por motivos que indica<\/p>\r\n\r\n\r\n\r\n<p><a href=\"https:\/\/westlawchile.cl\/maf\/app\/document?&amp;src=laley4&amp;docguid=i04CB0B00707A0A97252153AE28CBE86D&amp;hitguid=i04CB0B00707A0A97252153AE28CBE86D&amp;tocguid=&amp;spos=4&amp;epos=4&amp;td=5&amp;ao=i0AC50834CD5E878681CD6243E1B5D7B6&amp;searchFrom=&amp;savedSearch=false&amp;context=16&amp;crumb-action=append&amp;\">Ver texto completo<\/a><\/p>\r\n\r\n\r\n<hr class=\"wp-block-separator has-alpha-channel-opacity\" \/>\r\n\r\n\r\n<p><strong>Resoluci\u00f3n exenta N\u00b0 257, Ministerio de Salud (2 de marzo)<\/strong><br \/>Dispone medidas sanitarias que indica por brote de COVID-19<\/p>\r\n\r\n\r\n\r\n<p><a href=\"https:\/\/westlawchile.cl\/maf\/app\/document?&amp;src=laley4&amp;docguid=iFC70676491E4F4AEF9EC7BE13469489D&amp;hitguid=iFC70676491E4F4AEF9EC7BE13469489D&amp;tocguid=&amp;spos=3&amp;epos=3&amp;td=4&amp;ao=i0AC50834CD5E878681CD6243E1B5D7B6&amp;searchFrom=&amp;savedSearch=false&amp;context=23&amp;crumb-action=append&amp;\">Ver texto completo<\/a><\/p>\r\n\r\n\r\n<hr class=\"wp-block-separator has-alpha-channel-opacity\" \/>\r\n\r\n\r\n<p><strong>Resoluci\u00f3n exenta N\u00b0 250, Ministerio de Salud (26 de febrero)<\/strong><br \/>Dispone medidas sanitarias que indica por brote de COVID-19<\/p>\r\n\r\n\r\n\r\n<p><a href=\"https:\/\/westlawchile.cl\/maf\/app\/document?&amp;src=laley4&amp;docguid=iC35587C5AB32CF38A75372260BDBBDEB&amp;hitguid=iC35587C5AB32CF38A75372260BDBBDEB&amp;tocguid=&amp;spos=2&amp;epos=2&amp;td=5&amp;ao=i0AC50834CD5E878681CD6243E1B5D7B6&amp;searchFrom=&amp;savedSearch=false&amp;context=29&amp;crumb-action=append&amp;\">Ver texto completo<\/a><\/p>\r\n\r\n\r\n<hr class=\"wp-block-separator has-alpha-channel-opacity\" \/>\r\n\r\n\r\n<p><strong>Resoluci\u00f3n exenta N\u00b0 237, Ministerio de Salud (23 de febrero)<\/strong><br \/>Dispone medidas sanitarias que indica por brote de COVID-19<\/p>\r\n\r\n\r\n\r\n<p><a href=\"https:\/\/westlawchile.cl\/maf\/app\/document?&amp;src=laley4&amp;docguid=iB774EEBA9F6189EFA0B7C57618CCEEBD&amp;hitguid=iB774EEBA9F6189EFA0B7C57618CCEEBD&amp;tocguid=&amp;spos=3&amp;epos=3&amp;td=3&amp;ao=i0AC50834CD5E878681CD6243E1B5D7B6&amp;searchFrom=&amp;savedSearch=false&amp;context=35&amp;crumb-action=append&amp;\">Ver texto completo<\/a><\/p>\r\n\r\n\r\n<hr class=\"wp-block-separator has-alpha-channel-opacity\" \/>\r\n\r\n\r\n<p><strong>Resoluci\u00f3n exenta N\u00b0 468, Superintendencia de Insolvencia y Reemprendimiento (23 de febrero)<\/strong><br \/>Aclara vigencia de lo dispuesto y facultado en el oficio Superior N\u00ba 11653, de 2020, pagos de reparto de fondos en la forma que indica<\/p>\r\n\r\n\r\n\r\n<p><a href=\"https:\/\/westlawchile.cl\/maf\/app\/document?&amp;src=laley4&amp;docguid=i99F10D6CD6357D20EE56AFF4AB13EA62&amp;hitguid=i99F10D6CD6357D20EE56AFF4AB13EA62&amp;tocguid=&amp;spos=3&amp;epos=3&amp;td=3&amp;ao=i0AC50834CD5E878681CD6243E1B5D7B6&amp;searchFrom=&amp;savedSearch=false&amp;context=45&amp;crumb-action=append&amp;\">Ver texto completo<\/a><\/p>\r\n\r\n\r\n<hr class=\"wp-block-separator has-alpha-channel-opacity\" \/>\r\n\r\n\r\n<p><strong>Resoluci\u00f3n exenta N\u00b0 223, Ministerio de Salud (19 de febrero)<\/strong><br \/>Dispone medidas sanitarias que indica por brote de COVID-19 y modifica resoluci\u00f3n N\u00b0 994 exenta, de 2021, que establece cuarto plan Paso a Paso<\/p>\r\n\r\n\r\n\r\n<p><a href=\"https:\/\/westlawchile.cl\/maf\/app\/document?&amp;src=laley4&amp;docguid=i1597C64C0534932CECFE5A7DE80AA1A7&amp;hitguid=i1597C64C0534932CECFE5A7DE80AA1A7&amp;tocguid=&amp;spos=5&amp;epos=5&amp;td=6&amp;ao=i0AC50834CD5E878681CD6243E1B5D7B6&amp;searchFrom=&amp;savedSearch=false&amp;context=48&amp;crumb-action=append&amp;\">Ver texto completo<\/a><\/p>\r\n\r\n\r\n<hr class=\"wp-block-separator has-alpha-channel-opacity\" \/>\r\n\r\n\r\n<p><strong>Resoluci\u00f3n exenta N\u00b0 222, Ministerio de Salud (18 de febrero)<\/strong><br \/>Modifica la resoluci\u00f3n N\u00ba 672 exenta, de 2021, que establece Plan Fronteras Protegidas<\/p>\r\n\r\n\r\n\r\n<p><a href=\"https:\/\/westlawchile.cl\/maf\/app\/document?&amp;src=laley4&amp;docguid=iAE2D5A83AAEF6F9C277A9551129069A0&amp;hitguid=iAE2D5A83AAEF6F9C277A9551129069A0&amp;tocguid=&amp;spos=2&amp;epos=2&amp;td=2&amp;ao=i0AC50834CD5E878681CD6243E1B5D7B6&amp;searchFrom=&amp;savedSearch=false&amp;context=52&amp;crumb-action=append&amp;\">Ver texto completo<\/a><\/p>\r\n\r\n\r\n<hr class=\"wp-block-separator has-alpha-channel-opacity\" \/>\r\n\r\n\r\n<p><strong>Resoluci\u00f3n exenta N\u00b0 216, Ministerio de Salud (16 de febrero)<\/strong><br \/>Dispone medidas sanitarias que indica por brote de COVID-19<\/p>\r\n\r\n\r\n\r\n<p><a href=\"https:\/\/westlawchile.cl\/maf\/app\/document?&amp;src=laley4&amp;docguid=iB2D2A23D1EBA54734145648EB7259FE4&amp;hitguid=iB2D2A23D1EBA54734145648EB7259FE4&amp;tocguid=&amp;spos=1&amp;epos=1&amp;td=1&amp;ao=i0AC50834CD5E878681CD6243E1B5D7B6&amp;searchFrom=&amp;savedSearch=false&amp;context=55&amp;crumb-action=append&amp;\">Ver texto completo<\/a><\/p>\r\n\r\n\r\n<hr class=\"wp-block-separator has-alpha-channel-opacity\" \/>\r\n\r\n\r\n<p><strong>Resoluci\u00f3n N\u00b0 2, Contralor\u00eda General de la Rep\u00fablica (16 de febrero)<\/strong><br \/>Somete a toma de raz\u00f3n los actos aprobatorios de contratos a honorarios que se se\u00f1alan, y establece exenci\u00f3n temporal que indica<\/p>\r\n\r\n\r\n\r\n<p><a href=\"https:\/\/westlawchile.cl\/maf\/app\/document?&amp;src=laley4&amp;docguid=i852564DAF5DF875B4820684863C5A164&amp;hitguid=i852564DAF5DF875B4820684863C5A164&amp;tocguid=&amp;spos=2&amp;epos=2&amp;td=2&amp;ao=i0AC50834CD5E878681CD6243E1B5D7B6&amp;searchFrom=&amp;savedSearch=false&amp;context=265&amp;crumb-action=append&amp;\">Ver texto completo<\/a><\/p>\r\n\r\n\r\n<hr class=\"wp-block-separator has-alpha-channel-opacity\" \/>\r\n\r\n\r\n<p><strong>Decreto N\u00b0 34, Ministerio del Interior y Seguridad P\u00fablica (15 de febrero)<\/strong><br \/>Modifica el decreto N\u00b0 295, de 2021, que dispone el cierre temporal de lugares habilitados para el tr\u00e1nsito de personas, por Emergencia de Salud P\u00fablica de Importancia Internacional por brote del nuevo coronavirus (2019-NCOV) y extiende su vigencia<\/p>\r\n\r\n\r\n\r\n<p><a href=\"https:\/\/westlawchile.cl\/maf\/app\/document?&amp;src=laley4&amp;docguid=i273052ECA33F7A8673E8FD80FD667B66&amp;hitguid=i273052ECA33F7A8673E8FD80FD667B66&amp;tocguid=&amp;spos=17&amp;epos=17&amp;td=35&amp;ao=i0AC50834CD5E878681CD6243E1B5D7B6&amp;searchFrom=&amp;savedSearch=false&amp;context=274&amp;crumb-action=append&amp;\">Ver texto completo<\/a><\/p>\r\n\r\n\r\n<hr class=\"wp-block-separator has-alpha-channel-opacity\" \/>\r\n\r\n\r\n<p><strong>Resoluci\u00f3n exenta N\u00b0 260, Seremi de Transportes Regi\u00f3n Metropolitana (14 de febrero)<\/strong><br \/>Suspende plazo establecido para el reemplazo de los taxis cancelados del Registro de Servicios de Transporte de Pasajeros por los motivos que indica<\/p>\r\n\r\n\r\n\r\n<p><a href=\"https:\/\/westlawchile.cl\/maf\/app\/document?&amp;src=laley4&amp;docguid=i652A1653937506FE9B1E2057A65CAAE6&amp;hitguid=i652A1653937506FE9B1E2057A65CAAE6&amp;tocguid=&amp;spos=1&amp;epos=1&amp;td=3&amp;ao=i0AC50834CD5E878681CD6243E1B5D7B6&amp;searchFrom=&amp;savedSearch=false&amp;context=69&amp;crumb-action=append&amp;\">Ver texto completo<\/a><\/p>\r\n\r\n\r\n<hr class=\"wp-block-separator has-alpha-channel-opacity\" \/>\r\n\r\n\r\n<p><strong>Resoluci\u00f3n exenta N\u00b0 204, Ministerio de Salud (12 de febrero)<\/strong><br \/>Dispone medidas sanitarias que indica por brote de COVID-19 y modifica resoluci\u00f3n N\u00b0 994 exenta, de 2021, que establece cuarto plan Paso a Paso<\/p>\r\n\r\n\r\n\r\n<p><a href=\"https:\/\/westlawchile.cl\/maf\/app\/document?&amp;src=laley4&amp;docguid=iC72623C170E6023FCFF389C3A1D220F2&amp;hitguid=iC72623C170E6023FCFF389C3A1D220F2&amp;tocguid=&amp;spos=2&amp;epos=2&amp;td=4&amp;ao=i0AC50834CD5E878681CD6243E1B5D7B6&amp;searchFrom=&amp;savedSearch=false&amp;context=72&amp;crumb-action=append&amp;\">Ver texto completo<\/a><\/p>\r\n\r\n\r\n<hr class=\"wp-block-separator has-alpha-channel-opacity\" \/>\r\n\r\n\r\n<p><strong>Ley N\u00b0 21.424, Ministerio del Interior y Seguridad P\u00fablica (11 de febrero)<\/strong><br \/>Incorpora como beneficiarios de pensiones de gracia a que se refiere la ley N\u00ba 18.056, con ocasi\u00f3n del COVID-19, a las personas que indica<\/p>\r\n\r\n\r\n\r\n<p><a href=\"https:\/\/westlawchile.cl\/maf\/app\/document?&amp;src=laley4&amp;docguid=iAD097BBC2B1254570ACC8449BCCE221B&amp;hitguid=iAD097BBC2B1254570ACC8449BCCE221B&amp;tocguid=&amp;spos=1&amp;epos=1&amp;td=1&amp;ao=i0AC50834CD5E878681CD6243E1B5D7B6&amp;searchFrom=&amp;savedSearch=false&amp;context=76&amp;crumb-action=append&amp;\">Ver texto completo<\/a><\/p>\r\n\r\n\r\n<hr class=\"wp-block-separator has-alpha-channel-opacity\" \/>\r\n\r\n\r\n<p><strong>Ley N\u00b0 21.423, Ministerio de Energ\u00eda (11 de febrero)<\/strong><br \/>Regula el prorrateo y pago de deudas por servicios de agua potable y electricidad generados durante la pandemia COVID-19, y establece subsidios a clientes vulnerables<\/p>\r\n\r\n\r\n\r\n<p><a href=\"https:\/\/westlawchile.cl\/maf\/app\/document?&amp;src=laley4&amp;docguid=iB60126075E95F06C3EE5065727872B46&amp;hitguid=iB60126075E95F06C3EE5065727872B46&amp;tocguid=&amp;spos=1&amp;epos=1&amp;td=1&amp;ao=i0AC50834CD5E878681CD6243E1B5D7B6&amp;searchFrom=&amp;savedSearch=false&amp;context=79&amp;crumb-action=append&amp;\">Ver texto completo<\/a><\/p>\r\n\r\n\r\n<hr class=\"wp-block-separator has-alpha-channel-opacity\" \/>\r\n\r\n\r\n<p><strong>Resoluci\u00f3n exenta N\u00b0 158, Ministerio de Salud (10 de febrero)<\/strong><br \/>Instruye aumento de capacidad camas de cuidados intensivos y capacidad ventilatoria a los prestadores p\u00fablicos y privados de salud cerrados de alta complejidad<\/p>\r\n\r\n\r\n\r\n<p><a href=\"https:\/\/westlawchile.cl\/maf\/app\/document?&amp;src=laley4&amp;docguid=i06071E148E8A89F60F81FB1A38DEB507&amp;hitguid=i06071E148E8A89F60F81FB1A38DEB507&amp;tocguid=&amp;spos=1&amp;epos=1&amp;td=4&amp;ao=i0AC50834CD5E878681CD6243E1B5D7B6&amp;searchFrom=&amp;savedSearch=false&amp;context=280&amp;crumb-action=append&amp;\">Ver texto completo<\/a><\/p>\r\n\r\n\r\n<hr class=\"wp-block-separator has-alpha-channel-opacity\" \/>\r\n\r\n\r\n<p><strong>Resoluci\u00f3n exenta N\u00b0 180, Ministerio de Salud (9 de febrero)<\/strong><br \/>Dispone medidas sanitarias que indica por brote de COVID-19<\/p>\r\n\r\n\r\n\r\n<p><a href=\"https:\/\/westlawchile.cl\/maf\/app\/document?&amp;src=laley4&amp;docguid=i4BAFDC269C63E2782FB97FC53D9D8996&amp;hitguid=i4BAFDC269C63E2782FB97FC53D9D8996&amp;tocguid=&amp;spos=3&amp;epos=3&amp;td=5&amp;ao=i0AC50834CD5E878681CD6243E1B5D7B6&amp;searchFrom=&amp;savedSearch=false&amp;context=85&amp;crumb-action=append&amp;\">Ver texto completo<\/a><\/p>\r\n\r\n\r\n<hr class=\"wp-block-separator has-alpha-channel-opacity\" \/>\r\n\r\n\r\n<p><strong>Resoluci\u00f3n exenta N\u00b0 129, Ministerio de Vivienda y Urbanismo (9 de febrero)<\/strong><br \/>Modifica resoluci\u00f3n N\u00ba 582 exenta, de 2021, que adopta medidas excepcionales de gesti\u00f3n en el Programa del Sistema Integrado de Subsidio Habitacional regulado por el decreto N\u00ba 1, de 2011<\/p>\r\n\r\n\r\n\r\n<p><a href=\"https:\/\/westlawchile.cl\/maf\/app\/document?&amp;src=laley4&amp;docguid=iCBD522CA4AE075AEE7427C72D5FD482E&amp;hitguid=iCBD522CA4AE075AEE7427C72D5FD482E&amp;tocguid=&amp;spos=4&amp;epos=4&amp;td=6&amp;ao=i0AC50834CD5E878681CD6243E1B5D7B6&amp;searchFrom=&amp;savedSearch=false&amp;context=88&amp;crumb-action=append&amp;\">Ver texto completo<\/a><\/p>\r\n\r\n\r\n<hr class=\"wp-block-separator has-alpha-channel-opacity\" \/>\r\n\r\n\r\n<p><strong>Resoluci\u00f3n exenta N\u00b0 39, Seremi de Transportes Regi\u00f3n de Coquimbo (8 de febrero)<\/strong><br \/>Suspende plazo establecido para el reemplazo de los taxis cancelados del Registro de Servicios de Transporte de Pasajeros de la Regi\u00f3n de Coquimbo<\/p>\r\n\r\n\r\n\r\n<p><a href=\"https:\/\/westlawchile.cl\/maf\/app\/document?&amp;src=laley4&amp;docguid=i091A0C3EED0F6E91CE5B35B0D44D32CD&amp;hitguid=i091A0C3EED0F6E91CE5B35B0D44D32CD&amp;tocguid=&amp;spos=5&amp;epos=5&amp;td=5&amp;ao=i0AC50834CD5E878681CD6243E1B5D7B6&amp;searchFrom=&amp;savedSearch=false&amp;context=283&amp;crumb-action=append&amp;\">Ver texto completo<\/a><\/p>\r\n\r\n\r\n<hr class=\"wp-block-separator has-alpha-channel-opacity\" \/>\r\n\r\n\r\n<p><strong>Resoluci\u00f3n exenta N\u00b0 25, Direcci\u00f3n General del Cr\u00e9dito Prendario (7 de febrero)<\/strong><br \/>Declara suspensi\u00f3n de remates presenciales en las unidades de cr\u00e9dito del pa\u00eds para el mes de febrero del a\u00f1o 2022<\/p>\r\n\r\n\r\n\r\n<p><a href=\"https:\/\/westlawchile.cl\/maf\/app\/document?&amp;src=laley4&amp;docguid=i3FD3486F05F9804D053489C66F3C46EE&amp;hitguid=i3FD3486F05F9804D053489C66F3C46EE&amp;tocguid=&amp;spos=6&amp;epos=6&amp;td=14&amp;ao=i0AC50834CD5E878681CD6243E1B5D7B6&amp;searchFrom=&amp;savedSearch=false&amp;context=286&amp;crumb-action=append&amp;\">Ver texto completo<\/a><\/p>\r\n\r\n\r\n<hr class=\"wp-block-separator has-alpha-channel-opacity\" \/>\r\n\r\n\r\n<p><strong>Resoluci\u00f3n exenta N\u00b0 175, Ministerio de Salud (5 de febrero)<\/strong><br \/>Dispone medidas sanitarias que indica por brote de COVID-19<\/p>\r\n\r\n\r\n\r\n<p><a href=\"https:\/\/westlawchile.cl\/maf\/app\/document?&amp;src=laley4&amp;docguid=iEA24BCCED7844A4F89C4A472F21575B2&amp;hitguid=iEA24BCCED7844A4F89C4A472F21575B2&amp;tocguid=&amp;spos=1&amp;epos=1&amp;td=2&amp;ao=i0AC50834CD5E878681CD6243E1B5D7B6&amp;searchFrom=&amp;savedSearch=false&amp;context=98&amp;crumb-action=append&amp;\">Ver texto completo<\/a><\/p>\r\n\r\n\r\n<hr class=\"wp-block-separator has-alpha-channel-opacity\" \/>\r\n\r\n\r\n<p><strong>Resoluci\u00f3n exenta N\u00b0 162, Ministerio de Salud (5 de febrero)<\/strong><br \/>Modifica resoluci\u00f3n N\u00b0 672 exenta, de 2021, que establece Plan Fronteras Protegidas<\/p>\r\n\r\n\r\n\r\n<p><a href=\"https:\/\/westlawchile.cl\/maf\/app\/document?&amp;src=laley4&amp;docguid=i636AF53DBBABDDB8E6CD83E05C7B3FBB&amp;hitguid=i636AF53DBBABDDB8E6CD83E05C7B3FBB&amp;tocguid=&amp;spos=6&amp;epos=6&amp;td=8&amp;ao=i0AC50834CD5E878681CD6243E1B5D7B6&amp;searchFrom=&amp;savedSearch=false&amp;context=101&amp;crumb-action=append&amp;\">Ver texto completo<\/a><\/p>\r\n\r\n\r\n<hr class=\"wp-block-separator has-alpha-channel-opacity\" \/>\r\n\r\n\r\n<p><strong>Ley N\u00b0 21.417, Ministerio Secretar\u00eda General de Gobierno (5 de febrero)<\/strong><br \/>Modifica la ley N\u00b0 21.239, prorrogando nuevamente el mandato de los directores u \u00f3rganos de administraci\u00f3n y direcci\u00f3n de las asociaciones y organizaciones que indica<\/p>\r\n\r\n\r\n\r\n<p><a href=\"https:\/\/westlawchile.cl\/maf\/app\/document?&amp;src=laley4&amp;docguid=i170ABC106AD08B883C1181968725F492&amp;hitguid=i170ABC106AD08B883C1181968725F492&amp;tocguid=&amp;spos=1&amp;epos=1&amp;td=1&amp;ao=i0AC50834CD5E878681CD6243E1B5D7B6&amp;searchFrom=&amp;savedSearch=false&amp;context=104&amp;crumb-action=append&amp;\">Ver texto completo<\/a><\/p>\r\n\r\n\r\n<hr class=\"wp-block-separator has-alpha-channel-opacity\" \/>\r\n\r\n\r\n<p><strong>Resoluci\u00f3n exenta N\u00b0 149, Ministerio de Salud (2 de febrero)<\/strong><br \/>Dispone medidas sanitarias que indica por brote de COVID-19<\/p>\r\n\r\n\r\n\r\n<p><a href=\"https:\/\/westlawchile.cl\/maf\/app\/document?&amp;src=laley4&amp;docguid=i13175D8F874B5B89D2F42396B926EFB0&amp;hitguid=i13175D8F874B5B89D2F42396B926EFB0&amp;tocguid=&amp;spos=1&amp;epos=1&amp;td=3&amp;ao=i0AC50834CD5E878681CD6243E1B5D7B6&amp;searchFrom=&amp;savedSearch=false&amp;context=94&amp;crumb-action=append&amp;\">Ver texto completo<\/a><\/p>\r\n\r\n\r\n<hr class=\"wp-block-separator has-alpha-channel-opacity\" \/>\r\n\r\n\r\n<p><strong>Decreto N\u00b0 21, Ministerio del Interior y Seguridad P\u00fablica (31 de enero)<\/strong><br \/>Modifica el decreto N\u00b0 295, de 2021, que dispone el cierre temporal de lugares habilitados para el tr\u00e1nsito de personas, por Emergencia de Salud P\u00fablica de Importancia Internacional por brote del nuevo coronavirus (2019-NCOV) y extiende su vigencia<\/p>\r\n\r\n\r\n\r\n<p><a href=\"https:\/\/westlawchile.cl\/maf\/app\/document?&amp;src=laley4&amp;docguid=i72E2FEC6C37B7E91ECBA44A4BE233599&amp;hitguid=i72E2FEC6C37B7E91ECBA44A4BE233599&amp;tocguid=&amp;spos=11&amp;epos=11&amp;td=31&amp;ao=i0AC50834CD5E878681CD6243E1B5D7B6&amp;searchFrom=&amp;savedSearch=false&amp;context=98&amp;crumb-action=append&amp;\">Ver texto completo<\/a><\/p>\r\n\r\n\r\n<hr class=\"wp-block-separator has-alpha-channel-opacity\" \/>\r\n\r\n\r\n<p><strong>Resoluci\u00f3n exenta N\u00b0 139, Ministerio de Salud (29 de enero)<\/strong><br \/>Dispone medidas sanitarias que indica por brote de COVID-19<\/p>\r\n\r\n\r\n\r\n<p><a href=\"https:\/\/westlawchile.cl\/maf\/app\/document?&amp;src=laley4&amp;docguid=iBD93732B31A496C9B868489A18716008&amp;hitguid=iBD93732B31A496C9B868489A18716008&amp;tocguid=&amp;spos=2&amp;epos=2&amp;td=4&amp;ao=i0AC50834CD5E878681CD6243E1B5D7B6&amp;searchFrom=&amp;savedSearch=false&amp;context=102&amp;crumb-action=append&amp;\">Ver texto completo<\/a><\/p>\r\n\r\n\r\n<hr class=\"wp-block-separator has-alpha-channel-opacity\" \/>\r\n\r\n\r\n<p><strong>Resoluci\u00f3n exenta N\u00b0 80, Ministerio de Salud (26 de enero)<\/strong><br \/>Dispone medidas sanitarias que indica por brote de COVID-19<\/p>\r\n\r\n\r\n\r\n<p><a href=\"https:\/\/westlawchile.cl\/maf\/app\/document?&amp;src=laley4&amp;docguid=i689186A47CA4B944C4EB08235FF1AA47&amp;hitguid=i689186A47CA4B944C4EB08235FF1AA47&amp;tocguid=&amp;spos=2&amp;epos=2&amp;td=6&amp;ao=i0AC50834CD5E878681CD6243E1B5D7B6&amp;searchFrom=&amp;savedSearch=false&amp;context=8&amp;crumb-action=append&amp;\">Ver texto completo<\/a><\/p>\r\n\r\n\r\n<hr class=\"wp-block-separator has-alpha-channel-opacity\" \/>\r\n\r\n\r\n<p><strong>Ley N\u00b0 21.409, Ministerio de Salud (25 de enero)<\/strong><br \/>Establece un descanso reparatorio para las trabajadoras y los trabajadores de la salud que indica, en reconocimiento a la labor desempe\u00f1ada durante la pandemia por COVID-19<\/p>\r\n\r\n\r\n\r\n<p><a href=\"https:\/\/westlawchile.cl\/maf\/app\/document?&amp;src=laley4&amp;docguid=i05EC42F5C74E8EF3655B8D10D0EDF43C&amp;hitguid=i05EC42F5C74E8EF3655B8D10D0EDF43C&amp;tocguid=&amp;spos=1&amp;epos=1&amp;td=1&amp;ao=i0AC50834CD5E878681CD6243E1B5D7B6&amp;searchFrom=&amp;savedSearch=false&amp;context=14&amp;crumb-action=append&amp;\">Ver texto completo<\/a><\/p>\r\n\r\n\r\n<hr class=\"wp-block-separator has-alpha-channel-opacity\" \/>\r\n\r\n\r\n<p><strong>Resoluci\u00f3n exenta N\u00b0 90, Ministerio de Salud (25 de enero)<\/strong><br \/>Modifica resoluci\u00f3n N\u00ba 994 exenta, de 2021, que establece Cuarto Plan Paso a Paso<\/p>\r\n\r\n\r\n\r\n<p><a href=\"https:\/\/westlawchile.cl\/maf\/app\/document?&amp;src=laley4&amp;docguid=i91D543D73FFA6AB82D0CF60925E2167C&amp;hitguid=i91D543D73FFA6AB82D0CF60925E2167C&amp;tocguid=&amp;spos=2&amp;epos=2&amp;td=3&amp;ao=i0AC50834CD5E878681CD6243E1B5D7B6&amp;searchFrom=&amp;savedSearch=false&amp;context=17&amp;crumb-action=append&amp;\">Ver texto completo<\/a><\/p>\r\n\r\n\r\n<hr class=\"wp-block-separator has-alpha-channel-opacity\" \/>\r\n\r\n\r\n<p><strong>Decreto N\u00b0 9, Ministerio del Interior y Seguridad P\u00fablica (24 de enero)<\/strong><br \/>Dispone apertura temporal de lugar habilitado para el tr\u00e1nsito de personas que indica<\/p>\r\n\r\n\r\n\r\n<p><a href=\"https:\/\/westlawchile.cl\/maf\/app\/document?&amp;src=laley4&amp;docguid=iB146EE908C201FDBB4975AE852C4668A&amp;hitguid=iB146EE908C201FDBB4975AE852C4668A&amp;tocguid=&amp;spos=18&amp;epos=18&amp;td=36&amp;ao=i0AC50834CD5E878681CD6243E1B5D7B6&amp;searchFrom=&amp;savedSearch=false&amp;context=20&amp;crumb-action=append&amp;\">Ver texto completo<\/a><\/p>\r\n\r\n\r\n<hr class=\"wp-block-separator has-alpha-channel-opacity\" \/>\r\n\r\n\r\n<p><strong>Resoluci\u00f3n exenta N\u00b0 2.079, Ministerio de las Culturas, las Artes y el Patrimonio (24 de enero)<\/strong><br \/>Autoriza ampliar plazo de renovaci\u00f3n autom\u00e1tica de los pr\u00e9stamos domiciliarios de material bibliogr\u00e1fico y otros que conformen colecciones de las bibliotecas p\u00fablicas dependientes del Servicio Nacional del Patrimonio Cultural y de los m\u00f3dulos del Programa Bibliometro<\/p>\r\n\r\n\r\n\r\n<p><a href=\"https:\/\/westlawchile.cl\/maf\/app\/document?&amp;src=laley4&amp;docguid=i4CDB0915B96184A415EA69273E9F4F19&amp;hitguid=i4CDB0915B96184A415EA69273E9F4F19&amp;tocguid=&amp;spos=1&amp;epos=1&amp;td=1&amp;ao=i0AC50834CD5E878681CD6243E1B5D7B6&amp;searchFrom=&amp;savedSearch=false&amp;context=23&amp;crumb-action=append&amp;\">Ver texto completo<\/a><\/p>\r\n\r\n\r\n<hr class=\"wp-block-separator has-alpha-channel-opacity\" \/>\r\n\r\n\r\n<p><strong>Resoluci\u00f3n exenta N\u00b0 4, Seremi de Transportes Regi\u00f3n de Atacama (24 de enero)<\/strong><br \/>Suspende plazo establecido para el reemplazo de los taxis cancelados del Registro de Servicios de Transporte de Pasajeros, en la Regi\u00f3n de Atacama<\/p>\r\n\r\n\r\n\r\n<p><a href=\"https:\/\/westlawchile.cl\/maf\/app\/document?&amp;src=laley4&amp;docguid=i66F47A28C204DD4282AA28B95900C656&amp;hitguid=i66F47A28C204DD4282AA28B95900C656&amp;tocguid=&amp;spos=1&amp;epos=1&amp;td=1&amp;ao=i0AC50834CD5E878681CD6243E1B5D7B6&amp;searchFrom=&amp;savedSearch=false&amp;context=27&amp;crumb-action=append&amp;\">Ver texto completo<\/a><\/p>\r\n\r\n\r\n<hr class=\"wp-block-separator has-alpha-channel-opacity\" \/>\r\n\r\n\r\n<p><strong>Resoluci\u00f3n exenta N\u00b0 37, Ministerio del Trabajo y Previsi\u00f3n Social (22 de enero)<\/strong><br \/>Modifica resoluci\u00f3n N\u00ba 625 exenta, de 2020, que califica la situaci\u00f3n de emergencia laboral que indica y activa implementaci\u00f3n de l\u00ednea emergencia laboral covid-19 del Programa de Formaci\u00f3n en el Puesto de Trabajo, conforme a lo dispuesto en el decreto N\u00ba 28, de 2011<\/p>\r\n\r\n\r\n\r\n<p><a href=\"https:\/\/westlawchile.cl\/maf\/app\/document?&amp;src=laley4&amp;docguid=iB706E850F222F6AB2C2507F9660BEA67&amp;hitguid=iB706E850F222F6AB2C2507F9660BEA67&amp;tocguid=&amp;spos=9&amp;epos=9&amp;td=11&amp;ao=i0AC50834CD5E878681CD6243E1B5D7B6&amp;searchFrom=&amp;savedSearch=false&amp;context=30&amp;crumb-action=append&amp;\">Ver texto completo<\/a><\/p>\r\n\r\n\r\n<hr class=\"wp-block-separator has-alpha-channel-opacity\" \/>\r\n\r\n\r\n<p><strong>Decreto N\u00b0 67, Ministerio del Trabajo y Previsi\u00f3n Social (22 de enero)<\/strong><br \/>Modifica decreto N\u00ba 28, de 2011, que establece componentes, l\u00edneas de acci\u00f3n, procedimientos, modalidades y mecanismos de control del Programa de Formaci\u00f3n en el Puesto de Trabajo<\/p>\r\n\r\n\r\n\r\n<p><a href=\"https:\/\/westlawchile.cl\/maf\/app\/document?&amp;src=laley4&amp;docguid=i64A59F0990AC1148C94988E59C8CB8F1&amp;hitguid=i64A59F0990AC1148C94988E59C8CB8F1&amp;tocguid=&amp;spos=26&amp;epos=26&amp;td=30&amp;ao=i0AC50834CD5E878681CD6243E1B5D7B6&amp;searchFrom=&amp;savedSearch=false&amp;context=38&amp;crumb-action=append&amp;\">Ver texto completo<\/a><\/p>\r\n\r\n\r\n<hr class=\"wp-block-separator has-alpha-channel-opacity\" \/>\r\n\r\n\r\n<p><strong>Resoluci\u00f3n exenta N\u00b0 77, Ministerio de Salud (22 de enero)<\/strong><br \/>Dispone medidas sanitarias que indica por brote de COVID-19<\/p>\r\n\r\n\r\n\r\n<p><a href=\"https:\/\/westlawchile.cl\/maf\/app\/document?&amp;src=laley4&amp;docguid=iE6D3471782922E61F1200F1B2D624212&amp;hitguid=iE6D3471782922E61F1200F1B2D624212&amp;tocguid=&amp;spos=5&amp;epos=5&amp;td=9&amp;ao=i0AC50834CD5E878681CD6243E1B5D7B6&amp;searchFrom=&amp;savedSearch=false&amp;context=41&amp;crumb-action=append&amp;\">Ver texto completo<\/a><\/p>\r\n\r\n\r\n<hr class=\"wp-block-separator has-alpha-channel-opacity\" \/>\r\n\r\n\r\n<p><strong>Decreto N\u00b0 70, Ministerio de Relaciones Exteriores (21 de enero)<\/strong><br \/>Promulga el Acuerdo con la Rep\u00fablica Argentina que suspende la aplicaci\u00f3n de obligaciones que indica del Acuerdo Comercial contenido en el Sexag\u00e9simo Primer Protocolo Adicional al Acuerdo de Complementaci\u00f3n Econ\u00f3mica N\u00b035<\/p>\r\n\r\n\r\n\r\n<p><a href=\"https:\/\/westlawchile.cl\/maf\/app\/document?&amp;src=laley4&amp;docguid=i3646B1900D4B97BE1ADC4A14E4BF18F9&amp;hitguid=i3646B1900D4B97BE1ADC4A14E4BF18F9&amp;tocguid=&amp;spos=4&amp;epos=4&amp;td=4&amp;ao=i0AC50834CD5E878681CD6243E1B5D7B6&amp;searchFrom=&amp;savedSearch=false&amp;context=55&amp;crumb-action=append&amp;\">Ver texto completo<\/a><\/p>\r\n\r\n\r\n<hr class=\"wp-block-separator has-alpha-channel-opacity\" \/>\r\n\r\n\r\n<p><strong>Resoluci\u00f3n exenta N\u00b0 71, Ministerio de Salud (20 de enero)<\/strong><br \/>Modifica resoluci\u00f3n N\u00b0 672 exenta, de 2021, que establece Plan Fronteras Protegidas<\/p>\r\n\r\n\r\n\r\n<p><a href=\"https:\/\/westlawchile.cl\/maf\/app\/document?&amp;src=laley4&amp;docguid=iD8E17FAD325C28479F00DF2F801C837A&amp;hitguid=iD8E17FAD325C28479F00DF2F801C837A&amp;tocguid=&amp;spos=3&amp;epos=3&amp;td=6&amp;ao=i0AC50834CD5E878681CD6243E1B5D7B6&amp;searchFrom=&amp;savedSearch=false&amp;context=58&amp;crumb-action=append&amp;\">Ver texto completo<\/a><\/p>\r\n\r\n\r\n<hr class=\"wp-block-separator has-alpha-channel-opacity\" \/>\r\n\r\n\r\n<p><strong>Resoluci\u00f3n exenta N\u00b0 72, Ministerio de Salud (20 de enero)<\/strong><br \/>Modifica resoluci\u00f3n N\u00b0 994 exenta, de 2021, que establece Cuarto Plan Paso a Paso<\/p>\r\n\r\n\r\n\r\n<p><a href=\"https:\/\/westlawchile.cl\/maf\/app\/document?&amp;src=laley4&amp;docguid=iA4075717D75E419663464EB30A2F7F27&amp;hitguid=iA4075717D75E419663464EB30A2F7F27&amp;tocguid=&amp;spos=4&amp;epos=4&amp;td=7&amp;ao=i0AC50834CD5E878681CD6243E1B5D7B6&amp;searchFrom=&amp;savedSearch=false&amp;context=61&amp;crumb-action=append&amp;\">Ver texto completo<\/a><\/p>\r\n\r\n\r\n<hr class=\"wp-block-separator has-alpha-channel-opacity\" \/>\r\n\r\n\r\n<p><strong>Resoluci\u00f3n exenta N\u00b0 55, Ministerio de Salud (19 de enero)<\/strong><br \/>Imparte instrucciones en cumplimiento de la ley 21.342, que establece protocolo de seguridad sanitaria laboral para el retorno gradual y seguro al trabajo en el marco de la alerta sanitaria decretada con ocasi\u00f3n de la enfermedad COVID-19 en el pa\u00eds y otras materias que indica<\/p>\r\n\r\n\r\n\r\n<p><a href=\"https:\/\/westlawchile.cl\/maf\/app\/document?&amp;src=laley4&amp;docguid=i9E370F33A8B934D3E711383F171794FE&amp;hitguid=i9E370F33A8B934D3E711383F171794FE&amp;tocguid=&amp;spos=4&amp;epos=4&amp;td=8&amp;ao=i0AC50834CD5E878681CD6243E1B5D7B6&amp;searchFrom=&amp;savedSearch=false&amp;context=64&amp;crumb-action=append&amp;\">Ver texto completo<\/a><\/p>\r\n\r\n\r\n<hr class=\"wp-block-separator has-alpha-channel-opacity\" \/>\r\n\r\n\r\n<p><strong>Resoluci\u00f3n exenta N\u00b0 62, Ministerio de Salud (19 de enero)<\/strong><br \/>Dispone medidas sanitarias que indica por brote de COVID-19<\/p>\r\n\r\n\r\n\r\n<p><a href=\"https:\/\/westlawchile.cl\/maf\/app\/document?&amp;src=laley4&amp;docguid=i30350D94B9DA4C9BE665B2745350E144&amp;hitguid=i30350D94B9DA4C9BE665B2745350E144&amp;tocguid=&amp;spos=11&amp;epos=11&amp;td=13&amp;ao=i0AC50834CD5E878681CD6243E1B5D7B6&amp;searchFrom=&amp;savedSearch=false&amp;context=68&amp;crumb-action=append&amp;\">Ver texto completo<\/a><\/p>\r\n\r\n\r\n<hr class=\"wp-block-separator has-alpha-channel-opacity\" \/>\r\n\r\n\r\n<p><strong>Decreto N\u00b0 3, Ministerio de Salud (19 de enero)<\/strong><br \/>Aprueba modificaci\u00f3n a los decretos exentos N\u00b0 18 de 2009; Nos. 33, 34, 35, 36 y 37, todos de 2010; Nos. 346 y 347, ambos de 2011; N\u00b0 128 de 2018 y N\u00b0 5 de 2019<\/p>\r\n\r\n\r\n\r\n<p><a href=\"https:\/\/westlawchile.cl\/maf\/app\/document?&amp;src=laley4&amp;srguid=i0ad6adc60000017ea296f18467768327&amp;docguid=iB1923BA7AA85765635D0F08FDABDA3FE&amp;hitguid=iB1923BA7AA85765635D0F08FDABDA3FE&amp;tocguid=&amp;spos=11&amp;epos=11&amp;td=11&amp;ao=i0AC50834CD5E878681CD6243E1B5D7B6&amp;searchFrom=&amp;savedSearch=false&amp;context=75&amp;crumb-action=append&amp;\">Ver texto completo<\/a><\/p>\r\n\r\n\r\n<hr class=\"wp-block-separator has-alpha-channel-opacity\" \/>\r\n\r\n\r\n<p><strong>Resoluci\u00f3n exenta N\u00b0 59, Ministerio de Salud (15 de enero)<\/strong><br \/>Dispone medidas sanitarias que indica por brote de COVID-19<\/p>\r\n\r\n\r\n\r\n<p><a href=\"https:\/\/westlawchile.cl\/maf\/app\/document?&amp;src=laley4&amp;docguid=i980C20B010C2F7B61663579C8BF57D2C&amp;hitguid=i980C20B010C2F7B61663579C8BF57D2C&amp;tocguid=&amp;spos=3&amp;epos=3&amp;td=8&amp;ao=i0AC50834CD5E878681CD6243E1B5D7B6&amp;searchFrom=&amp;savedSearch=false&amp;context=79&amp;crumb-action=append&amp;\">Ver texto completo<\/a><\/p>\r\n\r\n\r\n<hr class=\"wp-block-separator has-alpha-channel-opacity\" \/>\r\n\r\n\r\n<p><strong>Resoluci\u00f3n exenta N\u00b0 1.420, Ministerio de Vivienda y Urbanismo (14 de enero)<\/strong><br \/>Aprueba procedimientos para autorizaciones igual o menor a 100 UF, por uso de locaciones al interior del Parque Metropolitano de Santiago y delega facultades que indica<\/p>\r\n\r\n\r\n\r\n<p><a href=\"https:\/\/westlawchile.cl\/maf\/app\/document?&amp;src=laley4&amp;docguid=i27706C44077EE1A14EC6AA4248A9579B&amp;hitguid=i27706C44077EE1A14EC6AA4248A9579B&amp;tocguid=&amp;spos=1&amp;epos=1&amp;td=1&amp;ao=i0AC50834CD5E878681CD6243E1B5D7B6&amp;searchFrom=&amp;savedSearch=false&amp;context=36&amp;crumb-action=append&amp;\">Ver texto completo<\/a><\/p>\r\n\r\n\r\n<hr class=\"wp-block-separator has-alpha-channel-opacity\" \/>\r\n\r\n\r\n<p><strong>Resoluci\u00f3n exenta N\u00b0 56, Ministerio de Salud (12 de enero)<\/strong><br \/>Dispone medidas sanitarias que indica por brote de COVID-19<\/p>\r\n\r\n\r\n\r\n<p><a href=\"https:\/\/westlawchile.cl\/maf\/app\/document?&amp;src=laley4&amp;docguid=i2045E6D68D22333EC10F55D2303B4608&amp;hitguid=i2045E6D68D22333EC10F55D2303B4608&amp;tocguid=&amp;spos=4&amp;epos=4&amp;td=8&amp;ao=i0AC50834CD5E878681CD6243E1B5D7B6&amp;searchFrom=&amp;savedSearch=false&amp;context=39&amp;crumb-action=append&amp;\">Ver texto completo<\/a><\/p>\r\n\r\n\r\n<hr class=\"wp-block-separator has-alpha-channel-opacity\" \/>\r\n\r\n\r\n<p><strong>Decreto N\u00b0 2.553, Ministerio de Hacienda (11 de enero)<\/strong><br \/>Establece normas sobre modificaciones presupuestarias para el a\u00f1o 2022<\/p>\r\n\r\n\r\n\r\n<p><a href=\"https:\/\/westlawchile.cl\/maf\/app\/document?&amp;src=laley4&amp;docguid=i6B66E5BE38DA42CF39404CBF149855BC&amp;hitguid=i6B66E5BE38DA42CF39404CBF149855BC&amp;tocguid=&amp;spos=2&amp;epos=2&amp;td=2&amp;ao=i0AC50834CD5E878681CD6243E1B5D7B6&amp;searchFrom=&amp;savedSearch=false&amp;context=45&amp;crumb-action=append&amp;\">Ver texto completo<\/a><\/p>\r\n\r\n\r\n<hr class=\"wp-block-separator has-alpha-channel-opacity\" \/>\r\n\r\n\r\n<p><strong>Resoluci\u00f3n exenta N\u00b0 1.423, Ministerio de Salud (10 de enero)<\/strong><br \/>Modifica resoluci\u00f3n N\u00b0 1.138 exenta, de 2020, que aprueba lineamientos t\u00e9cnico-operativos vacunaci\u00f3n SARS-COV-2<\/p>\r\n\r\n\r\n\r\n<p><a href=\"https:\/\/westlawchile.cl\/maf\/app\/document?&amp;src=laley4&amp;docguid=i47AC07572BE87AB7B942AEA4654654C7&amp;hitguid=i47AC07572BE87AB7B942AEA4654654C7&amp;tocguid=&amp;spos=1&amp;epos=1&amp;td=1&amp;ao=i0AC50834CD5E878681CD6243E1B5D7B6&amp;searchFrom=&amp;savedSearch=false&amp;context=48&amp;crumb-action=append&amp;\">Ver texto completo<\/a><\/p>\r\n\r\n\r\n<hr class=\"wp-block-separator has-alpha-channel-opacity\" \/>\r\n\r\n\r\n<p><strong>Resoluci\u00f3n exenta N\u00b0 17, Ministerio de Salud (8 de enero)<\/strong><br \/>Dispone medidas sanitarias que indica por brote de COVID-19<\/p>\r\n\r\n\r\n\r\n<p><a href=\"https:\/\/westlawchile.cl\/maf\/app\/document?&amp;src=laley4&amp;docguid=i312038CA387F9CFA6FCF6D5A1F533DD9&amp;hitguid=i312038CA387F9CFA6FCF6D5A1F533DD9&amp;tocguid=&amp;spos=7&amp;epos=7&amp;td=7&amp;ao=i0AC50834CD5E878681CD6243E1B5D7B6&amp;searchFrom=&amp;savedSearch=false&amp;context=51&amp;crumb-action=append&amp;\">Ver texto completo<\/a><\/p>\r\n\r\n\r\n<hr class=\"wp-block-separator has-alpha-channel-opacity\" \/>\r\n\r\n\r\n<p><strong>Resoluci\u00f3n exenta N\u00b0 RAEX202200001, Ministerio de Econom\u00eda, Fomento y Turismo (7 de enero)<\/strong><br \/>Deja sin efecto resoluciones administrativas exentas Nos. 726, 848, 849, 851, 856, 870 y 876, todas de 2020<\/p>\r\n\r\n\r\n\r\n<p><a href=\"https:\/\/westlawchile.cl\/maf\/app\/document?&amp;src=laley4&amp;docguid=iA7273D71D74FA1862F4D65BDF40ABFC0&amp;hitguid=iA7273D71D74FA1862F4D65BDF40ABFC0&amp;tocguid=&amp;spos=2&amp;epos=2&amp;td=2&amp;ao=i0AC50834CD5E878681CD6243E1B5D7B6&amp;searchFrom=&amp;savedSearch=false&amp;context=64&amp;crumb-action=append&amp;\">Ver texto completo<\/a><\/p>\r\n\r\n\r\n<hr class=\"wp-block-separator has-alpha-channel-opacity\" \/>\r\n\r\n\r\n<p><strong>Resoluci\u00f3n exenta N\u00b0 1, Ministerio de Salud (5 de enero)<\/strong><br \/>Dispone medidas sanitarias que indica por brote de COVID-19<\/p>\r\n\r\n\r\n\r\n<p><a href=\"https:\/\/westlawchile.cl\/maf\/app\/document?&amp;src=laley4&amp;docguid=i743115E224AAA4E69F787317E8264A50&amp;hitguid=i743115E224AAA4E69F787317E8264A50&amp;tocguid=&amp;spos=3&amp;epos=3&amp;td=3&amp;ao=i0AC50834CD5E878681CD6243E1B5D7B6&amp;searchFrom=&amp;savedSearch=false&amp;context=68&amp;crumb-action=append&amp;\">Ver texto completo<\/a><\/p>\r\n\r\n\r\n<hr class=\"wp-block-separator has-alpha-channel-opacity\" \/>\r\n\r\n\r\n<p><strong>Resoluci\u00f3n exenta N\u00b0 384, Direcci\u00f3n General del Cr\u00e9dito Prendario (5 de enero)<\/strong><br \/>Declara suspensi\u00f3n de remates presenciales en las Unidades de Cr\u00e9dito del pa\u00eds para el mes de enero del a\u00f1o 2022}<\/p>\r\n\r\n\r\n\r\n<p><a href=\"https:\/\/westlawchile.cl\/maf\/app\/document?&amp;src=laley4&amp;docguid=iF310A5C448B6775C967FD8CD888BED5F&amp;hitguid=iF310A5C448B6775C967FD8CD888BED5F&amp;tocguid=&amp;spos=3&amp;epos=3&amp;td=8&amp;ao=i0AC50834CD5E878681CD6243E1B5D7B6&amp;searchFrom=&amp;savedSearch=false&amp;context=79&amp;crumb-action=append&amp;\">Ver texto completo<\/a><\/p>\r\n\r\n\r\n<hr class=\"wp-block-separator has-alpha-channel-opacity\" \/>\r\n\r\n\r\n<p><strong>Decreto N\u00b0 320, Ministerio del Interior y Seguridad P\u00fablica (31 de diciembre)<\/strong><br \/>Modifica decreto N\u00ba 295, de 2021, que dispone el cierre temporal de lugares habilitados para el tr\u00e1nsito de personas, por Emergencia de Salud P\u00fablica de Importancia Internacional por brote del nuevo coronavirus y extiende su vigencia<\/p>\r\n\r\n\r\n\r\n<p><a href=\"https:\/\/westlawchile.cl\/maf\/app\/document?&amp;src=laley4&amp;docguid=iAF32B3E9321060159CAEF86E4D6FFBCF&amp;hitguid=iAF32B3E9321060159CAEF86E4D6FFBCF&amp;tocguid=&amp;spos=6&amp;epos=6&amp;td=6&amp;ao=i0AC50834CD5E878681CD6243E1B5D7B6&amp;searchFrom=&amp;savedSearch=false&amp;context=82&amp;crumb-action=append&amp;\">Ver texto completo<\/a><\/p>\r\n\r\n\r\n<hr class=\"wp-block-separator has-alpha-channel-opacity\" \/>\r\n\r\n\r\n<h1 class=\"wp-block-heading\"><strong>2021<\/strong><\/h1>\r\n\r\n\r\n\r\n<p><strong>Resoluci\u00f3n exenta n\u00famero 899, Ministerio del Trabajo y Previsi\u00f3n Social (31 de diciembre)<\/strong><br \/>Modifica resoluci\u00f3n N\u00ba 625 exenta, de 2020, que califica la situaci\u00f3n de emergencia laboral que indica y activa implementaci\u00f3n de L\u00ednea Emergencia Laboral COVID-19 del Programa de Formaci\u00f3n en el Puesto de Trabajo, conforme a lo dispuesto en el decreto N\u00ba 28, de 2011<\/p>\r\n\r\n\r\n\r\n<p><a href=\"https:\/\/westlawchile.cl\/maf\/app\/document?&amp;src=laley4&amp;docguid=iEFF3BF9C40055539B6FDA64D96629E07&amp;hitguid=iEFF3BF9C40055539B6FDA64D96629E07&amp;tocguid=&amp;spos=1&amp;epos=1&amp;td=1&amp;ao=i0AC50834CD5E878681CD6243E1B5D7B6&amp;searchFrom=&amp;savedSearch=false&amp;context=85&amp;crumb-action=append&amp;\">Ver texto completo<\/a><\/p>\r\n\r\n\r\n<hr class=\"wp-block-separator has-alpha-channel-opacity\" \/>\r\n\r\n\r\n<p><strong>Resoluci\u00f3n exenta n\u00famero 1.407, Ministerio de Salud (31 de diciembre)<\/strong><br \/>Dispone medidas sanitarias que indica por brote de COVID-19<\/p>\r\n\r\n\r\n\r\n<p><a href=\"https:\/\/westlawchile.cl\/maf\/app\/document?&amp;src=laley4&amp;docguid=i185F884CC341A1992E68FFCD6F89DF63&amp;hitguid=i185F884CC341A1992E68FFCD6F89DF63&amp;tocguid=&amp;spos=1&amp;epos=1&amp;td=2&amp;ao=i0AC50834CD5E878681CD6243E1B5D7B6&amp;searchFrom=&amp;savedSearch=false&amp;context=88&amp;crumb-action=append&amp;\">Ver texto completo<\/a><\/p>\r\n\r\n\r\n<hr class=\"wp-block-separator has-alpha-channel-opacity\" \/>\r\n\r\n\r\n<p><strong>Decreto N\u00b0 63, Ministerio del Trabajo y Previsi\u00f3n Social (30 de diciembre)<\/strong><br \/>Modifica decreto N\u00b0 28, de 2011, que establece componentes, l\u00edneas de acci\u00f3n, procedimientos, modalidades y mecanismos de control del Programa de Formaci\u00f3n en el Puesto de Trabajo<\/p>\r\n\r\n\r\n\r\n<p><a href=\"https:\/\/westlawchile.cl\/maf\/app\/document?&amp;src=laley4&amp;docguid=i597C5E417805A346604F2AFD8781E6DD&amp;hitguid=i597C5E417805A346604F2AFD8781E6DD&amp;tocguid=&amp;spos=22&amp;epos=22&amp;td=22&amp;ao=i0AC50834CD5E878681CD6243E1B5D7B6&amp;searchFrom=&amp;savedSearch=false&amp;context=163&amp;crumb-action=append&amp;\">Ver texto completo<\/a><\/p>\r\n\r\n\r\n<hr class=\"wp-block-separator has-alpha-channel-opacity\" \/>\r\n\r\n\r\n<p><strong>Resoluci\u00f3n exenta N\u00b0 1.381, Ministerio de Salud (29 de diciembre)<\/strong><br \/>Dispone medidas sanitarias que indica por brote de COVID-19<\/p>\r\n\r\n\r\n<hr class=\"wp-block-separator has-alpha-channel-opacity\" \/>\r\n\r\n\r\n<p><strong>Ley N\u00b0 21.401, Ministerio de Obras P\u00fablicas (28 de diciembre)<\/strong><br \/>Modifica la ley N\u00b0 20.998, que regula los servicios sanitarios rurales, para perfeccionar su aplicaci\u00f3n e implementaci\u00f3n en raz\u00f3n de los efectos de la pandemia por COVID-19<\/p>\r\n\r\n\r\n\r\n<p><a href=\"https:\/\/westlawchile.cl\/maf\/app\/document?&amp;src=laley4&amp;docguid=iAF30C3AFE400F434D73DC2AAB707DD60&amp;hitguid=iAF30C3AFE400F434D73DC2AAB707DD60&amp;tocguid=&amp;spos=1&amp;epos=1&amp;td=1&amp;ao=i0AC50834CD5E878681CD6243E1B5D7B6&amp;searchFrom=&amp;savedSearch=false&amp;context=178&amp;crumb-action=append&amp;\">Ver texto completo<\/a><\/p>\r\n\r\n\r\n<hr class=\"wp-block-separator has-alpha-channel-opacity\" \/>\r\n\r\n\r\n<p><strong>Decreto N\u00b0 147, Ministerio de Justicia y Derechos Humanos (27 de diciembre)<\/strong><br \/>Extiende vigencia de c\u00e9dulas de identidad para chilenos, conforme se indica<\/p>\r\n\r\n\r\n\r\n<p><a href=\"https:\/\/westlawchile.cl\/maf\/app\/document?&amp;src=laley4&amp;docguid=iF3FF07F82D1FA5681A494E3CC935C1FD&amp;hitguid=iF3FF07F82D1FA5681A494E3CC935C1FD&amp;tocguid=&amp;spos=6&amp;epos=6&amp;td=12&amp;ao=i0AC50834CD5E878681CD6243E1B5D7B6&amp;searchFrom=&amp;savedSearch=false&amp;context=181&amp;crumb-action=append&amp;\">Ver texto completo<\/a><\/p>\r\n\r\n\r\n<hr class=\"wp-block-separator has-alpha-channel-opacity\" \/>\r\n\r\n\r\n<p><strong>Decreto N\u00b0 52, Ministerio de Salud (24 de diciembre)<\/strong><br \/>Prorroga vigencia del decreto N\u00ba 4, de 2020, que decreta alerta sanitaria por el per\u00edodo que se se\u00f1ala y otorga facultades extraordinarias que indica por Emergencia de Salud P\u00fablica de Importancia Internacional (ESPII) por brote del nuevo coronavirus (2019-NCOV)<\/p>\r\n\r\n\r\n<hr class=\"wp-block-separator has-alpha-channel-opacity\" \/>\r\n\r\n\r\n<p><strong>Resoluci\u00f3n exenta N\u00b0 1.371, Ministerio de Salud (24 de diciembre)<\/strong><br \/>Dispone medidas sanitarias que indica por brote de COVID-19<\/p>\r\n\r\n\r\n\r\n<p><a href=\"https:\/\/westlawchile.cl\/maf\/app\/document?&amp;src=laley4&amp;docguid=i27EEDF76F0B1D47C5606A3F9006D7CCB&amp;hitguid=i27EEDF76F0B1D47C5606A3F9006D7CCB&amp;tocguid=&amp;spos=1&amp;epos=1&amp;td=1&amp;ao=i0AC50834CD5E878681CD6243E1B5D7B6&amp;searchFrom=&amp;savedSearch=false&amp;context=196&amp;crumb-action=append&amp;\">Ver texto completo<\/a><\/p>\r\n\r\n\r\n<hr class=\"wp-block-separator has-alpha-channel-opacity\" \/>\r\n\r\n\r\n<p><strong>Decreto N\u00b0 308, Ministerio del Interior y Seguridad P\u00fablica (22 de diciembre)<\/strong><br \/>Modifica decreto N\u00ba 295, de 2021, que dispone el cierre temporal de lugares habilitados para el tr\u00e1nsito de personas, por Emergencia de Salud P\u00fablica de Importancia Internacional por brote del nuevo coronavirus (2019-NCOV)<\/p>\r\n\r\n\r\n\r\n<p><a href=\"https:\/\/westlawchile.cl\/maf\/app\/document?&amp;src=laley4&amp;docguid=i29D4754305878A3155542B85231F11F7&amp;hitguid=i29D4754305878A3155542B85231F11F7&amp;tocguid=&amp;spos=6&amp;epos=6&amp;td=6&amp;ao=i0AC50834CD5E878681CD6243E1B5D7B6&amp;searchFrom=&amp;savedSearch=false&amp;context=202&amp;crumb-action=append&amp;\">Ver texto completo<\/a><\/p>\r\n\r\n\r\n<hr class=\"wp-block-separator has-alpha-channel-opacity\" \/>\r\n\r\n\r\n<p><strong>Ley N\u00b0 21.405, Ministerio de Hacienda (22 de diciembre)<\/strong><br \/>Otorga reajuste de remuneraciones a los trabajadores del sector p\u00fablico, concede aguinaldos que se\u00f1ala, concede otros beneficios que indica, y modifica diversos cuerpos legales<\/p>\r\n\r\n\r\n\r\n<p><a href=\"https:\/\/westlawchile.cl\/maf\/app\/document?&amp;src=laley4&amp;docguid=iF99BC1CA34A3D9DA9B5701C3EC822B01&amp;hitguid=iF99BC1CA34A3D9DA9B5701C3EC822B01&amp;tocguid=&amp;spos=1&amp;epos=1&amp;td=1&amp;ao=i0AC50834CD5E878681CD6243E1B5D7B6&amp;searchFrom=&amp;savedSearch=false&amp;context=205&amp;crumb-action=append&amp;\">Ver texto completo<\/a><\/p>\r\n\r\n\r\n<hr class=\"wp-block-separator has-alpha-channel-opacity\" \/>\r\n\r\n\r\n<p><strong>Resoluci\u00f3n exenta N\u00b0 1.337, Ministerio de Salud (22 de diciembre)<\/strong><br \/>Dispone medidas sanitarias que indica por brote de COVID-19<\/p>\r\n\r\n\r\n\r\n<p><a href=\"https:\/\/westlawchile.cl\/maf\/app\/document?&amp;src=laley4&amp;docguid=iAAAD74941B50B642532FDD3169E38589&amp;hitguid=iAAAD74941B50B642532FDD3169E38589&amp;tocguid=&amp;spos=1&amp;epos=1&amp;td=1&amp;ao=i0AC50834CD5E878681CD6243E1B5D7B6&amp;searchFrom=&amp;savedSearch=false&amp;context=208&amp;crumb-action=append&amp;\">Ver texto completo<\/a><\/p>\r\n\r\n\r\n<hr class=\"wp-block-separator has-alpha-channel-opacity\" \/>\r\n\r\n\r\n<p><strong>Resoluci\u00f3n exenta N\u00b0 1.356, Ministerio de Salud (22 de diciembre)<\/strong><br \/>Modifica la resoluci\u00f3n N\u00b0 672 exenta, de 2021, que establece Plan Fronteras Protegidas<\/p>\r\n\r\n\r\n\r\n<p><a href=\"https:\/\/westlawchile.cl\/maf\/app\/document?&amp;src=laley4&amp;docguid=i85E3473B861F287C416A01FBC1CCC42D&amp;hitguid=i85E3473B861F287C416A01FBC1CCC42D&amp;tocguid=&amp;spos=1&amp;epos=1&amp;td=3&amp;ao=i0AC50834CD5E878681CD6243E1B5D7B6&amp;searchFrom=&amp;savedSearch=false&amp;context=211&amp;crumb-action=append&amp;\">Ver texto completo<\/a><\/p>\r\n\r\n\r\n<hr class=\"wp-block-separator has-alpha-channel-opacity\" \/>\r\n\r\n\r\n<p><strong>Resoluci\u00f3n exenta N\u00b0 1.331, Ministerio de Salud (18 de diciembre)<\/strong><br \/>Dispone medidas sanitarias que indica por brote de COVID-19<\/p>\r\n\r\n\r\n\r\n<p><a href=\"https:\/\/westlawchile.cl\/maf\/app\/document?&amp;src=laley4&amp;docguid=iB2297E06A185833787187A26E3298BAE&amp;hitguid=iB2297E06A185833787187A26E3298BAE&amp;tocguid=&amp;spos=1&amp;epos=1&amp;td=1&amp;ao=i0AC50834CD5E878681CD6243E1B5D7B6&amp;searchFrom=&amp;savedSearch=false&amp;context=214&amp;crumb-action=append&amp;\">Ver texto completo<\/a><\/p>\r\n\r\n\r\n<hr class=\"wp-block-separator has-alpha-channel-opacity\" \/>\r\n\r\n\r\n<p><strong>Acta N\u00b0 271, Corte Suprema (18 de diciembre)<\/strong><br \/>Auto acordado sobre audiencias y vista de causas por videoconferencia<\/p>\r\n\r\n\r\n\r\n<p><a href=\"https:\/\/westlawchile.cl\/maf\/app\/document?&amp;src=laley4&amp;docguid=i1ECEE8DB774D3AF76D3B823220AE24C8&amp;hitguid=i1ECEE8DB774D3AF76D3B823220AE24C8&amp;tocguid=&amp;spos=1&amp;epos=1&amp;td=1&amp;ao=i0AC50834CD5E878681CD6243E1B5D7B6&amp;searchFrom=&amp;savedSearch=false&amp;context=219&amp;crumb-action=append&amp;\">Ver texto completo<\/a><\/p>\r\n\r\n\r\n<hr class=\"wp-block-separator has-alpha-channel-opacity\" \/>\r\n\r\n\r\n<p><strong>Ley N\u00b0 21.395, Ministerio de Hacienda (15 de diciembre)<\/strong><br \/>Ley de Presupuestos para el Sector P\u00fablico correspondiente al a\u00f1o 2022<\/p>\r\n\r\n\r\n\r\n<p><a href=\"https:\/\/westlawchile.cl\/maf\/app\/document?&amp;src=laley4&amp;docguid=i9B3D5B0CC6B45A104322CAA5C46F2C17&amp;hitguid=i9B3D5B0CC6B45A104322CAA5C46F2C17&amp;tocguid=&amp;spos=1&amp;epos=1&amp;td=1&amp;ao=i0AC50834CD5E878681CD6243E1B5D7B6&amp;searchFrom=&amp;savedSearch=false&amp;context=50&amp;crumb-action=append&amp;\">Ver texto completo<\/a><\/p>\r\n\r\n\r\n<hr class=\"wp-block-separator has-alpha-channel-opacity\" \/>\r\n\r\n\r\n<p><strong>Resoluci\u00f3n exenta N\u00b0 1.326, Ministerio de Salud (15 de diciembre)<\/strong><br \/>Dispone medidas sanitarias que indica por brote de COVID-19<\/p>\r\n\r\n\r\n\r\n<p><a href=\"https:\/\/westlawchile.cl\/maf\/app\/document?&amp;src=laley4&amp;docguid=i3DC500F51E91FB0C3BAC7687A002A1B7&amp;hitguid=i3DC500F51E91FB0C3BAC7687A002A1B7&amp;tocguid=&amp;spos=1&amp;epos=1&amp;td=1&amp;ao=i0AC50834CD5E878681CD6243E1B5D7B6&amp;searchFrom=&amp;savedSearch=false&amp;context=53&amp;crumb-action=append&amp;\">Ver texto completo<\/a><\/p>\r\n\r\n\r\n<hr class=\"wp-block-separator has-alpha-channel-opacity\" \/>\r\n\r\n\r\n<p><strong>Circular N\u00b0 74, Ministerio del Interior y Seguridad P\u00fablica (14 de diciembre)<\/strong><br \/>Dicta disposiciones para el resguardo del orden p\u00fablico de la elecci\u00f3n presidencial, en segunda votaci\u00f3n, a realizarse el d\u00eda 19 de diciembre de 2021<\/p>\r\n\r\n\r\n\r\n<p><a href=\"https:\/\/westlawchile.cl\/maf\/app\/document?&amp;src=laley4&amp;docguid=iF37229B366627B2BE6D2918CE6864773&amp;hitguid=iF37229B366627B2BE6D2918CE6864773&amp;tocguid=&amp;spos=1&amp;epos=1&amp;td=2&amp;ao=i0AC50834CD5E878681CD6243E1B5D7B6&amp;searchFrom=&amp;savedSearch=false&amp;context=56&amp;crumb-action=append&amp;\">Ver texto completo<\/a><\/p>\r\n\r\n\r\n<hr class=\"wp-block-separator has-alpha-channel-opacity\" \/>\r\n\r\n\r\n<p><strong>Resoluci\u00f3n exenta N\u00b0 1.277, Ministerio de Salud (10 de diciembre)<\/strong><br \/>Dispone medidas sanitarias que indica por brote de COVID-19<\/p>\r\n\r\n\r\n\r\n<p><a href=\"https:\/\/westlawchile.cl\/maf\/app\/document?&amp;src=laley4&amp;docguid=iD3CE1CAE35969492A1EDF1B447842EF6&amp;hitguid=iD3CE1CAE35969492A1EDF1B447842EF6&amp;tocguid=&amp;spos=1&amp;epos=1&amp;td=1&amp;ao=i0AC50834CD5E878681CD6243E1B5D7B6&amp;searchFrom=&amp;savedSearch=false&amp;context=59&amp;crumb-action=append&amp;\">Ver texto completo<\/a><\/p>\r\n\r\n\r\n<hr class=\"wp-block-separator has-alpha-channel-opacity\" \/>\r\n\r\n\r\n<p><strong>Decreto N\u00b0 36, Ministerio de Salud (10 de diciembre)<\/strong><br \/>Modifica decreto N\u00ba 56, de 2019, que aprueba el Reglamento sobre la obligaci\u00f3n de disponer de desfibriladores externos autom\u00e1ticos port\u00e1tiles en los establecimientos y recintos que indica, de acuerdo a lo establecido por la ley N\u00ba 21.156<\/p>\r\n\r\n\r\n\r\n<p><a href=\"https:\/\/westlawchile.cl\/maf\/app\/document?&amp;src=laley4&amp;docguid=i206D533FB310030C3E560CBF391E6786&amp;hitguid=i206D533FB310030C3E560CBF391E6786&amp;tocguid=&amp;spos=16&amp;epos=16&amp;td=19&amp;ao=i0AC50834CD5E878681CD6243E1B5D7B6&amp;searchFrom=&amp;savedSearch=false&amp;context=62&amp;crumb-action=append&amp;\">Ver texto completo<\/a><\/p>\r\n\r\n\r\n<hr class=\"wp-block-separator has-alpha-channel-opacity\" \/>\r\n\r\n\r\n<p><strong>Resoluci\u00f3n exenta N\u00b0 1.268, Ministerio de Salud (7 de diciembre)<\/strong><br \/>Dispone medidas sanitarias que indica por brote de COVID-19<\/p>\r\n\r\n\r\n\r\n<p><a href=\"https:\/\/westlawchile.cl\/maf\/app\/document?&amp;src=laley4&amp;docguid=i8ACE25C77F63869E709F06561BF3A6A9&amp;hitguid=i8ACE25C77F63869E709F06561BF3A6A9&amp;tocguid=&amp;spos=2&amp;epos=2&amp;td=2&amp;ao=i0AC50834CD5E878681CD6243E1B5D7B6&amp;searchFrom=&amp;savedSearch=false&amp;context=65&amp;crumb-action=append&amp;\">Ver texto completo<\/a><\/p>\r\n\r\n\r\n<hr class=\"wp-block-separator has-alpha-channel-opacity\" \/>\r\n\r\n\r\n<p><strong>Resoluci\u00f3n exenta N\u00b0 2.542, Superintendencia del Medio Ambiente (7 de diciembre)<\/strong><br \/>Revoca resoluciones que indica en el contexto de brote de Covid-19<\/p>\r\n\r\n\r\n\r\n<p><a href=\"https:\/\/westlawchile.cl\/maf\/app\/document?&amp;src=laley4&amp;docguid=i8EA7859866D01C5DD542D77A9F7FE8E2&amp;hitguid=i8EA7859866D01C5DD542D77A9F7FE8E2&amp;tocguid=&amp;spos=1&amp;epos=1&amp;td=2&amp;ao=i0AC50834CD5E878681CD6243E1B5D7B6&amp;searchFrom=&amp;savedSearch=false&amp;context=68&amp;crumb-action=append&amp;\">Ver texto completo<\/a><\/p>\r\n\r\n\r\n<hr class=\"wp-block-separator has-alpha-channel-opacity\" \/>\r\n\r\n\r\n<p><strong>Resoluci\u00f3n exenta N\u00b0 350, Direcci\u00f3n General del Cr\u00e9dito Prendario (7 de diciembre)<\/strong><br \/>Declara suspensi\u00f3n de remates presenciales en las Unidades de Cr\u00e9dito del pa\u00eds para el mes de diciembre del a\u00f1o 2021<\/p>\r\n\r\n\r\n\r\n<p><a href=\"https:\/\/westlawchile.cl\/maf\/app\/document?&amp;src=laley4&amp;docguid=i18125EB725F8ACFB1CA4423A10FE8684&amp;hitguid=i18125EB725F8ACFB1CA4423A10FE8684&amp;tocguid=&amp;spos=1&amp;epos=1&amp;td=2&amp;ao=i0AC50834CD5E878681CD6243E1B5D7B6&amp;searchFrom=&amp;savedSearch=false&amp;context=71&amp;crumb-action=append&amp;\">Ver texto completo<\/a><\/p>\r\n\r\n\r\n<hr class=\"wp-block-separator has-alpha-channel-opacity\" \/>\r\n\r\n\r\n<p><strong>Decreto N\u00b0 297, Ministerio del Interior y Seguridad P\u00fablica (6 de diciembre)<\/strong><br \/>Modifica el decreto N\u00b0 295, de 2021, que dispone el cierre temporal de lugares habilitados para el tr\u00e1nsito de personas, por Emergencia de Salud P\u00fablica de Importancia Internacional por brote del nuevo coronavirus (2019-NCOV)<\/p>\r\n\r\n\r\n\r\n<p><a href=\"https:\/\/westlawchile.cl\/maf\/app\/document?&amp;src=laley4&amp;docguid=iB3BFA7634D4C6A1F3AE6412853A03C81&amp;hitguid=iB3BFA7634D4C6A1F3AE6412853A03C81&amp;tocguid=&amp;spos=10&amp;epos=10&amp;td=12&amp;ao=i0AC50834CD5E878681CD6243E1B5D7B6&amp;searchFrom=&amp;savedSearch=false&amp;context=74&amp;crumb-action=append&amp;\">Ver texto completo<\/a><\/p>\r\n\r\n\r\n<hr class=\"wp-block-separator has-alpha-channel-opacity\" \/>\r\n\r\n\r\n<p><strong>Resoluci\u00f3n exenta N\u00b0 1.266, Ministerio de Salud (4 de diciembre)<\/strong><br \/>Dispone medidas sanitarias que indica por brote de COVID-19 y modifica resoluci\u00f3n N\u00b0 994 exenta, de 2021, que establece cuarto Plan Paso a Paso<\/p>\r\n\r\n\r\n\r\n<p><a href=\"https:\/\/westlawchile.cl\/maf\/app\/document?&amp;src=laley4&amp;docguid=i68B30F5A7CD3098C7FE752793EADB312&amp;hitguid=i68B30F5A7CD3098C7FE752793EADB312&amp;tocguid=&amp;spos=1&amp;epos=1&amp;td=1&amp;ao=i0AC50834CD5E878681CD6243E1B5D7B6&amp;searchFrom=&amp;savedSearch=false&amp;context=78&amp;crumb-action=append&amp;\">Ver texto completo<\/a><\/p>\r\n\r\n\r\n<hr class=\"wp-block-separator has-alpha-channel-opacity\" \/>\r\n\r\n\r\n<p><strong>Resoluci\u00f3n exenta N\u00b0 4.220, Seremi de Salud Regi\u00f3n de Magallanes y Ant\u00e1rtica Chilena (2 de diciembre)<\/strong><br \/>Deja sin efecto resoluci\u00f3n N\u00b0 2.607 exenta, de 2020, que dispuso medidas sanitarias en la Regi\u00f3n de Magallanes y Ant\u00e1rtica chilena ante el brote del COVID-19<\/p>\r\n\r\n\r\n\r\n<p><a href=\"https:\/\/westlawchile.cl\/maf\/app\/document?&amp;src=laley4&amp;docguid=iC0DAACF34EFEA935CFEA5DF56BA960C8&amp;hitguid=iC0DAACF34EFEA935CFEA5DF56BA960C8&amp;tocguid=&amp;spos=1&amp;epos=1&amp;td=1&amp;ao=i0AC50834CD5E878681CD6243E1B5D7B6&amp;searchFrom=&amp;savedSearch=false&amp;context=8&amp;crumb-action=append&amp;\">Ver texto completo<\/a><\/p>\r\n\r\n\r\n<hr class=\"wp-block-separator has-alpha-channel-opacity\" \/>\r\n\r\n\r\n<p><strong>Resoluci\u00f3n exenta N\u00b0 1.259, Ministerio de Salud (1 de diciembre)<\/strong><br \/>Dispone medidas sanitarias que indica por brote de COVID-19<\/p>\r\n\r\n\r\n\r\n<p><a href=\"https:\/\/westlawchile.cl\/maf\/app\/document?&amp;src=laley4&amp;docguid=i03A5C6660ADAF2BDDEC4303C33B8C973&amp;hitguid=i03A5C6660ADAF2BDDEC4303C33B8C973&amp;tocguid=&amp;spos=1&amp;epos=1&amp;td=1&amp;ao=i0AC50834CD5E878681CD6243E1B5D7B6&amp;searchFrom=&amp;savedSearch=false&amp;context=11&amp;crumb-action=append&amp;\">Ver texto completo<\/a><\/p>\r\n\r\n\r\n<hr class=\"wp-block-separator has-alpha-channel-opacity\" \/>\r\n\r\n\r\n<p><strong>Resoluci\u00f3n exenta N\u00b0 1.262, Ministerio de Salud (1 de diciembre)<\/strong><br \/>Modifica resoluci\u00f3n N\u00b0 672 exenta, de 2021, que establece Plan Fronteras Protegidas<\/p>\r\n\r\n\r\n\r\n<p><a href=\"https:\/\/westlawchile.cl\/maf\/app\/document?&amp;src=laley4&amp;docguid=i30676A427C1B8286AEB1FDA0871105CC&amp;hitguid=i30676A427C1B8286AEB1FDA0871105CC&amp;tocguid=&amp;spos=1&amp;epos=1&amp;td=1&amp;ao=i0AC50834CD5E878681CD6243E1B5D7B6&amp;searchFrom=&amp;savedSearch=false&amp;context=14&amp;crumb-action=append&amp;\">Ver texto completo<\/a><\/p>\r\n\r\n\r\n<hr class=\"wp-block-separator has-alpha-channel-opacity\" \/>\r\n\r\n\r\n<p><strong>Decreto alcaldicio N\u00b0 2.156\/M, Municipalidad de Isla de Pascua (1 de diciembre)<\/strong><br \/>Aprueba Ordenanza municipal que establece medidas a fin de minimizar el riesgo de propagaci\u00f3n de la pandemia provocada por el virus Covid-19 en el territorio especial de Isla de Pascua<\/p>\r\n\r\n\r\n\r\n<p><a href=\"https:\/\/westlawchile.cl\/maf\/app\/document?&amp;src=laley4&amp;docguid=iD9CAF09D0CF3DF5AFB3BBD1BEADCAE1B&amp;hitguid=iD9CAF09D0CF3DF5AFB3BBD1BEADCAE1B&amp;tocguid=&amp;spos=1&amp;epos=1&amp;td=2&amp;ao=i0AC50834CD5E878681CD6243E1B5D7B6&amp;searchFrom=&amp;savedSearch=false&amp;context=17&amp;crumb-action=append&amp;\">Ver texto completo<\/a><\/p>\r\n\r\n\r\n<hr class=\"wp-block-separator has-alpha-channel-opacity\" \/>\r\n\r\n\r\n<p><strong>Ley N\u00b0 21.394, Ministerio de Justicia y Derechos Humanos (30 de noviembre)<\/strong><br \/>Introduce reformas al sistema de justicia para enfrentar la situaci\u00f3n luego del estado de excepci\u00f3n constitucional de cat\u00e1strofe por calamidad p\u00fablica<\/p>\r\n\r\n\r\n\r\n<p><a href=\"https:\/\/westlawchile.cl\/maf\/app\/document?&amp;src=laley4&amp;docguid=i662FDC470F630A946894ADBEFA5EC53C&amp;hitguid=i662FDC470F630A946894ADBEFA5EC53C&amp;tocguid=&amp;spos=1&amp;epos=1&amp;td=1&amp;ao=i0AC50834CD5E878681CD6243E1B5D7B6&amp;searchFrom=&amp;savedSearch=false&amp;context=20&amp;crumb-action=append&amp;\">Ver texto completo<\/a><\/p>\r\n\r\n\r\n<hr class=\"wp-block-separator has-alpha-channel-opacity\" \/>\r\n\r\n\r\n<p><strong>Decreto N\u00b0 295, Ministerio del Interior y Seguridad P\u00fablica (30 de noviembre)<\/strong><br \/>Dispone el cierre temporal de lugares habilitados para el tr\u00e1nsito de personas, por Emergencia de Salud P\u00fablica de Importancia Internacional por brote del nuevo coronavirus (2019-NCOV), y deja sin efecto decreto que indica.<\/p>\r\n\r\n\r\n\r\n<p><a href=\"https:\/\/westlawchile.cl\/maf\/app\/document?&amp;src=laley4&amp;docguid=i7C41C1028517C2B79669738C4889CF5F&amp;hitguid=i7C41C1028517C2B79669738C4889CF5F&amp;tocguid=&amp;spos=6&amp;epos=6&amp;td=7&amp;ao=i0AC50834CD5E878681CD6243E1B5D7B6&amp;searchFrom=&amp;savedSearch=false&amp;context=23&amp;crumb-action=append&amp;\">Ver texto completo<\/a><\/p>\r\n\r\n\r\n<hr class=\"wp-block-separator has-alpha-channel-opacity\" \/>\r\n\r\n\r\n<p><strong>Resoluci\u00f3n exenta N\u00b0 1.189, Ministerio de Salud (27 de noviembre)<\/strong><br \/>Dispone medidas sanitarias que indica por brote de COVID-19<\/p>\r\n\r\n\r\n\r\n<p><a href=\"https:\/\/westlawchile.cl\/maf\/app\/document?&amp;src=laley4&amp;docguid=i888B05A17393893B23CD17C48D5845A7&amp;hitguid=i888B05A17393893B23CD17C48D5845A7&amp;tocguid=&amp;spos=1&amp;epos=1&amp;td=1&amp;ao=i0AC50834CD5E878681CD6243E1B5D7B6&amp;searchFrom=&amp;savedSearch=false&amp;context=26&amp;crumb-action=append&amp;\">Ver texto completo<\/a><\/p>\r\n\r\n\r\n<hr class=\"wp-block-separator has-alpha-channel-opacity\" \/>\r\n\r\n\r\n<p><strong>Acuerdo S\/N, Servicio Electoral (26 de noviembre)<\/strong><br \/>Dicta normas e instrucciones para el desarrollo de la Elecci\u00f3n Presidencial, en segunda votaci\u00f3n, del 19 de diciembre de 2021<\/p>\r\n\r\n\r\n\r\n<p><a href=\"https:\/\/westlawchile.cl\/maf\/app\/document?&amp;src=laley4&amp;docguid=iD6AC81761A52ADF89BCF1570EE9236B3&amp;hitguid=iD6AC81761A52ADF89BCF1570EE9236B3&amp;tocguid=&amp;spos=1&amp;epos=1&amp;td=2&amp;ao=i0AC50834CD5E878681CD6243E1B5D7B6&amp;searchFrom=&amp;savedSearch=false&amp;context=37&amp;crumb-action=append&amp;\">Ver texto completo<\/a><\/p>\r\n\r\n\r\n<hr class=\"wp-block-separator has-alpha-channel-opacity\" \/>\r\n\r\n\r\n<p><strong>Ley N\u00b0 21.391, Ministerio del Trabajo y Previsi\u00f3n Social (24 de noviembre)<\/strong><br \/>Establece modalidad de trabajo a distancia o teletrabajo para el cuidado de ni\u00f1os o ni\u00f1as y personas con discapacidad, en los casos que indica<\/p>\r\n\r\n\r\n\r\n<p><a href=\"https:\/\/westlawchile.cl\/maf\/app\/document?&amp;src=laley4&amp;docguid=i5C3FEF0E39C5B19CF68446349E93A6C7&amp;hitguid=i5C3FEF0E39C5B19CF68446349E93A6C7&amp;tocguid=&amp;spos=1&amp;epos=1&amp;td=1&amp;ao=i0AC50834CD5E878681CD6243E1B5D7B6&amp;searchFrom=&amp;savedSearch=false&amp;context=33&amp;crumb-action=append&amp;\">Ver texto completo<\/a><\/p>\r\n\r\n\r\n<hr class=\"wp-block-separator has-alpha-channel-opacity\" \/>\r\n\r\n\r\n<p><strong>Resoluci\u00f3n exenta N\u00b0 1.162, Ministerio de Salud (24 de noviembre)<\/strong><br \/>Dispone medidas sanitarias que indica por brote de COVID-19<\/p>\r\n\r\n\r\n\r\n<p><a href=\"https:\/\/westlawchile.cl\/maf\/app\/document?&amp;src=laley4&amp;docguid=i7148238186D61C09D1EEF95470ECACAE&amp;hitguid=i7148238186D61C09D1EEF95470ECACAE&amp;tocguid=&amp;spos=2&amp;epos=2&amp;td=2&amp;ao=i0AC50834CD5E878681CD6243E1B5D7B6&amp;searchFrom=&amp;savedSearch=false&amp;context=36&amp;crumb-action=append&amp;\">Ver texto completo<\/a><\/p>\r\n\r\n\r\n<hr class=\"wp-block-separator has-alpha-channel-opacity\" \/>\r\n\r\n\r\n<p><strong>Resoluci\u00f3n exenta N\u00b0 3.256, Ministerio de las Culturas, las Artes y el Patrimonio (22 de noviembre)<\/strong><br \/>Deja sin efecto resoluci\u00f3n N\u00ba 1.234 exenta, de 2020, por motivos que indica<\/p>\r\n\r\n\r\n\r\n<p><a href=\"https:\/\/westlawchile.cl\/maf\/app\/document?&amp;src=laley4&amp;docguid=i7CF4B14576349D89C43672F775FD82F7&amp;hitguid=i7CF4B14576349D89C43672F775FD82F7&amp;tocguid=&amp;spos=1&amp;epos=1&amp;td=1&amp;ao=i0AC50834CD5E878681CD6243E1B5D7B6&amp;searchFrom=&amp;savedSearch=false&amp;context=207&amp;crumb-action=append&amp;\">Ver texto completo<\/a><\/p>\r\n\r\n\r\n<hr class=\"wp-block-separator has-alpha-channel-opacity\" \/>\r\n\r\n\r\n<p><strong>Resoluci\u00f3n exenta N\u00b0 1.149, Ministerio de Salud (20 de noviembre)<\/strong><br \/>Dispone medidas sanitarias que indica por brote de COVID-19<\/p>\r\n\r\n\r\n\r\n<p><a href=\"https:\/\/westlawchile.cl\/maf\/app\/document?&amp;src=laley4&amp;docguid=i9FB50DBD94DF47A869043B1FC0D59812&amp;hitguid=i9FB50DBD94DF47A869043B1FC0D59812&amp;tocguid=&amp;spos=1&amp;epos=1&amp;td=1&amp;ao=i0AC50834CD5E878681CD6243E1B5D7B6&amp;searchFrom=&amp;savedSearch=false&amp;context=210&amp;crumb-action=append&amp;\">Ver texto completo<\/a><\/p>\r\n\r\n\r\n<hr class=\"wp-block-separator has-alpha-channel-opacity\" \/>\r\n\r\n\r\n<p><strong>Resoluci\u00f3n exenta N\u00b0 7.179, Servicio Agr\u00edcola y Ganadero (18 de noviembre)<\/strong><br \/>Establece medida provisional para el cumplimiento de la exigencia del resuelvo 1 de la resoluci\u00f3n N\u00ba 4.639, de 2004, que norma requisitos fitosanitarios de ingreso desde Ecuador, de frutos frescos de mangos (Mangifera indica) y ampl\u00eda vigencia de la resoluci\u00f3n N\u00ba 8.253, de 2020<\/p>\r\n\r\n\r\n\r\n<p><a href=\"https:\/\/westlawchile.cl\/maf\/app\/document?&amp;src=laley4&amp;docguid=i51A65EF2D9EF710AE7EADDE93040BB33&amp;hitguid=i51A65EF2D9EF710AE7EADDE93040BB33&amp;tocguid=&amp;spos=1&amp;epos=1&amp;td=1&amp;ao=i0AC50834CD5E878681CD6243E1B5D7B6&amp;searchFrom=&amp;savedSearch=false&amp;context=50&amp;crumb-action=append&amp;\">Ver texto completo<\/a><\/p>\r\n\r\n\r\n<hr class=\"wp-block-separator has-alpha-channel-opacity\" \/>\r\n\r\n\r\n<p><strong>Resoluci\u00f3n exenta N\u00b0 7.193, Servicio Agr\u00edcola y Ganadero (18 de noviembre)<\/strong><br \/>Establece medida provisional para el cumplimiento de la exigencia del resuelvo 1 de la resoluci\u00f3n N\u00b0 4.728 de 2004, que norma requisitos fitosanitarios de ingreso desde M\u00e9xico, de frutos frescos de mangos (Mangifera indica) y ampl\u00eda vigencia de la resoluci\u00f3n N\u00ba 2.738 de 2021<\/p>\r\n\r\n\r\n\r\n<p><a href=\"https:\/\/westlawchile.cl\/maf\/app\/document?&amp;src=laley4&amp;&amp;docguid=i2D53292F930AE8F58C0F2F3AB5BBBF7B&amp;hitguid=i2D53292F930AE8F58C0F2F3AB5BBBF7B&amp;tocguid=&amp;spos=1&amp;epos=1&amp;td=1&amp;ao=i0AC50834CD5E878681CD6243E1B5D7B6&amp;searchFrom=&amp;savedSearch=false&amp;context=53&amp;crumb-action=append&amp;\">Ver texto completo<\/a><\/p>\r\n\r\n\r\n<hr class=\"wp-block-separator has-alpha-channel-opacity\" \/>\r\n\r\n\r\n<p><strong>Resoluci\u00f3n exenta N\u00b0 7.194, Servicio Agr\u00edcola y Ganadero (18 de noviembre)<\/strong><br \/>Establece medida provisional para el cumplimiento de la exigencia del resuelvo 1 de la resoluci\u00f3n N\u00b0 345, de 2006, que norma requisitos fitosanitarios de ingreso desde Per\u00fa, de frutos frescos de mangos (Mangifera indica)<\/p>\r\n\r\n\r\n\r\n<p><a href=\"https:\/\/westlawchile.cl\/maf\/app\/document?&amp;src=laley4&amp;docguid=iE328AD0B5465AC8C4B14B77280E55CB5&amp;hitguid=iE328AD0B5465AC8C4B14B77280E55CB5&amp;tocguid=&amp;spos=1&amp;epos=1&amp;td=1&amp;ao=i0AC50834CD5E878681CD6243E1B5D7B6&amp;searchFrom=&amp;savedSearch=false&amp;context=56&amp;crumb-action=append&amp;\">Ver texto completo<\/a><\/p>\r\n\r\n\r\n<hr class=\"wp-block-separator has-alpha-channel-opacity\" \/>\r\n\r\n\r\n<p><strong>Resoluci\u00f3n exenta N\u00b0 1.133, Ministerio de Salud (17 de noviembre)<\/strong><br \/>Dispone medidas sanitarias que indica por brote de COVID-19<\/p>\r\n\r\n\r\n\r\n<p><a href=\"https:\/\/westlawchile.cl\/maf\/app\/document?&amp;src=laley4&amp;docguid=iD8D646EBFABC39AFF43832C8A2E4A1C6&amp;hitguid=iD8D646EBFABC39AFF43832C8A2E4A1C6&amp;tocguid=&amp;spos=2&amp;epos=2&amp;td=2&amp;ao=i0AC50834CD5E878681CD6243E1B5D7B6&amp;searchFrom=&amp;savedSearch=false&amp;context=59&amp;crumb-action=append&amp;\">Ver texto completo<\/a><\/p>\r\n\r\n\r\n<hr class=\"wp-block-separator has-alpha-channel-opacity\" \/>\r\n\r\n\r\n<p><strong>Circular N\u00b0 71, Ministerio del Interior y Seguridad P\u00fablica (16 de noviembre)<\/strong><br \/>Dicta disposiciones para el resguardo del orden p\u00fablico de las elecciones presidenciales, parlamentarias y de consejeros regionales a realizarse el d\u00eda 21 de noviembre de 2021<\/p>\r\n\r\n\r\n\r\n<p><a href=\"https:\/\/westlawchile.cl\/maf\/app\/document?&amp;src=laley4&amp;docguid=iC09E233D50A7E19A975F10D0C60A738D&amp;hitguid=iC09E233D50A7E19A975F10D0C60A738D&amp;tocguid=&amp;spos=1&amp;epos=1&amp;td=1&amp;ao=i0AC50834CD5E878681CD6243E1B5D7B6&amp;searchFrom=&amp;savedSearch=false&amp;context=63&amp;crumb-action=append&amp;\">Ver texto completo<\/a><\/p>\r\n\r\n\r\n<hr class=\"wp-block-separator has-alpha-channel-opacity\" \/>\r\n\r\n\r\n<p><strong>Decreto N\u00b0 47, Ministerio del Trabajo y Previsi\u00f3n Social (16 de noviembre)<\/strong><br \/>Modifica decreto N\u00ba 47, de 2016, Pol\u00edtica Nacional de Seguridad y Salud en el Trabajo<\/p>\r\n\r\n\r\n\r\n<p><a href=\"https:\/\/westlawchile.cl\/maf\/app\/document?&amp;src=laley4&amp;docguid=iC1622A81D67C253CC65F01241753F37F&amp;hitguid=iC1622A81D67C253CC65F01241753F37F&amp;tocguid=&amp;spos=1&amp;epos=1&amp;td=6&amp;ao=i0AC50834CD5E878681CD6243E1B5D7B6&amp;searchFrom=&amp;savedSearch=false&amp;context=68&amp;crumb-action=append&amp;\">Ver texto completo<\/a><\/p>\r\n\r\n\r\n<hr class=\"wp-block-separator has-alpha-channel-opacity\" \/>\r\n\r\n\r\n<p><strong>Resoluci\u00f3n exenta N\u00b0 1.097, Ministerio de Salud (16 de noviembre)<\/strong><br \/>Modifica resoluci\u00f3n N\u00ba 1.138 exenta, de 2020, que Aprueba Lineamientos T\u00e9cnico Operativos Vacunaci\u00f3n SARS-CoV-2<\/p>\r\n\r\n\r\n\r\n<p><a href=\"https:\/\/westlawchile.cl\/maf\/app\/document?&amp;src=laley4&amp;docguid=i23B3F4B65ABCC4EB0ED7CBC4B5C7E5DF&amp;hitguid=i23B3F4B65ABCC4EB0ED7CBC4B5C7E5DF&amp;tocguid=&amp;spos=2&amp;epos=2&amp;td=2&amp;ao=i0AC50834CD5E878681CD6243E1B5D7B6&amp;searchFrom=&amp;savedSearch=false&amp;context=71&amp;crumb-action=append&amp;\">Ver texto completo<\/a><\/p>\r\n\r\n\r\n<hr class=\"wp-block-separator has-alpha-channel-opacity\" \/>\r\n\r\n\r\n<p><strong>Resoluci\u00f3n exenta N\u00b0 1.130, Ministerio de Salud (13 de noviembre)<\/strong><br \/>Dispone medidas sanitarias que indica por brote de COVID-19<\/p>\r\n\r\n\r\n\r\n<p><a href=\"https:\/\/westlawchile.cl\/maf\/app\/document?&amp;src=laley4&amp;docguid=i5AF5A87C05AFA970C75F10E1D430EAF6&amp;hitguid=i5AF5A87C05AFA970C75F10E1D430EAF6&amp;tocguid=&amp;spos=2&amp;epos=2&amp;td=2&amp;ao=i0AC50834CD5E878681CD6243E1B5D7B6&amp;searchFrom=&amp;savedSearch=false&amp;context=76&amp;crumb-action=append&amp;\">Ver texto completo<\/a><\/p>\r\n\r\n\r\n<hr class=\"wp-block-separator has-alpha-channel-opacity\" \/>\r\n\r\n\r\n<p><strong>Resoluci\u00f3n exenta N\u00b0 1.113, Ministerio de Salud (10 de noviembre)<\/strong><br \/>Dispone medidas sanitarias que indica por brote de COVID-19<\/p>\r\n\r\n\r\n\r\n<p><a href=\"https:\/\/westlawchile.cl\/maf\/app\/document?&amp;src=laley4&amp;docguid=i1A5F819ACDDABCB51B96CDE9AD4E84E9&amp;hitguid=i1A5F819ACDDABCB51B96CDE9AD4E84E9&amp;tocguid=&amp;spos=1&amp;epos=1&amp;td=1&amp;ao=i0AC50834CD5E878681CD6243E1B5D7B6&amp;searchFrom=&amp;savedSearch=false&amp;context=79&amp;crumb-action=append&amp;\">Ver texto completo<\/a><\/p>\r\n\r\n\r\n<hr class=\"wp-block-separator has-alpha-channel-opacity\" \/>\r\n\r\n\r\n<p><strong>Resoluci\u00f3n exenta N\u00b0 317, Direcci\u00f3n General del Cr\u00e9dito Prendario (9 de noviembre)<\/strong><br \/>Declara suspensi\u00f3n de remates presenciales en las unidades de cr\u00e9dito del pa\u00eds para el mes de noviembre del a\u00f1o 2021<\/p>\r\n\r\n\r\n\r\n<p><a href=\"https:\/\/westlawchile.cl\/maf\/app\/document?&amp;src=laley4&amp;docguid=iAE5C1A3474A0D8C3E594066D2FE114B8&amp;hitguid=iAE5C1A3474A0D8C3E594066D2FE114B8&amp;tocguid=&amp;spos=2&amp;epos=2&amp;td=2&amp;ao=i0AC50834CD5E878681CD6243E1B5D7B6&amp;searchFrom=&amp;savedSearch=false&amp;context=82&amp;crumb-action=append&amp;\">Ver texto completo<\/a><\/p>\r\n\r\n\r\n<hr class=\"wp-block-separator has-alpha-channel-opacity\" \/>\r\n\r\n\r\n<p><strong>Decreto N\u00b0 33, Ministerio del Trabajo y Previsi\u00f3n Social (8 de noviembre)<\/strong><br \/>Establece medidas especiales para la aplicaci\u00f3n del proceso de evaluaci\u00f3n de magnitud de la siniestralidad efectiva correspondiente al a\u00f1o 2021, y modifica el decreto N\u00ba 67, de 1999<\/p>\r\n\r\n\r\n\r\n<p><a href=\"https:\/\/westlawchile.cl\/maf\/app\/document?&amp;src=laley4&amp;docguid=i5DC4B762D42895025E4EFBE9366C28CB&amp;hitguid=i5DC4B762D42895025E4EFBE9366C28CB&amp;tocguid=&amp;spos=20&amp;epos=20&amp;td=23&amp;ao=i0AC50834CD5E878681CD6243E1B5D7B6&amp;searchFrom=&amp;savedSearch=false&amp;context=85&amp;crumb-action=append&amp;\">Ver texto completo<\/a><\/p>\r\n\r\n\r\n<hr class=\"wp-block-separator has-alpha-channel-opacity\" \/>\r\n\r\n\r\n<p><strong>Resoluci\u00f3n exenta N\u00b0 1.104, Ministerio de Salud (6 de noviembre)<\/strong><br \/>Dispone medidas sanitarias que indica por brote de COVID-19<\/p>\r\n\r\n\r\n\r\n<p><a href=\"https:\/\/westlawchile.cl\/maf\/app\/document?&amp;src=laley4&amp;docguid=i1A26C245E521721CDB463BBE66FD70FC&amp;hitguid=i1A26C245E521721CDB463BBE66FD70FC&amp;tocguid=&amp;spos=2&amp;epos=2&amp;td=2&amp;ao=i0AC50834CD5E878681CD6243E1B5D7B6&amp;searchFrom=&amp;savedSearch=false&amp;context=88&amp;crumb-action=append&amp;\">Ver texto completo<\/a><\/p>\r\n\r\n\r\n<hr class=\"wp-block-separator has-alpha-channel-opacity\" \/>\r\n\r\n\r\n<p><strong>Resoluci\u00f3n exenta N\u00b0 3.979, Seremi de Salud Regi\u00f3n de Magallanes y Ant\u00e1rtica Chilena (6 de noviembre)<\/strong><br \/>Modifica resoluci\u00f3n N\u00ba 1.044, de 2021, que prorrog\u00f3 vigencia de medidas sanitarias en la comuna de Cabo de Hornos de la Regi\u00f3n de Magallanes y Ant\u00e1rtica Chilena ante el brote de COVID-19<\/p>\r\n\r\n\r\n\r\n<p><a href=\"https:\/\/westlawchile.cl\/maf\/app\/document?&amp;src=laley4&amp;docguid=iE8CFE865B67BBE8FB18359F75BCC5232&amp;hitguid=iE8CFE865B67BBE8FB18359F75BCC5232&amp;tocguid=&amp;spos=1&amp;epos=1&amp;td=1&amp;ao=i0AC50834CD5E878681CD6243E1B5D7B6&amp;searchFrom=&amp;savedSearch=false&amp;context=91&amp;crumb-action=append&amp;\">Ver texto completo<\/a><\/p>\r\n\r\n\r\n<hr class=\"wp-block-separator has-alpha-channel-opacity\" \/>\r\n\r\n\r\n<p><strong>Resoluci\u00f3n exenta N\u00b0 1.090, Ministerio de Salud (3 de noviembre)<\/strong><\/p>\r\n\r\n\r\n\r\n<p>Dispone medidas sanitarias que indica por brote de COVID-19<\/p>\r\n\r\n\r\n\r\n<p><a href=\"https:\/\/westlawchile.cl\/maf\/app\/document?&amp;src=laley4&amp;docguid=i364CABFC1FFCC5371CEE4C1EB69A2D99&amp;hitguid=i364CABFC1FFCC5371CEE4C1EB69A2D99&amp;tocguid=&amp;spos=1&amp;epos=1&amp;td=3&amp;ao=i0AC50834CD5E878681CD6243E1B5D7B6&amp;searchFrom=&amp;savedSearch=false&amp;context=106&amp;crumb-action=append&amp;\">Ver texto completo<\/a><\/p>\r\n\r\n\r\n<hr class=\"wp-block-separator has-alpha-channel-opacity\" \/>\r\n\r\n\r\n<p><strong>Resoluci\u00f3n exenta N\u00b0 1.056, Ministerio de Vivienda y Urbanismo (3 de noviembre)<\/strong><br \/>Aprueba condiciones de ingreso y uso del Parque Metropolitano y la red de parques urbanos que administra<\/p>\r\n\r\n\r\n\r\n<p><a href=\"https:\/\/westlawchile.cl\/maf\/app\/document?&amp;src=laley4&amp;docguid=iD5B5CCAC1455FE34B6214F6A9B2E4269&amp;hitguid=iD5B5CCAC1455FE34B6214F6A9B2E4269&amp;tocguid=&amp;spos=1&amp;epos=1&amp;td=1&amp;ao=i0AC50834CD5E878681CD6243E1B5D7B6&amp;searchFrom=&amp;savedSearch=false&amp;context=109&amp;crumb-action=append&amp;\">Ver texto completo<\/a><\/p>\r\n\r\n\r\n<hr class=\"wp-block-separator has-alpha-channel-opacity\" \/>\r\n\r\n\r\n<p><strong>Decreto N\u00b0 275, Ministerio del Interior y Seguridad P\u00fablica (30 de octubre)<\/strong><br \/>Modifica decreto N\u00ba 102, de 2020, que dispone el cierre temporal de lugares habilitados para el ingreso y egreso de extranjeros, por Emergencia de Salud P\u00fablica de Importancia Internacional por brote del nuevo coronavirus (2019-NCOV), y extiende su vigencia<\/p>\r\n\r\n\r\n\r\n<p><a href=\"https:\/\/westlawchile.cl\/maf\/app\/document?&amp;src=laley4&amp;docguid=iA9F908A2B12F895C82C6B257F83F43DC&amp;hitguid=iA9F908A2B12F895C82C6B257F83F43DC&amp;tocguid=&amp;spos=8&amp;epos=8&amp;td=9&amp;ao=i0AC50834CD5E878681CD6243E1B5D7B6&amp;searchFrom=&amp;savedSearch=false&amp;context=112&amp;crumb-action=append&amp;\">Ver texto completo<\/a><\/p>\r\n\r\n\r\n<hr class=\"wp-block-separator has-alpha-channel-opacity\" \/>\r\n\r\n\r\n<p><strong>Resoluci\u00f3n exenta N\u00b0 1.089, Ministerio de Salud (30 de octubre)<\/strong><br \/>Dispone medidas sanitarias que indica por brote de COVID-19<\/p>\r\n\r\n\r\n\r\n<p><a href=\"https:\/\/westlawchile.cl\/maf\/app\/document?&amp;src=laley4&amp;docguid=iB2AC957F3E3049A0C9880EBD9B2AF775&amp;hitguid=iB2AC957F3E3049A0C9880EBD9B2AF775&amp;tocguid=&amp;spos=1&amp;epos=1&amp;td=1&amp;ao=i0AC50834CD5E878681CD6243E1B5D7B6&amp;searchFrom=&amp;savedSearch=false&amp;context=115&amp;crumb-action=append&amp;\">Ver texto completo<\/a><\/p>\r\n\r\n\r\n<hr class=\"wp-block-separator has-alpha-channel-opacity\" \/>\r\n\r\n\r\n<p><strong>Resoluci\u00f3n exenta N\u00b0 CP 22.925, Seremi de Salud Regi\u00f3n de Atacama (30 de octubre)<\/strong><br \/>Aprueba el procedimiento contenido en el instructivo Toma de muestra por test de ant\u00edgeno para detecci\u00f3n de SARS Cov2 en viajeros internacionales que ingresen por v\u00eda mar\u00edtima a la Regi\u00f3n de Atacama y sus anexos<\/p>\r\n\r\n\r\n\r\n<p><a href=\"https:\/\/westlawchile.cl\/maf\/app\/document?&amp;src=laley4&amp;docguid=iB06CC71798E926912EF0773145D288AC&amp;hitguid=iB06CC71798E926912EF0773145D288AC&amp;tocguid=&amp;spos=1&amp;epos=1&amp;td=1&amp;ao=i0AC50834CD5E878681CD6243E1B5D7B6&amp;searchFrom=&amp;savedSearch=false&amp;context=118&amp;crumb-action=append&amp;\">Ver texto completo<\/a><\/p>\r\n\r\n\r\n<hr class=\"wp-block-separator has-alpha-channel-opacity\" \/>\r\n\r\n\r\n<p><strong>Resoluci\u00f3n exenta N\u00b0 1.079, Ministerio de Salud (29 de octubre)<\/strong><br \/>Modifica resoluci\u00f3n N\u00ba 672 exenta, de 2021, que establece Plan Fronteras Protegidas<\/p>\r\n\r\n\r\n\r\n<p><a href=\"https:\/\/westlawchile.cl\/maf\/app\/document?&amp;src=laley4&amp;docguid=i465990A21FB6D647DAB47E1634C420E0&amp;hitguid=i465990A21FB6D647DAB47E1634C420E0&amp;tocguid=&amp;spos=1&amp;epos=1&amp;td=1&amp;ao=i0AC50834CD5E878681CD6243E1B5D7B6&amp;searchFrom=&amp;savedSearch=false&amp;context=121&amp;crumb-action=append&amp;\">Ver texto completo<\/a><\/p>\r\n\r\n\r\n<hr class=\"wp-block-separator has-alpha-channel-opacity\" \/>\r\n\r\n\r\n<p><strong>Resoluci\u00f3n exenta N\u00b0 1.080, Ministerio de Salud (29 de octubre)<\/strong><br \/>Modifica resoluci\u00f3n N\u00b0 994 exenta, de 2021, que establece cuarto plan Paso a Paso<\/p>\r\n\r\n\r\n\r\n<p><a href=\"https:\/\/westlawchile.cl\/maf\/app\/document?&amp;src=laley4&amp;docguid=i3CB51573A8BB66B0AE8480533BA9FB85&amp;hitguid=i3CB51573A8BB66B0AE8480533BA9FB85&amp;tocguid=&amp;spos=1&amp;epos=1&amp;td=2&amp;ao=i0AC50834CD5E878681CD6243E1B5D7B6&amp;searchFrom=&amp;savedSearch=false&amp;context=124&amp;crumb-action=append&amp;\">Ver texto completo<\/a><\/p>\r\n\r\n\r\n<hr class=\"wp-block-separator has-alpha-channel-opacity\" \/>\r\n\r\n\r\n<p><strong>Ley N\u00b0 21.388, Ministerio de Salud (28 de octubre)<\/strong><br \/>Modifica el C\u00f3digo Sanitario en lo relativo al cobro de multas<\/p>\r\n\r\n\r\n\r\n<p><a href=\"https:\/\/westlawchile.cl\/maf\/app\/document?&amp;src=laley4&amp;docguid=i6E9B16B08A568EF870A981DE0AAD8BB7&amp;hitguid=i6E9B16B08A568EF870A981DE0AAD8BB7&amp;tocguid=&amp;spos=1&amp;epos=1&amp;td=1&amp;ao=i0AC50834CD5E878681CD6243E1B5D7B6&amp;searchFrom=&amp;savedSearch=false&amp;context=127&amp;crumb-action=append&amp;\">Ver texto completo<\/a><\/p>\r\n\r\n\r\n<hr class=\"wp-block-separator has-alpha-channel-opacity\" \/>\r\n\r\n\r\n<p><strong>Resoluci\u00f3n exenta N\u00b0 1.071, Ministerio de Salud (27 de octubre)<\/strong><br \/>Dispone medidas sanitarias que indica por brote de COVID-19<\/p>\r\n\r\n\r\n\r\n<p><a href=\"https:\/\/westlawchile.cl\/maf\/app\/document?&amp;src=laley4&amp;docguid=iF6F601DC691FCBC41DF795B94A0C1438&amp;hitguid=iF6F601DC691FCBC41DF795B94A0C1438&amp;tocguid=&amp;spos=2&amp;epos=2&amp;td=2&amp;ao=i0AC50834CD5E878681CD6243E1B5D7B6&amp;searchFrom=&amp;savedSearch=false&amp;context=130&amp;crumb-action=append&amp;\">Ver texto completo<\/a><\/p>\r\n\r\n\r\n<hr class=\"wp-block-separator has-alpha-channel-opacity\" \/>\r\n\r\n\r\n<p><strong>Resoluci\u00f3n exenta N\u00b0 08\/0\/1227\/1342, Direcci\u00f3n General de Aeron\u00e1utica Civil (26 de octubre)<\/strong><br \/>Modifica procedimientos destinados a proteger al personal aeron\u00e1utico y mantener la seguridad en las operaciones durante la reactivaci\u00f3n del transporte a\u00e9reo en situaci\u00f3n de pandemia COVID-19<\/p>\r\n\r\n\r\n\r\n<p><a href=\"https:\/\/westlawchile.cl\/maf\/app\/document?&amp;src=laley4&amp;docguid=i2EDE2FDDBD2BC3FD8CD17400C77DE188&amp;hitguid=i2EDE2FDDBD2BC3FD8CD17400C77DE188&amp;tocguid=&amp;spos=1&amp;epos=1&amp;td=2&amp;ao=i0AC50834CD5E878681CD6243E1B5D7B6&amp;searchFrom=&amp;savedSearch=false&amp;context=140&amp;crumb-action=append&amp;\">Ver texto completo<\/a><\/p>\r\n\r\n\r\n<hr class=\"wp-block-separator has-alpha-channel-opacity\" \/>\r\n\r\n\r\n<p><strong>Resoluci\u00f3n exenta N\u00b0 1.049, Ministerio de Salud (23 de octubre)<\/strong><br \/>Dispone medidas sanitarias que indica por brote de COVID-19<\/p>\r\n\r\n\r\n\r\n<p><a href=\"https:\/\/westlawchile.cl\/maf\/app\/document?&amp;src=laley4&amp;docguid=iD36327A69A3C24799A6A463F69F0187D&amp;hitguid=iD36327A69A3C24799A6A463F69F0187D&amp;tocguid=&amp;spos=5&amp;epos=5&amp;td=5&amp;ao=i0AC50834CD5E878681CD6243E1B5D7B6&amp;searchFrom=&amp;savedSearch=false&amp;context=144&amp;crumb-action=append&amp;\">Ver texto completo<\/a><\/p>\r\n\r\n\r\n<hr class=\"wp-block-separator has-alpha-channel-opacity\" \/>\r\n\r\n\r\n<p><strong>Resoluci\u00f3n N\u00b0 759, Seremi de Salud Regi\u00f3n de Ays\u00e9n del General Carlos Ib\u00e1\u00f1ez del Campo (23 de octubre)<\/strong><br \/>Deja sin efecto resoluci\u00f3n N\u00b0 441 exenta, de 2021<\/p>\r\n\r\n\r\n\r\n<p><a href=\"https:\/\/westlawchile.cl\/maf\/app\/document?&amp;src=laley4&amp;docguid=i7E3DEE5F5A339B1ADCA5BE0981E90538&amp;hitguid=i7E3DEE5F5A339B1ADCA5BE0981E90538&amp;tocguid=&amp;spos=2&amp;epos=2&amp;td=2&amp;ao=i0AC50834CD5E878681CD6243E1B5D7B6&amp;searchFrom=&amp;savedSearch=false&amp;context=151&amp;crumb-action=append&amp;\">Ver texto completo<\/a><\/p>\r\n\r\n\r\n<hr class=\"wp-block-separator has-alpha-channel-opacity\" \/>\r\n\r\n\r\n<p><strong>Decreto N\u00b0 271, Ministerio del Interior y Seguridad P\u00fablica (22 de octubre)<\/strong><br \/>Dispone env\u00edo de ayuda espec\u00edfica que indica a la Rep\u00fablica del Paraguay para apoyo en la atenci\u00f3n derivada de la cat\u00e1strofe humanitaria por pandemia COVID-19<\/p>\r\n\r\n\r\n\r\n<p><a href=\"https:\/\/westlawchile.cl\/maf\/app\/document?&amp;src=laley4&amp;docguid=iCC6AEB018DD1D5F1B37B873FAC3F0926&amp;hitguid=iCC6AEB018DD1D5F1B37B873FAC3F0926&amp;tocguid=&amp;spos=7&amp;epos=7&amp;td=11&amp;ao=i0AC50834CD5E878681CD6243E1B5D7B6&amp;searchFrom=&amp;savedSearch=false&amp;context=154&amp;crumb-action=append&amp;\">Ver texto completo<\/a><\/p>\r\n\r\n\r\n<hr class=\"wp-block-separator has-alpha-channel-opacity\" \/>\r\n\r\n\r\n<p><strong>Resoluci\u00f3n exenta N\u00b0 1.040, Ministerio de Salud (20 de octubre)<\/strong><br \/>Dispone medidas sanitarias que indica por brote de COVID-19<\/p>\r\n\r\n\r\n\r\n<p><a href=\"https:\/\/westlawchile.cl\/maf\/app\/document?&amp;src=laley4&amp;docguid=i72A7C3F961FAB2260FF1B23CD1E77A5E&amp;hitguid=i72A7C3F961FAB2260FF1B23CD1E77A5E&amp;tocguid=&amp;spos=1&amp;epos=1&amp;td=1&amp;ao=i0AC50834CD5E878681CD6243E1B5D7B6&amp;searchFrom=&amp;savedSearch=false&amp;context=199&amp;crumb-action=append&amp;\">Ver texto completo<\/a><\/p>\r\n\r\n\r\n<hr class=\"wp-block-separator has-alpha-channel-opacity\" \/>\r\n\r\n\r\n<p><strong>Oficio Circular N\u00b0 455, Instituto Nacional de Propiedad Industrial (20 de octubre)<\/strong><br \/>Modifica y complementa oficio circular N\u00b0 398, de 2020, que informa aplicaci\u00f3n en el Instituto Nacional de Propiedad Industrial de la ley 21.226, modificada y complementada por ley 21.379, que establece un r\u00e9gimen jur\u00eddico de excepci\u00f3n para los procesos judiciales, en las audiencias y actuaciones judiciales, y para los plazos y ejercicio de las acciones que indica, por el impacto de la enfermedad COVID-19 en Chile<\/p>\r\n\r\n\r\n\r\n<p><a href=\"https:\/\/westlawchile.cl\/maf\/app\/document?&amp;src=laley4&amp;docguid=iEA1EF93CEEAA5827C37391EB730DF3A4&amp;hitguid=iEA1EF93CEEAA5827C37391EB730DF3A4&amp;tocguid=&amp;spos=1&amp;epos=1&amp;td=1&amp;ao=i0AC50834CD5E878681CD6243E1B5D7B6&amp;searchFrom=&amp;savedSearch=false&amp;context=202&amp;crumb-action=append&amp;\">Ver texto completo<\/a><\/p>\r\n\r\n\r\n<hr class=\"wp-block-separator has-alpha-channel-opacity\" \/>\r\n\r\n\r\n<p><strong>Resoluci\u00f3n exenta N\u00b0 08\/0\/0210\/0720, Direcci\u00f3n General de Aeron\u00e1utica Civil (19 de octubre)<\/strong><br \/>Procedimientos destinados a proteger al personal aeron\u00e1utico y mantener la seguridad en las operaciones durante la reactivaci\u00f3n del transporte a\u00e9reo en situaci\u00f3n de pandemia COVID-19<\/p>\r\n\r\n\r\n<hr class=\"wp-block-separator has-alpha-channel-opacity\" \/>\r\n\r\n\r\n<p><strong>Instructivo S\/N, Servicio Electoral (16 de octubre)<\/strong><br \/>Protocolo Sanitario de las Elecciones Generales noviembre 2021<\/p>\r\n\r\n\r\n\r\n<p><a href=\"https:\/\/westlawchile.cl\/maf\/app\/document?&amp;src=laley4&amp;docguid=i5CF9045415DF4D54081227CC49EAFF51&amp;hitguid=i5CF9045415DF4D54081227CC49EAFF51&amp;tocguid=&amp;spos=1&amp;epos=1&amp;td=1&amp;ao=i0AC50834CD5E878681CD6243E1B5D7B6&amp;searchFrom=&amp;savedSearch=false&amp;context=229&amp;crumb-action=append&amp;\">Ver texto completo<\/a><\/p>\r\n\r\n\r\n<hr class=\"wp-block-separator has-alpha-channel-opacity\" \/>\r\n\r\n\r\n<p><strong>Resoluci\u00f3n exenta N\u00b0 1.038, Ministerio de Salud (16 de octubre)<\/strong><br \/>Dispone medidas sanitarias que indica por brote de COVID-19<\/p>\r\n\r\n\r\n\r\n<p><a href=\"https:\/\/westlawchile.cl\/maf\/app\/document?&amp;src=laley4&amp;docguid=iC0673D51E0B1B0F5C3B7F4B8CA658B78&amp;hitguid=iC0673D51E0B1B0F5C3B7F4B8CA658B78&amp;tocguid=&amp;spos=2&amp;epos=2&amp;td=2&amp;ao=i0AC50834CD5E878681CD6243E1B5D7B6&amp;searchFrom=&amp;savedSearch=false&amp;context=232&amp;crumb-action=append&amp;\">Ver texto completo<\/a><\/p>\r\n\r\n\r\n<hr class=\"wp-block-separator has-alpha-channel-opacity\" \/>\r\n\r\n\r\n<p><strong>Resoluci\u00f3n exenta N\u00b0 678, Ministerio del Trabajo y Previsi\u00f3n Social (14 de octubre)<\/strong><br \/>Modifica resoluci\u00f3n N\u00ba 625 exenta, de 2020, que califica la situaci\u00f3n de emergencia laboral que indica y activa implementaci\u00f3n de L\u00ednea Emergencia Laboral COVID-19 del Programa de Formaci\u00f3n en el Puesto de Trabajo, conforme a lo dispuesto en el decreto N\u00ba 28, de 2011<\/p>\r\n\r\n\r\n\r\n<p><a href=\"https:\/\/westlawchile.cl\/maf\/app\/document?&amp;src=laley4&amp;docguid=iD01C3821C1705E15B86458FCD00E8AE4&amp;hitguid=iD01C3821C1705E15B86458FCD00E8AE4&amp;tocguid=&amp;spos=2&amp;epos=2&amp;td=2&amp;ao=i0AC50834CD5E878681CD6243E1B5D7B6&amp;searchFrom=&amp;savedSearch=false&amp;context=238&amp;crumb-action=append&amp;\">Ver texto completo<\/a><\/p>\r\n\r\n\r\n<hr class=\"wp-block-separator has-alpha-channel-opacity\" \/>\r\n\r\n\r\n<p><strong>Decreto N\u00b0 1.218, Ministerio de Hacienda (14 de octubre)<\/strong><br \/>Modifica decreto N\u00ba 250, de 2004, que aprueba Reglamento de la ley N\u00ba 19.886, de Bases sobre Contratos Administrativos de Suministro y Prestaci\u00f3n de Servicios<\/p>\r\n\r\n\r\n\r\n<p><a href=\"https:\/\/westlawchile.cl\/maf\/app\/document?&amp;src=laley4&amp;docguid=iC4816A248DFB63EF7D13BA5A311DF922&amp;hitguid=iC4816A248DFB63EF7D13BA5A311DF922&amp;tocguid=&amp;spos=1&amp;epos=1&amp;td=1&amp;ao=i0AC50834CD5E878681CD6243E1B5D7B6&amp;searchFrom=&amp;savedSearch=false&amp;context=241&amp;crumb-action=append&amp;\">Ver texto completo<\/a><\/p>\r\n\r\n\r\n<hr class=\"wp-block-separator has-alpha-channel-opacity\" \/>\r\n\r\n\r\n<p><strong>Resoluci\u00f3n exenta N\u00b0 2.603, Ministerio de Defensa Nacional (13 de octubre)<\/strong><br \/>Autoriza pr\u00f3rroga de poderes, mandatos y cartas poder que indica<\/p>\r\n\r\n\r\n\r\n<p><a href=\"https:\/\/westlawchile.cl\/maf\/app\/document?&amp;src=laley4&amp;docguid=i9CB9EB750E2D6A1F1C79B9A309546D29&amp;hitguid=i9CB9EB750E2D6A1F1C79B9A309546D29&amp;tocguid=&amp;spos=2&amp;epos=2&amp;td=2&amp;ao=i0AC50834CD5E878681CD6243E1B5D7B6&amp;searchFrom=&amp;savedSearch=false&amp;context=244&amp;crumb-action=append&amp;\">Ver texto completo<\/a><\/p>\r\n\r\n\r\n<hr class=\"wp-block-separator has-alpha-channel-opacity\" \/>\r\n\r\n\r\n<p><strong>Resoluci\u00f3n exenta N\u00b0 2.612, Ministerio de Defensa Nacional (13 de octubre)<\/strong><br \/>Mantiene el pago autom\u00e1tico de pensiones que efect\u00faa la Caja de Previsi\u00f3n de la Defensa Nacional a sus beneficiarios en la cuenta RUT del Banco Estado de Chile<\/p>\r\n\r\n\r\n\r\n<p><a href=\"https:\/\/westlawchile.cl\/maf\/app\/document?&amp;src=laley4&amp;docguid=i17133ED6F8731EFDA1654A44B89E2C27&amp;hitguid=i17133ED6F8731EFDA1654A44B89E2C27&amp;tocguid=&amp;spos=2&amp;epos=2&amp;td=2&amp;ao=i0AC50834CD5E878681CD6243E1B5D7B6&amp;searchFrom=&amp;savedSearch=false&amp;context=247&amp;crumb-action=append&amp;\">Ver texto completo<\/a><\/p>\r\n\r\n\r\n<hr class=\"wp-block-separator has-alpha-channel-opacity\" \/>\r\n\r\n\r\n<p><strong>Resoluci\u00f3n exenta N\u00b0 2.615, Ministerio de Defensa Nacional (13 de octubre)<\/strong><br \/>Modifica resoluci\u00f3n N\u00b0 1.689 exenta, de 2021<\/p>\r\n\r\n\r\n\r\n<p><a href=\"https:\/\/westlawchile.cl\/maf\/app\/document?&amp;src=laley4&amp;docguid=iCB93FEE505294B5071611CB54A80E1A4&amp;hitguid=iCB93FEE505294B5071611CB54A80E1A4&amp;tocguid=&amp;spos=1&amp;epos=1&amp;td=1&amp;ao=i0AC50834CD5E878681CD6243E1B5D7B6&amp;searchFrom=&amp;savedSearch=false&amp;context=250&amp;crumb-action=append&amp;\">Ver texto completo<\/a><\/p>\r\n\r\n\r\n<hr class=\"wp-block-separator has-alpha-channel-opacity\" \/>\r\n\r\n\r\n<p><strong>Resoluci\u00f3n exenta N\u00b0 1.028, Ministerio de Salud (13 de octubre)<\/strong><br \/>Dispone medidas sanitarias que indica por brote de COVID-19<\/p>\r\n\r\n\r\n\r\n<p><a href=\"https:\/\/westlawchile.cl\/maf\/app\/document?&amp;src=laley4&amp;docguid=i323FB482A79CD1B376E4DA295F255361&amp;hitguid=i323FB482A79CD1B376E4DA295F255361&amp;tocguid=&amp;spos=1&amp;epos=1&amp;td=1&amp;ao=i0AC50834CD5E878681CD6243E1B5D7B6&amp;searchFrom=&amp;savedSearch=false&amp;context=253&amp;crumb-action=append&amp;\">Ver texto completo<\/a><\/p>\r\n\r\n\r\n<hr class=\"wp-block-separator has-alpha-channel-opacity\" \/>\r\n\r\n\r\n<p><strong>Resoluci\u00f3n exenta N\u00b0 626, Ministerio del Deporte (12 de octubre)<\/strong><br \/>Autoriza aforo m\u00e1ximo para recintos deportivos que indica y aprueba regulaci\u00f3n complementaria para efectos de lo dispuesto en el N\u00ba 37, de la resoluci\u00f3n N\u00ba 994 exenta, de 2021, del Ministerio de Salud, que establece Cuarto Plan Paso a Paso<\/p>\r\n\r\n\r\n\r\n<p><a href=\"https:\/\/westlawchile.cl\/maf\/app\/document?&amp;src=laley4&amp;docguid=i8D00C4213C3B3F89CCFC16E1603F8424&amp;hitguid=i8D00C4213C3B3F89CCFC16E1603F8424&amp;tocguid=&amp;spos=2&amp;epos=2&amp;td=2&amp;ao=i0AC50834CD5E878681CD6243E1B5D7B6&amp;searchFrom=&amp;savedSearch=false&amp;context=256&amp;crumb-action=append&amp;\">Ver texto completo<\/a><\/p>\r\n\r\n\r\n<hr class=\"wp-block-separator has-alpha-channel-opacity\" \/>\r\n\r\n\r\n<p><strong>Resoluci\u00f3n exenta N\u00b0 1.010, Ministerio de Salud (9 de octubre)<\/strong><br \/>Dispone medidas sanitarias que indica por brote de COVID-19<\/p>\r\n\r\n\r\n\r\n<p><a href=\"https:\/\/westlawchile.cl\/maf\/app\/document?&amp;src=laley4&amp;docguid=iED57D05A1D10B0BD36CDB24CCB16D8FE&amp;hitguid=iED57D05A1D10B0BD36CDB24CCB16D8FE&amp;tocguid=&amp;spos=1&amp;epos=1&amp;td=1&amp;ao=i0AC50834CD5E878681CD6243E1B5D7B6&amp;searchFrom=&amp;savedSearch=false&amp;context=259&amp;crumb-action=append&amp;\">Ver texto completo<\/a><\/p>\r\n\r\n\r\n<hr class=\"wp-block-separator has-alpha-channel-opacity\" \/>\r\n\r\n\r\n<p><strong>Acuerdo S\/N, Servicio Electoral (8 de octubre)<\/strong><br \/>Dicta normas e instrucciones para el desarrollo de las Elecciones Presidencial, Parlamentarias y de Consejeros Regionales del 21 de noviembre de 2021<\/p>\r\n\r\n\r\n\r\n<p><a href=\"https:\/\/westlawchile.cl\/maf\/app\/document?&amp;src=laley4&amp;docguid=i19C566C4ABB2C591BF972F869DA13C21&amp;hitguid=i19C566C4ABB2C591BF972F869DA13C21&amp;tocguid=&amp;spos=1&amp;epos=1&amp;td=12&amp;ao=i0AC50834CD5E878681CD6243E1B5D7B6&amp;searchFrom=&amp;savedSearch=false&amp;context=9&amp;crumb-action=append&amp;\">Ver texto completo<\/a><\/p>\r\n\r\n\r\n<hr class=\"wp-block-separator has-alpha-channel-opacity\" \/>\r\n\r\n\r\n<p><strong>Resoluci\u00f3n exenta N\u00b0 1.549, Ministerio de Vivienda y Urbanismo (7 de octubre)<\/strong><br \/>Modifica resoluciones N\u00bas. 671 y 1.365 exentas, de 2020, por las razones que indica<\/p>\r\n\r\n\r\n\r\n<p><a href=\"https:\/\/westlawchile.cl\/maf\/app\/document?&amp;src=laley4&amp;docguid=i2323AC90DC344329BA0D875632B524AC&amp;hitguid=i2323AC90DC344329BA0D875632B524AC&amp;tocguid=&amp;spos=2&amp;epos=2&amp;td=2&amp;ao=i0AC50834CD5E878681CD6243E1B5D7B6&amp;searchFrom=&amp;savedSearch=false&amp;context=15&amp;crumb-action=append&amp;\">Ver texto completo<\/a><\/p>\r\n\r\n\r\n<hr class=\"wp-block-separator has-alpha-channel-opacity\" \/>\r\n\r\n\r\n<p><strong>Resoluci\u00f3n exenta N\u00b0 1.002, Ministerio de Salud (6 de octubre)<\/strong><br \/>Dispone medidas sanitarias que indica por brote de COVID-19<\/p>\r\n\r\n\r\n\r\n<p><a href=\"https:\/\/westlawchile.cl\/maf\/app\/document?&amp;src=laley4&amp;docguid=iFE0EDE3A4535206A9B37277D00C12C5B&amp;hitguid=iFE0EDE3A4535206A9B37277D00C12C5B&amp;tocguid=&amp;spos=10&amp;epos=10&amp;td=11&amp;ao=i0AC50834CD5E878681CD6243E1B5D7B6&amp;searchFrom=&amp;savedSearch=false&amp;context=18&amp;crumb-action=append&amp;\">Ver texto completo<\/a><\/p>\r\n\r\n\r\n<hr class=\"wp-block-separator has-alpha-channel-opacity\" \/>\r\n\r\n\r\n<p><strong>Decreto N\u00b0 50, Ministerio del Trabajo y Previsi\u00f3n Social (6 de octubre)<\/strong><br \/>Modifica decreto N\u00b0 40, de 2021, que modific\u00f3 el decreto N\u00b0 28, de 2011, que establece componentes, l\u00edneas de acci\u00f3n, procedimientos, modalidades y mecanismos de control del Programa de Formaci\u00f3n en el Puesto de Trabajo<\/p>\r\n\r\n\r\n\r\n<p><a href=\"https:\/\/westlawchile.cl\/maf\/app\/document?&amp;src=laley4&amp;docguid=i751E3B6B9B8714907B6ABF1F355F962E&amp;hitguid=i751E3B6B9B8714907B6ABF1F355F962E&amp;tocguid=&amp;spos=3&amp;epos=3&amp;td=3&amp;ao=i0AC50834CD5E878681CD6243E1B5D7B6&amp;searchFrom=&amp;savedSearch=false&amp;context=27&amp;crumb-action=append&amp;\">Ver texto completo<\/a><\/p>\r\n\r\n\r\n<hr class=\"wp-block-separator has-alpha-channel-opacity\" \/>\r\n\r\n\r\n<p><strong>Resoluci\u00f3n exenta N\u00b0 3.514, Seremi de Salud Regi\u00f3n de Magallanes y Ant\u00e1rtica Chilena (5 de octubre)<\/strong><br \/>Modifica resoluci\u00f3n N\u00ba 1.044, de 2021, que prorrog\u00f3 vigencia de medidas sanitarias en la comuna de Cabo de Hornos de la Regi\u00f3n de Magallanes y Ant\u00e1rtica Chilena ante el brote del COVID-19<\/p>\r\n\r\n\r\n\r\n<p><a href=\"https:\/\/westlawchile.cl\/maf\/app\/document?&amp;src=laley4&amp;&amp;docguid=i680983B107A4031E2022C55FCEDBF769&amp;hitguid=i680983B107A4031E2022C55FCEDBF769&amp;tocguid=&amp;spos=1&amp;epos=1&amp;td=1&amp;ao=i0AC50834CD5E878681CD6243E1B5D7B6&amp;searchFrom=&amp;savedSearch=false&amp;context=33&amp;crumb-action=append&amp;\">Ver texto completo<\/a><\/p>\r\n\r\n\r\n<hr class=\"wp-block-separator has-alpha-channel-opacity\" \/>\r\n\r\n\r\n<p><strong>Resoluci\u00f3n exenta N\u00b0 1.528, Ministerio de Vivienda y Urbanismo (5 de octubre)<\/strong><br \/>Modifica resoluci\u00f3n N\u00ba 1.179 exenta, de 2021, que aprueba medidas excepcionales de gesti\u00f3n para el otorgamiento de subsidios adicionales, conforme al decreto N\u00ba 49, de 2011, y sus modificaciones, Programa Fondo Solidario de Elecci\u00f3n de Vivienda<\/p>\r\n\r\n\r\n\r\n<p><a href=\"https:\/\/westlawchile.cl\/maf\/app\/document?&amp;src=laley4&amp;docguid=i79CF779562B57FAB6FDB9BFFB443F30F&amp;hitguid=i79CF779562B57FAB6FDB9BFFB443F30F&amp;tocguid=&amp;spos=1&amp;epos=1&amp;td=2&amp;ao=i0AC50834CD5E878681CD6243E1B5D7B6&amp;searchFrom=&amp;savedSearch=false&amp;context=36&amp;crumb-action=append&amp;\">Ver texto completo<\/a><\/p>\r\n\r\n\r\n<hr class=\"wp-block-separator has-alpha-channel-opacity\" \/>\r\n\r\n\r\n<p><strong>Resoluci\u00f3n exenta N\u00b0 1.543, Ministerio de Vivienda y Urbanismo (5 de octubre)<\/strong><br \/>Modifica resoluci\u00f3n N\u00ba 727 exenta, de 2021, que aprueba medidas excepcionales de gesti\u00f3n para el otorgamiento de subsidios adicionales, conforme al decreto N\u00ba 255, de 2006, y sus modificaciones, Programa de Protecci\u00f3n del Patrimonio Familiar, y al decreto N\u00ba 27, de 2016, Programa de Mejoramiento de Viviendas y Barrios<\/p>\r\n\r\n\r\n\r\n<p><a href=\"https:\/\/westlawchile.cl\/maf\/app\/document?&amp;src=laley4&amp;docguid=iB6ADAA57301E23868DDC9850C82B3180&amp;hitguid=iB6ADAA57301E23868DDC9850C82B3180&amp;tocguid=&amp;spos=1&amp;epos=1&amp;td=1&amp;ao=i0AC50834CD5E878681CD6243E1B5D7B6&amp;searchFrom=&amp;savedSearch=false&amp;context=42&amp;crumb-action=append&amp;\">Ver texto completo<\/a><\/p>\r\n\r\n\r\n<hr class=\"wp-block-separator has-alpha-channel-opacity\" \/>\r\n\r\n\r\n<p><strong>Resoluci\u00f3n exenta N\u00b0 999, Ministerio de Salud (2 de octubre)<\/strong><br \/>Dispone medidas sanitarias que indica por brote de COVID-19<\/p>\r\n\r\n\r\n\r\n<p><a href=\"https:\/\/westlawchile.cl\/maf\/app\/document?&amp;src=laley4&amp;docguid=i7851AC54ABF013E32C7C20595A6B070A&amp;hitguid=i7851AC54ABF013E32C7C20595A6B070A&amp;tocguid=&amp;spos=3&amp;epos=3&amp;td=3&amp;ao=i0AC50834CD5E878681CD6243E1B5D7B6&amp;searchFrom=&amp;savedSearch=false&amp;context=48&amp;crumb-action=append&amp;\">Ver texto completo<\/a><\/p>\r\n\r\n\r\n<hr class=\"wp-block-separator has-alpha-channel-opacity\" \/>\r\n\r\n\r\n<p><strong>Resoluci\u00f3n exenta n\u00famero 282, Direcci\u00f3n General del Cr\u00e9dito Prendario (2 de octubre)<\/strong><br \/>Declara suspensi\u00f3n de remates presenciales en las unidades de cr\u00e9dito del pa\u00eds para el mes de octubre del a\u00f1o 2021<\/p>\r\n\r\n\r\n\r\n<p><a href=\"https:\/\/westlawchile.cl\/maf\/app\/document?&amp;src=laley4&amp;docguid=i2957A43415D4DEA4E5510EFF9DAEFD1F&amp;hitguid=i2957A43415D4DEA4E5510EFF9DAEFD1F&amp;tocguid=&amp;spos=1&amp;epos=1&amp;td=2&amp;ao=i0AC50834CD5E878681CD6243E1B5D7B6&amp;searchFrom=&amp;savedSearch=false&amp;context=51&amp;crumb-action=append&amp;\">Ver texto completo<\/a><\/p>\r\n\r\n\r\n<hr class=\"wp-block-separator has-alpha-channel-opacity\" \/>\r\n\r\n\r\n<p><strong>Resoluci\u00f3n exenta N\u00b0 994, Ministerio de Salud (1 de octubre)<\/strong><br \/>Establece cuarto plan Paso a Paso<\/p>\r\n\r\n\r\n\r\n<p><a href=\"https:\/\/westlawchile.cl\/maf\/app\/document?&amp;src=laley4&amp;docguid=iD7D8D990BAB57CC4DE30B3B5FDFE9BEA&amp;hitguid=iD7D8D990BAB57CC4DE30B3B5FDFE9BEA&amp;tocguid=&amp;spos=1&amp;epos=1&amp;td=1&amp;ao=i0AC50834CD5E878681CD6243E1B5D7B6&amp;searchFrom=&amp;savedSearch=false&amp;context=59&amp;crumb-action=append&amp;\">Ver texto completo<\/a><\/p>\r\n\r\n\r\n<hr class=\"wp-block-separator has-alpha-channel-opacity\" \/>\r\n\r\n\r\n<p><strong>Ley N\u00b0 21.379, Ministerio de Justicia y Derechos Humanos (30 de septiembre)<\/strong><br \/>Modifica y complementa la ley N\u00ba 21.226 para reactivar y dar continuidad al sistema de justicia<\/p>\r\n\r\n\r\n\r\n<p><a href=\"https:\/\/westlawchile.cl\/maf\/app\/document?&amp;src=laley4&amp;docguid=iCFD3EBB3C7D9DBFDD02F61E885E89D00&amp;hitguid=iCFD3EBB3C7D9DBFDD02F61E885E89D00&amp;tocguid=&amp;spos=1&amp;epos=1&amp;td=1&amp;ao=i0AC50834CD5E878681CD6243E1B5D7B6&amp;searchFrom=&amp;savedSearch=false&amp;context=100&amp;crumb-action=append&amp;\">Ver texto completo<\/a><\/p>\r\n\r\n\r\n<hr class=\"wp-block-separator has-alpha-channel-opacity\" \/>\r\n\r\n\r\n<p><strong>Decreto N\u00b0 245, Ministerio del Interior y Seguridad P\u00fablica (30 de septiembre)<\/strong><br \/>Modifica decreto N\u00ba 102, de 2020, que dispone el cierre temporal de lugares habilitados para el ingreso y egreso de extranjeros, por Emergencia de Salud P\u00fablica de Importancia Internacional por brote del nuevo coronavirus (2019-NCOV), y extiende su vigencia<\/p>\r\n\r\n\r\n\r\n<p><a href=\"https:\/\/westlawchile.cl\/maf\/app\/document?&amp;src=laley4&amp;docguid=i3D51CD2C4ADFDA2DD65DB50C1070D2D6&amp;hitguid=i3D51CD2C4ADFDA2DD65DB50C1070D2D6&amp;tocguid=&amp;spos=4&amp;epos=4&amp;td=6&amp;ao=i0AC50834CD5E878681CD6243E1B5D7B6&amp;searchFrom=&amp;savedSearch=false&amp;context=103&amp;crumb-action=append&amp;\">Ver texto completo<\/a><\/p>\r\n\r\n\r\n<hr class=\"wp-block-separator has-alpha-channel-opacity\" \/>\r\n\r\n\r\n<p><strong>Decreto N\u00b0 39, Ministerio de Salud (30 de septiembre)<\/strong><br \/>Prorroga vigencia del decreto N\u00ba 4, de 2020, que decreta alerta sanitaria por el per\u00edodo que se se\u00f1ala y otorga facultades extraordinarias que indica por Emergencia de Salud P\u00fablica de Importancia Internacional por brote del nuevo coronavirus (2019-NCOV)<\/p>\r\n\r\n\r\n\r\n<p><a href=\"https:\/\/westlawchile.cl\/maf\/app\/document?&amp;src=laley4&amp;docguid=iD4566AE86DE75DF5E65DB7E0E5088604&amp;hitguid=iD4566AE86DE75DF5E65DB7E0E5088604&amp;tocguid=&amp;spos=24&amp;epos=24&amp;td=27&amp;ao=i0AC50834CD5E878681CD6243E1B5D7B6&amp;searchFrom=&amp;savedSearch=false&amp;context=106&amp;crumb-action=append&amp;\">Ver texto completo<\/a><\/p>\r\n\r\n\r\n<hr class=\"wp-block-separator has-alpha-channel-opacity\" \/>\r\n\r\n\r\n<p><strong>Resoluci\u00f3n exenta N\u00b0 983, Ministerio de Salud (30 de septiembre)<\/strong><br \/>Modifica resoluci\u00f3n N\u00ba 672 exenta, de 2021<\/p>\r\n\r\n\r\n\r\n<p><a href=\"https:\/\/westlawchile.cl\/maf\/app\/document?&amp;src=laley4&amp;docguid=iA99B8097CB76E68B330706D715B42E70&amp;hitguid=iA99B8097CB76E68B330706D715B42E70&amp;tocguid=&amp;spos=1&amp;epos=1&amp;td=1&amp;ao=i0AC50834CD5E878681CD6243E1B5D7B6&amp;searchFrom=&amp;savedSearch=false&amp;context=110&amp;crumb-action=append&amp;\">Ver texto completo<\/a><\/p>\r\n\r\n\r\n<hr class=\"wp-block-separator has-alpha-channel-opacity\" \/>\r\n\r\n\r\n<p><strong>Ley N\u00b0 21.373, Ministerio de Educaci\u00f3n (29 de septiembre)<\/strong><br \/>Suspende la realizaci\u00f3n de la evaluaci\u00f3n docente, por el a\u00f1o 2021, debido a la pandemia mundial de COVID-19<\/p>\r\n\r\n\r\n\r\n<p><a href=\"https:\/\/westlawchile.cl\/maf\/app\/document?&amp;src=laley4&amp;docguid=iA9CAFAB714B2F300A16DFF50F7A46479&amp;hitguid=iA9CAFAB714B2F300A16DFF50F7A46479&amp;tocguid=&amp;spos=1&amp;epos=1&amp;td=1&amp;ao=i0AC50834CD5E878681CD6243E1B5D7B6&amp;searchFrom=&amp;savedSearch=false&amp;context=114&amp;crumb-action=append&amp;\">Ver texto completo<\/a><\/p>\r\n\r\n\r\n<hr class=\"wp-block-separator has-alpha-channel-opacity\" \/>\r\n\r\n\r\n<p><strong>Resoluci\u00f3n exenta N\u00b0 981, Ministerio de Salud (29 de septiembre)<\/strong><br \/>Modifica resoluci\u00f3n N\u00b0 644 exenta, de 2021<\/p>\r\n\r\n\r\n\r\n<p><a href=\"https:\/\/westlawchile.cl\/maf\/app\/document?&amp;src=laley4&amp;docguid=iB42046D7DA8BA8EBFAFAA15C1FDB15C2&amp;hitguid=iB42046D7DA8BA8EBFAFAA15C1FDB15C2&amp;tocguid=&amp;spos=2&amp;epos=2&amp;td=3&amp;ao=i0AC50834CD5E878681CD6243E1B5D7B6&amp;searchFrom=&amp;savedSearch=false&amp;context=117&amp;crumb-action=append&amp;\">Ver texto completo<\/a><\/p>\r\n\r\n\r\n<hr class=\"wp-block-separator has-alpha-channel-opacity\" \/>\r\n\r\n\r\n<p><strong>Resoluci\u00f3n exenta N\u00b0 982, Ministerio de Salud (29 de septiembre)<\/strong><br \/>Dispone medidas sanitarias que indica por brote de COVID-19<\/p>\r\n\r\n\r\n\r\n<p><a href=\"https:\/\/westlawchile.cl\/maf\/app\/document?&amp;src=laley4&amp;docguid=i17D4A6E145A09B3FA322F3CEF8CF3E9C&amp;hitguid=i17D4A6E145A09B3FA322F3CEF8CF3E9C&amp;tocguid=&amp;spos=1&amp;epos=1&amp;td=1&amp;ao=i0AC50834CD5E878681CD6243E1B5D7B6&amp;searchFrom=&amp;savedSearch=false&amp;context=120&amp;crumb-action=append&amp;\">Ver texto completo<\/a><\/p>\r\n\r\n\r\n<hr class=\"wp-block-separator has-alpha-channel-opacity\" \/>\r\n\r\n\r\n<p><strong>Resoluci\u00f3n exenta N\u00b0 1.500, Ministerio de Vivienda y Urbanismo (27 de septiembre)<\/strong><br \/>Modifica resoluci\u00f3n N\u00ba 491 exenta, de 2021, que autoriza a la Seremi de Vivienda y Urbanismo de la Regi\u00f3n de Arica y Parinacota, a realizar llamado regional en condiciones especiales, a trav\u00e9s del Programa de Protecci\u00f3n del Patrimonio Familiar, regulado por el decreto N\u00ba 255, de 2006, correspondiente al T\u00edtulo II, Mejoramiento de la Vivienda, destinado a la atenci\u00f3n de viviendas emplazadas en suelo salino correspondientes al pol\u00edgono de intervenci\u00f3n Etapa Piloto, Etapa I y Etapa II, como tambi\u00e9n en la Etapa Piloto de Emergencia, todas de la comuna de Arica, Regi\u00f3n de Arica y Parinacota<\/p>\r\n\r\n\r\n\r\n<p><a href=\"https:\/\/westlawchile.cl\/maf\/app\/document?&amp;src=laley4&amp;docguid=i3A1E2535BB5A503FB44EFEDE74F46319&amp;hitguid=i3A1E2535BB5A503FB44EFEDE74F46319&amp;tocguid=&amp;spos=1&amp;epos=1&amp;td=1&amp;ao=i0AC50834CD5E878681CD6243E1B5D7B6&amp;searchFrom=&amp;savedSearch=false&amp;context=123&amp;crumb-action=append&amp;\">Ver texto completo<\/a><\/p>\r\n\r\n\r\n<hr class=\"wp-block-separator has-alpha-channel-opacity\" \/>\r\n\r\n\r\n<p><strong>Resoluci\u00f3n exenta N\u00b0 978, Ministerio de Salud (25 de septiembre)<\/strong><br \/>Dispone medidas sanitarias que indica por brote de COVID-19<\/p>\r\n\r\n\r\n\r\n<p><a href=\"https:\/\/westlawchile.cl\/maf\/app\/document?&amp;src=laley4&amp;docguid=i14982BB48694ED24097501F3F2A2FCB0&amp;hitguid=i14982BB48694ED24097501F3F2A2FCB0&amp;tocguid=&amp;spos=2&amp;epos=2&amp;td=2&amp;ao=i0AC50834CD5E878681CD6243E1B5D7B6&amp;searchFrom=&amp;savedSearch=false&amp;context=126&amp;crumb-action=append&amp;\">Ver texto completo<\/a><\/p>\r\n\r\n\r\n<hr class=\"wp-block-separator has-alpha-channel-opacity\" \/>\r\n\r\n\r\n<p><strong>Decreto N\u00b0 38, Ministerio de Salud (23 de septiembre)<\/strong><br \/>Modifica decreto N\u00ba 4, de 2020, que decreta alerta sanitaria por el per\u00edodo que se se\u00f1ala y otorga facultades extraordinarias que indica por Emergencia de Salud P\u00fablica de Importancia Internacional por brote del nuevo coronavirus (2019-NCOV)<\/p>\r\n\r\n\r\n\r\n<p><a href=\"https:\/\/westlawchile.cl\/maf\/app\/document?&amp;src=laley4&amp;docguid=i26CD106BED40A3FE03F081271728C050&amp;hitguid=i26CD106BED40A3FE03F081271728C050&amp;tocguid=&amp;spos=28&amp;epos=28&amp;td=29&amp;ao=i0AC50834CD5E878681CD6243E1B5D7B6&amp;searchFrom=&amp;savedSearch=false&amp;context=85&amp;crumb-action=append&amp;\">Ver texto completo<\/a><\/p>\r\n\r\n\r\n<hr class=\"wp-block-separator has-alpha-channel-opacity\" \/>\r\n\r\n\r\n<p><strong>Decreto N\u00b0 232, Ministerio del Interior y Seguridad P\u00fablica (23 de septiembre)<\/strong><br \/>Modifica decreto N\u00ba 132, de 2007, que aprueba procedimientos de operaci\u00f3n y distribuci\u00f3n del Fondo Nacional de Desarrollo Regional<\/p>\r\n\r\n\r\n\r\n<p><a href=\"https:\/\/westlawchile.cl\/maf\/app\/document?&amp;src=laley4&amp;docguid=iA5AB9E14643B0541DA2B4DD2D39DC267&amp;hitguid=iA5AB9E14643B0541DA2B4DD2D39DC267&amp;tocguid=&amp;spos=5&amp;epos=5&amp;td=11&amp;ao=i0AC50834CD5E878681CD6243E1B5D7B6&amp;searchFrom=&amp;savedSearch=false&amp;context=91&amp;crumb-action=append&amp;\">Ver texto completo<\/a><\/p>\r\n\r\n\r\n<hr class=\"wp-block-separator has-alpha-channel-opacity\" \/>\r\n\r\n\r\n<p><strong>Resoluci\u00f3n exenta N\u00b0 1.681, Seremi de Vivienda Regi\u00f3n de Valpara\u00edso (23 de septiembre)<\/strong><br \/>Extiende en 180 d\u00edas suspensi\u00f3n de pr\u00f3rroga de postergaci\u00f3n selectiva de permisos de construcci\u00f3n para las edificaciones de m\u00e1s de cuatro pisos de altura en la totalidad del \u00e1rea urbana de la comuna de Papudo, en el pol\u00edgono que se indica<\/p>\r\n\r\n\r\n\r\n<p><a href=\"https:\/\/westlawchile.cl\/maf\/app\/document?&amp;src=laley4&amp;docguid=iD2B1D1E1FE732E24E4576BE414493F66&amp;hitguid=iD2B1D1E1FE732E24E4576BE414493F66&amp;tocguid=&amp;spos=1&amp;epos=1&amp;td=1&amp;ao=i0AC50834CD5E878681CD6243E1B5D7B6&amp;searchFrom=&amp;savedSearch=false&amp;context=94&amp;crumb-action=append&amp;\">Ver texto completo<\/a><\/p>\r\n\r\n\r\n<hr class=\"wp-block-separator has-alpha-channel-opacity\" \/>\r\n\r\n\r\n<p><strong>Resoluci\u00f3n exenta N\u00b0 963, Ministerio de Salud (22 de septiembre)<\/strong><br \/>Dispone medidas sanitarias que indica por brote de COVID-19<\/p>\r\n\r\n\r\n\r\n<p><a href=\"https:\/\/westlawchile.cl\/maf\/app\/document?&amp;src=laley4&amp;docguid=iA7D47767D9AF034E609C1741CB6177AC&amp;hitguid=iA7D47767D9AF034E609C1741CB6177AC&amp;tocguid=&amp;spos=1&amp;epos=1&amp;td=1&amp;ao=i0AC50834CD5E878681CD6243E1B5D7B6&amp;searchFrom=&amp;savedSearch=false&amp;context=97&amp;crumb-action=append&amp;\">Ver texto completo<\/a><\/p>\r\n\r\n\r\n<hr class=\"wp-block-separator has-alpha-channel-opacity\" \/>\r\n\r\n\r\n<p><strong>Decreto N\u00b0 12, Ministerio de Ciencia, Tecnolog\u00eda, Conocimiento e Innovaci\u00f3n (20 de septiembre)<\/strong><br \/>Aprueba Pol\u00edtica Nacional de Igualdad de G\u00e9nero en Ciencia, Tecnolog\u00eda, Conocimiento e Innovaci\u00f3n<\/p>\r\n\r\n\r\n\r\n<p><a href=\"https:\/\/westlawchile.cl\/maf\/app\/document?&amp;src=laley4&amp;docguid=i64E1D86F2A56361A84C456F5DAF65BD9&amp;hitguid=i64E1D86F2A56361A84C456F5DAF65BD9&amp;tocguid=&amp;spos=43&amp;epos=43&amp;td=47&amp;ao=i0AC50834CD5E878681CD6243E1B5D7B6&amp;searchFrom=&amp;savedSearch=false&amp;context=238&amp;crumb-action=append&amp;\">Ver texto completo<\/a><\/p>\r\n\r\n\r\n<hr class=\"wp-block-separator has-alpha-channel-opacity\" \/>\r\n\r\n\r\n<p><strong>Resoluci\u00f3n exenta N\u00b0 951, Ministerio de Salud (16 de septiembre)<\/strong><br \/>Dispone medidas sanitarias que indica por brote de COVID-19}<\/p>\r\n\r\n\r\n\r\n<p><a href=\"https:\/\/westlawchile.cl\/maf\/app\/document?&amp;src=laley4&amp;docguid=iD34A348D8DDA2C628071555686FF1815&amp;hitguid=iD34A348D8DDA2C628071555686FF1815&amp;tocguid=&amp;spos=1&amp;epos=1&amp;td=1&amp;ao=i0AC50834CD5E878681CD6243E1B5D7B6&amp;searchFrom=&amp;savedSearch=false&amp;context=112&amp;crumb-action=append&amp;\">Ver texto completo<\/a><\/p>\r\n\r\n\r\n<hr class=\"wp-block-separator has-alpha-channel-opacity\" \/>\r\n\r\n\r\n<p><strong>Resoluci\u00f3n exenta N\u00b0 4.829, Ministerio de Defensa Nacional (16 de septiembre)<\/strong><br \/>Levanta suspensi\u00f3n de plazos que indica y modifica resoluci\u00f3n N\u00ba 4.118 exenta, de 2020<\/p>\r\n\r\n\r\n\r\n<p><a href=\"https:\/\/westlawchile.cl\/maf\/app\/document?&amp;src=laley4&amp;docguid=i54D6C8287FE2316F81AF91C4923B0297&amp;hitguid=i54D6C8287FE2316F81AF91C4923B0297&amp;tocguid=&amp;spos=1&amp;epos=1&amp;td=1&amp;ao=i0AC50834CD5E878681CD6243E1B5D7B6&amp;searchFrom=&amp;savedSearch=false&amp;context=115&amp;crumb-action=append&amp;\">Ver texto completo<\/a><\/p>\r\n\r\n\r\n<hr class=\"wp-block-separator has-alpha-channel-opacity\" \/>\r\n\r\n\r\n<p><strong>Resoluci\u00f3n exenta N\u00b0 917, Ministerio de Salud (15 de septiembre)<\/strong><br \/>Dispone medidas sanitarias que indica por brote de COVID-19<\/p>\r\n\r\n\r\n\r\n<p><a href=\"https:\/\/westlawchile.cl\/maf\/app\/document?&amp;src=laley4&amp;docguid=iA3CD430D2068E5C6752A6C512CFBCCCD&amp;hitguid=iA3CD430D2068E5C6752A6C512CFBCCCD&amp;tocguid=&amp;spos=1&amp;epos=1&amp;td=2&amp;ao=i0AC50834CD5E878681CD6243E1B5D7B6&amp;searchFrom=&amp;savedSearch=false&amp;context=118&amp;crumb-action=append&amp;\">Ver texto completo<\/a><\/p>\r\n\r\n\r\n<hr class=\"wp-block-separator has-alpha-channel-opacity\" \/>\r\n\r\n\r\n<p><strong>Resoluci\u00f3n exenta N\u00b0 5.625, Servicio Agr\u00edcola y Ganadero (14 de septiembre)<\/strong><br \/>Ampl\u00eda el periodo de vigencia de la resoluci\u00f3n N\u00b0 7.870, de 2020, que modifica transitoriamente resoluci\u00f3n 4.324, de 2009, que establece requisitos fitosanitarios para la importaci\u00f3n de frutas frescas de mel\u00f3n (Cucumis melo), sand\u00eda (Citrullus lanatus), zapallo (Cucurbita m\u00e1xima), zapallo italiano (Cucurbita pepo) y pepino (Cucumis sativus), procedentes del departamento de Ica-Per\u00fa, y aprueba plan de trabajo<\/p>\r\n\r\n\r\n\r\n<p><a href=\"https:\/\/westlawchile.cl\/maf\/app\/document?&amp;src=laley4&amp;docguid=i2742C3457ABA9160E365CE07ABB9E43D&amp;hitguid=i2742C3457ABA9160E365CE07ABB9E43D&amp;tocguid=&amp;spos=1&amp;epos=1&amp;td=1&amp;ao=i0AC50834CD5E878681CD6243E1B5D7B6&amp;searchFrom=&amp;savedSearch=false&amp;context=121&amp;crumb-action=append&amp;\">Ver texto completo<\/a><\/p>\r\n\r\n\r\n<hr class=\"wp-block-separator has-alpha-channel-opacity\" \/>\r\n\r\n\r\n<p><strong>Resoluci\u00f3n exenta N\u00b0 914, Ministerio de Salud (11 de septiembre)<\/strong><br \/>Dispone medidas sanitarias que indica por brote de COVID-19<\/p>\r\n\r\n\r\n\r\n<p><a href=\"https:\/\/westlawchile.cl\/maf\/app\/document?&amp;src=laley4&amp;docguid=i57633278D46024E91FD853D4D984C4FE&amp;hitguid=i57633278D46024E91FD853D4D984C4FE&amp;tocguid=&amp;spos=2&amp;epos=2&amp;td=2&amp;ao=i0AC50834CD5E878681CD6243E1B5D7B6&amp;searchFrom=&amp;savedSearch=false&amp;context=124&amp;crumb-action=append&amp;\">Ver texto completo<\/a><\/p>\r\n\r\n\r\n<hr class=\"wp-block-separator has-alpha-channel-opacity\" \/>\r\n\r\n\r\n<p><strong>Resoluci\u00f3n exenta N\u00b0 612, Ministerio del Trabajo y Previsi\u00f3n Social (9 de septiembre)<\/strong><br \/>Modifica resoluci\u00f3n N\u00ba 625 exenta, de 2020, que califica la situaci\u00f3n de emergencia laboral que indica y activa implementaci\u00f3n de L\u00ednea Emergencia Laboral COVID-19 del Programa de Formaci\u00f3n en el Puesto de Trabajo, conforme a lo dispuesto en el decreto N\u00ba 28, de 2011<\/p>\r\n\r\n\r\n\r\n<p><a href=\"https:\/\/westlawchile.cl\/maf\/app\/document?&amp;src=laley4&amp;docguid=i4E45C47C6295B5B094255A8D86125119&amp;hitguid=i4E45C47C6295B5B094255A8D86125119&amp;tocguid=&amp;spos=3&amp;epos=3&amp;td=4&amp;ao=i0AC50834CD5E878681CD6243E1B5D7B6&amp;searchFrom=&amp;savedSearch=false&amp;context=12&amp;crumb-action=append&amp;\">Ver texto completo<\/a><\/p>\r\n\r\n\r\n<hr class=\"wp-block-separator has-alpha-channel-opacity\" \/>\r\n\r\n\r\n<p><strong>Resoluci\u00f3n exenta N\u00b0 891, Ministerio de Salud (8 de septiembre)<\/strong><br \/>Dispone medidas sanitarias que indica por brote de COVID-19<\/p>\r\n\r\n\r\n\r\n<p><a href=\"https:\/\/westlawchile.cl\/maf\/app\/document?&amp;src=laley4&amp;docguid=i08B526FF0FDEBF8D4D442A4C196D0737&amp;hitguid=i08B526FF0FDEBF8D4D442A4C196D0737&amp;tocguid=&amp;spos=1&amp;epos=1&amp;td=1&amp;ao=i0AC50834CD5E878681CD6243E1B5D7B6&amp;searchFrom=&amp;savedSearch=false&amp;context=18&amp;crumb-action=append&amp;\">Ver texto completo<\/a><\/p>\r\n\r\n\r\n<hr class=\"wp-block-separator has-alpha-channel-opacity\" \/>\r\n\r\n\r\n<p><strong>Resoluci\u00f3n exenta N\u00b0 688, Ministerio de Salud (8 de septiembre)<\/strong><br \/>Deja sin efecto resoluci\u00f3n que instruye aumento de capacidad de camas cr\u00edticas<\/p>\r\n\r\n\r\n\r\n<p><a href=\"https:\/\/westlawchile.cl\/maf\/app\/document?&amp;src=laley4&amp;docguid=i242768CE1CF7D24A0204F69F7E1BA606&amp;hitguid=i242768CE1CF7D24A0204F69F7E1BA606&amp;tocguid=&amp;spos=3&amp;epos=3&amp;td=3&amp;ao=i0AC50834CD5E878681CD6243E1B5D7B6&amp;searchFrom=&amp;savedSearch=false&amp;context=21&amp;crumb-action=append&amp;\">Ver texto completo<\/a><\/p>\r\n\r\n\r\n<hr class=\"wp-block-separator has-alpha-channel-opacity\" \/>\r\n\r\n\r\n<p><strong>Resoluci\u00f3n exenta N\u00b0 886, Ministerio de Salud (4 de septiembre)<\/strong><br \/>Dispone medidas sanitarias que indica por brote de COVID-19<\/p>\r\n\r\n\r\n\r\n<p><a href=\"https:\/\/westlawchile.cl\/maf\/app\/document?&amp;src=laley4&amp;docguid=i13A58D938BD32AE75DE7A9CE9B538D8E&amp;hitguid=i13A58D938BD32AE75DE7A9CE9B538D8E&amp;tocguid=&amp;spos=1&amp;epos=1&amp;td=2&amp;ao=i0AC50834CD5E878681CD6243E1B5D7B6&amp;searchFrom=&amp;savedSearch=false&amp;context=25&amp;crumb-action=append&amp;\">Ver texto completo<\/a><\/p>\r\n\r\n\r\n<hr class=\"wp-block-separator has-alpha-channel-opacity\" \/>\r\n\r\n\r\n<p><strong>Decreto N\u00b0 1.492, Ministerio de Hacienda (3 de septiembre)<\/strong><br \/>Extiende la vigencia de los beneficios y las prestaciones que indica, otorga derecho a giros adicionales con cargo al Fondo de Cesant\u00eda Solidario y extiende vigencia del T\u00edtulo II de la ley N\u00ba 21.227, conforme a lo dispuesto en el art\u00edculo 16 de la ley N\u00ba 21.263, que flexibiliza transitoriamente los requisitos de acceso e incrementa el monto de las prestaciones del seguro de desempleo de la ley N\u00ba 19.728, con motivo de la pandemia originada por el COVID-19, y perfecciona los beneficios de la ley N\u00ba 21.227, y la ley N\u00ba 21.312, que extiende la vigencia de los beneficios establecidos en las leyes N\u00bas. 21.227 y 21.263<\/p>\r\n\r\n\r\n\r\n<p><a href=\"https:\/\/westlawchile.cl\/maf\/app\/document?&amp;src=laley4&amp;docguid=i79CD4CF331C38F22314B671083FA1892&amp;hitguid=i79CD4CF331C38F22314B671083FA1892&amp;tocguid=&amp;spos=1&amp;epos=1&amp;td=1&amp;ao=i0AC50834CD5E878681CD6243E1B5D7B6&amp;searchFrom=&amp;savedSearch=false&amp;context=28&amp;crumb-action=append&amp;\">Ver texto completo<\/a><\/p>\r\n\r\n\r\n<hr class=\"wp-block-separator has-alpha-channel-opacity\" \/>\r\n\r\n\r\n<p><strong>Decreto N\u00b0 1.260, Ministerio de Hacienda (3 de septiembre)<\/strong><br \/>Crea Comisi\u00f3n para la Recuperaci\u00f3n de Empleos<\/p>\r\n\r\n\r\n\r\n<p><a href=\"https:\/\/westlawchile.cl\/maf\/app\/document?&amp;src=laley4&amp;docguid=iA00CEF1EBE16525337B73EB9AC9ED4FD&amp;hitguid=iA00CEF1EBE16525337B73EB9AC9ED4FD&amp;tocguid=&amp;spos=2&amp;epos=2&amp;td=2&amp;ao=i0AC50834CD5E878681CD6243E1B5D7B6&amp;searchFrom=&amp;savedSearch=false&amp;context=31&amp;crumb-action=append&amp;\">Ver texto completo<\/a><\/p>\r\n\r\n\r\n<hr class=\"wp-block-separator has-alpha-channel-opacity\" \/>\r\n\r\n\r\n<p><strong>Resoluci\u00f3n exenta N\u00b0 3.047, Seremi de Salud Regi\u00f3n de Magallanes y Ant\u00e1rtica Chilena (3 de septiembre)<\/strong><br \/>Modifica resoluci\u00f3n N\u00b0 1.044, de 2021, que prorrog\u00f3 vigencia de medidas sanitarias en la comuna de Cabo de Hornos de la Regi\u00f3n de Magallanes y Ant\u00e1rtica Chilena ante el brote de COVID-19<\/p>\r\n\r\n\r\n\r\n<p><a href=\"https:\/\/westlawchile.cl\/maf\/app\/document?&amp;src=laley4&amp;docguid=iB251B4C6F8A4EA3428DAF0CB35251EDC&amp;hitguid=iB251B4C6F8A4EA3428DAF0CB35251EDC&amp;tocguid=&amp;spos=1&amp;epos=1&amp;td=1&amp;ao=i0AC50834CD5E878681CD6243E1B5D7B6&amp;searchFrom=&amp;savedSearch=false&amp;context=34&amp;crumb-action=append&amp;\">Ver texto completo<\/a><\/p>\r\n\r\n\r\n<hr class=\"wp-block-separator has-alpha-channel-opacity\" \/>\r\n\r\n\r\n<p><strong>Resoluci\u00f3n exenta N\u00b0 253, Direcci\u00f3n General del Cr\u00e9dito Prendario (2 de septiembre)<\/strong><br \/>Declara suspensi\u00f3n de remates presenciales en las unidades de cr\u00e9dito del pa\u00eds para el mes de septiembre del a\u00f1o 2021<\/p>\r\n\r\n\r\n\r\n<p><a href=\"https:\/\/westlawchile.cl\/maf\/app\/document?&amp;src=laley4&amp;docguid=iCCC1B173A2912D57770CF7C1C65830F3&amp;hitguid=iCCC1B173A2912D57770CF7C1C65830F3&amp;tocguid=&amp;spos=2&amp;epos=2&amp;td=2&amp;ao=i0AC50834CD5E878681CD6243E1B5D7B6&amp;searchFrom=&amp;savedSearch=false&amp;context=37&amp;crumb-action=append&amp;\">Ver texto completo<\/a><\/p>\r\n\r\n\r\n<hr class=\"wp-block-separator has-alpha-channel-opacity\" \/>\r\n\r\n\r\n<p><strong>Decreto N\u00b0 221, Ministerio del Interior y Seguridad P\u00fablica (1 de septiembre)<\/strong><br \/>Modifica decreto N\u00ba 102, de 2020, que dispone el cierre temporal de lugares habilitados para el ingreso y egreso de extranjeros, por Emergencia de Salud P\u00fablica de Importancia Internacional por brote del nuevo coronavirus (2019-NCOV), y extiende su vigencia<\/p>\r\n\r\n\r\n\r\n<p><a href=\"https:\/\/westlawchile.cl\/maf\/app\/document?&amp;src=laley4&amp;docguid=i162B3FEEA17A9F0FB81BDC65D24848DC&amp;hitguid=i162B3FEEA17A9F0FB81BDC65D24848DC&amp;tocguid=&amp;spos=5&amp;epos=5&amp;td=8&amp;ao=i0AC50834CD5E878681CD6243E1B5D7B6&amp;searchFrom=&amp;savedSearch=false&amp;context=40&amp;crumb-action=append&amp;\">Ver texto completo<\/a><\/p>\r\n\r\n\r\n<hr class=\"wp-block-separator has-alpha-channel-opacity\" \/>\r\n\r\n\r\n<p><strong>Resoluci\u00f3n exenta N\u00b0 839, Ministerio de Salud (1 de septiembre)<\/strong><br \/>Dispone medidas sanitarias que indica por brote de COVID-19<\/p>\r\n\r\n\r\n\r\n<p><a href=\"https:\/\/westlawchile.cl\/maf\/app\/document?&amp;src=laley4&amp;docguid=iA6857A3ACD3CEC0A5ADFEBB7E3C25598&amp;hitguid=iA6857A3ACD3CEC0A5ADFEBB7E3C25598&amp;tocguid=&amp;spos=2&amp;epos=2&amp;td=2&amp;ao=i0AC50834CD5E878681CD6243E1B5D7B6&amp;searchFrom=&amp;savedSearch=false&amp;context=43&amp;crumb-action=append&amp;\">Ver texto completo<\/a><\/p>\r\n\r\n\r\n<hr class=\"wp-block-separator has-alpha-channel-opacity\" \/>\r\n\r\n\r\n<p><strong>Resoluci\u00f3n exenta N\u00b0 838, Ministerio de Salud (31 de agosto)<\/strong><br \/>Modifica resoluci\u00f3n N\u00ba 672 exenta, de 2021<\/p>\r\n\r\n\r\n\r\n<p><a href=\"https:\/\/westlawchile.cl\/maf\/app\/document?&amp;src=laley4&amp;docguid=iF76A91FDBFBD3BD69164EF6A5870BEDB&amp;hitguid=iF76A91FDBFBD3BD69164EF6A5870BEDB&amp;tocguid=&amp;spos=2&amp;epos=2&amp;td=3&amp;ao=i0AC50834CD5E878681CD6243E1B5D7B6&amp;searchFrom=&amp;savedSearch=false&amp;context=49&amp;crumb-action=append&amp;\">Ver texto completo<\/a><\/p>\r\n\r\n\r\n<hr class=\"wp-block-separator has-alpha-channel-opacity\" \/>\r\n\r\n\r\n<p><strong>Resoluci\u00f3n exenta N\u00b0 828, Ministerio de Salud (28 de agosto)<\/strong><br \/>Dispone medidas sanitarias que indica por brote de COVID-19<\/p>\r\n\r\n\r\n\r\n<p><a href=\"https:\/\/westlawchile.cl\/maf\/app\/document?&amp;src=laley4&amp;docguid=i60B62B5A71D7663408104492D666680E&amp;hitguid=i60B62B5A71D7663408104492D666680E&amp;tocguid=&amp;spos=3&amp;epos=3&amp;td=3&amp;ao=i0AC50834CD5E878681CD6243E1B5D7B6&amp;searchFrom=&amp;savedSearch=false&amp;context=52&amp;crumb-action=append&amp;\">Ver texto completo<\/a><\/p>\r\n\r\n\r\n<hr class=\"wp-block-separator has-alpha-channel-opacity\" \/>\r\n\r\n\r\n<p><strong>Resoluci\u00f3n exenta N\u00b0 2.779, Ministerio de Transportes y Telecomunicaciones (26 de agosto)<\/strong><br \/>Suspende plazo establecido en el inciso 2\u00ba del art\u00edculo 74 del decreto N\u00ba 212, de 1992, en los t\u00e9rminos y por las razones que indica<\/p>\r\n\r\n\r\n\r\n<p><a href=\"https:\/\/westlawchile.cl\/maf\/app\/document?&amp;src=laley4&amp;docguid=i18BAE4F9A7F69295945733BD8F9740C7&amp;hitguid=i18BAE4F9A7F69295945733BD8F9740C7&amp;tocguid=&amp;spos=2&amp;epos=2&amp;td=2&amp;ao=i0AC50834CD5E878681CD6243E1B5D7B6&amp;searchFrom=&amp;savedSearch=false&amp;context=164&amp;crumb-action=append&amp;\">Ver texto completo<\/a><\/p>\r\n\r\n\r\n<hr class=\"wp-block-separator has-alpha-channel-opacity\" \/>\r\n\r\n\r\n<p><strong>Resoluci\u00f3n exenta N\u00b0 825, Ministerio de Salud (25 de agosto)<\/strong><br \/>Dispone medidas sanitarias que indica por brote de COVID-19<\/p>\r\n\r\n\r\n\r\n<p><a href=\"https:\/\/westlawchile.cl\/maf\/app\/document?&amp;src=laley4&amp;docguid=i12F336FB00BBAD4C71774561FEC7B11C&amp;hitguid=i12F336FB00BBAD4C71774561FEC7B11C&amp;tocguid=&amp;spos=2&amp;epos=2&amp;td=4&amp;ao=i0AC50834CD5E878681CD6243E1B5D7B6&amp;searchFrom=&amp;savedSearch=false&amp;context=167&amp;crumb-action=append&amp;\">Ver texto completo<\/a><\/p>\r\n\r\n\r\n<hr class=\"wp-block-separator has-alpha-channel-opacity\" \/>\r\n\r\n\r\n<p><strong>Resoluci\u00f3n exenta N\u00b0 1.356, Ministerio de Vivienda y Urbanismo (24 de agosto)<\/strong><br \/>Modifica resoluci\u00f3n N\u00ba 492 exenta, de 2021, que define condiciones operativas excepcionales en contexto de cat\u00e1strofe para la aplicaci\u00f3n pr\u00e1ctica de subsidios obtenidos mediante los llamados a postulaci\u00f3n efectuados durante los a\u00f1os 2020 y 2021, por el Programa de Protecci\u00f3n del Patrimonio Familiar, regulado por el decreto N\u00ba 255, de 2006; y por el Programa de Mejoramiento de Viviendas y Barrios, regulado por el decreto N\u00ba 27, de 2016<\/p>\r\n\r\n\r\n\r\n<p><a href=\"https:\/\/westlawchile.cl\/maf\/app\/document?&amp;src=laley4&amp;docguid=iA68BBF422B711177D852E6A09D7DF442&amp;hitguid=iA68BBF422B711177D852E6A09D7DF442&amp;tocguid=&amp;spos=1&amp;epos=1&amp;td=2&amp;ao=i0AC50834CD5E878681CD6243E1B5D7B6&amp;searchFrom=&amp;savedSearch=false&amp;context=170&amp;crumb-action=append&amp;\">Ver texto completo<\/a><\/p>\r\n\r\n\r\n<hr class=\"wp-block-separator has-alpha-channel-opacity\" \/>\r\n\r\n\r\n<p><strong>Resoluci\u00f3n exenta N\u00b0 823, Ministerio de Salud (21 de agosto)<\/strong><br \/>Dispone medidas sanitarias que indica por brote de COVID-19<\/p>\r\n\r\n\r\n\r\n<p><a href=\"https:\/\/westlawchile.cl\/maf\/app\/document?&amp;src=laley4&amp;docguid=i79ECB64A946942FF3FE9EBAB6369B61B&amp;hitguid=i79ECB64A946942FF3FE9EBAB6369B61B&amp;tocguid=&amp;spos=2&amp;epos=2&amp;td=3&amp;ao=i0AC50834CD5E878681CD6243E1B5D7B6&amp;searchFrom=&amp;savedSearch=false&amp;context=173&amp;crumb-action=append&amp;\">Ver texto completo<\/a><\/p>\r\n\r\n\r\n<hr class=\"wp-block-separator has-alpha-channel-opacity\" \/>\r\n\r\n\r\n<p><strong>Resoluci\u00f3n exenta N\u00b0 733, Ministerio de Salud (20 de agosto)<\/strong><br \/>Modifica resoluci\u00f3n N\u00ba 1.138 exenta, de 2020, que aprueba lineamientos t\u00e9cnico-operativos vacunaci\u00f3n SARS-CoV-2<\/p>\r\n\r\n\r\n\r\n<p><a href=\"https:\/\/westlawchile.cl\/maf\/app\/document?&amp;src=laley4&amp;docguid=i31AAA4A57C3021081ED5D60E64C47621&amp;hitguid=i31AAA4A57C3021081ED5D60E64C47621&amp;tocguid=&amp;spos=1&amp;epos=1&amp;td=1&amp;ao=i0AC50834CD5E878681CD6243E1B5D7B6&amp;searchFrom=&amp;savedSearch=false&amp;context=176&amp;crumb-action=append&amp;\">Ver texto completo<\/a><\/p>\r\n\r\n\r\n<hr class=\"wp-block-separator has-alpha-channel-opacity\" \/>\r\n\r\n\r\n<p><strong>Decreto N\u00b0 1.223, Ministerio de Hacienda (19 de agosto)<\/strong><br \/>Modifica decreto N\u00ba 611, de 2021, estableciendo las nuevas medidas de \u00edndole tributaria que indica<\/p>\r\n\r\n\r\n\r\n<p><a href=\"https:\/\/westlawchile.cl\/maf\/app\/document?&amp;src=laley4&amp;docguid=i245D56B1FB6B76EE63C3B49C647F4EEC&amp;hitguid=i245D56B1FB6B76EE63C3B49C647F4EEC&amp;tocguid=&amp;spos=1&amp;epos=1&amp;td=1&amp;ao=i0AC50834CD5E878681CD6243E1B5D7B6&amp;searchFrom=&amp;savedSearch=false&amp;context=179&amp;crumb-action=append&amp;\">Ver texto completo<\/a><\/p>\r\n\r\n\r\n<hr class=\"wp-block-separator has-alpha-channel-opacity\" \/>\r\n\r\n\r\n<p><strong>Resoluci\u00f3n exenta N\u00b0 767, Ministerio de Salud (18 de agosto)<\/strong><br \/>Dispone medidas sanitarias que indica por brote de COVID-19<\/p>\r\n\r\n\r\n\r\n<p><a href=\"https:\/\/westlawchile.cl\/maf\/app\/document?&amp;src=laley4&amp;docguid=iFC6AAE33ADC7AB1D09A6D7B3A1E0D7DC&amp;hitguid=iFC6AAE33ADC7AB1D09A6D7B3A1E0D7DC&amp;tocguid=&amp;spos=1&amp;epos=1&amp;td=1&amp;ao=i0AC50834CD5E878681CD6243E1B5D7B6&amp;searchFrom=&amp;savedSearch=false&amp;context=182&amp;crumb-action=append&amp;\">Ver texto completo<\/a><\/p>\r\n\r\n\r\n<hr class=\"wp-block-separator has-alpha-channel-opacity\" \/>\r\n\r\n\r\n<p><strong>Resoluci\u00f3n exenta N\u00b0 2.170, Servicio Agr\u00edcola y Ganadero (18 de agosto)<\/strong><br \/>Establece requisitos en la industria c\u00e1rnica para la prevenci\u00f3n del ingreso y diseminaci\u00f3n de coronavirus (COVID-19), para cumplimiento de las exigencias de la Rep\u00fablica Popular de China en establecimientos habilitados e indica sanciones frente a transgresiones<\/p>\r\n\r\n\r\n\r\n<p><a href=\"https:\/\/westlawchile.cl\/maf\/app\/document?&amp;src=laley4&amp;docguid=i51D30BE7F4B799F1C9C3933275F3DEFE&amp;hitguid=i51D30BE7F4B799F1C9C3933275F3DEFE&amp;tocguid=&amp;spos=1&amp;epos=1&amp;td=1&amp;ao=i0AC50834CD5E878681CD6243E1B5D7B6&amp;searchFrom=&amp;savedSearch=false&amp;context=185&amp;crumb-action=append&amp;\">Ver texto completo<\/a><\/p>\r\n\r\n\r\n<hr class=\"wp-block-separator has-alpha-channel-opacity\" \/>\r\n\r\n\r\n<p><strong>Decreto N\u00b0 342, Ministerio de Hacienda (16 de agosto)<\/strong><br \/>Modifica decreto N\u00ba 120 exento, de 2021<\/p>\r\n\r\n\r\n\r\n<p><a href=\"https:\/\/westlawchile.cl\/maf\/app\/document?&amp;src=laley4&amp;docguid=iF61833AE38B100EF40B9B9134EAB26A5&amp;hitguid=iF61833AE38B100EF40B9B9134EAB26A5&amp;tocguid=&amp;spos=4&amp;epos=4&amp;td=5&amp;ao=i0AC50834CD5E878681CD6243E1B5D7B6&amp;searchFrom=&amp;savedSearch=false&amp;context=188&amp;crumb-action=append&amp;\">Ver texto completo<\/a><\/p>\r\n\r\n\r\n<hr class=\"wp-block-separator has-alpha-channel-opacity\" \/>\r\n\r\n\r\n<p><strong>Resoluci\u00f3n exenta N\u00b0 4.921, Servicio Agr\u00edcola y Ganadero (16 de agosto)<\/strong><br \/>Ampl\u00eda per\u00edodo de vigencia de resoluci\u00f3n N\u00ba 7.186, de 2020, la cual modifica transitoriamente resoluci\u00f3n N\u00ba 2.756, de 2018, que establece requisitos fitosanitarios de importaci\u00f3n para frutos frescos de ar\u00e1ndano (Vaccinium spp.) desde Per\u00fa a Chile, con tratamiento de fumigaci\u00f3n con bromuro de metilo o tratamiento de fr\u00edo<\/p>\r\n\r\n\r\n\r\n<p><a href=\"https:\/\/westlawchile.cl\/maf\/app\/document?&amp;src=laley4&amp;docguid=i6D5322D9E32412BC9D80E473D9618865&amp;hitguid=i6D5322D9E32412BC9D80E473D9618865&amp;tocguid=&amp;spos=1&amp;epos=1&amp;td=1&amp;ao=i0AC50834CD5E878681CD6243E1B5D7B6&amp;searchFrom=&amp;savedSearch=false&amp;context=191&amp;crumb-action=append&amp;\">Ver texto completo<\/a><\/p>\r\n\r\n\r\n<hr class=\"wp-block-separator has-alpha-channel-opacity\" \/>\r\n\r\n\r\n<p><strong>Resoluci\u00f3n exenta N\u00b0 737, Ministerio de Salud (14 de agosto)<\/strong><br \/>Dispone medidas sanitarias que indica por brote de COVID-19<\/p>\r\n\r\n\r\n\r\n<p><a href=\"https:\/\/westlawchile.cl\/maf\/app\/document?&amp;src=laley4&amp;docguid=iE56B92A14B26C5DF7EF1740ADCFD8E36&amp;hitguid=iE56B92A14B26C5DF7EF1740ADCFD8E36&amp;tocguid=&amp;spos=1&amp;epos=1&amp;td=1&amp;ao=i0AC50834CD5E878681CD6243E1B5D7B6&amp;searchFrom=&amp;savedSearch=false&amp;context=194&amp;crumb-action=append&amp;\">Ver texto completo<\/a><\/p>\r\n\r\n\r\n<hr class=\"wp-block-separator has-alpha-channel-opacity\" \/>\r\n\r\n\r\n<p><strong>Resoluci\u00f3n exenta N\u00b0 740, Ministerio de Salud (14 de agosto)<\/strong><br \/>Modifica resoluci\u00f3n N\u00ba 644 exenta, de 2021<\/p>\r\n\r\n\r\n\r\n<p><a href=\"https:\/\/westlawchile.cl\/maf\/app\/document?&amp;src=laley4&amp;docguid=i0AAC27BE2A5B483C59E4C58DE2E94EAC&amp;hitguid=i0AAC27BE2A5B483C59E4C58DE2E94EAC&amp;tocguid=&amp;spos=1&amp;epos=1&amp;td=1&amp;ao=i0AC50834CD5E878681CD6243E1B5D7B6&amp;searchFrom=&amp;savedSearch=false&amp;context=197&amp;crumb-action=append&amp;\">Ver texto completo<\/a><\/p>\r\n\r\n\r\n<hr class=\"wp-block-separator has-alpha-channel-opacity\" \/>\r\n\r\n\r\n<p><strong>Resoluci\u00f3n exenta N\u00b0 726, Ministerio de Salud (11 de agosto)<\/strong><br \/>Dispone medidas sanitarias que indica por brote de COVID-19<\/p>\r\n\r\n\r\n\r\n<p><a href=\"https:\/\/westlawchile.cl\/maf\/app\/document?&amp;src=laley4&amp;docguid=i1AF2457396007C23370CF07938036F8B&amp;hitguid=i1AF2457396007C23370CF07938036F8B&amp;tocguid=&amp;spos=3&amp;epos=3&amp;td=3&amp;ao=i0AC50834CD5E878681CD6243E1B5D7B6&amp;searchFrom=&amp;savedSearch=false&amp;context=11&amp;crumb-action=append&amp;\">Ver texto completo<\/a><\/p>\r\n\r\n\r\n<hr class=\"wp-block-separator has-alpha-channel-opacity\" \/>\r\n\r\n\r\n<p><strong>Resoluci\u00f3n exenta N\u00b0 2.373, Ministerio de Transportes (10 de agosto)<\/strong><br \/>Extiende vigencia de los certificados de inscripci\u00f3n provisorios, en el Registro Nacional de Servicios de Transporte de Pasajeros<\/p>\r\n\r\n\r\n\r\n<p><a href=\"https:\/\/westlawchile.cl\/maf\/app\/document?&amp;src=laley4&amp;docguid=i4F6A11D77F902093E132DBB475027E4C&amp;hitguid=i4F6A11D77F902093E132DBB475027E4C&amp;tocguid=&amp;spos=1&amp;epos=1&amp;td=1&amp;ao=i0AC50834CD5E878681CD6243E1B5D7B6&amp;searchFrom=&amp;savedSearch=false&amp;context=22&amp;crumb-action=append&amp;\">Ver texto completo<\/a><\/p>\r\n\r\n\r\n<hr class=\"wp-block-separator has-alpha-channel-opacity\" \/>\r\n\r\n\r\n<p><strong>Decreto N\u00b0 2.527, Ministerio del Interior y Seguridad P\u00fablica (9 de agosto)<\/strong><br \/>Declara Duelo Nacional en los d\u00edas que indica en memoria de las personas fallecidas en Chile por la pandemia del COVID-19<\/p>\r\n\r\n\r\n\r\n<p><a href=\"https:\/\/westlawchile.cl\/maf\/app\/document?&amp;src=laley4&amp;docguid=iA6FCA152AC5EC33E429DDBFE429E1AD6&amp;hitguid=iA6FCA152AC5EC33E429DDBFE429E1AD6&amp;tocguid=&amp;spos=1&amp;epos=1&amp;td=1&amp;ao=i0AC50834CD5E878681CD6243E1B5D7B6&amp;searchFrom=&amp;savedSearch=false&amp;context=25&amp;crumb-action=append&amp;\">Ver texto completo<\/a><\/p>\r\n\r\n\r\n<hr class=\"wp-block-separator has-alpha-channel-opacity\" \/>\r\n\r\n\r\n<p><strong>Resoluci\u00f3n exenta N\u00b0 2.206, Seremi de Transportes Regi\u00f3n Metropolitana (9 de agosto)<\/strong><br \/>Establece valor de tarifas a cobrar por servicios de taxi b\u00e1sico y ejecutivo en t\u00e9rminos y per\u00edodo que indica<\/p>\r\n\r\n\r\n<hr class=\"wp-block-separator has-alpha-channel-opacity\" \/>\r\n\r\n\r\n<p><strong>Resoluci\u00f3n exenta N\u00b0 711, Ministerio de Salud (7 de agosto)<\/strong><br \/>Modifica resoluci\u00f3n N\u00b0 644 exenta, de 2021<\/p>\r\n\r\n\r\n\r\n<p><a href=\"https:\/\/westlawchile.cl\/maf\/app\/document?&amp;src=laley4&amp;docguid=i33CFC97501FCAB468760770D6D8DA5E1&amp;hitguid=i33CFC97501FCAB468760770D6D8DA5E1&amp;tocguid=&amp;spos=1&amp;epos=1&amp;td=1&amp;ao=i0AC50834CD5E878681CD6243E1B5D7B6&amp;searchFrom=&amp;savedSearch=false&amp;context=41&amp;crumb-action=append&amp;\">Ver texto completo<\/a><\/p>\r\n\r\n\r\n<hr class=\"wp-block-separator has-alpha-channel-opacity\" \/>\r\n\r\n\r\n<p><strong>Resoluci\u00f3n exenta N\u00b0 712, Ministerio de Salud (7 de agosto)<\/strong><br \/>Dispone medidas sanitarias que indica por brote de COVID-19<\/p>\r\n\r\n\r\n\r\n<p><a href=\"https:\/\/westlawchile.cl\/maf\/app\/document?&amp;src=laley4&amp;docguid=i52B2DDFBAC6E0CFBD122DA655609DF31&amp;hitguid=i52B2DDFBAC6E0CFBD122DA655609DF31&amp;tocguid=&amp;spos=1&amp;epos=1&amp;td=1&amp;ao=i0AC50834CD5E878681CD6243E1B5D7B6&amp;searchFrom=&amp;savedSearch=false&amp;context=44&amp;crumb-action=append&amp;\">Ver texto completo<\/a><\/p>\r\n\r\n\r\n<hr class=\"wp-block-separator has-alpha-channel-opacity\" \/>\r\n\r\n\r\n<p><strong>Resoluci\u00f3n exenta N\u00b0 714, Ministerio de Salud (7 de agosto)<\/strong><br \/>Modifica las resoluciones N\u00bas. 644 y 672 exentas, de 2021<\/p>\r\n\r\n\r\n\r\n<p><a href=\"https:\/\/westlawchile.cl\/maf\/app\/document?&amp;src=laley4&amp;docguid=iB998D6E77AE3F4EC6974B08523BE1E73&amp;hitguid=iB998D6E77AE3F4EC6974B08523BE1E73&amp;tocguid=&amp;spos=1&amp;epos=1&amp;td=1&amp;ao=i0AC50834CD5E878681CD6243E1B5D7B6&amp;searchFrom=&amp;savedSearch=false&amp;context=50&amp;crumb-action=append&amp;\">Ver texto completo<\/a><\/p>\r\n\r\n\r\n<hr class=\"wp-block-separator has-alpha-channel-opacity\" \/>\r\n\r\n\r\n<p><strong>Resoluci\u00f3n exenta N\u00b0 706, Ministerio de Salud (4 de agosto)<\/strong><br \/>Dispone medidas sanitarias que indica por brote de COVID-19<\/p>\r\n\r\n\r\n\r\n<p><a href=\"https:\/\/westlawchile.cl\/maf\/app\/document?&amp;src=laley4&amp;docguid=i8AD285979B71697B386F1FD66CC06191&amp;hitguid=i8AD285979B71697B386F1FD66CC06191&amp;tocguid=&amp;spos=1&amp;epos=1&amp;td=1&amp;ao=i0AC50834CD5E878681CD6243E1B5D7B6&amp;searchFrom=&amp;savedSearch=false&amp;context=56&amp;crumb-action=append&amp;\">Ver texto completo<\/a><\/p>\r\n\r\n\r\n<hr class=\"wp-block-separator has-alpha-channel-opacity\" \/>\r\n\r\n\r\n<p><strong>Resoluci\u00f3n exenta N\u00b0 17.966, Seremi de Salud Regi\u00f3n de Tarapac\u00e1 (4 de agosto)<\/strong><br \/>Establece cord\u00f3n sanitario para el pueblo de San Lorenzo de Tarapac\u00e1, comuna de Huara, Regi\u00f3n de Tarapac\u00e1, para el a\u00f1o 2021<\/p>\r\n\r\n\r\n\r\n<p><a href=\"https:\/\/westlawchile.cl\/maf\/app\/document?&amp;src=laley4&amp;docguid=i9E9E46FB17A57C8F0139F51A99EDC261&amp;hitguid=i9E9E46FB17A57C8F0139F51A99EDC261&amp;tocguid=&amp;spos=1&amp;epos=1&amp;td=1&amp;ao=i0AC50834CD5E878681CD6243E1B5D7B6&amp;searchFrom=&amp;savedSearch=false&amp;context=59&amp;crumb-action=append&amp;\">Ver texto completo<\/a><\/p>\r\n\r\n\r\n<hr class=\"wp-block-separator has-alpha-channel-opacity\" \/>\r\n\r\n\r\n<p><strong>Resoluci\u00f3n exenta N\u00b0 228, Direcci\u00f3n General del Cr\u00e9dito Prendario (4 de agosto)<\/strong><br \/>Declara suspensi\u00f3n de remates presenciales en las Unidades de Cr\u00e9dito del pa\u00eds para el mes de agosto del a\u00f1o 2021<\/p>\r\n\r\n\r\n\r\n<p><a href=\"https:\/\/westlawchile.cl\/maf\/app\/document?&amp;src=laley4&amp;docguid=i5657BA904EB9635C21B1E2B596E18C8F&amp;hitguid=i5657BA904EB9635C21B1E2B596E18C8F&amp;tocguid=&amp;spos=1&amp;epos=1&amp;td=5&amp;ao=i0AC50834CD5E878681CD6243E1B5D7B6&amp;searchFrom=&amp;savedSearch=false&amp;context=71&amp;crumb-action=append&amp;\">Ver texto completo<\/a><\/p>\r\n\r\n\r\n<hr class=\"wp-block-separator has-alpha-channel-opacity\" \/>\r\n\r\n\r\n<p><strong>Resoluci\u00f3n exenta N\u00b0 1.698, Superintendencia del Medio Ambiente (3 de agosto)<\/strong><br \/>Deja sin efecto resoluci\u00f3n N\u00b0 497 exenta, de 2020, que dict\u00f3 instrucci\u00f3n general a sujetos fiscalizados por la SMA en el contexto de brote de coronavirus (COVID-19)<\/p>\r\n\r\n\r\n\r\n<p><a href=\"https:\/\/westlawchile.cl\/maf\/app\/document?&amp;src=laley4&amp;srguid=i0ad6adc60000017b3c317c63a79a8150&amp;docguid=i2FFF13FCFB7328C8FC81A92F76B4BF39&amp;hitguid=i2FFF13FCFB7328C8FC81A92F76B4BF39&amp;tocguid=&amp;spos=1&amp;epos=1&amp;td=1&amp;ao=i0AC50834CD5E878681CD6243E1B5D7B6&amp;searchFrom=&amp;savedSearch=false&amp;context=77&amp;crumb-action=append&amp;\">Ver texto completo<\/a><\/p>\r\n\r\n\r\n<hr class=\"wp-block-separator has-alpha-channel-opacity\" \/>\r\n\r\n\r\n<p><strong>Resoluci\u00f3n exenta N\u00b0 2.512, Seremi de Salud Regi\u00f3n de Magallanes y Ant\u00e1rtica Chilena (3 de agosto)<\/strong><br \/>Modifica resoluci\u00f3n N\u00ba 1.044, de 2021, que prorrog\u00f3 vigencia de medidas sanitarias en la comuna de Cabo de Hornos de la Regi\u00f3n de Magallanes y Ant\u00e1rtica Chilena ante el brote del Covid-19<\/p>\r\n\r\n\r\n\r\n<p><a href=\"https:\/\/westlawchile.cl\/maf\/app\/document?&amp;src=laley4&amp;docguid=i1FA19157176B86F1D6FE60BDD88DCB12&amp;hitguid=i1FA19157176B86F1D6FE60BDD88DCB12&amp;tocguid=&amp;spos=1&amp;epos=1&amp;td=1&amp;ao=i0AC50834CD5E878681CD6243E1B5D7B6&amp;searchFrom=&amp;savedSearch=false&amp;context=80&amp;crumb-action=append&amp;\">Ver texto completo<\/a><\/p>\r\n\r\n\r\n<hr class=\"wp-block-separator has-alpha-channel-opacity\" \/>\r\n\r\n\r\n<p><strong>Resoluci\u00f3n exenta N\u00b0 4.610, Servicio Agr\u00edcola y Ganadero (2 de agosto)<\/strong><br \/>Establece medida provisional para el cumplimiento de la resoluci\u00f3n 1.482, de 2014, que establece requisitos fitosanitarios para el ingreso de frutos frescos de mel\u00f3n (Cucumis melo) y Sand\u00eda (Citrullus lanatus), procedentes de Brasil<\/p>\r\n\r\n\r\n\r\n<p><a href=\"https:\/\/westlawchile.cl\/maf\/app\/document?&amp;src=laley4&amp;srguid=i0ad6adc50000017b3c32364906cb90ce&amp;docguid=i0E0DCDC091589AC803AEA8446E477323&amp;hitguid=i0E0DCDC091589AC803AEA8446E477323&amp;tocguid=&amp;spos=2&amp;epos=2&amp;td=2&amp;ao=i0AC50834CD5E878681CD6243E1B5D7B6&amp;searchFrom=&amp;savedSearch=false&amp;context=83&amp;crumb-action=append&amp;\">Ver texto completo<\/a><\/p>\r\n\r\n\r\n<hr class=\"wp-block-separator has-alpha-channel-opacity\" \/>\r\n\r\n\r\n<p><strong>Decreto N\u00b0 317, Ministerio de Hacienda (31 de julio)<\/strong><br \/>Modifica decreto N\u00ba 240 exento, de 2021, que fija los rubros especiales afectados por la pandemia provocada por el COVID-19, de conformidad a lo dispuesto en el art\u00edculo 11 de la ley N\u00ba 21.354, que otorga bonos de cargo fiscal para apoyar a las micro y peque\u00f1as empresas, por la crisis generada por la enfermedad COVID-19, incorporando nuevos rubros que indica<\/p>\r\n\r\n\r\n\r\n<p><a href=\"https:\/\/westlawchile.cl\/maf\/app\/document?&amp;src=laley4&amp;docguid=iDA42E8DEC7110603D7D29A2DC161FC62&amp;hitguid=iDA42E8DEC7110603D7D29A2DC161FC62&amp;tocguid=&amp;spos=6&amp;epos=6&amp;td=8&amp;ao=i0AC50834CD5E878681CD6243E1B5D7B6&amp;searchFrom=&amp;savedSearch=false&amp;context=86&amp;crumb-action=append&amp;\">Ver texto completo<\/a><\/p>\r\n\r\n\r\n<hr class=\"wp-block-separator has-alpha-channel-opacity\" \/>\r\n\r\n\r\n<p><strong>Resoluci\u00f3n exenta N\u00b0 686, Ministerio de Salud (31 de julio)<\/strong><br \/>Dispone medidas sanitarias que indica por brote de COVID-19<\/p>\r\n\r\n\r\n\r\n<p><a href=\"https:\/\/westlawchile.cl\/maf\/app\/document?&amp;src=laley4&amp;docguid=iC4C424C644F1F82C9D201B1936454BCB&amp;hitguid=iC4C424C644F1F82C9D201B1936454BCB&amp;tocguid=&amp;spos=1&amp;epos=1&amp;td=1&amp;ao=i0AC50834CD5E878681CD6243E1B5D7B6&amp;searchFrom=&amp;savedSearch=false&amp;context=89&amp;crumb-action=append&amp;\">Ver texto completo<\/a><\/p>\r\n\r\n\r\n<hr class=\"wp-block-separator has-alpha-channel-opacity\" \/>\r\n\r\n\r\n<p><strong>Resoluci\u00f3n exenta N\u00b0 682, Ministerio de Salud (28 de julio)<\/strong><br \/>Dispone medidas sanitarias que indica por brote de COVID-19<\/p>\r\n\r\n\r\n\r\n<p><a href=\"https:\/\/westlawchile.cl\/maf\/app\/document?&amp;src=laley4&amp;docguid=i8F2F9C62D592AFDA6D6BA5C56D760F08&amp;hitguid=i8F2F9C62D592AFDA6D6BA5C56D760F08&amp;tocguid=&amp;spos=2&amp;epos=2&amp;td=2&amp;ao=i0AC50834CD5E878681CD6243E1B5D7B6&amp;searchFrom=&amp;savedSearch=false&amp;context=46&amp;crumb-action=append&amp;\">Ver texto completo<\/a><\/p>\r\n\r\n\r\n<hr class=\"wp-block-separator has-alpha-channel-opacity\" \/>\r\n\r\n\r\n<p><strong>Resoluci\u00f3n exenta N\u00b0 683, Ministerio de Salud (28 de julio)<\/strong><br \/>Dispone medidas sanitarias que indica por brote de COVID-19<\/p>\r\n\r\n\r\n\r\n<p><a href=\"https:\/\/westlawchile.cl\/maf\/app\/document?&amp;src=laley4&amp;docguid=i4C995D5D101FFEE69B81661A01236711&amp;hitguid=i4C995D5D101FFEE69B81661A01236711&amp;tocguid=&amp;spos=1&amp;epos=1&amp;td=1&amp;ao=i0AC50834CD5E878681CD6243E1B5D7B6&amp;searchFrom=&amp;savedSearch=false&amp;context=52&amp;crumb-action=append&amp;\">Ver texto completo<\/a><\/p>\r\n\r\n\r\n<hr class=\"wp-block-separator has-alpha-channel-opacity\" \/>\r\n\r\n\r\n<p><strong>Resoluci\u00f3n exenta N\u00b0 4.469, Servicio Agr\u00edcola y Ganadero (28 de julio)<\/strong><br \/>Establece medida provisional para el cumplimiento de la exigencia del resuelvo 9 de la resoluci\u00f3n N\u00ba 9.915, de 2019, que establece requisitos fitosanitarios de importaci\u00f3n para tub\u00e9rculos de papa (Solanum tuberosum L), destinados a consumo, procedentes de Argentina<\/p>\r\n\r\n\r\n\r\n<p><a href=\"https:\/\/westlawchile.cl\/maf\/app\/document?&amp;src=laley4&amp;docguid=i05248B7C1790E1A4D4FA0357D235EF52&amp;hitguid=i05248B7C1790E1A4D4FA0357D235EF52&amp;tocguid=&amp;spos=1&amp;epos=1&amp;td=1&amp;ao=i0AC50834CD5E878681CD6243E1B5D7B6&amp;searchFrom=&amp;savedSearch=false&amp;context=55&amp;crumb-action=append&amp;\">Ver texto completo<\/a><\/p>\r\n\r\n\r\n<hr class=\"wp-block-separator has-alpha-channel-opacity\" \/>\r\n\r\n\r\n<p><strong>Resoluci\u00f3n exenta N\u00b0 4.474, Servicio Agr\u00edcola y Ganadero (28 de julio)<\/strong><br \/>Establece medida provisional para el cumplimiento de la resoluci\u00f3n 4.638, de 2004, que norma requisitos fitosanitarios de ingreso desde Brasil, de frutos frescos de mangos (Mangifera indica)<\/p>\r\n\r\n\r\n\r\n<p><a href=\"https:\/\/westlawchile.cl\/maf\/app\/document?&amp;src=laley4&amp;docguid=i7F05A4E403A90F8F91B8B19A72001C76&amp;hitguid=i7F05A4E403A90F8F91B8B19A72001C76&amp;tocguid=&amp;spos=2&amp;epos=2&amp;td=2&amp;ao=i0AC50834CD5E878681CD6243E1B5D7B6&amp;searchFrom=&amp;savedSearch=false&amp;context=58&amp;crumb-action=append&amp;\">Ver texto completo<\/a><\/p>\r\n\r\n\r\n<hr class=\"wp-block-separator has-alpha-channel-opacity\" \/>\r\n\r\n\r\n<p><strong>Resoluci\u00f3n exenta N\u00b0 2.303, Ministerio de Transportes y Telecomunicaciones (27 de julio)<\/strong><br \/>Modifica resoluci\u00f3n N\u00ba 116 exenta, de 2021<\/p>\r\n\r\n\r\n\r\n<p><a href=\"https:\/\/westlawchile.cl\/maf\/app\/document?&amp;src=laley4&amp;docguid=i4E9F253800D60F61F5CE975D166FE45F&amp;hitguid=i4E9F253800D60F61F5CE975D166FE45F&amp;tocguid=&amp;spos=1&amp;epos=1&amp;td=1&amp;ao=i0AC50834CD5E878681CD6243E1B5D7B6&amp;searchFrom=&amp;savedSearch=false&amp;context=62&amp;crumb-action=append&amp;\">Ver texto completo<\/a><\/p>\r\n\r\n\r\n<hr class=\"wp-block-separator has-alpha-channel-opacity\" \/>\r\n\r\n\r\n<p><strong>Resoluci\u00f3n exenta N\u00b0 2.330, Ministerio de Transportes y Telecomunicaciones (27 de julio<\/strong>)<br \/>Modifica resoluci\u00f3n N\u00ba 985 exenta, de 2021<\/p>\r\n\r\n\r\n\r\n<p><a href=\"https:\/\/westlawchile.cl\/maf\/app\/document?&amp;src=laley4&amp;docguid=i842E4EF51D122794BCC823856CE3A072&amp;hitguid=i842E4EF51D122794BCC823856CE3A072&amp;tocguid=&amp;spos=2&amp;epos=2&amp;td=4&amp;ao=i0AC50834CD5E878681CD6243E1B5D7B6&amp;searchFrom=&amp;savedSearch=false&amp;context=65&amp;crumb-action=append&amp;\">Ver texto completo<\/a><\/p>\r\n\r\n\r\n<hr class=\"wp-block-separator has-alpha-channel-opacity\" \/>\r\n\r\n\r\n<p><strong>Resoluci\u00f3n exenta N\u00b0 2.374, Ministerio de Transportes y Telecomunicaciones (27 de julio)<\/strong><br \/>Modifica resoluci\u00f3n N\u00ba 2.679 exenta, de 2020<\/p>\r\n\r\n\r\n\r\n<p><a href=\"https:\/\/westlawchile.cl\/maf\/app\/document?&amp;src=laley4&amp;docguid=iBD7E6C6D92DC1B8C000E9C95990E06C4&amp;hitguid=iBD7E6C6D92DC1B8C000E9C95990E06C4&amp;tocguid=&amp;spos=1&amp;epos=1&amp;td=2&amp;ao=i0AC50834CD5E878681CD6243E1B5D7B6&amp;searchFrom=&amp;savedSearch=false&amp;context=68&amp;crumb-action=append&amp;\">Ver texto completo<\/a><\/p>\r\n\r\n\r\n<hr class=\"wp-block-separator has-alpha-channel-opacity\" \/>\r\n\r\n\r\n<p><strong>Decreto N\u00b0 190, Ministerio del Interior y Seguridad P\u00fablica (24 de julio)<\/strong><br \/>Modifica decreto N\u00ba 102, de 2020, que dispone el cierre temporal de lugares habilitados para el ingreso y egreso de extranjeros, por Emergencia de Salud P\u00fablica de Importancia Internacional por brote del nuevo coronavirus (2019-NCOV), y extiende su vigencia<\/p>\r\n\r\n\r\n\r\n<p><a href=\"https:\/\/westlawchile.cl\/maf\/app\/document?&amp;src=laley4&amp;docguid=i05F689F4FB800AE35EFB8773CD9FC759&amp;hitguid=i05F689F4FB800AE35EFB8773CD9FC759&amp;tocguid=&amp;spos=11&amp;epos=11&amp;td=18&amp;ao=i0AC50834CD5E878681CD6243E1B5D7B6&amp;searchFrom=&amp;savedSearch=false&amp;context=72&amp;crumb-action=append&amp;\">Ver texto completo<\/a><\/p>\r\n\r\n\r\n<hr class=\"wp-block-separator has-alpha-channel-opacity\" \/>\r\n\r\n\r\n<p><strong>Resoluci\u00f3n exenta N\u00b0 671, Ministerio de Salud (24 de julio)<\/strong><br \/>Dispone medidas sanitarias que indica por brote de COVID-19<\/p>\r\n\r\n\r\n\r\n<p><a href=\"https:\/\/westlawchile.cl\/maf\/app\/document?&amp;src=laley4&amp;docguid=i273B1027E6B3C4021A948460DCA6C281&amp;hitguid=i273B1027E6B3C4021A948460DCA6C281&amp;tocguid=&amp;spos=1&amp;epos=1&amp;td=5&amp;ao=i0AC50834CD5E878681CD6243E1B5D7B6&amp;searchFrom=&amp;savedSearch=false&amp;context=75&amp;crumb-action=append&amp;\">Ver texto completo<\/a><\/p>\r\n\r\n\r\n<hr class=\"wp-block-separator has-alpha-channel-opacity\" \/>\r\n\r\n\r\n<p><strong>Resoluci\u00f3n exenta N\u00b0 672, Ministerio de Salud (24 de julio)<\/strong><br \/>Establece Plan Fronteras Protegidas<\/p>\r\n\r\n\r\n\r\n<p><a href=\"https:\/\/westlawchile.cl\/maf\/app\/document?&amp;src=laley4&amp;docguid=i7FE64332ABFA44CB748FF504B2720228&amp;hitguid=i7FE64332ABFA44CB748FF504B2720228&amp;tocguid=&amp;spos=1&amp;epos=1&amp;td=2&amp;ao=i0AC50834CD5E878681CD6243E1B5D7B6&amp;searchFrom=&amp;savedSearch=false&amp;context=81&amp;crumb-action=append&amp;\">Ver texto completo<\/a><\/p>\r\n\r\n\r\n<hr class=\"wp-block-separator has-alpha-channel-opacity\" \/>\r\n\r\n\r\n<p><strong>Decreto N\u00b0 10, Ministerio de Ciencia, Tecnolog\u00eda, Conocimiento e Innovaci\u00f3n<\/strong><br \/>Crea Comisi\u00f3n Asesora Ministerial Cient\u00edfica para el Establecimiento de un Sistema de Vigilancia Gen\u00f3mica Covid-19<\/p>\r\n\r\n\r\n\r\n<p><a href=\"https:\/\/westlawchile.cl\/maf\/app\/document?&amp;src=laley4&amp;docguid=iF85068A4832E3504F0CF948402F30C6C&amp;hitguid=iF85068A4832E3504F0CF948402F30C6C&amp;tocguid=&amp;spos=32&amp;epos=32&amp;td=35&amp;ao=i0AC50834CD5E878681CD6243E1B5D7B6&amp;searchFrom=&amp;savedSearch=false&amp;context=91&amp;crumb-action=append&amp;\">Ver texto completo<\/a><\/p>\r\n\r\n\r\n<hr class=\"wp-block-separator has-alpha-channel-opacity\" \/>\r\n\r\n\r\n<p><strong>Resoluci\u00f3n exenta N\u00b0 343, Ministerio del Deporte (23 de julio)<\/strong><br \/>Aprueba regulaci\u00f3n complementaria para los efectos de lo dispuesto en el N\u00ba 43, de la resoluci\u00f3n N\u00ba 644 exenta, de 2021, que establece tercer plan Paso a Paso<\/p>\r\n\r\n\r\n\r\n<p><a href=\"https:\/\/westlawchile.cl\/maf\/app\/document?&amp;src=laley4&amp;docguid=iC62B1E9171F61E0B23CAB137D9465487&amp;hitguid=iC62B1E9171F61E0B23CAB137D9465487&amp;tocguid=&amp;spos=2&amp;epos=2&amp;td=2&amp;ao=i0AC50834CD5E878681CD6243E1B5D7B6&amp;searchFrom=&amp;savedSearch=false&amp;context=94&amp;crumb-action=append&amp;\">Ver texto completo<\/a><\/p>\r\n\r\n\r\n<hr class=\"wp-block-separator has-alpha-channel-opacity\" \/>\r\n\r\n\r\n<p><strong>Resoluci\u00f3n exenta N\u00b0 1.179, Ministerio de Vivienda y Urbanismo (21 de julio)<\/strong><br \/>Aprueba medidas excepcionales de gesti\u00f3n para el otorgamiento de subsidios adicionales, conforme al decreto N\u00ba 49, de 2011, y sus modificaciones, Programa Fondo Solidario de Elecci\u00f3n de Vivienda<\/p>\r\n\r\n\r\n\r\n<p><a href=\"https:\/\/westlawchile.cl\/maf\/app\/document?&amp;src=laley4&amp;docguid=i66811B99AB616FDF72BD6636175BAAC3&amp;hitguid=i66811B99AB616FDF72BD6636175BAAC3&amp;tocguid=&amp;spos=2&amp;epos=2&amp;td=3&amp;ao=i0AC50834CD5E878681CD6243E1B5D7B6&amp;searchFrom=&amp;savedSearch=false&amp;context=97&amp;crumb-action=append&amp;\">Ver texto completo<\/a><\/p>\r\n\r\n\r\n<hr class=\"wp-block-separator has-alpha-channel-opacity\" \/>\r\n\r\n\r\n<p><strong>Resoluci\u00f3n exenta N\u00b0 666, Ministerio de Salud (20 de julio)<\/strong><br \/>Dispone medidas sanitarias que indica por brote de Covid-19<\/p>\r\n\r\n\r\n\r\n<p><a href=\"https:\/\/westlawchile.cl\/maf\/app\/document?&amp;src=laley4&amp;docguid=i7D1DD5AB7CFF728124FF9A12D21971F3&amp;hitguid=i7D1DD5AB7CFF728124FF9A12D21971F3&amp;tocguid=&amp;spos=2&amp;epos=2&amp;td=2&amp;ao=i0AC50834CD5E878681CD6243E1B5D7B6&amp;searchFrom=&amp;savedSearch=false&amp;context=100&amp;crumb-action=append&amp;\">Ver texto completo<\/a><\/p>\r\n\r\n\r\n<hr class=\"wp-block-separator has-alpha-channel-opacity\" \/>\r\n\r\n\r\n<p><strong>Resoluci\u00f3n exenta N\u00b0 1.689, Ministerio de Defensa Nacional (19 de julio)<\/strong><br \/>Autoriza segunda pr\u00f3rroga, por \u00fanica vez, de cr\u00e9ditos que indica<\/p>\r\n\r\n\r\n\r\n<p><a href=\"https:\/\/westlawchile.cl\/maf\/app\/document?&amp;src=laley4&amp;docguid=i5B4D61B919FD86ADF57DB14BA51439F1&amp;hitguid=i5B4D61B919FD86ADF57DB14BA51439F1&amp;tocguid=&amp;spos=1&amp;epos=1&amp;td=1&amp;ao=i0AC50834CD5E878681CD6243E1B5D7B6&amp;searchFrom=&amp;savedSearch=false&amp;context=104&amp;crumb-action=append&amp;\">Ver texto completo<\/a><\/p>\r\n\r\n\r\n<hr class=\"wp-block-separator has-alpha-channel-opacity\" \/>\r\n\r\n\r\n<p><strong>Resoluci\u00f3n exenta N\u00b0 644, Ministerio de Salud (15 de julio)<\/strong><br \/>Establece tercer plan Paso a Paso<\/p>\r\n\r\n\r\n\r\n<p><a href=\"https:\/\/westlawchile.cl\/maf\/app\/document?&amp;src=laley4&amp;docguid=i593498D88A111B3C022FFE55DDC9C38D&amp;hitguid=i593498D88A111B3C022FFE55DDC9C38D&amp;tocguid=&amp;spos=2&amp;epos=2&amp;td=3&amp;ao=i0AC50834CD5E878681CD6243E1B5D7B6&amp;searchFrom=&amp;savedSearch=false&amp;context=107&amp;crumb-action=append&amp;\">Ver texto completo<\/a><\/p>\r\n\r\n\r\n<hr class=\"wp-block-separator has-alpha-channel-opacity\" \/>\r\n\r\n\r\n<p><strong>Resoluci\u00f3n exenta N\u00b0 650, Ministerio de Salud (15 de julio)<\/strong><br \/>Dispone medidas sanitarias que indica por brote de COVID-19<\/p>\r\n\r\n\r\n\r\n<p><a href=\"https:\/\/westlawchile.cl\/maf\/app\/document?&amp;src=laley4&amp;docguid=i29729B7EC2AD87EF30A363A21F26EF89&amp;hitguid=i29729B7EC2AD87EF30A363A21F26EF89&amp;tocguid=&amp;spos=2&amp;epos=2&amp;td=4&amp;ao=i0AC50834CD5E878681CD6243E1B5D7B6&amp;searchFrom=&amp;savedSearch=false&amp;context=110&amp;crumb-action=append&amp;\">Ver texto completo<\/a><\/p>\r\n\r\n\r\n<hr class=\"wp-block-separator has-alpha-channel-opacity\" \/>\r\n\r\n\r\n<p><strong>Resoluci\u00f3n exenta N\u00b0 642, Ministerio de Salud (15 de julio)<\/strong><br \/>Dispone medidas sanitarias que indica por brote de COVID-19<\/p>\r\n\r\n\r\n\r\n<p><a href=\"https:\/\/westlawchile.cl\/maf\/app\/document?&amp;src=laley4&amp;docguid=iBD83DE057134EE55E748F60EA852EF9B&amp;hitguid=iBD83DE057134EE55E748F60EA852EF9B&amp;tocguid=&amp;spos=1&amp;epos=1&amp;td=1&amp;ao=i0AC50834CD5E878681CD6243E1B5D7B6&amp;searchFrom=&amp;savedSearch=false&amp;context=118&amp;crumb-action=append&amp;\">Ver texto completo<\/a><\/p>\r\n\r\n\r\n<hr class=\"wp-block-separator has-alpha-channel-opacity\" \/>\r\n\r\n\r\n<p><strong>Decreto N\u00b0 179, Ministerio del Interior y Seguridad P\u00fablica (14 de julio)<\/strong><br \/>Extiende vigencia del decreto N\u00ba 102, de 2020, que dispone el cierre temporal de lugares habilitados para el ingreso y egreso de extranjeros, por emergencia de salud p\u00fablica de importancia internacional (ESPII) por brote del nuevo coronavirus (2019-NCOV)<br \/><del><\/del><\/p>\r\n\r\n\r\n\r\n<p><a href=\"https:\/\/westlawchile.cl\/maf\/app\/document?&amp;src=laley4&amp;docguid=i8BC1D574204829CC3D2DAF43C57BDC45&amp;hitguid=i8BC1D574204829CC3D2DAF43C57BDC45&amp;tocguid=&amp;spos=4&amp;epos=4&amp;td=10&amp;ao=i0AC50834CD5E878681CD6243E1B5D7B6&amp;searchFrom=&amp;savedSearch=false&amp;context=6&amp;crumb-action=append&amp;\">Ver texto completo<\/a><\/p>\r\n\r\n\r\n<hr class=\"wp-block-separator has-alpha-channel-opacity\" \/>\r\n\r\n\r\n<p><strong>Circular N\u00b0 44, Ministerio del Interior y Seguridad P\u00fablica (13 de julio)<\/strong><br \/>Dicta disposiciones para el resguardo del orden p\u00fablico en la Elecci\u00f3n Primaria a realizarse el d\u00eda 18 de julio de 2021<\/p>\r\n\r\n\r\n\r\n<p><a href=\"https:\/\/westlawchile.cl\/maf\/app\/document?&amp;src=laley4&amp;docguid=iF36634C109448763CB51F27A1C2F684F&amp;hitguid=iF36634C109448763CB51F27A1C2F684F&amp;tocguid=&amp;spos=1&amp;epos=1&amp;td=3&amp;ao=i0AC50834CD5E878681CD6243E1B5D7B6&amp;searchFrom=&amp;savedSearch=false&amp;context=12&amp;crumb-action=append&amp;\">Ver texto completo<\/a><\/p>\r\n\r\n\r\n<hr class=\"wp-block-separator has-alpha-channel-opacity\" \/>\r\n\r\n\r\n<p><strong>Ley N\u00b0 21.360, Ministerio del Trabajo y Previsi\u00f3n Social (12 de julio)<\/strong><br \/>Reajusta el monto del ingreso m\u00ednimo mensual, as\u00ed como la asignaci\u00f3n familiar y maternal, y el subsidio familiar, y otorga ayudas extraordinarias para las familias en contexto del COVID-19<\/p>\r\n\r\n\r\n\r\n<p><a href=\"https:\/\/westlawchile.cl\/maf\/app\/document?&amp;src=laley4&amp;docguid=i5800333C16E2A0DA0144FA1F0403C8C5&amp;hitguid=i5800333C16E2A0DA0144FA1F0403C8C5&amp;tocguid=&amp;spos=1&amp;epos=1&amp;td=1&amp;ao=i0AC50834CD5E878681CD6243E1B5D7B6&amp;searchFrom=&amp;savedSearch=false&amp;context=15&amp;crumb-action=append&amp;\">Ver texto completo<\/a><\/p>\r\n\r\n\r\n<hr class=\"wp-block-separator has-alpha-channel-opacity\" \/>\r\n\r\n\r\n<p><strong>Resoluci\u00f3n exenta N\u00b0 614, Ministerio de Salud (10 de julio)<\/strong><br \/>Dispone medidas sanitarias que indica por brote de COVID-19<\/p>\r\n\r\n\r\n\r\n<p><a href=\"https:\/\/westlawchile.cl\/maf\/app\/document?&amp;src=laley4&amp;docguid=i50009ACA7586DF07A5749FF90D0E6EEB&amp;hitguid=i50009ACA7586DF07A5749FF90D0E6EEB&amp;tocguid=&amp;spos=2&amp;epos=2&amp;td=3&amp;ao=i0AC50834CD5E878681CD6243E1B5D7B6&amp;searchFrom=&amp;savedSearch=false&amp;context=18&amp;crumb-action=append&amp;\">Ver texto completo<\/a><\/p>\r\n\r\n\r\n<hr class=\"wp-block-separator has-alpha-channel-opacity\" \/>\r\n\r\n\r\n<p><strong>Resoluci\u00f3n exenta N\u00b0 605, Ministerio de Salud (8 de julio)<\/strong><br \/>Dispone medidas sanitarias que indica por brote de COVID-19<\/p>\r\n\r\n\r\n\r\n<p><a href=\"https:\/\/westlawchile.cl\/maf\/app\/document?&amp;src=laley4&amp;docguid=iED72A3B4D67BABF60715BFC154E2D57E&amp;hitguid=iED72A3B4D67BABF60715BFC154E2D57E&amp;tocguid=&amp;spos=1&amp;epos=1&amp;td=2&amp;ao=i0AC50834CD5E878681CD6243E1B5D7B6&amp;searchFrom=&amp;savedSearch=false&amp;context=24&amp;crumb-action=append&amp;\">Ver texto completo<\/a><\/p>\r\n\r\n\r\n<hr class=\"wp-block-separator has-alpha-channel-opacity\" \/>\r\n\r\n\r\n<p><strong>Resoluci\u00f3n exenta N\u00b0 4.025, Servicio Agr\u00edcola y Ganadero (7 de julio)<\/strong><br \/>Ampl\u00eda el per\u00edodo de vigencia de la resoluci\u00f3n N\u00ba 3.491, de 2020, la cual modifica transitoriamente resoluci\u00f3n N\u00ba 2.134, de 2003, que establece requisitos fitosanitarios de ingreso de frutos frescos de Tomate (Lycopersicon esculentum), para consumo, producidos en lugares de producci\u00f3n bajo mallas anti\u00e1fidos, en Per\u00fa<\/p>\r\n\r\n\r\n\r\n<p><a href=\"https:\/\/westlawchile.cl\/maf\/app\/document?&amp;src=laley4&amp;docguid=iB5E3891F0C4D60F68514673A6F0589F6&amp;hitguid=iB5E3891F0C4D60F68514673A6F0589F6&amp;tocguid=&amp;spos=1&amp;epos=1&amp;td=1&amp;ao=i0AC50834CD5E878681CD6243E1B5D7B6&amp;searchFrom=&amp;savedSearch=false&amp;context=27&amp;crumb-action=append&amp;\">Ver texto completo<\/a><\/p>\r\n\r\n\r\n<hr class=\"wp-block-separator has-alpha-channel-opacity\" \/>\r\n\r\n\r\n<p><strong>Resoluci\u00f3n exenta N\u00b0 814, Direcci\u00f3n del Trabajo (6 de julio)<\/strong><br \/>Posterga el plazo establecido en art\u00edculo primero de las disposiciones transitorias de la resoluci\u00f3n N\u00ba 2.788 exenta, de 2019, que establece un sistema obligatorio de registro y control de asistencia, horas de trabajo y descansos, para el personal de choferes y auxiliares de la locomoci\u00f3n colectiva interurbana y de servicios interurbanos de transporte de pasajeros, en los t\u00e9rminos que indica, y deja sin efecto resoluci\u00f3n exenta que indica<\/p>\r\n\r\n\r\n\r\n<p><a href=\"https:\/\/westlawchile.cl\/maf\/app\/document?&amp;src=laley4&amp;docguid=i67BBD8600ECA563B99A6167D9C7B80D9&amp;hitguid=i67BBD8600ECA563B99A6167D9C7B80D9&amp;tocguid=&amp;spos=2&amp;epos=2&amp;td=2&amp;ao=i0AC50834CD5E878681CD6243E1B5D7B6&amp;searchFrom=&amp;savedSearch=false&amp;context=30&amp;crumb-action=append&amp;\">Ver texto completo<\/a><\/p>\r\n\r\n\r\n<hr class=\"wp-block-separator has-alpha-channel-opacity\" \/>\r\n\r\n\r\n<p><strong>Resoluci\u00f3n exenta N\u00b0 515, Ministerio de Salud (3 de julio)<\/strong><br \/>Modifica resoluci\u00f3n N\u00ba 475 exenta, de 2021, que instruye la suspensi\u00f3n de cirug\u00edas que indica en prestadores cerrados de alta complejidad, estableciendo criterios para su reanudaci\u00f3n<\/p>\r\n\r\n\r\n\r\n<p><a href=\"https:\/\/westlawchile.cl\/maf\/app\/document?&amp;src=laley4&amp;docguid=i5A259B4B0AC5274164BD0BE04BEF137C&amp;hitguid=i5A259B4B0AC5274164BD0BE04BEF137C&amp;tocguid=&amp;spos=2&amp;epos=2&amp;td=2&amp;ao=i0AC50834CD5E878681CD6243E1B5D7B6&amp;searchFrom=&amp;savedSearch=false&amp;context=33&amp;crumb-action=append&amp;\">Ver texto completo<\/a><\/p>\r\n\r\n\r\n<hr class=\"wp-block-separator has-alpha-channel-opacity\" \/>\r\n\r\n\r\n<p><strong>Resoluci\u00f3n exenta N\u00b0 602, Ministerio de Salud (2 de julio)<\/strong><br \/>Dispone medidas sanitarias que indica por brote de COVID-19<\/p>\r\n\r\n\r\n\r\n<p><a href=\"https:\/\/westlawchile.cl\/maf\/app\/document?&amp;src=laley4&amp;docguid=i4DB91A0043682912A326952E1593B5CC&amp;hitguid=i4DB91A0043682912A326952E1593B5CC&amp;tocguid=&amp;spos=1&amp;epos=1&amp;td=1&amp;ao=i0AC50834CD5E878681CD6243E1B5D7B6&amp;searchFrom=&amp;savedSearch=false&amp;context=36&amp;crumb-action=append&amp;\">Ver texto completo<\/a><\/p>\r\n\r\n\r\n<hr class=\"wp-block-separator has-alpha-channel-opacity\" \/>\r\n\r\n\r\n<p><strong>Resoluci\u00f3n exenta N\u00b0 603, Ministerio de Salud (2 de julio)<\/strong><br \/>Dispone medidas sanitarias que indica por brote de COVID-19 en lo relativo a la primera sesi\u00f3n de instalaci\u00f3n de la Convenci\u00f3n Constitucional<\/p>\r\n\r\n\r\n\r\n<p><a href=\"https:\/\/westlawchile.cl\/maf\/app\/document?&amp;src=laley4&amp;docguid=i62CC01956039439492A4F0AF85464EFC&amp;hitguid=i62CC01956039439492A4F0AF85464EFC&amp;tocguid=&amp;spos=1&amp;epos=1&amp;td=1&amp;ao=i0AC50834CD5E878681CD6243E1B5D7B6&amp;searchFrom=&amp;savedSearch=false&amp;context=39&amp;crumb-action=append&amp;\">Ver texto completo<\/a><\/p>\r\n\r\n\r\n<hr class=\"wp-block-separator has-alpha-channel-opacity\" \/>\r\n\r\n\r\n<p><strong>Resoluci\u00f3n exenta N\u00b0 593, Ministerio de Salud (1 de julio)<\/strong><br \/>Dispone medidas sanitarias que indica por brote de COVID-19<\/p>\r\n\r\n\r\n\r\n<p><a href=\"https:\/\/westlawchile.cl\/maf\/app\/document?&amp;src=laley4&amp;docguid=iC469F5867FAB925E193F2E9AB7A791EA&amp;hitguid=iC469F5867FAB925E193F2E9AB7A791EA&amp;tocguid=&amp;spos=1&amp;epos=1&amp;td=2&amp;ao=i0AC50834CD5E878681CD6243E1B5D7B6&amp;searchFrom=&amp;savedSearch=false&amp;context=42&amp;crumb-action=append&amp;\">Ver texto completo<\/a><\/p>\r\n\r\n\r\n<hr class=\"wp-block-separator has-alpha-channel-opacity\" \/>\r\n\r\n\r\n<p><strong>Resoluci\u00f3n exenta N\u00b0 15.215, Seremi de Salud Regi\u00f3n de Tarapac\u00e1 (1 de julio)<\/strong><br \/>Establece cord\u00f3n sanitario para el pueblo de La Tirana, comuna de Pozo Almonte, Regi\u00f3n de Tarapac\u00e1 para el a\u00f1o 2021<\/p>\r\n\r\n\r\n\r\n<p><a href=\"https:\/\/westlawchile.cl\/maf\/app\/document?&amp;src=laley4&amp;docguid=iF426933CBB0D025381053E843964E7D2&amp;hitguid=iF426933CBB0D025381053E843964E7D2&amp;tocguid=&amp;spos=1&amp;epos=1&amp;td=1&amp;ao=i0AC50834CD5E878681CD6243E1B5D7B6&amp;searchFrom=&amp;savedSearch=false&amp;context=45&amp;crumb-action=append&amp;\">Ver texto completo<\/a><\/p>\r\n\r\n\r\n<hr class=\"wp-block-separator has-alpha-channel-opacity\" \/>\r\n\r\n\r\n<p><strong>Resoluci\u00f3n exenta N\u00b0 2.154, Seremi de Salud Regi\u00f3n de Magallanes y Ant\u00e1rtica Chilena (1 de julio)<\/strong><br \/>Modifica resoluci\u00f3n N\u00ba 1.044, de 2021, que prorrog\u00f3 vigencia de medidas sanitarias en la comuna de Cabo de Hornos de la Regi\u00f3n de Magallanes y Ant\u00e1rtica Chilena ante el brote del Covid-19<\/p>\r\n\r\n\r\n\r\n<p><a href=\"https:\/\/westlawchile.cl\/maf\/app\/document?&amp;src=laley4&amp;docguid=i0BA1AAD7B9360D4DB02CD5EFF62556EF&amp;hitguid=i0BA1AAD7B9360D4DB02CD5EFF62556EF&amp;tocguid=&amp;spos=1&amp;epos=1&amp;td=1&amp;ao=i0AC50834CD5E878681CD6243E1B5D7B6&amp;searchFrom=&amp;savedSearch=false&amp;context=48&amp;crumb-action=append&amp;\">Ver texto completo<\/a><\/p>\r\n\r\n\r\n<hr class=\"wp-block-separator has-alpha-channel-opacity\" \/>\r\n\r\n\r\n<p><strong>Resoluci\u00f3n exenta N\u00b0 202, Direcci\u00f3n General del Cr\u00e9dito Prendario (1 de julio)<\/strong><br \/>Declara suspensi\u00f3n de remates presenciales en las Unidades de Cr\u00e9dito del pa\u00eds para el mes de julio de 2021<\/p>\r\n\r\n\r\n\r\n<p><a href=\"https:\/\/westlawchile.cl\/maf\/app\/document?&amp;src=laley4&amp;docguid=iFD9CB2FF5AA0B86037661FF2A6B4BF53&amp;hitguid=iFD9CB2FF5AA0B86037661FF2A6B4BF53&amp;tocguid=&amp;spos=1&amp;epos=1&amp;td=2&amp;ao=i0AC50834CD5E878681CD6243E1B5D7B6&amp;searchFrom=&amp;savedSearch=false&amp;context=54&amp;crumb-action=append&amp;\">Ver texto completo<\/a><\/p>\r\n\r\n\r\n<hr class=\"wp-block-separator has-alpha-channel-opacity\" \/>\r\n\r\n\r\n<p><strong>Decreto N\u00b0 152, Ministerio del Interior y Seguridad P\u00fablica (30 de junio)<\/strong><br \/>Extiende vigencia del decreto N\u00ba 102, de 2020, que dispone el cierre temporal de lugares habilitados para el ingreso y egreso de extranjeros, por Emergencia de Salud P\u00fablica de Importancia Internacional (ESPII) por brote del nuevo coronavirus (2019-NCOV)<\/p>\r\n\r\n\r\n\r\n<p><a href=\"https:\/\/westlawchile.cl\/maf\/app\/document?&amp;src=laley4&amp;docguid=iD8740E777B175A1F3BB6C0C7B381FAD2&amp;hitguid=iD8740E777B175A1F3BB6C0C7B381FAD2&amp;tocguid=&amp;spos=13&amp;epos=13&amp;td=58&amp;ao=i0AC50834CD5E878681CD6243E1B5D7B6&amp;searchFrom=&amp;savedSearch=false&amp;context=57&amp;crumb-action=append&amp;\">Ver texto completo<\/a><\/p>\r\n\r\n\r\n<hr class=\"wp-block-separator has-alpha-channel-opacity\" \/>\r\n\r\n\r\n<p><strong>Decreto N\u00b0 153, Ministerio del Interior y Seguridad P\u00fablica (30 de junio)<\/strong><br \/>Prorroga declaraci\u00f3n de estado de excepci\u00f3n constitucional de cat\u00e1strofe, por calamidad p\u00fablica, en el territorio de Chile, y designa a los Jefes de la Defensa Nacional, seg\u00fan se indica<\/p>\r\n\r\n\r\n\r\n<p><a href=\"https:\/\/westlawchile.cl\/maf\/app\/document?&amp;src=laley4&amp;docguid=i96A43061330ADCFAE5A39EC220B5C2A1&amp;hitguid=i96A43061330ADCFAE5A39EC220B5C2A1&amp;tocguid=&amp;spos=12&amp;epos=12&amp;td=14&amp;ao=i0AC50834CD5E878681CD6243E1B5D7B6&amp;searchFrom=&amp;savedSearch=false&amp;context=64&amp;crumb-action=append&amp;\">Ver texto completo<\/a><\/p>\r\n\r\n\r\n<hr class=\"wp-block-separator has-alpha-channel-opacity\" \/>\r\n\r\n\r\n<p><strong>Decreto N\u00b0 254, Ministerio de Hacienda (26 de junio)<\/strong><br \/>Modifica decreto N\u00ba 32 exento, de 2021, que aprueba reglamento de administraci\u00f3n del Fondo de Garant\u00eda para Peque\u00f1os y Medianos Empresarios aplicable a las Garant\u00edas de Reactivaci\u00f3n y modifica decreto N\u00ba 130 exento, de 2020, que aprueba reglamento de administraci\u00f3n del Fondo de Garant\u00eda para Peque\u00f1os y Medianos Empresarios aplicable a las l\u00edneas de garant\u00eda COVID-19<\/p>\r\n\r\n\r\n\r\n<p><a href=\"https:\/\/westlawchile.cl\/maf\/app\/document?&amp;src=laley4&amp;docguid=i950195A916A851052705FA6C34E82559&amp;hitguid=i950195A916A851052705FA6C34E82559&amp;tocguid=&amp;spos=7&amp;epos=7&amp;td=10&amp;ao=i0AC50834CD5E878681CD6243E1B5D7B6&amp;searchFrom=&amp;savedSearch=false&amp;context=68&amp;crumb-action=append&amp;\">Ver texto completo<\/a><\/p>\r\n\r\n\r\n<hr class=\"wp-block-separator has-alpha-channel-opacity\" \/>\r\n\r\n\r\n<p><strong>Resoluci\u00f3n exenta N\u00b0 590, Ministerio de Salud (26 de junio)<\/strong><br \/>Dispone medidas sanitarias que indica por brote de COVID-19 y modifica resoluciones exentas N\u00ba 997 de 2020 y N\u00b0 43 de 2021<\/p>\r\n\r\n\r\n\r\n<p><a href=\"https:\/\/westlawchile.cl\/maf\/app\/document?&amp;src=laley4&amp;docguid=iBA504740CFF339E6ACC6F1C48EC6FEE8&amp;hitguid=iBA504740CFF339E6ACC6F1C48EC6FEE8&amp;tocguid=&amp;spos=4&amp;epos=4&amp;td=5&amp;ao=i0AC50834CD5E878681CD6243E1B5D7B6&amp;searchFrom=&amp;savedSearch=false&amp;context=71&amp;crumb-action=append&amp;\">Ver texto completo<\/a><\/p>\r\n\r\n\r\n<hr class=\"wp-block-separator has-alpha-channel-opacity\" \/>\r\n\r\n\r\n<p><strong>Resoluci\u00f3n N\u00b0 50, Corporaci\u00f3n de Fomento de la Producci\u00f3n (26 de junio)<\/strong><br \/>Ejecuta acuerdo N\u00ba 29.131, del Comit\u00e9 Ejecutivo de Cr\u00e9ditos de Corfo, adoptado en sesi\u00f3n N\u00ba 5, efectuada el 19 de mayo de 2021, en el marco del programa de Cr\u00e9dito para Intermediarios Financieros No Bancarios (IFNB) \u2013 Cr\u00e9dito Corfo Mipyme y modifica resoluci\u00f3n N\u00b0 37, de 2020<\/p>\r\n\r\n\r\n\r\n<p><a href=\"https:\/\/westlawchile.cl\/maf\/app\/document?&amp;src=laley4&amp;docguid=iB437BF1D09CBB2C13593EDF0A29DACCD&amp;hitguid=iB437BF1D09CBB2C13593EDF0A29DACCD&amp;tocguid=&amp;spos=4&amp;epos=4&amp;td=6&amp;ao=i0AC50834CD5E878681CD6243E1B5D7B6&amp;searchFrom=&amp;savedSearch=false&amp;context=75&amp;crumb-action=append&amp;\">Ver texto completo<\/a><\/p>\r\n\r\n\r\n<hr class=\"wp-block-separator has-alpha-channel-opacity\" \/>\r\n\r\n\r\n<p><strong>Instrucci\u00f3n General N\u00b0 1, Superintendencia de Insolvencia y Reemprendimiento (25 de junio)<\/strong><br \/>Regula el reembolso de los gastos de administraci\u00f3n en las liquidaciones de micro y peque\u00f1as empresas, en el marco del beneficio establecido en el art\u00edculo 15 de la ley N\u00b0 21.354<\/p>\r\n\r\n\r\n\r\n<p><a href=\"https:\/\/westlawchile.cl\/maf\/app\/document?&amp;src=laley4&amp;docguid=iE341613FA9CE793B5A843CD0F177B386&amp;hitguid=iE341613FA9CE793B5A843CD0F177B386&amp;tocguid=&amp;spos=1&amp;epos=1&amp;td=1&amp;ao=i0AC50834CD5E878681CD6243E1B5D7B6&amp;searchFrom=&amp;savedSearch=false&amp;context=107&amp;crumb-action=append&amp;\">Ver texto completo<\/a><\/p>\r\n\r\n\r\n<hr class=\"wp-block-separator has-alpha-channel-opacity\" \/>\r\n\r\n\r\n<p><strong>Resoluci\u00f3n exenta N\u00b0 1.091, Ministerio de las Culturas, las Artes y el Patrimonio<\/strong><br \/>Dispone medida extraordinaria en relaci\u00f3n a la realizaci\u00f3n de actividades de difusi\u00f3n en establecimientos de educaci\u00f3n p\u00fablica y\/o en las comunidades pr\u00f3ximas a ellos, en el marco de la ejecuci\u00f3n de convenios que indica<\/p>\r\n\r\n\r\n\r\n<p><a href=\"https:\/\/westlawchile.cl\/maf\/app\/document?&amp;src=laley4&amp;docguid=iD11275FCC52AAED8F7B1D1DD37AE1AEA&amp;hitguid=iD11275FCC52AAED8F7B1D1DD37AE1AEA&amp;tocguid=&amp;spos=1&amp;epos=1&amp;td=1&amp;ao=i0AC50834CD5E878681CD6243E1B5D7B6&amp;searchFrom=&amp;savedSearch=false&amp;context=113&amp;crumb-action=append&amp;\">Ver texto completo<\/a><\/p>\r\n\r\n\r\n<hr class=\"wp-block-separator has-alpha-channel-opacity\" \/>\r\n\r\n\r\n<p><strong>Resoluci\u00f3n exenta N\u00b0 429, Ministerio del Trabajo y Previsi\u00f3n Social (24 de junio)<\/strong><br \/>Modifica resoluci\u00f3n N\u00ba 625 exenta, de 2020, que califica la situaci\u00f3n de emergencia laboral que indica y activa implementaci\u00f3n de L\u00ednea Emergencia Laboral COVID-19 del Programa de Formaci\u00f3n en el Puesto de Trabajo, conforme a lo dispuesto en el decreto N\u00ba 28, de 2011<\/p>\r\n\r\n\r\n\r\n<p><a href=\"https:\/\/westlawchile.cl\/maf\/app\/document?&amp;src=laley4&amp;docguid=i96AB7D36CE9E4DE944556ED231DE0EAF&amp;hitguid=i96AB7D36CE9E4DE944556ED231DE0EAF&amp;tocguid=&amp;spos=1&amp;epos=1&amp;td=1&amp;ao=i0AC50834CD5E878681CD6243E1B5D7B6&amp;searchFrom=&amp;savedSearch=false&amp;context=116&amp;crumb-action=append&amp;\">Ver texto completo<\/a><\/p>\r\n\r\n\r\n<hr class=\"wp-block-separator has-alpha-channel-opacity\" \/>\r\n\r\n\r\n<p><strong>Decreto N\u00b0 240, Ministerio de Hacienda (23 de junio)<\/strong><br \/>Fija los rubros especiales afectados por la pandemia provocada por el Covid-19, de conformidad a lo dispuesto en el art\u00edculo 11 de la ley N\u00ba 21.354, que otorga bonos de cargo fiscal para apoyar a las micro y peque\u00f1as empresas, por la crisis generada por la enfermedad Covid-19<\/p>\r\n\r\n\r\n\r\n<p><a href=\"https:\/\/westlawchile.cl\/maf\/app\/document?&amp;src=laley4&amp;docguid=i532948530617398CD065ABED1DC09377&amp;hitguid=i532948530617398CD065ABED1DC09377&amp;tocguid=&amp;spos=6&amp;epos=6&amp;td=7&amp;ao=i0AC50834CD5E878681CD6243E1B5D7B6&amp;searchFrom=&amp;savedSearch=false&amp;context=119&amp;crumb-action=append&amp;\">Ver texto completo<\/a><\/p>\r\n\r\n\r\n<hr class=\"wp-block-separator has-alpha-channel-opacity\" \/>\r\n\r\n\r\n<p><strong>Resoluci\u00f3n exenta N\u00b0 196, Direcci\u00f3n General del Cr\u00e9dito Prendario (23 de junio)<\/strong><br \/>Regulariza la suspensi\u00f3n de las operaciones de cr\u00e9dito en la Unidad de Cr\u00e9dito Rancagua<\/p>\r\n\r\n\r\n\r\n<p><a href=\"https:\/\/westlawchile.cl\/maf\/app\/document?&amp;src=laley4&amp;docguid=iCC4959248D9D2FB592A39C9526A7B4A8&amp;hitguid=iCC4959248D9D2FB592A39C9526A7B4A8&amp;tocguid=&amp;spos=1&amp;epos=1&amp;td=3&amp;ao=i0AC50834CD5E878681CD6243E1B5D7B6&amp;searchFrom=&amp;savedSearch=false&amp;context=122&amp;crumb-action=append&amp;\">Ver texto completo<\/a><\/p>\r\n\r\n\r\n<hr class=\"wp-block-separator has-alpha-channel-opacity\" \/>\r\n\r\n\r\n<p><strong>Resoluci\u00f3n exenta N\u00b0 RAEX202101064, Ministerio de Econom\u00eda, Fomento y Turismo (23 de junio)<\/strong><br \/>Establece procedimiento excepcional para la designaci\u00f3n de auditores externos 2021 en cooperativas por motivos que indica<\/p>\r\n\r\n\r\n\r\n<p><a href=\"https:\/\/westlawchile.cl\/maf\/app\/document?&amp;src=laley4&amp;docguid=iAD56AFD430620E2BDFE2DBFEF39BFD75&amp;hitguid=iAD56AFD430620E2BDFE2DBFEF39BFD75&amp;tocguid=&amp;spos=1&amp;epos=1&amp;td=1&amp;ao=i0AC50834CD5E878681CD6243E1B5D7B6&amp;searchFrom=&amp;savedSearch=false&amp;context=125&amp;crumb-action=append&amp;\">Ver texto completo<\/a><\/p>\r\n\r\n\r\n<hr class=\"wp-block-separator has-alpha-channel-opacity\" \/>\r\n\r\n\r\n<p><strong>Decreto N\u00b0 997, Ministerio de Hacienda (22 de junio)<\/strong><br \/>Modifica decreto N\u00ba 611, de 2021, estableciendo las nuevas medidas de \u00edndole tributaria que indica<\/p>\r\n\r\n\r\n\r\n<p><a href=\"https:\/\/westlawchile.cl\/maf\/app\/document?&amp;src=laley4&amp;docguid=i3D1CC5EF14736C16F4F53BEB5D2AD9CE&amp;hitguid=i3D1CC5EF14736C16F4F53BEB5D2AD9CE&amp;tocguid=&amp;spos=1&amp;epos=1&amp;td=2&amp;ao=i0AC50834CD5E878681CD6243E1B5D7B6&amp;searchFrom=&amp;savedSearch=false&amp;context=128&amp;crumb-action=append&amp;\">Ver texto completo<\/a><\/p>\r\n\r\n\r\n<hr class=\"wp-block-separator has-alpha-channel-opacity\" \/>\r\n\r\n\r\n<p><strong>Resoluci\u00f3n exenta N\u00b0 572, Ministerio de Salud (19 de junio)<\/strong><br \/>Dispone medidas sanitarias que indica por brote de COVID-19<\/p>\r\n\r\n\r\n\r\n<p><a href=\"https:\/\/westlawchile.cl\/maf\/app\/document?&amp;src=laley4&amp;docguid=i256852BB4BD89D5890D37033C21B1EF7&amp;hitguid=i256852BB4BD89D5890D37033C21B1EF7&amp;tocguid=&amp;spos=1&amp;epos=1&amp;td=1&amp;ao=i0AC50834CD5E878681CD6243E1B5D7B6&amp;searchFrom=&amp;savedSearch=false&amp;context=132&amp;crumb-action=append&amp;\">Ver texto completo<\/a><\/p>\r\n\r\n\r\n<hr class=\"wp-block-separator has-alpha-channel-opacity\" \/>\r\n\r\n\r\n<p><strong>Decreto N\u00b0 24, Ministerio de Salud (18 de junio)<\/strong><br \/>Prorroga vigencia del decreto N\u00ba 4, de 2020, que decreta alerta sanitaria por el per\u00edodo que se se\u00f1ala y otorga facultades extraordinarias que indica por Emergencia de Salud P\u00fablica de Importancia Internacional (ESPII) por brote del nuevo coronavirus (2019-NCOV)<\/p>\r\n\r\n\r\n\r\n<p><a href=\"https:\/\/westlawchile.cl\/maf\/app\/document?&amp;src=laley4&amp;docguid=iFB70B481E28792B26E1A316699E9B14A&amp;hitguid=iFB70B481E28792B26E1A316699E9B14A&amp;tocguid=&amp;spos=23&amp;epos=23&amp;td=36&amp;ao=i0AC50834CD5E878681CD6243E1B5D7B6&amp;searchFrom=&amp;savedSearch=false&amp;context=135&amp;crumb-action=append&amp;\">Ver texto completo<\/a><\/p>\r\n\r\n\r\n<hr class=\"wp-block-separator has-alpha-channel-opacity\" \/>\r\n\r\n\r\n<p><strong>Decreto N\u00b0 235, Ministerio de Hacienda (18 de junio)<\/strong><br \/>Modifica decreto N\u00ba 120 exento, de 2021<\/p>\r\n\r\n\r\n\r\n<p><a href=\"https:\/\/westlawchile.cl\/maf\/app\/document?&amp;src=laley4&amp;docguid=iEB7DB6823483B451585829FF669E62E1&amp;hitguid=iEB7DB6823483B451585829FF669E62E1&amp;tocguid=&amp;spos=2&amp;epos=2&amp;td=7&amp;ao=i0AC50834CD5E878681CD6243E1B5D7B6&amp;searchFrom=&amp;savedSearch=false&amp;context=138&amp;crumb-action=append&amp;\">Ver texto completo<\/a><\/p>\r\n\r\n\r\n<hr class=\"wp-block-separator has-alpha-channel-opacity\" \/>\r\n\r\n\r\n<p><strong>Acuerdo S\/N, Servicio Electoral (18 de junio)<\/strong><br \/>Dicta normas e instrucciones para el desarrollo de las Elecciones Primarias para la nominaci\u00f3n de candidatos al cargo de Presidente de la Rep\u00fablica del 18 de julio de 2021<\/p>\r\n\r\n\r\n\r\n<p><a href=\"https:\/\/westlawchile.cl\/maf\/app\/document?&amp;src=laley4&amp;docguid=i51372402122081A722B7CCF10E9325FC&amp;hitguid=i51372402122081A722B7CCF10E9325FC&amp;tocguid=&amp;spos=15&amp;epos=15&amp;td=25&amp;ao=i0AC50834CD5E878681CD6243E1B5D7B6&amp;searchFrom=&amp;savedSearch=false&amp;context=141&amp;crumb-action=append&amp;\">Ver texto completo<\/a><\/p>\r\n\r\n\r\n<hr class=\"wp-block-separator has-alpha-channel-opacity\" \/>\r\n\r\n\r\n<p><strong>Ley N\u00b0 21.353, Ministerio de Hacienda (17 de junio)<\/strong><br \/>Establece nuevas medidas tributarias para apoyar a las micro, peque\u00f1as y medianas empresas, por la crisis generada por la enfermedad COVID-19<\/p>\r\n\r\n\r\n\r\n<p><a href=\"https:\/\/westlawchile.cl\/maf\/app\/document?&amp;src=laley4&amp;docguid=i146055B3E6633DA8EC8C6BFC1D70AC3C&amp;hitguid=i146055B3E6633DA8EC8C6BFC1D70AC3C&amp;tocguid=&amp;spos=1&amp;epos=1&amp;td=1&amp;ao=i0AC50834CD5E878681CD6243E1B5D7B6&amp;searchFrom=&amp;savedSearch=false&amp;context=8&amp;crumb-action=append&amp;\">Ver texto completo<\/a><\/p>\r\n\r\n\r\n<hr class=\"wp-block-separator has-alpha-channel-opacity\" \/>\r\n\r\n\r\n<p><strong>Ley N\u00b0 21.354, Ministerio de Hacienda (17 de junio)<\/strong><br \/>Otorga bonos de cargo fiscal para apoyar a las micro y peque\u00f1as empresas, por la crisis generada por la enfermedad COVID-19<\/p>\r\n\r\n\r\n\r\n<p><a href=\"https:\/\/westlawchile.cl\/maf\/app\/document?&amp;src=laley4&amp;docguid=iC8003EE1451B9A3B51AAE32F2BB8CCB2&amp;hitguid=iC8003EE1451B9A3B51AAE32F2BB8CCB2&amp;tocguid=&amp;spos=1&amp;epos=1&amp;td=1&amp;ao=i0AC50834CD5E878681CD6243E1B5D7B6&amp;searchFrom=&amp;savedSearch=false&amp;context=14&amp;crumb-action=append&amp;\">Ver texto completo<\/a><\/p>\r\n\r\n\r\n<hr class=\"wp-block-separator has-alpha-channel-opacity\" \/>\r\n\r\n\r\n<p><strong>Ley N\u00b0 21.348, Ministerio de Obras P\u00fablicas (17 de junio)<\/strong><br \/>Faculta al Presidente de la Rep\u00fablica para asegurar el uso prioritario del agua para el consumo humano, el saneamiento y el uso dom\u00e9stico de subsistencia, durante la vigencia de un estado de excepci\u00f3n constitucional de cat\u00e1strofe por calamidad p\u00fablica<\/p>\r\n\r\n\r\n\r\n<p><a href=\"https:\/\/westlawchile.cl\/maf\/app\/document?&amp;src=laley4&amp;docguid=i4396E45C6B54F9DCE7E9E3D8DBA4C905&amp;hitguid=i4396E45C6B54F9DCE7E9E3D8DBA4C905&amp;tocguid=&amp;spos=1&amp;epos=1&amp;td=1&amp;ao=i0AC50834CD5E878681CD6243E1B5D7B6&amp;searchFrom=&amp;savedSearch=false&amp;context=17&amp;crumb-action=append&amp;\">Ver texto completo<\/a><\/p>\r\n\r\n\r\n<hr class=\"wp-block-separator has-alpha-channel-opacity\" \/>\r\n\r\n\r\n<p><strong>Resoluci\u00f3n exenta N\u00b0 556, Ministerio de Salud (16 de junio)<\/strong><br \/>Dispone medidas sanitarias que indica por brote de COVID-19<\/p>\r\n\r\n\r\n\r\n<p><a href=\"https:\/\/westlawchile.cl\/maf\/app\/document?&amp;src=laley4&amp;docguid=i917BADDA1A33415E2973CF3E4A1A7E66&amp;hitguid=i917BADDA1A33415E2973CF3E4A1A7E66&amp;tocguid=&amp;spos=3&amp;epos=3&amp;td=3&amp;ao=i0AC50834CD5E878681CD6243E1B5D7B6&amp;searchFrom=&amp;savedSearch=false&amp;context=20&amp;crumb-action=append&amp;\">Ver texto completo<\/a><\/p>\r\n\r\n\r\n<hr class=\"wp-block-separator has-alpha-channel-opacity\" \/>\r\n\r\n\r\n<p><strong>Decreto N\u00b0 139, Ministerio del Interior y Seguridad P\u00fablica (15 de junio)<\/strong><br \/>Modifica el decreto N\u00ba 102, de 2020, que dispone el cierre temporal de lugares habilitados para el ingreso y egreso de extranjeros, por Emergencia de Salud P\u00fablica de Importancia Internacional (ESPII) por brote del nuevo coronavirus (2019-NCOV), y extiende su vigencia<\/p>\r\n\r\n\r\n\r\n<p><a href=\"https:\/\/westlawchile.cl\/maf\/app\/document?&amp;src=laley4&amp;docguid=i0C26AA13666A178A378FE6F62A55FC34&amp;hitguid=i0C26AA13666A178A378FE6F62A55FC34&amp;tocguid=&amp;spos=10&amp;epos=10&amp;td=17&amp;ao=i0AC50834CD5E878681CD6243E1B5D7B6&amp;searchFrom=&amp;savedSearch=false&amp;context=24&amp;crumb-action=append&amp;\">Ver texto completo<\/a><\/p>\r\n\r\n\r\n<hr class=\"wp-block-separator has-alpha-channel-opacity\" \/>\r\n\r\n\r\n<p><strong>Resoluci\u00f3n exenta N\u00b0 182, Comisi\u00f3n Nacional de Energ\u00eda (15 de junio)<\/strong><br \/>Establece plazos del anexo t\u00e9cnico de sistemas de medici\u00f3n, monitoreo y control de la norma t\u00e9cnica de calidad de servicio para sistemas de distribuci\u00f3n<\/p>\r\n\r\n\r\n\r\n<p><a href=\"https:\/\/westlawchile.cl\/maf\/app\/document?&amp;src=laley4&amp;docguid=i4384187A8CF7933910E7C0F1EC3784CF&amp;hitguid=i4384187A8CF7933910E7C0F1EC3784CF&amp;tocguid=&amp;spos=1&amp;epos=1&amp;td=2&amp;ao=i0AC50834CD5E878681CD6243E1B5D7B6&amp;searchFrom=&amp;savedSearch=false&amp;context=27&amp;crumb-action=append&amp;\">Ver texto completo<\/a><\/p>\r\n\r\n\r\n<hr class=\"wp-block-separator has-alpha-channel-opacity\" \/>\r\n\r\n\r\n<p><strong>Ley N\u00b0 21.351, Ministerio del Trabajo y Previsi\u00f3n Social (14 de junio)<\/strong><br \/>Modifica la ley N\u00ba 21.247, otorgando prestaciones excepcionales a los trabajadores dependientes, independientes y del sector p\u00fablico que han hecho uso de una o m\u00e1s licencias m\u00e9dicas preventivas parentales en las condiciones que indica<\/p>\r\n\r\n\r\n\r\n<p><a href=\"https:\/\/westlawchile.cl\/maf\/app\/document?&amp;src=laley4&amp;docguid=iE5E1BAC5078B5A9E6A49E645B485D34D&amp;hitguid=iE5E1BAC5078B5A9E6A49E645B485D34D&amp;tocguid=&amp;spos=1&amp;epos=1&amp;td=1&amp;ao=i0AC50834CD5E878681CD6243E1B5D7B6&amp;searchFrom=&amp;savedSearch=false&amp;context=30&amp;crumb-action=append&amp;\">Ver texto completo<\/a><\/p>\r\n\r\n\r\n<hr class=\"wp-block-separator has-alpha-channel-opacity\" \/>\r\n\r\n\r\n<p><strong>Resoluci\u00f3n exenta N\u00b0 1.374, Ministerio de Defensa Nacional (14 de junio)<\/strong><br \/>Convoca a instituciones que indica a celebrar convenios<\/p>\r\n\r\n\r\n\r\n<p><a href=\"https:\/\/westlawchile.cl\/maf\/app\/document?&amp;src=laley4&amp;docguid=i6CAA232A79BB9F05A8919E37C5C8E7A2&amp;hitguid=i6CAA232A79BB9F05A8919E37C5C8E7A2&amp;tocguid=&amp;spos=1&amp;epos=1&amp;td=1&amp;ao=i0AC50834CD5E878681CD6243E1B5D7B6&amp;searchFrom=&amp;savedSearch=false&amp;context=36&amp;crumb-action=append&amp;\">Ver texto completo<\/a><\/p>\r\n\r\n\r\n<hr class=\"wp-block-separator has-alpha-channel-opacity\" \/>\r\n\r\n\r\n<p><strong>Resoluci\u00f3n exenta N\u00b0 554, Ministerio de Salud (12 de junio)<\/strong><br \/>Dispone medidas sanitarias que indica por brote de COVID-19<\/p>\r\n\r\n\r\n\r\n<p><a href=\"https:\/\/westlawchile.cl\/maf\/app\/document?&amp;src=laley4&amp;docguid=i395634A4DFB30769CC2F1722D14ABC90&amp;hitguid=i395634A4DFB30769CC2F1722D14ABC90&amp;tocguid=&amp;spos=2&amp;epos=2&amp;td=3&amp;ao=i0AC50834CD5E878681CD6243E1B5D7B6&amp;searchFrom=&amp;savedSearch=false&amp;context=39&amp;crumb-action=append&amp;\">Ver texto completo<\/a><\/p>\r\n\r\n\r\n<hr class=\"wp-block-separator has-alpha-channel-opacity\" \/>\r\n\r\n\r\n<p><strong>Resoluci\u00f3n exenta N\u00b0 1.937, Ministerio de Salud (12 de junio)<\/strong><br \/>Modifica resoluci\u00f3n N\u00b0 2.607, de 2020, que dispone medidas sanitarias que indica en la Regi\u00f3n de Magallanes y Ant\u00e1rtica Chilena ante el brote de COVID-19<\/p>\r\n\r\n\r\n\r\n<p><a href=\"https:\/\/westlawchile.cl\/maf\/app\/document?&amp;src=laley4&amp;docguid=i821C0819C7B05733777999348E9C4638&amp;hitguid=i821C0819C7B05733777999348E9C4638&amp;tocguid=&amp;spos=2&amp;epos=2&amp;td=3&amp;ao=i0AC50834CD5E878681CD6243E1B5D7B6&amp;searchFrom=&amp;savedSearch=false&amp;context=42&amp;crumb-action=append&amp;\">Ver texto completo<\/a><\/p>\r\n\r\n\r\n<hr class=\"wp-block-separator has-alpha-channel-opacity\" \/>\r\n\r\n\r\n<p><strong>Decreto N\u00b0 48, Ministerio de Educaci\u00f3n (11 de junio)<\/strong><br \/>Establece Plan de Evaluaciones Nacionales e Internacionales para el per\u00edodo 2021 \u2013 2026<\/p>\r\n\r\n\r\n\r\n<p><a href=\"https:\/\/westlawchile.cl\/maf\/app\/document?&amp;src=laley4&amp;docguid=iAE20CA1F3FF9698AC3457A24BBB0B3CF&amp;hitguid=iAE20CA1F3FF9698AC3457A24BBB0B3CF&amp;tocguid=&amp;spos=6&amp;epos=6&amp;td=31&amp;ao=i0AC50834CD5E878681CD6243E1B5D7B6&amp;searchFrom=&amp;savedSearch=false&amp;context=45&amp;crumb-action=append&amp;\">Ver texto completo<\/a><\/p>\r\n\r\n\r\n<hr class=\"wp-block-separator has-alpha-channel-opacity\" \/>\r\n\r\n\r\n<p><strong>Resoluci\u00f3n exenta N\u00b0 12.642, Seremi de Salud Regi\u00f3n de Los Lagos (11 de junio)<\/strong><br \/>Deja sin efecto resoluciones exentas N\u00b0 11.485, de 2021, y N\u00b0 13.385, de 2020<\/p>\r\n\r\n\r\n\r\n<p><a href=\"https:\/\/westlawchile.cl\/maf\/app\/document?&amp;src=laley4&amp;docguid=iDBCFB615F257D43EADAC46594B2F631D&amp;hitguid=iDBCFB615F257D43EADAC46594B2F631D&amp;tocguid=&amp;spos=1&amp;epos=1&amp;td=1&amp;ao=i0AC50834CD5E878681CD6243E1B5D7B6&amp;searchFrom=&amp;savedSearch=false&amp;context=48&amp;crumb-action=append&amp;\">Ver texto completo<\/a><\/p>\r\n\r\n\r\n<hr class=\"wp-block-separator has-alpha-channel-opacity\" \/>\r\n\r\n\r\n<p><strong>Resoluci\u00f3n exenta N\u00b0 543, Ministerio de Salud (10 de junio)<\/strong><br \/>Dispone medidas sanitarias que indica por brote de COVID-19<\/p>\r\n\r\n\r\n\r\n<p><a href=\"https:\/\/westlawchile.cl\/maf\/app\/document?&amp;src=laley4&amp;docguid=i3014B3E4447C46F1DBF7D47D446F89B7&amp;hitguid=i3014B3E4447C46F1DBF7D47D446F89B7&amp;tocguid=&amp;spos=1&amp;epos=1&amp;td=1&amp;ao=i0AC50834CD5E878681CD6243E1B5D7B6&amp;searchFrom=&amp;savedSearch=false&amp;context=51&amp;crumb-action=append&amp;\">Ver texto completo<\/a><\/p>\r\n\r\n\r\n<hr class=\"wp-block-separator has-alpha-channel-opacity\" \/>\r\n\r\n\r\n<p><strong>Resoluci\u00f3n exenta N\u00b0 544, Ministerio de Salud (10 de junio)<\/strong><br \/>Modifica resoluci\u00f3n N\u00ba 43 exenta, de 2021<\/p>\r\n\r\n\r\n\r\n<p><a href=\"https:\/\/westlawchile.cl\/maf\/app\/document?&amp;src=laley4&amp;docguid=i035D59AB675CA2C69519E134DFF9998A&amp;hitguid=i035D59AB675CA2C69519E134DFF9998A&amp;tocguid=&amp;spos=1&amp;epos=1&amp;td=3&amp;ao=i0AC50834CD5E878681CD6243E1B5D7B6&amp;searchFrom=&amp;savedSearch=false&amp;context=54&amp;crumb-action=append&amp;\">Ver texto completo<\/a><\/p>\r\n\r\n\r\n<hr class=\"wp-block-separator has-alpha-channel-opacity\" \/>\r\n\r\n\r\n<p><strong>Resoluci\u00f3n exenta N\u00b0 475, Ministerio de Salud (10 de junio)<\/strong><br \/>Instruye la suspensi\u00f3n de cirug\u00edas que indica en prestadores cerrados de alta complejidad<\/p>\r\n\r\n\r\n\r\n<p><a href=\"https:\/\/westlawchile.cl\/maf\/app\/document?&amp;src=laley4&amp;docguid=i57BD52E6ADC19405A79CF96E3CC35832&amp;hitguid=i57BD52E6ADC19405A79CF96E3CC35832&amp;tocguid=&amp;spos=1&amp;epos=1&amp;td=3&amp;ao=i0AC50834CD5E878681CD6243E1B5D7B6&amp;searchFrom=&amp;savedSearch=false&amp;context=58&amp;crumb-action=append&amp;\">Ver texto completo<\/a><\/p>\r\n\r\n\r\n<hr class=\"wp-block-separator has-alpha-channel-opacity\" \/>\r\n\r\n\r\n<p><strong>Resoluci\u00f3n exenta N\u00b0 409, Seremi de Transportes Regi\u00f3n del Maule (10 de junio)<\/strong><br \/>Deja sin efecto resoluci\u00f3n N\u00b0 46 exenta, de 2021<\/p>\r\n\r\n\r\n\r\n<p><a href=\"https:\/\/westlawchile.cl\/maf\/app\/document?&amp;src=laley4&amp;docguid=iFD010DC1FE24C65B0708178CE39D8A4A&amp;hitguid=iFD010DC1FE24C65B0708178CE39D8A4A&amp;tocguid=&amp;spos=4&amp;epos=4&amp;td=5&amp;ao=i0AC50834CD5E878681CD6243E1B5D7B6&amp;searchFrom=&amp;savedSearch=false&amp;context=65&amp;crumb-action=append&amp;\">Ver texto completo<\/a><\/p>\r\n\r\n\r\n<hr class=\"wp-block-separator has-alpha-channel-opacity\" \/>\r\n\r\n\r\n<p><strong>Resoluci\u00f3n exenta N\u00b0 410, Seremi de Transportes Regi\u00f3n del Maule (10 de junio)<\/strong><br \/>Deja sin efecto resoluci\u00f3n N\u00b0 48 exenta, de 2021<\/p>\r\n\r\n\r\n\r\n<p><a href=\"https:\/\/westlawchile.cl\/maf\/app\/document?&amp;src=laley4&amp;docguid=i2E8CBCDC078326F3DA6C7AD83C370110&amp;hitguid=i2E8CBCDC078326F3DA6C7AD83C370110&amp;tocguid=&amp;spos=1&amp;epos=1&amp;td=2&amp;ao=i0AC50834CD5E878681CD6243E1B5D7B6&amp;searchFrom=&amp;savedSearch=false&amp;context=68&amp;crumb-action=append&amp;\">Ver texto completo<\/a><\/p>\r\n\r\n\r\n<hr class=\"wp-block-separator has-alpha-channel-opacity\" \/>\r\n\r\n\r\n<p><strong>Resoluci\u00f3n exenta N\u00b0 411, Seremi de Transportes Regi\u00f3n del Maule (10 de junio)<\/strong><br \/>Modifica resoluci\u00f3n N\u00ba 47 exenta, de 2021, que proh\u00edbe circulaci\u00f3n de veh\u00edculos motorizados en v\u00edas que indica en la ciudad de Talca<\/p>\r\n\r\n\r\n\r\n<p><a href=\"https:\/\/westlawchile.cl\/maf\/app\/document?&amp;src=laley4&amp;docguid=iD604CA469672DD95CE260F4A561424FE&amp;hitguid=iD604CA469672DD95CE260F4A561424FE&amp;tocguid=&amp;spos=2&amp;epos=2&amp;td=2&amp;ao=i0AC50834CD5E878681CD6243E1B5D7B6&amp;searchFrom=&amp;savedSearch=false&amp;context=71&amp;crumb-action=append&amp;\">Ver texto completo<\/a><\/p>\r\n\r\n\r\n<hr class=\"wp-block-separator has-alpha-channel-opacity\" \/>\r\n\r\n\r\n<p><strong>Circular N\u00b0 29, Ministerio del Interior y Seguridad P\u00fablica (8 de junio)<\/strong><br \/>Dicta disposiciones para el resguardo del orden p\u00fablico en la segunda votaci\u00f3n de Gobernadores Regionales del d\u00eda 13 de junio de 2021<\/p>\r\n\r\n\r\n\r\n<p><a href=\"https:\/\/westlawchile.cl\/maf\/app\/document?&amp;src=laley4&amp;docguid=i469EF29242BC0B03F103EA4988B7AC1F&amp;hitguid=i469EF29242BC0B03F103EA4988B7AC1F&amp;tocguid=&amp;spos=1&amp;epos=1&amp;td=1&amp;ao=i0AC50834CD5E878681CD6243E1B5D7B6&amp;searchFrom=&amp;savedSearch=false&amp;context=156&amp;crumb-action=append&amp;\">Ver texto completo<\/a><\/p>\r\n\r\n\r\n<hr class=\"wp-block-separator has-alpha-channel-opacity\" \/>\r\n\r\n\r\n<p><strong>Ley N\u00b0 21.352, Ministerio de Hacienda (7 de junio)<\/strong><br \/>Modifica la Ley N\u00ba 21.289, de Presupuestos del Sector P\u00fablico correspondiente al a\u00f1o 2021, y la Ley N\u00ba 21.230, que concede un Ingreso Familiar de Emergencia<\/p>\r\n\r\n\r\n\r\n<p><a href=\"https:\/\/westlawchile.cl\/maf\/app\/document?&amp;src=laley4&amp;docguid=iF3444D49D1986E0421AE14EFA9A11722&amp;hitguid=iF3444D49D1986E0421AE14EFA9A11722&amp;tocguid=&amp;spos=1&amp;epos=1&amp;td=1&amp;ao=i0AC50834CD5E878681CD6243E1B5D7B6&amp;searchFrom=&amp;savedSearch=false&amp;context=159&amp;crumb-action=append&amp;\">Ver texto completo<\/a><\/p>\r\n\r\n\r\n<hr class=\"wp-block-separator has-alpha-channel-opacity\" \/>\r\n\r\n\r\n<p><strong>Resoluci\u00f3n exenta N\u00b0 727, Ministerio de Vivienda y Urbanismo (7 de junio)<\/strong><br \/>Aprueba medidas excepcionales de gesti\u00f3n para el otorgamiento de subsidios adicionales, conforme al decreto N\u00ba 255, de 2006, y sus modificaciones, Programa de Protecci\u00f3n del Patrimonio Familiar, y al decreto N\u00ba 27, de 2016, Programa de Mejoramiento de Viviendas y Barrios<\/p>\r\n\r\n\r\n\r\n<p><a href=\"https:\/\/westlawchile.cl\/maf\/app\/document?&amp;src=laley4&amp;docguid=i2B0525D1BB85912C43028E2D3E377DF8&amp;hitguid=i2B0525D1BB85912C43028E2D3E377DF8&amp;tocguid=&amp;spos=3&amp;epos=3&amp;td=3&amp;ao=i0AC50834CD5E878681CD6243E1B5D7B6&amp;searchFrom=&amp;savedSearch=false&amp;context=162&amp;crumb-action=append&amp;\">Ver texto completo<\/a><\/p>\r\n\r\n\r\n<hr class=\"wp-block-separator has-alpha-channel-opacity\" \/>\r\n\r\n\r\n<p><strong>Ley N\u00b0 21.346, Ministerio de Educaci\u00f3n (4 de junio)<\/strong><br \/>Modifica la ley N\u00ba 21.094, sobre Universidades Estatales, con el fin de prorrogar el plazo establecido para proponer al Presidente de la Rep\u00fablica la modificaci\u00f3n de sus respectivos estatutos, a ra\u00edz de la pandemia por COVID-19<\/p>\r\n\r\n\r\n\r\n<p><a href=\"https:\/\/westlawchile.cl\/maf\/app\/document?&amp;src=laley4&amp;docguid=i162B2B2FE7427DC88A0661648114A38D&amp;hitguid=i162B2B2FE7427DC88A0661648114A38D&amp;tocguid=&amp;spos=1&amp;epos=1&amp;td=1&amp;ao=i0AC50834CD5E878681CD6243E1B5D7B6&amp;searchFrom=&amp;savedSearch=false&amp;context=165&amp;crumb-action=append&amp;\">Ver texto completo<\/a><\/p>\r\n\r\n\r\n<hr class=\"wp-block-separator has-alpha-channel-opacity\" \/>\r\n\r\n\r\n<p><strong>Resoluci\u00f3n exenta N\u00b0 527, Ministerio de Salud (4 de junio)<\/strong><br \/>Dispone medidas sanitarias que indica por brote de COVID-19, y modifica resoluciones exentas N\u00b0 43, de 2021, y N\u00b0 997, de 2020<\/p>\r\n\r\n\r\n\r\n<p><a href=\"https:\/\/westlawchile.cl\/maf\/app\/document?&amp;src=laley4&amp;docguid=i71259DB523DDC11B53B3CB6FC6CBB39B&amp;hitguid=i71259DB523DDC11B53B3CB6FC6CBB39B&amp;tocguid=&amp;spos=1&amp;epos=1&amp;td=1&amp;ao=i0AC50834CD5E878681CD6243E1B5D7B6&amp;searchFrom=&amp;savedSearch=false&amp;context=168&amp;crumb-action=append&amp;\">Ver texto completo<\/a><\/p>\r\n\r\n\r\n<hr class=\"wp-block-separator has-alpha-channel-opacity\" \/>\r\n\r\n\r\n<p><strong>Resoluci\u00f3n exenta N\u00b0 1.830, Seremi de Salud Regi\u00f3n de Magallanes y Ant\u00e1rtica Chilena (4 de junio)<\/strong><br \/>Modifica resoluci\u00f3n N\u00ba 1.044, de 2021, que prorrog\u00f3 vigencia de medidas sanitarias en la comuna de Cabo de Hornos, ante el brote del COVID-19<\/p>\r\n\r\n\r\n\r\n<p><a href=\"https:\/\/westlawchile.cl\/maf\/app\/document?&amp;src=laley4&amp;docguid=iA97F28AE266600C8D8706853D65A561F&amp;hitguid=iA97F28AE266600C8D8706853D65A561F&amp;tocguid=&amp;spos=2&amp;epos=2&amp;td=3&amp;ao=i0AC50834CD5E878681CD6243E1B5D7B6&amp;searchFrom=&amp;savedSearch=false&amp;context=171&amp;crumb-action=append&amp;\">Ver texto completo<\/a><\/p>\r\n\r\n\r\n<hr class=\"wp-block-separator has-alpha-channel-opacity\" \/>\r\n\r\n\r\n<p><strong>Ley N\u00b0 21.347, Ministerio del Trabajo y Previsi\u00f3n Social (3 de junio)<\/strong><br \/>Crea un permiso laboral para que todo trabajador pueda ser vacunado, en los casos que indica<\/p>\r\n\r\n\r\n\r\n<p><a href=\"https:\/\/westlawchile.cl\/maf\/app\/document?&amp;src=laley4&amp;docguid=i79FB0B192B6C09A21E3F6B3C0E48DA53&amp;hitguid=i79FB0B192B6C09A21E3F6B3C0E48DA53&amp;tocguid=&amp;spos=1&amp;epos=1&amp;td=1&amp;ao=i0AC50834CD5E878681CD6243E1B5D7B6&amp;searchFrom=&amp;savedSearch=false&amp;context=174&amp;crumb-action=append&amp;\">Ver texto completo<\/a><\/p>\r\n\r\n\r\n<hr class=\"wp-block-separator has-alpha-channel-opacity\" \/>\r\n\r\n\r\n<p><strong>Resoluci\u00f3n exenta N\u00b0 380, Ministerio del Trabajo y Previsi\u00f3n Social (3 de junio)<\/strong><br \/>Modifica resoluci\u00f3n N\u00ba 625 exenta, de 2020, que califica la situaci\u00f3n de emergencia laboral que indica y activa implementaci\u00f3n de L\u00ednea Emergencia Laboral Covid-19 del Programa de Formaci\u00f3n en el Puesto de Trabajo, conforme a lo dispuesto en el decreto N\u00ba 28, de 2011<\/p>\r\n\r\n\r\n\r\n<p><a href=\"https:\/\/westlawchile.cl\/maf\/app\/document?&amp;src=laley4&amp;docguid=iE2D410021DBF2A3AD8D5BDCF4D09388D&amp;hitguid=iE2D410021DBF2A3AD8D5BDCF4D09388D&amp;tocguid=&amp;spos=1&amp;epos=1&amp;td=1&amp;ao=i0AC50834CD5E878681CD6243E1B5D7B6&amp;searchFrom=&amp;savedSearch=false&amp;context=177&amp;crumb-action=append&amp;\">Ver texto completo<\/a><\/p>\r\n\r\n\r\n<hr class=\"wp-block-separator has-alpha-channel-opacity\" \/>\r\n\r\n\r\n<p><strong>Resoluci\u00f3n exenta N\u00b0 498, Ministerio de Salud (3 de junio)<\/strong><br \/>Dispone medidas sanitarias que indica por brote de COVID-19<\/p>\r\n\r\n\r\n\r\n<p><a href=\"https:\/\/westlawchile.cl\/maf\/app\/document?&amp;src=laley4&amp;docguid=i335AF137A650EA3D840CBC5F2473D403&amp;hitguid=i335AF137A650EA3D840CBC5F2473D403&amp;tocguid=&amp;spos=3&amp;epos=3&amp;td=4&amp;ao=i0AC50834CD5E878681CD6243E1B5D7B6&amp;searchFrom=&amp;savedSearch=false&amp;context=180&amp;crumb-action=append&amp;\">Ver texto completo<\/a><\/p>\r\n\r\n\r\n<hr class=\"wp-block-separator has-alpha-channel-opacity\" \/>\r\n\r\n\r\n<p><strong>Resoluci\u00f3n exenta N\u00b0 501, Ministerio de Salud (3 de junio)<\/strong><br \/>Modifica resoluci\u00f3n N\u00b0 43 exenta, de 2021<\/p>\r\n\r\n\r\n\r\n<p><a href=\"https:\/\/westlawchile.cl\/maf\/app\/document?&amp;src=laley4&amp;docguid=i7F7980F539E8F90ADAFF2CABCB0A2E99&amp;hitguid=i7F7980F539E8F90ADAFF2CABCB0A2E99&amp;tocguid=&amp;spos=2&amp;epos=2&amp;td=2&amp;ao=i0AC50834CD5E878681CD6243E1B5D7B6&amp;searchFrom=&amp;savedSearch=false&amp;context=183&amp;crumb-action=append&amp;\">Ver texto completo<\/a><\/p>\r\n\r\n\r\n<hr class=\"wp-block-separator has-alpha-channel-opacity\" \/>\r\n\r\n\r\n<p><strong>Decreto N\u00b0 33, Ministerio de Educaci\u00f3n (3 de junio)<\/strong><br \/>Modifica decreto N\u00ba67, de 2010, que reglamenta Partida 09, Cap\u00edtulo 11, Programa 01, Subt\u00edtulo 24, \u00cdtem 03, Asignaci\u00f3n 170, Glosa 04, de la Ley de Presupuestos del Sector P\u00fablico para el a\u00f1o 2010<\/p>\r\n\r\n\r\n\r\n<p><a href=\"https:\/\/westlawchile.cl\/maf\/app\/document?&amp;src=laley4&amp;docguid=i3DD17245DB175D163CFDA1CF04C658B9&amp;hitguid=i3DD17245DB175D163CFDA1CF04C658B9&amp;tocguid=&amp;spos=10&amp;epos=10&amp;td=22&amp;ao=i0AC50834CD5E878681CD6243E1B5D7B6&amp;searchFrom=&amp;savedSearch=false&amp;context=186&amp;crumb-action=append&amp;\">Ver texto completo<\/a><\/p>\r\n\r\n\r\n<hr class=\"wp-block-separator has-alpha-channel-opacity\" \/>\r\n\r\n\r\n<p><strong>Decreto N\u00b0 930, Ministerio de Hacienda (2 de junio)<\/strong><br \/>Extiende la vigencia de los beneficios y las prestaciones que indica y otorga derecho a giros adicionales con cargo al Fondo de Cesant\u00eda Solidario y extiende vigencia del T\u00edtulo II de la ley N\u00ba 21.227, conforme a lo dispuesto en el art\u00edculo 16 de la ley N\u00ba 21.263, que flexibiliza transitoriamente los requisitos de acceso e incrementa el monto de las prestaciones del Seguro de Desempleo de la ley N\u00ba 19.728, con motivo de la pandemia originada por el Covid-19, y perfecciona los beneficios de la ley N\u00ba 21.227, y la ley N\u00ba 21.312, que extiende la vigencia de los beneficios establecidos en las leyes N\u00ba 21.227 y 21.263<\/p>\r\n\r\n\r\n\r\n<p><a href=\"https:\/\/westlawchile.cl\/maf\/app\/document?&amp;src=laley4&amp;docguid=i29E22F70229374D3EA3A20FAB4116652&amp;hitguid=i29E22F70229374D3EA3A20FAB4116652&amp;tocguid=&amp;spos=1&amp;epos=1&amp;td=1&amp;ao=i0AC50834CD5E878681CD6243E1B5D7B6&amp;searchFrom=&amp;savedSearch=false&amp;context=189&amp;crumb-action=append&amp;\">Ver texto completo<\/a><\/p>\r\n\r\n\r\n<hr class=\"wp-block-separator has-alpha-channel-opacity\" \/>\r\n\r\n\r\n<p><strong>Resoluci\u00f3n exenta N\u00b0 176, Direcci\u00f3n General del Cr\u00e9dito Prendario (2 de junio)<\/strong><br \/>Declara suspensi\u00f3n de remates en las unidades de cr\u00e9dito del pa\u00eds para el mes de junio de 2021<\/p>\r\n\r\n\r\n\r\n<p><a href=\"https:\/\/westlawchile.cl\/maf\/app\/document?&amp;src=laley4&amp;docguid=iB4CC1F19902B918ED56576D6F88A1B93&amp;hitguid=iB4CC1F19902B918ED56576D6F88A1B93&amp;tocguid=&amp;spos=2&amp;epos=2&amp;td=4&amp;ao=i0AC50834CD5E878681CD6243E1B5D7B6&amp;searchFrom=&amp;savedSearch=false&amp;context=192&amp;crumb-action=append&amp;\">Ver texto completo<\/a><\/p>\r\n\r\n\r\n<hr class=\"wp-block-separator has-alpha-channel-opacity\" \/>\r\n\r\n\r\n<p><strong>Resoluci\u00f3n exenta N\u00b0 1.672, Ministerio de Transportes y Telecomunicaciones (2 de junio)<\/strong><br \/>Modifica resoluci\u00f3n N\u00ba 2.679 exenta, de 2020<\/p>\r\n\r\n\r\n\r\n<p><a href=\"https:\/\/westlawchile.cl\/maf\/app\/document?&amp;src=laley4&amp;docguid=i9E4B47937FAB4F3DA182A2D5CEAC6CE5&amp;hitguid=i9E4B47937FAB4F3DA182A2D5CEAC6CE5&amp;tocguid=&amp;spos=2&amp;epos=2&amp;td=2&amp;ao=i0AC50834CD5E878681CD6243E1B5D7B6&amp;searchFrom=&amp;savedSearch=false&amp;context=195&amp;crumb-action=append&amp;\">Ver texto completo<\/a><\/p>\r\n\r\n\r\n<hr class=\"wp-block-separator has-alpha-channel-opacity\" \/>\r\n\r\n\r\n<p><strong>Ley N\u00b0 21.342, Ministerio del Trabajo y Previsi\u00f3n Social (1 de junio)<\/strong><br \/>Establece protocolo de seguridad sanitaria laboral para el retorno gradual y seguro al trabajo en el marco de la alerta sanitaria decretada con ocasi\u00f3n de la enfermedad de COVID-19 en el pa\u00eds y otras materias que indica<\/p>\r\n\r\n\r\n\r\n<p><a href=\"https:\/\/westlawchile.cl\/maf\/app\/document?&amp;src=laley4&amp;docguid=i30B86871810A2ECBA93FD500448A284F&amp;hitguid=i30B86871810A2ECBA93FD500448A284F&amp;tocguid=&amp;spos=1&amp;epos=1&amp;td=25&amp;ao=i0AC50834CD5E878681CD6243E1B5D7B6&amp;searchFrom=&amp;savedSearch=false&amp;context=198&amp;crumb-action=append&amp;\">Ver texto completo<\/a><\/p>\r\n\r\n\r\n<hr class=\"wp-block-separator has-alpha-channel-opacity\" \/>\r\n\r\n\r\n<p><strong>Decreto N\u00b0 22, Ministerio del Trabajo y Previsi\u00f3n Social (1 de junio)<\/strong><br \/>Modifica decreto N\u00ba 28, de 2011, que establece componentes, l\u00edneas de acci\u00f3n, procedimientos, modalidades y mecanismos de control del Programa de Formaci\u00f3n en el Puesto de Trabajo<\/p>\r\n\r\n\r\n\r\n<p><a href=\"https:\/\/westlawchile.cl\/maf\/app\/document?&amp;src=laley4&amp;docguid=iAD6EC65D93B2C6DC55B01BFC8CD88428&amp;hitguid=iAD6EC65D93B2C6DC55B01BFC8CD88428&amp;tocguid=&amp;spos=24&amp;epos=24&amp;td=34&amp;ao=i0AC50834CD5E878681CD6243E1B5D7B6&amp;searchFrom=&amp;savedSearch=false&amp;context=201&amp;crumb-action=append&amp;\">Ver texto completo<\/a><\/p>\r\n\r\n\r\n<hr class=\"wp-block-separator has-alpha-channel-opacity\" \/>\r\n\r\n\r\n<p><strong>Resoluci\u00f3n exenta N\u00b0 676, Ministerio de Transportes y Telecomunicaciones (31 de mayo)<\/strong><br \/>Prorroga plazo contenido en la resoluci\u00f3n N\u00b0 428 exenta, de 2016, que establece fecha y condiciones de cumplimiento del art\u00edculo 45 del decreto N\u00b0 212, de 1992, para servicios que indica en la Regi\u00f3n del Biob\u00edo<\/p>\r\n\r\n\r\n\r\n<p><a href=\"https:\/\/westlawchile.cl\/maf\/app\/document?&amp;src=laley4&amp;docguid=iD09CAED5024F9C2061981B861805E4DD&amp;hitguid=iD09CAED5024F9C2061981B861805E4DD&amp;tocguid=&amp;spos=1&amp;epos=1&amp;td=1&amp;ao=i0AC50834CD5E878681CD6243E1B5D7B6&amp;searchFrom=&amp;savedSearch=false&amp;context=89&amp;crumb-action=append&amp;\">Ver texto completo<\/a><\/p>\r\n\r\n\r\n<hr class=\"wp-block-separator has-alpha-channel-opacity\" \/>\r\n\r\n\r\n<p><strong>Decreto N\u00b0 124, Ministerio del Interior y Seguridad P\u00fablica (29 de mayo)<\/strong><br \/>Extiende vigencia del decreto N\u00ba 102, de 2020, que dispone el cierre temporal de lugares habilitados para el ingreso y egreso de extranjeros, por emergencia de salud p\u00fablica de importancia internacional por brote del nuevo Coronavirus (2019-NCOV)<\/p>\r\n\r\n\r\n\r\n<p><a href=\"https:\/\/westlawchile.cl\/maf\/app\/document?&amp;src=laley4&amp;docguid=iA38BA72E857437D4B6C446427764EE8E&amp;hitguid=iA38BA72E857437D4B6C446427764EE8E&amp;tocguid=&amp;spos=9&amp;epos=9&amp;td=13&amp;ao=i0AC50834CD5E878681CD6243E1B5D7B6&amp;searchFrom=&amp;savedSearch=false&amp;context=95&amp;crumb-action=append&amp;\">Ver texto completo<\/a><\/p>\r\n\r\n\r\n<hr class=\"wp-block-separator has-alpha-channel-opacity\" \/>\r\n\r\n\r\n<p><strong>Decreto N\u00b0 107, Ministerio del Interior y Seguridad P\u00fablica (29 de mayo)<\/strong><br \/>Autoriza medida de alivio tributario para el pago de patentes anuales de peque\u00f1os mineros, y mineros artesanales ubicados a lo largo del territorio nacional<\/p>\r\n\r\n\r\n\r\n<p><a href=\"https:\/\/westlawchile.cl\/maf\/app\/document?&amp;src=laley4&amp;docguid=iB72F97FB19C5F4B5155A728AABCA7B1F&amp;hitguid=iB72F97FB19C5F4B5155A728AABCA7B1F&amp;tocguid=&amp;spos=9&amp;epos=9&amp;td=13&amp;ao=i0AC50834CD5E878681CD6243E1B5D7B6&amp;searchFrom=&amp;savedSearch=false&amp;context=98&amp;crumb-action=append&amp;\">Ver texto completo<\/a><\/p>\r\n\r\n\r\n<hr class=\"wp-block-separator has-alpha-channel-opacity\" \/>\r\n\r\n\r\n<p><strong>Resoluci\u00f3n exenta N\u00b0 497, Ministerio de Salud (29 de mayo)<\/strong><br \/>Dispone medidas sanitarias que indica por brote de COVID-19<\/p>\r\n\r\n\r\n\r\n<p><a href=\"https:\/\/westlawchile.cl\/maf\/app\/document?&amp;src=laley4&amp;docguid=i27A8252866A7BE95837AE64D10A2895C&amp;hitguid=i27A8252866A7BE95837AE64D10A2895C&amp;tocguid=&amp;spos=2&amp;epos=2&amp;td=5&amp;ao=i0AC50834CD5E878681CD6243E1B5D7B6&amp;searchFrom=&amp;savedSearch=false&amp;context=101&amp;crumb-action=append&amp;\">Ver texto completo<\/a><\/p>\r\n\r\n\r\n<hr class=\"wp-block-separator has-alpha-channel-opacity\" \/>\r\n\r\n\r\n<p><strong>Resoluci\u00f3n exenta N\u00b0 614, Seremi de Vivienda Regi\u00f3n Metropolitana (29 de mayo)<\/strong><br \/>Prolonga suspensi\u00f3n de pr\u00f3rroga de postergijaci\u00f3n de permisos de construcciones, respecto de la modificaci\u00f3n en curso al Plan Regulador Comunal de la comuna de La Cisterna, por razones que indica<\/p>\r\n\r\n\r\n\r\n<p><a href=\"https:\/\/westlawchile.cl\/maf\/app\/document?&amp;src=laley4&amp;docguid=iA8D1CF12ACBFDAF163963BEE013E29DB&amp;hitguid=iA8D1CF12ACBFDAF163963BEE013E29DB&amp;tocguid=&amp;spos=2&amp;epos=2&amp;td=2&amp;ao=i0AC50834CD5E878681CD6243E1B5D7B6&amp;searchFrom=&amp;savedSearch=false&amp;context=107&amp;crumb-action=append&amp;\">Ver texto completo<\/a><\/p>\r\n\r\n\r\n<hr class=\"wp-block-separator has-alpha-channel-opacity\" \/>\r\n\r\n\r\n<p><strong>Decreto N\u00b0 4, Ministerio de Defensa Nacional (28 de mayo)<\/strong><br \/>Aprueba Pol\u00edtica de Defensa Nacional de Chile Edici\u00f3n 2020<\/p>\r\n\r\n\r\n\r\n<p><a href=\"https:\/\/westlawchile.cl\/maf\/app\/document?&amp;src=laley4&amp;docguid=iDC2465D88AA64FA7F4918DBCEE6C27C8&amp;hitguid=iDC2465D88AA64FA7F4918DBCEE6C27C8&amp;tocguid=&amp;spos=1&amp;epos=1&amp;td=1&amp;ao=i0AC50834CD5E878681CD6243E1B5D7B6&amp;searchFrom=&amp;savedSearch=false&amp;context=111&amp;crumb-action=append&amp;\">Ver texto completo<\/a><\/p>\r\n\r\n\r\n<hr class=\"wp-block-separator has-alpha-channel-opacity\" \/>\r\n\r\n\r\n<p><strong>Resoluci\u00f3n exenta N\u00b0 1.652, Ministerio de Transportes y Telecomunicaciones (28 de mayo)<\/strong><br \/>Modifica resoluci\u00f3n N\u00b0 1.425 exenta, de 2020, y suspende plazo establecido para cancelar, por antig\u00fcedad, a taxis, buses y minibuses que indica, del Registro Nacional de Servicios de Transporte de Pasajeros<\/p>\r\n\r\n\r\n\r\n<p><a href=\"https:\/\/westlawchile.cl\/maf\/app\/document?&amp;src=laley4&amp;docguid=iA3331404DE6C61599A568505B550D791&amp;hitguid=iA3331404DE6C61599A568505B550D791&amp;tocguid=&amp;spos=1&amp;epos=1&amp;td=1&amp;ao=i0AC50834CD5E878681CD6243E1B5D7B6&amp;searchFrom=&amp;savedSearch=false&amp;context=114&amp;crumb-action=append&amp;\">Ver texto completo<\/a><\/p>\r\n\r\n\r\n<hr class=\"wp-block-separator has-alpha-channel-opacity\" \/>\r\n\r\n\r\n<p><strong>Resoluci\u00f3n exenta N\u00b0 484, Ministerio de Salud (27 de mayo)<\/strong><br \/>Modifica resoluci\u00f3n N\u00ba 997 exenta, de 2020<\/p>\r\n\r\n\r\n\r\n<p><a href=\"https:\/\/westlawchile.cl\/maf\/app\/document?&amp;src=laley4&amp;docguid=i8648A9B089C4A93DA5BEF0118051E134&amp;hitguid=i8648A9B089C4A93DA5BEF0118051E134&amp;tocguid=&amp;spos=3&amp;epos=3&amp;td=3&amp;ao=i0AC50834CD5E878681CD6243E1B5D7B6&amp;searchFrom=&amp;savedSearch=false&amp;context=117&amp;crumb-action=append&amp;\">Ver texto completo<\/a><\/p>\r\n\r\n\r\n<hr class=\"wp-block-separator has-alpha-channel-opacity\" \/>\r\n\r\n\r\n<p><strong>Decreto N\u00b0 29, Ministerio de Salud (27 de mayo)<\/strong><br \/>Modifica decretos N\u00ba 500 y N\u00b0 27 exentos, de 2012<\/p>\r\n\r\n\r\n\r\n<p><a href=\"https:\/\/westlawchile.cl\/maf\/app\/document?&amp;src=laley4&amp;docguid=i5D9CDA37D2BB7083A6ECEA5E68CBD48E&amp;hitguid=i5D9CDA37D2BB7083A6ECEA5E68CBD48E&amp;tocguid=&amp;spos=1&amp;epos=1&amp;td=8&amp;ao=i0AC50834CD5E878681CD6243E1B5D7B6&amp;searchFrom=&amp;savedSearch=false&amp;context=121&amp;crumb-action=append&amp;\">Ver texto completo<\/a><\/p>\r\n\r\n\r\n<hr class=\"wp-block-separator has-alpha-channel-opacity\" \/>\r\n\r\n\r\n<p><strong>Resoluci\u00f3n exenta N\u00b0 485, Ministerio de Salud (26 de mayo)<\/strong><br \/>Dispone medidas sanitarias que indica por brote de Covid-19<\/p>\r\n\r\n\r\n\r\n<p><a href=\"https:\/\/westlawchile.cl\/maf\/app\/document?&amp;src=laley4&amp;docguid=iA93CE9C4851AD0FA673CD39BBF35218C&amp;hitguid=iA93CE9C4851AD0FA673CD39BBF35218C&amp;tocguid=&amp;spos=3&amp;epos=3&amp;td=4&amp;ao=i0AC50834CD5E878681CD6243E1B5D7B6&amp;searchFrom=&amp;savedSearch=false&amp;context=124&amp;crumb-action=append&amp;\">Ver texto completo<\/a><\/p>\r\n\r\n\r\n<hr class=\"wp-block-separator has-alpha-channel-opacity\" \/>\r\n\r\n\r\n<p><strong>Resoluci\u00f3n exenta N\u00b0 494, Ministerio de Salud (26 de mayo)<\/strong><br \/>Modifica resoluci\u00f3n N\u00ba 43 exenta, de 2021<\/p>\r\n\r\n\r\n\r\n<p><a href=\"https:\/\/westlawchile.cl\/maf\/app\/document?&amp;src=laley4&amp;docguid=iB726C59F6C4FE4DC56E22D62674AF54E&amp;hitguid=iB726C59F6C4FE4DC56E22D62674AF54E&amp;tocguid=&amp;spos=1&amp;epos=1&amp;td=1&amp;ao=i0AC50834CD5E878681CD6243E1B5D7B6&amp;searchFrom=&amp;savedSearch=false&amp;context=130&amp;crumb-action=append&amp;\">Ver texto completo<\/a><\/p>\r\n\r\n\r\n<hr class=\"wp-block-separator has-alpha-channel-opacity\" \/>\r\n\r\n\r\n<p><strong>Resoluci\u00f3n N\u00b0 9, Contralor\u00eda General de la Rep\u00fablica (26 de mayo)<\/strong><br \/>Modifica resoluci\u00f3n N\u00b0 8, de 2020<\/p>\r\n\r\n\r\n\r\n<p><a href=\"https:\/\/westlawchile.cl\/maf\/app\/document?&amp;src=laley4&amp;docguid=iBAD5FAA55071AAB5109F22247D81E22E&amp;hitguid=iBAD5FAA55071AAB5109F22247D81E22E&amp;tocguid=&amp;spos=3&amp;epos=3&amp;td=9&amp;ao=i0AC50834CD5E878681CD6243E1B5D7B6&amp;searchFrom=&amp;savedSearch=false&amp;context=133&amp;crumb-action=append&amp;\">Ver texto completo<\/a><\/p>\r\n\r\n\r\n<hr class=\"wp-block-separator has-alpha-channel-opacity\" \/>\r\n\r\n\r\n<p><strong>Resoluci\u00f3n exenta N\u00b0 233, Ministerio de Obras P\u00fablicas (25 de mayo)<\/strong><br \/>Dispone suspensi\u00f3n del proceso de consulta ind\u00edgena que indica<\/p>\r\n\r\n\r\n\r\n<p><a href=\"https:\/\/westlawchile.cl\/maf\/app\/document?&amp;src=laley4&amp;docguid=i21403751AD05697BDF14DCA2DC7A6646&amp;hitguid=i21403751AD05697BDF14DCA2DC7A6646&amp;tocguid=&amp;spos=2&amp;epos=2&amp;td=4&amp;ao=i0AC50834CD5E878681CD6243E1B5D7B6&amp;searchFrom=&amp;savedSearch=false&amp;context=188&amp;crumb-action=append&amp;\">Ver texto completo<\/a><\/p>\r\n\r\n\r\n<hr class=\"wp-block-separator has-alpha-channel-opacity\" \/>\r\n\r\n\r\n<p><strong>Resoluci\u00f3n exenta N\u00b0 659, Ministerio de Vivienda y Urbanismo (25 de mayo)<\/strong><br \/>Llama a postulaci\u00f3n nacional del Programa de Subsidio de Arriendo de Vivienda, regulado por el decreto N\u00ba 52, de 2013, fija el n\u00famero de personas a seleccionar por regi\u00f3n y su forma de distribuci\u00f3n<\/p>\r\n\r\n\r\n\r\n<p><a href=\"https:\/\/westlawchile.cl\/maf\/app\/document?&amp;src=laley4&amp;docguid=i45C5435764FC6C3A98F7BCEADA367803&amp;hitguid=i45C5435764FC6C3A98F7BCEADA367803&amp;tocguid=&amp;spos=5&amp;epos=5&amp;td=5&amp;ao=i0AC50834CD5E878681CD6243E1B5D7B6&amp;searchFrom=&amp;savedSearch=false&amp;context=192&amp;crumb-action=append&amp;\">Ver texto completo<\/a><\/p>\r\n\r\n\r\n<hr class=\"wp-block-separator has-alpha-channel-opacity\" \/>\r\n\r\n\r\n<p><strong>Resoluci\u00f3n exenta N\u00b0 445, Ministerio de Salud (24 de mayo)<\/strong><br \/>Deja sin efecto suspensi\u00f3n de cirug\u00edas que indica<\/p>\r\n\r\n\r\n\r\n<p><a href=\"https:\/\/westlawchile.cl\/maf\/app\/document?&amp;src=laley4&amp;docguid=i90371155E8A51408012953A8CE608B80&amp;hitguid=i90371155E8A51408012953A8CE608B80&amp;tocguid=&amp;spos=2&amp;epos=2&amp;td=2&amp;ao=i0AC50834CD5E878681CD6243E1B5D7B6&amp;searchFrom=&amp;savedSearch=false&amp;context=70&amp;crumb-action=append&amp;\">Ver texto completo<\/a><\/p>\r\n\r\n\r\n<hr class=\"wp-block-separator has-alpha-channel-opacity\" \/>\r\n\r\n\r\n<p><strong>Ley N\u00b0 21.340, Ministerio de Energ\u00eda (22 de mayo)<\/strong><br \/>Prorroga los efectos de la ley N\u00ba 21.249, que dispone, de manera excepcional, las medidas que indica en favor de los usuarios finales de servicios sanitarios, electricidad y gas de red<\/p>\r\n\r\n\r\n\r\n<p><a href=\"https:\/\/westlawchile.cl\/maf\/app\/document?&amp;src=laley4&amp;docguid=i8F85615289E8CE6B3E824FC55B137837&amp;hitguid=i8F85615289E8CE6B3E824FC55B137837&amp;tocguid=&amp;spos=1&amp;epos=1&amp;td=1&amp;ao=i0AC50834CD5E878681CD6243E1B5D7B6&amp;searchFrom=&amp;savedSearch=false&amp;context=67&amp;crumb-action=append&amp;\">Ver texto completo<\/a><\/p>\r\n\r\n\r\n<hr class=\"wp-block-separator has-alpha-channel-opacity\" \/>\r\n\r\n\r\n<p><strong>Resoluci\u00f3n exenta N\u00b0 483, Ministerio de Salud (22 de mayo)<\/strong><br \/>Dispone medidas sanitarias que indica por brote de COVID-19<\/p>\r\n\r\n\r\n\r\n<p><a href=\"https:\/\/westlawchile.cl\/maf\/app\/document?&amp;src=laley4&amp;docguid=i1D3F018AE6B6460D1D13B530889CE8BE&amp;hitguid=i1D3F018AE6B6460D1D13B530889CE8BE&amp;tocguid=&amp;spos=2&amp;epos=2&amp;td=2&amp;ao=i0AC50834CD5E878681CD6243E1B5D7B6&amp;searchFrom=&amp;savedSearch=false&amp;context=61&amp;crumb-action=append&amp;\">Ver texto completo<\/a><\/p>\r\n\r\n\r\n<hr class=\"wp-block-separator has-alpha-channel-opacity\" \/>\r\n\r\n\r\n<p><strong>Resoluci\u00f3n exenta N\u00b0 481, Ministerio de Salud (19 de mayo)<\/strong><br \/>Dispone medidas sanitarias que indica por brote de COVID-19, y modifica resoluciones exentas N\u00ba 997, de 2020 y N\u00ba 43, de 2021<\/p>\r\n\r\n\r\n\r\n<p><a href=\"https:\/\/westlawchile.cl\/maf\/app\/document?&amp;src=laley4&amp;docguid=i8E63592A25F6E0E4E7DA4B39AAEDE48B&amp;hitguid=i8E63592A25F6E0E4E7DA4B39AAEDE48B&amp;tocguid=&amp;spos=2&amp;epos=2&amp;td=2&amp;ao=i0AC50834CD5E878681CD6243E1B5D7B6&amp;searchFrom=&amp;savedSearch=false&amp;context=27&amp;crumb-action=append&amp;\">Ver texto completo<\/a><\/p>\r\n\r\n\r\n<hr class=\"wp-block-separator has-alpha-channel-opacity\" \/>\r\n\r\n\r\n<p><strong>Decreto N\u00b0 671, Ministerio de Hacienda (18 de mayo)<\/strong><br \/>Modifica decreto N\u00ba 611, de 2021, estableciendo nuevas medidas de \u00edndole tributaria que indica<\/p>\r\n\r\n\r\n\r\n<p><a href=\"https:\/\/westlawchile.cl\/maf\/app\/document?&amp;src=laley4&amp;docguid=i546D289C844B3FEE37747278FF98A3A4&amp;hitguid=i546D289C844B3FEE37747278FF98A3A4&amp;tocguid=&amp;spos=1&amp;epos=1&amp;td=1&amp;ao=i0AC50834CD5E878681CD6243E1B5D7B6&amp;searchFrom=&amp;savedSearch=false&amp;context=33&amp;crumb-action=append&amp;\">Ver texto completo<\/a><\/p>\r\n\r\n\r\n<hr class=\"wp-block-separator has-alpha-channel-opacity\" \/>\r\n\r\n\r\n<p><strong>Decreto N\u00b0 8, Ministerio de Salud (17 de mayo)<\/strong><br \/>Prorroga suspensi\u00f3n de garant\u00eda de oportunidad de las garant\u00edas expl\u00edcitas en salud en los problemas de salud que indica<\/p>\r\n\r\n\r\n\r\n<p><a href=\"https:\/\/westlawchile.cl\/maf\/app\/document?&amp;src=laley4&amp;docguid=i5971B8F091BCA9D5A1F23955C441F573&amp;hitguid=i5971B8F091BCA9D5A1F23955C441F573&amp;tocguid=&amp;spos=35&amp;epos=35&amp;td=54&amp;ao=i0AC50834CD5E878681CD6243E1B5D7B6&amp;searchFrom=&amp;savedSearch=false&amp;context=32&amp;crumb-action=append&amp;\">Ver texto completo<\/a><\/p>\r\n\r\n\r\n<hr class=\"wp-block-separator has-alpha-channel-opacity\" \/>\r\n\r\n\r\n<p><strong>Resoluci\u00f3n exenta N\u00b0 466, Ministerio de Salud (14 de mayo)<\/strong><br \/>Dispone medidas sanitarias que indica por brote de COVID-19<\/p>\r\n\r\n\r\n\r\n<p><a href=\"https:\/\/westlawchile.cl\/maf\/app\/document?&amp;src=laley4&amp;docguid=i84F948CEEA94CB8792073CA657749EF8&amp;hitguid=i84F948CEEA94CB8792073CA657749EF8&amp;tocguid=&amp;spos=3&amp;epos=3&amp;td=5&amp;ao=i0AC50834CD5E878681CD6243E1B5D7B6&amp;searchFrom=&amp;savedSearch=false&amp;context=38&amp;crumb-action=append&amp;\">Ver texto completo<\/a><\/p>\r\n\r\n\r\n<hr class=\"wp-block-separator has-alpha-channel-opacity\" \/>\r\n\r\n\r\n<p><strong>Resoluci\u00f3n exenta N\u00b0 463, Ministerio de Salud (14 de mayo)<\/strong><br \/>Modifica resoluci\u00f3n N\u00ba 43 exenta, de 2021<\/p>\r\n\r\n\r\n\r\n<p><a href=\"https:\/\/westlawchile.cl\/maf\/app\/document?&amp;src=laley4&amp;docguid=iB08A077A48D1FF847F2D694AB3F45940&amp;hitguid=iB08A077A48D1FF847F2D694AB3F45940&amp;tocguid=&amp;spos=2&amp;epos=2&amp;td=2&amp;ao=i0AC50834CD5E878681CD6243E1B5D7B6&amp;searchFrom=&amp;savedSearch=false&amp;context=41&amp;crumb-action=append&amp;\">Ver texto completo<\/a><\/p>\r\n\r\n\r\n<hr class=\"wp-block-separator has-alpha-channel-opacity\" \/>\r\n\r\n\r\n<p><strong>Resoluci\u00f3n exenta N\u00b0 2.738, Servicio Agr\u00edcola y Ganadero (14 de mayo)<\/strong><br \/>Establece medida provisional para el cumplimiento de la exigencia del resuelvo 1 de la resoluci\u00f3n N\u00b0 4.728, de 2004, que norma requisitos fitosanitarios de ingreso desde M\u00e9xico, de frutos frescos de mangos (Mangifera indica)<\/p>\r\n\r\n\r\n\r\n<p><a href=\"https:\/\/westlawchile.cl\/maf\/app\/document?&amp;src=laley4&amp;docguid=i6DA54BC9D2ADD9C244B7FAD876D0CC89&amp;hitguid=i6DA54BC9D2ADD9C244B7FAD876D0CC89&amp;tocguid=&amp;spos=1&amp;epos=1&amp;td=1&amp;ao=i0AC50834CD5E878681CD6243E1B5D7B6&amp;searchFrom=&amp;savedSearch=false&amp;context=44&amp;crumb-action=append&amp;\">Ver texto completo<\/a><\/p>\r\n\r\n\r\n<hr class=\"wp-block-separator has-alpha-channel-opacity\" \/>\r\n\r\n\r\n<p><strong>Resoluci\u00f3n exenta N\u00b0 442, Ministerio de Salud (13 de mayo)<\/strong><br \/>Dispone medidas sanitarias que indica por brote de COVID-19<\/p>\r\n\r\n\r\n\r\n<p><a href=\"https:\/\/westlawchile.cl\/maf\/app\/document?&amp;src=laley4&amp;docguid=iCD884333D78C2F04977490F7DEF3C2C7&amp;hitguid=iCD884333D78C2F04977490F7DEF3C2C7&amp;tocguid=&amp;spos=3&amp;epos=3&amp;td=5&amp;ao=i0AC50834CD5E878681CD6243E1B5D7B6&amp;searchFrom=&amp;savedSearch=false&amp;context=47&amp;crumb-action=append&amp;\">Ver texto completo<\/a><\/p>\r\n\r\n\r\n<hr class=\"wp-block-separator has-alpha-channel-opacity\" \/>\r\n\r\n\r\n<p><strong>Resoluci\u00f3n exenta N\u00b0 554, Ministerio de Vivienda y Urbanismo (11 de mayo)<\/strong><br \/>Llama a postulaci\u00f3n en condiciones especiales para el otorgamiento de subsidios del Programa de Subsidio de Arriendo de Vivienda, regulado por el decreto N\u00ba 52, de 2013, y sus modificaciones, y fija la cantidad de recursos que se destinar\u00e1n al financiamiento de dichos subsidios<\/p>\r\n\r\n\r\n\r\n<p><a href=\"https:\/\/westlawchile.cl\/maf\/app\/document?&amp;src=laley4&amp;docguid=i98B360D763CFACF673D30BE205D76321&amp;hitguid=i98B360D763CFACF673D30BE205D76321&amp;tocguid=&amp;spos=2&amp;epos=2&amp;td=2&amp;ao=i0AC50834CD5E878681CD6243E1B5D7B6&amp;searchFrom=&amp;savedSearch=false&amp;context=51&amp;crumb-action=append&amp;\">Ver texto completo<\/a><\/p>\r\n\r\n\r\n<hr class=\"wp-block-separator has-alpha-channel-opacity\" \/>\r\n\r\n\r\n<p><strong>Resoluci\u00f3n exenta N\u00b0 570, Ministerio de Vivienda y Urbanismo (11 de mayo)<\/strong><br \/>Modifica resoluci\u00f3n N\u00b0 671, de 2020, que adopta medidas excepcionales de gesti\u00f3n que indica<\/p>\r\n\r\n\r\n\r\n<p><a href=\"https:\/\/westlawchile.cl\/maf\/app\/document?&amp;src=laley4&amp;docguid=iD146AA327E9EE7F5B16A01EC96F20ACB&amp;hitguid=iD146AA327E9EE7F5B16A01EC96F20ACB&amp;tocguid=&amp;spos=4&amp;epos=4&amp;td=4&amp;ao=i0AC50834CD5E878681CD6243E1B5D7B6&amp;searchFrom=&amp;savedSearch=false&amp;context=54&amp;crumb-action=append&amp;\">Ver texto completo<\/a><\/p>\r\n\r\n\r\n<hr class=\"wp-block-separator has-alpha-channel-opacity\" \/>\r\n\r\n\r\n<p><strong>Resoluci\u00f3n exenta N\u00b0 581, Ministerio de Vivienda y Urbanismo (11 de mayo)<\/strong><br \/>Adopta medidas excepcionales de gesti\u00f3n que indica, en el Programa de Integraci\u00f3n Social y Territorial regulado por el decreto N\u00ba 19, de 2016<\/p>\r\n\r\n\r\n\r\n<p><a href=\"https:\/\/westlawchile.cl\/maf\/app\/document?&amp;src=laley4&amp;docguid=iBCBD1246C07BD4D63FB03CE92F37B1B2&amp;hitguid=iBCBD1246C07BD4D63FB03CE92F37B1B2&amp;tocguid=&amp;spos=2&amp;epos=2&amp;td=2&amp;ao=i0AC50834CD5E878681CD6243E1B5D7B6&amp;searchFrom=&amp;savedSearch=false&amp;context=57&amp;crumb-action=append&amp;\">Ver texto completo<\/a><\/p>\r\n\r\n\r\n<hr class=\"wp-block-separator has-alpha-channel-opacity\" \/>\r\n\r\n\r\n<p><strong>Resoluci\u00f3n exenta N\u00b0 582, Ministerio de Vivienda y Urbanismo (11 de mayo)<\/strong><br \/>Adopta medidas excepcionales de gesti\u00f3n que indica en el Programa del Sistema Integrado de Subsidio Habitacional regulado por el decreto N\u00b0 1, de 2011<\/p>\r\n\r\n\r\n\r\n<p><a href=\"https:\/\/westlawchile.cl\/maf\/app\/document?&amp;src=laley4&amp;docguid=iD680338690C82439755E10B699BCEA2E&amp;hitguid=iD680338690C82439755E10B699BCEA2E&amp;tocguid=&amp;spos=1&amp;epos=1&amp;td=1&amp;ao=i0AC50834CD5E878681CD6243E1B5D7B6&amp;searchFrom=&amp;savedSearch=false&amp;context=60&amp;crumb-action=append&amp;\">Ver texto completo<\/a><\/p>\r\n\r\n\r\n<hr class=\"wp-block-separator has-alpha-channel-opacity\" \/>\r\n\r\n\r\n<p><strong>Ley N\u00b0 21.339, Ministerio de Hacienda (8 de mayo)<\/strong><br \/>Establece un nuevo bono de cargo fiscal, en las condiciones que indica<\/p>\r\n\r\n\r\n\r\n<p><a href=\"https:\/\/westlawchile.cl\/maf\/app\/document?&amp;src=laley4&amp;docguid=iE716764D2F5B669C5176D48BA903AB7B&amp;hitguid=iE716764D2F5B669C5176D48BA903AB7B&amp;tocguid=&amp;spos=1&amp;epos=1&amp;td=1&amp;ao=i0AC50834CD5E878681CD6243E1B5D7B6&amp;searchFrom=&amp;savedSearch=false&amp;context=63&amp;crumb-action=append&amp;\">Ver texto completo<\/a><\/p>\r\n\r\n\r\n<hr class=\"wp-block-separator has-alpha-channel-opacity\" \/>\r\n\r\n\r\n<p><strong>Resoluci\u00f3n exenta N\u00b0 438, Ministerio de Salud (8 de mayo)<\/strong><br \/>Dispone medidas sanitarias que indica por brote de COVID-19<\/p>\r\n\r\n\r\n\r\n<p><a href=\"https:\/\/westlawchile.cl\/maf\/app\/document?&amp;src=laley4&amp;docguid=i6B906530907D049906E1CDCD39CA37E6&amp;hitguid=i6B906530907D049906E1CDCD39CA37E6&amp;tocguid=&amp;spos=2&amp;epos=2&amp;td=4&amp;ao=i0AC50834CD5E878681CD6243E1B5D7B6&amp;searchFrom=&amp;savedSearch=false&amp;context=66&amp;crumb-action=append&amp;\">Ver texto completo<\/a><\/p>\r\n\r\n\r\n<hr class=\"wp-block-separator has-alpha-channel-opacity\" \/>\r\n\r\n\r\n<p><strong>Resoluci\u00f3n exenta N\u00b0 430, Ministerio de Salud (6 de mayo)<\/strong><br \/>Dispone medidas sanitarias que indica por brote de COVID-19<\/p>\r\n\r\n\r\n\r\n<p><a href=\"https:\/\/westlawchile.cl\/maf\/app\/document?&amp;src=laley4&amp;docguid=i8EF89C5356DFEEA206D1BEA37E7FB823&amp;hitguid=i8EF89C5356DFEEA206D1BEA37E7FB823&amp;tocguid=&amp;spos=1&amp;epos=1&amp;td=1&amp;ao=i0AC50834CD5E878681CD6243E1B5D7B6&amp;searchFrom=&amp;savedSearch=false&amp;context=8&amp;crumb-action=append&amp;\">Ver texto completo<\/a><\/p>\r\n\r\n\r\n<hr class=\"wp-block-separator has-alpha-channel-opacity\" \/>\r\n\r\n\r\n<p><strong>Resoluci\u00f3n exenta N\u00b0 1.071, Seremi de Salud Regi\u00f3n del Maule (6 de mayo)<\/strong><br \/>Proh\u00edbe el funcionamiento de fuentes fijas comunitarias e industriales que emitan material particulado as\u00ed como el funcionamiento de las fuentes fijas particulares que utilicen le\u00f1a, o dendroenerg\u00e9ticos s\u00f3lidos u otro material s\u00f3lido combustible, durante los estados de preemergencia o emergencia ambiental en la comuna de Linares<\/p>\r\n\r\n\r\n\r\n<p><a href=\"https:\/\/westlawchile.cl\/maf\/app\/document?&amp;src=laley4&amp;docguid=iA17441CAB97653D61D068FFDE2526DC0&amp;hitguid=iA17441CAB97653D61D068FFDE2526DC0&amp;tocguid=&amp;spos=1&amp;epos=1&amp;td=1&amp;ao=i0AC50834CD5E878681CD6243E1B5D7B6&amp;searchFrom=&amp;savedSearch=false&amp;context=8&amp;crumb-action=append&amp;\">Ver texto completo<\/a><\/p>\r\n\r\n\r\n<hr class=\"wp-block-separator has-alpha-channel-opacity\" \/>\r\n\r\n\r\n<p><strong>Resoluci\u00f3n exenta N\u00b0 1.504, Seremi de Salud Regi\u00f3n de Magallanes y Ant\u00e1rtica Chilena (6 de mayo)<\/strong><br \/>Modifica resoluci\u00f3n N\u00b0 1.044, de 2021, que prorrog\u00f3 vigencia de medidas sanitarias en la comuna de Cabo de Hornos de la Regi\u00f3n de Magallanes y Ant\u00e1rtica Chilena ante el brote de COVID-19<\/p>\r\n\r\n\r\n\r\n<p><a href=\"https:\/\/westlawchile.cl\/maf\/app\/document?&amp;src=laley4&amp;docguid=i4434417A66A2455FFC647F7BDF445D3F&amp;hitguid=i4434417A66A2455FFC647F7BDF445D3F&amp;tocguid=&amp;spos=1&amp;epos=1&amp;td=1&amp;ao=i0AC50834CD5E878681CD6243E1B5D7B6&amp;searchFrom=&amp;savedSearch=false&amp;context=14&amp;crumb-action=append&amp;\">Ver texto completo<\/a><\/p>\r\n\r\n\r\n<hr class=\"wp-block-separator has-alpha-channel-opacity\" \/>\r\n\r\n\r\n<p><strong>Resoluci\u00f3n exenta N\u00b0 953, Superintendencia del Medio Ambiente (6 de mayo)<\/strong><br \/>Instruye Programa de Fiscalizaci\u00f3n A\u00f1o 2021, para el Plan Operacional de Gesti\u00f3n de Episodios Cr\u00edticos de Contaminaci\u00f3n Ambiental, en el marco de lo dispuesto por el Plan de Prevenci\u00f3n y Descontaminaci\u00f3n Atmosf\u00e9rica de la Regi\u00f3n Metropolitana de Santiago<\/p>\r\n\r\n\r\n\r\n<p><a href=\"https:\/\/westlawchile.cl\/maf\/app\/document?&amp;src=laley4&amp;docguid=i84E913955B74C605B0B44FAF91461A0B&amp;hitguid=i84E913955B74C605B0B44FAF91461A0B&amp;tocguid=&amp;spos=1&amp;epos=1&amp;td=1&amp;ao=i0AC50834CD5E878681CD6243E1B5D7B6&amp;searchFrom=&amp;savedSearch=false&amp;context=20&amp;crumb-action=append&amp;\">Ver texto completo<\/a><\/p>\r\n\r\n\r\n<hr class=\"wp-block-separator has-alpha-channel-opacity\" \/>\r\n\r\n\r\n<p><strong>Decreto N\u00b0 99, Ministerio del Interior y Seguridad P\u00fablica (30 de abril)<\/strong><br \/>Extiende vigencia del decreto N\u00ba 102, de 2020, que dispone el cierre temporal de lugares habilitados para el ingreso y egreso de extranjeros, por Emergencia de Salud P\u00fablica de Importancia Internacional por brote del nuevo coronavirus (2019-NCOV)<\/p>\r\n\r\n\r\n\r\n<p><a href=\"https:\/\/westlawchile.cl\/maf\/app\/document?&amp;src=laley4&amp;docguid=i2FD85810B5F3C597F12164071C18B7C7&amp;hitguid=i2FD85810B5F3C597F12164071C18B7C7&amp;tocguid=&amp;spos=5&amp;epos=5&amp;td=19&amp;ao=i0AC50834CD5E878681CD6243E1B5D7B6&amp;searchFrom=&amp;savedSearch=false&amp;context=29&amp;crumb-action=append&amp;\">Ver texto completo<\/a><\/p>\r\n\r\n\r\n<hr class=\"wp-block-separator has-alpha-channel-opacity\" \/>\r\n\r\n\r\n<p><strong>Resoluci\u00f3n exenta N\u00b0 414, Ministerio de Salud (30 de abril)<\/strong><br \/>Modifica resoluci\u00f3n N\u00ba 43 exenta, de 2021<\/p>\r\n\r\n\r\n\r\n<p><a href=\"https:\/\/westlawchile.cl\/maf\/app\/document?&amp;src=laley4&amp;docguid=i28551DABE892DFF6323931D197A52CE6&amp;hitguid=i28551DABE892DFF6323931D197A52CE6&amp;tocguid=&amp;spos=1&amp;epos=1&amp;td=1&amp;ao=i0AC50834CD5E878681CD6243E1B5D7B6&amp;searchFrom=&amp;savedSearch=false&amp;context=36&amp;crumb-action=append&amp;\">Ver texto completo<\/a><\/p>\r\n\r\n\r\n<hr class=\"wp-block-separator has-alpha-channel-opacity\" \/>\r\n\r\n\r\n<p><strong>Resoluci\u00f3n exenta N\u00b0 415, Ministerio de Salud (30 de abril)<\/strong><br \/>Dispone medidas sanitarias que indica por brote de COVID-19<\/p>\r\n\r\n\r\n\r\n<p><a href=\"https:\/\/westlawchile.cl\/maf\/app\/document?&amp;src=laley4&amp;docguid=i9315AEFEDFBE7AFA236B21B3049273FC&amp;hitguid=i9315AEFEDFBE7AFA236B21B3049273FC&amp;tocguid=&amp;spos=3&amp;epos=3&amp;td=4&amp;ao=i0AC50834CD5E878681CD6243E1B5D7B6&amp;searchFrom=&amp;savedSearch=false&amp;context=42&amp;crumb-action=append&amp;\">Ver texto completo<\/a><\/p>\r\n\r\n\r\n<hr class=\"wp-block-separator has-alpha-channel-opacity\" \/>\r\n\r\n\r\n<p><strong>Resoluci\u00f3n exenta N\u00b0 893, Seremi de Transportes (30 de abril)<\/strong><br \/>Proh\u00edbe circulaci\u00f3n de veh\u00edculos motorizados en las condiciones que indica<\/p>\r\n\r\n\r\n\r\n<p><a href=\"https:\/\/westlawchile.cl\/maf\/app\/document?&amp;src=laley4&amp;docguid=iC4F6D61894D0B1BF2DF649F4A8EA9175&amp;hitguid=iC4F6D61894D0B1BF2DF649F4A8EA9175&amp;tocguid=&amp;spos=2&amp;epos=2&amp;td=2&amp;ao=i0AC50834CD5E878681CD6243E1B5D7B6&amp;searchFrom=&amp;savedSearch=false&amp;context=48&amp;crumb-action=append&amp;\">Ver texto completo<\/a><\/p>\r\n\r\n\r\n<hr class=\"wp-block-separator has-alpha-channel-opacity\" \/>\r\n\r\n\r\n<p><strong>Resoluci\u00f3n exenta N\u00b0 391, Ministerio de Salud (29 de abril)<\/strong><br \/>Dispone medidas sanitarias que indica por brote de COVID-1<\/p>\r\n\r\n\r\n\r\n<p><a href=\"https:\/\/westlawchile.cl\/maf\/app\/document?&amp;src=laley4&amp;docguid=iA99E4149302C2B528D486379FC12E9F4&amp;hitguid=iA99E4149302C2B528D486379FC12E9F4&amp;tocguid=&amp;spos=4&amp;epos=4&amp;td=4&amp;ao=i0AC50834CD5E878681CD6243E1B5D7B6&amp;searchFrom=&amp;savedSearch=false&amp;context=71&amp;crumb-action=append&amp;\">Ver texto completo<\/a><\/p>\r\n\r\n\r\n<hr class=\"wp-block-separator has-alpha-channel-opacity\" \/>\r\n\r\n\r\n<p><strong>Resoluci\u00f3n exenta N\u00b0 394, Ministerio de Salud (29 de abril)<\/strong><br \/>Prorroga suspensi\u00f3n de cirug\u00edas que indica<\/p>\r\n\r\n\r\n\r\n<p><a href=\"https:\/\/westlawchile.cl\/maf\/app\/document?&amp;src=laley4&amp;docguid=iC4380EE3F7A356F27B6D46A0523E15FA&amp;hitguid=iC4380EE3F7A356F27B6D46A0523E15FA&amp;tocguid=&amp;spos=1&amp;epos=1&amp;td=3&amp;ao=i0AC50834CD5E878681CD6243E1B5D7B6&amp;searchFrom=&amp;savedSearch=false&amp;context=14&amp;crumb-action=append&amp;\">Ver texto completo<\/a><\/p>\r\n\r\n\r\n<hr class=\"wp-block-separator has-alpha-channel-opacity\" \/>\r\n\r\n\r\n<p><strong>Ley N\u00b0 21.330, Ministerio del Trabajo Y Previsi\u00f3n Social (28 de abril)<\/strong><br \/>Modifica la Carta Fundamental, para establecer y regular un mecanismo excepcional de retiro de fondos previsionales y anticipo de rentas vitalicias, en las condiciones que indica<\/p>\r\n\r\n\r\n\r\n<p><a href=\"https:\/\/westlawchile.cl\/maf\/app\/document?&amp;src=laley4&amp;docguid=i2D9776643AA3ADC5FF24E6C58E20D3F2&amp;hitguid=i2D9776643AA3ADC5FF24E6C58E20D3F2&amp;tocguid=&amp;spos=1&amp;epos=1&amp;td=1&amp;ao=i0AC50834CD5E878681CD6243E1B5D7B6&amp;searchFrom=&amp;savedSearch=false&amp;context=20&amp;crumb-action=append&amp;\">Ver texto completo<\/a><\/p>\r\n\r\n\r\n<hr class=\"wp-block-separator has-alpha-channel-opacity\" \/>\r\n\r\n\r\n<p><strong>Resoluci\u00f3n exenta N\u00b0 375, Ministerio de Salud (28 de abril)<\/strong><br \/>Instruye convenios que indica para el apoyo al aumento extraordinario de capacidad camas de cuidados intensivos a los prestadores p\u00fablicos y privados de salud cerrados de alta complejidad<\/p>\r\n\r\n\r\n\r\n<p><a href=\"https:\/\/westlawchile.cl\/maf\/app\/document?&amp;src=laley4&amp;docguid=iA30CDE85CF044A5EC73ADC442B5E555F&amp;hitguid=iA30CDE85CF044A5EC73ADC442B5E555F&amp;tocguid=&amp;spos=4&amp;epos=4&amp;td=4&amp;ao=i0AC50834CD5E878681CD6243E1B5D7B6&amp;searchFrom=&amp;savedSearch=false&amp;context=23&amp;crumb-action=append&amp;\">Ver texto completo<\/a><\/p>\r\n\r\n\r\n<hr class=\"wp-block-separator has-alpha-channel-opacity\" \/>\r\n\r\n\r\n<p><strong>Decreto N\u00b0 9, Ministerio de Educaci\u00f3n (27 de abril)<\/strong><br \/>Aprueba Reglamento que fija procedimiento para c\u00e1lculo de excedentes de los fondos solidarios de cr\u00e9dito universitario<\/p>\r\n\r\n\r\n\r\n<p><a href=\"https:\/\/westlawchile.cl\/maf\/app\/document?&amp;src=laley4&amp;docguid=iCCA2FC04D5D085BB8615510A1B8B7E51&amp;hitguid=iCCA2FC04D5D085BB8615510A1B8B7E51&amp;tocguid=&amp;spos=7&amp;epos=7&amp;td=28&amp;ao=i0AC50834CD5E878681CD6243E1B5D7B6&amp;searchFrom=&amp;savedSearch=false&amp;context=29&amp;crumb-action=append&amp;\">Ver texto completo<\/a><\/p>\r\n\r\n\r\n<hr class=\"wp-block-separator has-alpha-channel-opacity\" \/>\r\n\r\n\r\n<p><strong>Resoluci\u00f3n exenta N\u00b0 492, Ministerio de Vivienda y Urbanismo (27 de abril)<\/strong><br \/>Define condiciones operativas excepcionales en contexto de cat\u00e1strofe para la aplicaci\u00f3n pr\u00e1ctica de subsidios obtenidos mediante los llamados a postulaci\u00f3n efectuados durante los a\u00f1os 2020 y 2021, por el Programa de Protecci\u00f3n del Patrimonio Familiar, regulado por el decreto N\u00ba 255, de 2006, y por el Programa de Mejoramiento de Viviendas y Barrios, regulado por el decreto N\u00ba 27, de 2016<\/p>\r\n\r\n\r\n\r\n<p><a href=\"https:\/\/westlawchile.cl\/maf\/app\/document?&amp;src=laley4&amp;docguid=iC05E445A46840A4719B015B43FDB7490&amp;hitguid=iC05E445A46840A4719B015B43FDB7490&amp;tocguid=&amp;spos=2&amp;epos=2&amp;td=4&amp;ao=i0AC50834CD5E878681CD6243E1B5D7B6&amp;searchFrom=&amp;savedSearch=false&amp;context=38&amp;crumb-action=append&amp;\">Ver texto completo<\/a><\/p>\r\n\r\n\r\n<hr class=\"wp-block-separator has-alpha-channel-opacity\" \/>\r\n\r\n\r\n<p><strong>Resoluci\u00f3n exenta N\u00b0 488, Ministerio de Vivienda y Urbanismo (27 de abril)<\/strong><br \/>Llama a postulaci\u00f3n al primer llamado nacional 2021, del Sistema Integrado de Subsidio Habitacional regulado por el decreto N\u00ba 1, de 2011, en las modalidades de adquisici\u00f3n de viviendas y construcci\u00f3n en sitio propio o densificaci\u00f3n predial, reguladas por el tramo 1, 2 y 3 Subsidio Habitacional para Sectores Medios; fija el monto de recursos que se destinar\u00e1n para el subsidio directo en cada modalidad y tramo, cuando corresponda, y su forma de distribuci\u00f3n<\/p>\r\n\r\n\r\n\r\n<p><a href=\"https:\/\/westlawchile.cl\/maf\/app\/document?&amp;src=laley4&amp;docguid=i2BD2FFC01E625975735DF8A57B557F81&amp;hitguid=i2BD2FFC01E625975735DF8A57B557F81&amp;tocguid=&amp;spos=1&amp;epos=1&amp;td=1&amp;ao=i0AC50834CD5E878681CD6243E1B5D7B6&amp;searchFrom=&amp;savedSearch=false&amp;context=44&amp;crumb-action=append&amp;\">Ver texto completo<\/a><\/p>\r\n\r\n\r\n<hr class=\"wp-block-separator has-alpha-channel-opacity\" \/>\r\n\r\n\r\n<p><strong>Decreto N\u00b0 611, Ministerio de Hacienda (24 de abril)<\/strong><br \/>Otorga facultades en materias de \u00edndole tributaria a los organismos que indica, para apoyar a las familias y a las micro, peque\u00f1as y medianas empresas<\/p>\r\n\r\n\r\n\r\n<p><a href=\"https:\/\/westlawchile.cl\/maf\/app\/document?&amp;src=laley4&amp;docguid=iB08A922469056E4BAC847AA46647102B&amp;hitguid=iB08A922469056E4BAC847AA46647102B&amp;tocguid=&amp;spos=2&amp;epos=2&amp;td=3&amp;ao=i0AC50834CD5E878681CD6243E1B5D7B6&amp;searchFrom=&amp;savedSearch=false&amp;context=53&amp;crumb-action=append&amp;\">Ver texto completo<\/a><\/p>\r\n\r\n\r\n<hr class=\"wp-block-separator has-alpha-channel-opacity\" \/>\r\n\r\n\r\n<p><strong>Resoluci\u00f3n exenta N\u00b0 376, Ministerio de Salud (24 de abril)<\/strong><br \/>Dispone medidas sanitarias que indica por brote de COVID-19 y modifica resoluci\u00f3n N\u00ba 43 exenta, de 2021<\/p>\r\n\r\n\r\n\r\n<p><a href=\"https:\/\/westlawchile.cl\/maf\/app\/document?&amp;src=laley4&amp;docguid=i0064F9E667BB1847A61BD00142160221&amp;hitguid=i0064F9E667BB1847A61BD00142160221&amp;tocguid=&amp;spos=2&amp;epos=2&amp;td=2&amp;ao=i0AC50834CD5E878681CD6243E1B5D7B6&amp;searchFrom=&amp;savedSearch=false&amp;context=59&amp;crumb-action=append&amp;\">Ver texto completo<\/a><\/p>\r\n\r\n\r\n<hr class=\"wp-block-separator has-alpha-channel-opacity\" \/>\r\n\r\n\r\n<p><strong>Decreto N\u00b0 43, Ministerio de Hacienda (23 de abril)<\/strong><br \/>Aprueba Reglamento del Fondo de Emergencia Transitorio COVID-19, creado por la ley N\u00ba 21.288<\/p>\r\n\r\n\r\n\r\n<p><a href=\"https:\/\/westlawchile.cl\/maf\/app\/document?&amp;src=laley4&amp;docguid=iA5B4ADD03824C27F6022865375EE3A55&amp;hitguid=iA5B4ADD03824C27F6022865375EE3A55&amp;tocguid=&amp;spos=9&amp;epos=9&amp;td=30&amp;ao=i0AC50834CD5E878681CD6243E1B5D7B6&amp;searchFrom=&amp;savedSearch=false&amp;context=149&amp;crumb-action=append&amp;\">Ver texto completo<\/a><\/p>\r\n\r\n\r\n<hr class=\"wp-block-separator has-alpha-channel-opacity\" \/>\r\n\r\n\r\n<p><strong>Decreto N\u00b0 127, Ministerio de Hacienda (23 de abril)<\/strong><br \/>Modifica decreto N\u00ba 32 exento, de 2021, que Aprueba Reglamento de Administraci\u00f3n del Fondo de Garant\u00eda para Peque\u00f1os y Medianos Empresarios aplicable a las Garant\u00edas de Reactivaci\u00f3n y modifica decreto N\u00ba 130 exento, de 2020, que Aprueba Reglamento de Administraci\u00f3n del Fondo de Garant\u00eda para Peque\u00f1os y Medianos Empresarios aplicable a las L\u00edneas de Garant\u00eda COVID-19<\/p>\r\n\r\n\r\n\r\n<p><a href=\"https:\/\/westlawchile.cl\/maf\/app\/document?&amp;src=laley4&amp;docguid=i5D59F1C03484696E137A293AE7CC1906&amp;hitguid=i5D59F1C03484696E137A293AE7CC1906&amp;tocguid=&amp;spos=5&amp;epos=5&amp;td=15&amp;ao=i0AC50834CD5E878681CD6243E1B5D7B6&amp;searchFrom=&amp;savedSearch=false&amp;context=155&amp;crumb-action=append&amp;\">Ver texto completo<\/a><\/p>\r\n\r\n\r\n<hr class=\"wp-block-separator has-alpha-channel-opacity\" \/>\r\n\r\n\r\n<p><strong>Resoluci\u00f3n exenta N\u00b0 127, Direcci\u00f3n General del Cr\u00e9dito Prendario (23 de abril)<\/strong><br \/>Declara suspensi\u00f3n de remates presenciales en las Unidades de Cr\u00e9dito del pa\u00eds para el mes de mayo de 2021<\/p>\r\n\r\n\r\n\r\n<p><a href=\"https:\/\/westlawchile.cl\/maf\/app\/document?&amp;src=laley4&amp;docguid=iC6D6453CA811C99485BD1AAB1B21736B&amp;hitguid=iC6D6453CA811C99485BD1AAB1B21736B&amp;tocguid=&amp;spos=1&amp;epos=1&amp;td=6&amp;ao=i0AC50834CD5E878681CD6243E1B5D7B6&amp;searchFrom=&amp;savedSearch=false&amp;context=158&amp;crumb-action=append&amp;\">Ver texto completo<\/a><\/p>\r\n\r\n\r\n<hr class=\"wp-block-separator has-alpha-channel-opacity\" \/>\r\n\r\n\r\n<p><strong>Resoluci\u00f3n exenta N\u00b0 1.257, Ministerio de Transportes y Telecomunicaciones (22 de abril)<\/strong><br \/>Modifica resoluci\u00f3n N\u00ba 1.430 exenta, de 2020, y suspende plazo establecido para cancelar, por antig\u00fcedad, los veh\u00edculos inscritos en el Registro Nacional de Servicios de Transporte Remunerado de Escolares, por motivos que indica<\/p>\r\n\r\n\r\n\r\n<p><a href=\"https:\/\/westlawchile.cl\/maf\/app\/document?&amp;src=laley4&amp;docguid=iB64CEA80E864348095DA65970D309FF8&amp;hitguid=iB64CEA80E864348095DA65970D309FF8&amp;tocguid=&amp;spos=1&amp;epos=1&amp;td=1&amp;ao=i0AC50834CD5E878681CD6243E1B5D7B6&amp;searchFrom=&amp;savedSearch=false&amp;context=107&amp;crumb-action=append&amp;\">Ver texto completo<\/a><\/p>\r\n\r\n\r\n<hr class=\"wp-block-separator has-alpha-channel-opacity\" \/>\r\n\r\n\r\n<p><strong>Resoluci\u00f3n exenta N\u00b0 363, Ministerio de Salud (21 de abril)<\/strong><br \/>Dispone medidas sanitarias que indica por brote de COVID-19<\/p>\r\n\r\n\r\n\r\n<p><a href=\"https:\/\/westlawchile.cl\/maf\/app\/document?&amp;src=laley4&amp;docguid=i730289ACEA4CA077CF2227AA1303CA7E&amp;hitguid=i730289ACEA4CA077CF2227AA1303CA7E&amp;tocguid=&amp;spos=1&amp;epos=1&amp;td=1&amp;ao=i0AC50834CD5E878681CD6243E1B5D7B6&amp;searchFrom=&amp;savedSearch=false&amp;context=113&amp;crumb-action=append&amp;\">Ver texto completo<\/a><\/p>\r\n\r\n\r\n<hr class=\"wp-block-separator has-alpha-channel-opacity\" \/>\r\n\r\n\r\n<p><strong>Decreto exento N\u00b0 135, Ministerio de Hacienda (21 de abril)<\/strong><br \/>Modifica decreto N\u00ba 120 exento, de 2021, en la forma que indica<\/p>\r\n\r\n\r\n\r\n<p><a href=\"https:\/\/westlawchile.cl\/maf\/app\/document?&amp;src=laley4&amp;docguid=iB17ABF34B264D2A09F7CB305DA7B874B&amp;hitguid=iB17ABF34B264D2A09F7CB305DA7B874B&amp;tocguid=&amp;spos=5&amp;epos=5&amp;td=12&amp;ao=i0AC50834CD5E878681CD6243E1B5D7B6&amp;searchFrom=&amp;savedSearch=false&amp;context=119&amp;crumb-action=append&amp;\">Ver texto completo<\/a><\/p>\r\n\r\n\r\n<hr class=\"wp-block-separator has-alpha-channel-opacity\" \/>\r\n\r\n\r\n<p><strong>Resoluci\u00f3n exenta N\u00b0 249, Seremi de Transportes Regi\u00f3n del Maule (21 de abril)<\/strong><br \/>Modifica resoluci\u00f3n N\u00ba 47 exenta, de 2021, proh\u00edbe la circulaci\u00f3n de veh\u00edculos motorizados en v\u00edas que indica en la ciudad de Talca<\/p>\r\n\r\n\r\n\r\n<p><a href=\"https:\/\/westlawchile.cl\/maf\/app\/document?&amp;src=laley4&amp;docguid=i9AA3995BBA12989C7EA90836D9E187E2&amp;hitguid=i9AA3995BBA12989C7EA90836D9E187E2&amp;tocguid=&amp;spos=2&amp;epos=2&amp;td=2&amp;ao=i0AC50834CD5E878681CD6243E1B5D7B6&amp;searchFrom=&amp;savedSearch=false&amp;context=125&amp;crumb-action=append&amp;\">Ver texto completo<\/a><\/p>\r\n\r\n\r\n<hr class=\"wp-block-separator has-alpha-channel-opacity\" \/>\r\n\r\n\r\n<p><strong>Resoluci\u00f3n exenta N\u00b0 250, Seremi de Transportes Regi\u00f3n del Maule (21 de abril)<\/strong><br \/>Modifica resoluci\u00f3n N\u00ba 46 exenta, de 2021, que proh\u00edbe la circulaci\u00f3n de veh\u00edculos motorizados en v\u00edas que indica en la ciudad de Linares<\/p>\r\n\r\n\r\n\r\n<p><a href=\"https:\/\/westlawchile.cl\/maf\/app\/document?&amp;src=laley4&amp;docguid=i41D530D0AFF045D6317851D88D5F44FF&amp;hitguid=i41D530D0AFF045D6317851D88D5F44FF&amp;tocguid=&amp;spos=2&amp;epos=2&amp;td=3&amp;ao=i0AC50834CD5E878681CD6243E1B5D7B6&amp;searchFrom=&amp;savedSearch=false&amp;context=128&amp;crumb-action=append&amp;\">Ver texto completo<\/a><\/p>\r\n\r\n\r\n<hr class=\"wp-block-separator has-alpha-channel-opacity\" \/>\r\n\r\n\r\n<p><strong>Resoluci\u00f3n exenta N\u00b0 251, Seremi de Transportes Regi\u00f3n del Maule (21 de abril)<\/strong><br \/>Modifica resoluci\u00f3n N\u00b0 48 exenta, de 2021, y proh\u00edbe circulaci\u00f3n de veh\u00edculos motorizados en v\u00edas que indica en la ciudad de Curic\u00f3<\/p>\r\n\r\n\r\n\r\n<p><a href=\"https:\/\/westlawchile.cl\/maf\/app\/document?&amp;src=laley4&amp;docguid=iF49D580E728EF9F66544CF8FCE60CB38&amp;hitguid=iF49D580E728EF9F66544CF8FCE60CB38&amp;tocguid=&amp;spos=5&amp;epos=5&amp;td=5&amp;ao=i0AC50834CD5E878681CD6243E1B5D7B6&amp;searchFrom=&amp;savedSearch=false&amp;context=131&amp;crumb-action=append&amp;\">Ver texto completo<\/a><\/p>\r\n\r\n\r\n<hr class=\"wp-block-separator has-alpha-channel-opacity\" \/>\r\n\r\n\r\n<p><strong>Ley N\u00b0 21.320, Ministerio de Econom\u00eda, Fomento y Turismo (20 de abril)<\/strong><br \/>Modifica la ley N\u00ba 19.496, sobre Protecci\u00f3n de los Derechos de los Consumidores, en materia de cobranza extrajudicial y otros derechos del consumidor<\/p>\r\n\r\n\r\n\r\n<p><a href=\"https:\/\/westlawchile.cl\/maf\/app\/document?&amp;src=laley4&amp;docguid=i42BC9EF4473A6DDD6C5F48313B7CF785&amp;hitguid=i42BC9EF4473A6DDD6C5F48313B7CF785&amp;tocguid=&amp;spos=1&amp;epos=1&amp;td=1&amp;ao=i0AC50834CD5E878681CD6243E1B5D7B6&amp;searchFrom=&amp;savedSearch=false&amp;context=134&amp;crumb-action=append&amp;\">Ver texto completo<\/a><\/p>\r\n\r\n\r\n<hr class=\"wp-block-separator has-alpha-channel-opacity\" \/>\r\n\r\n\r\n<p><strong>Ley N\u00b0 21.325; Ministerio del Interior y Seguridad P\u00fablica (20 de abril)<\/strong><br \/>Ley de Migraci\u00f3n y Extranjer\u00eda<\/p>\r\n\r\n\r\n\r\n<p><a href=\"https:\/\/westlawchile.cl\/maf\/app\/document?&amp;src=laley4&amp;docguid=i098A8C33AD010DEE7FF2367031AC2595&amp;hitguid=i098A8C33AD010DEE7FF2367031AC2595&amp;tocguid=&amp;spos=1&amp;epos=1&amp;td=188&amp;ao=i0AC50834CD5E878681CD6243E1B5D7B6&amp;searchFrom=&amp;savedSearch=false&amp;context=137&amp;crumb-action=append&amp;\">Ver texto completo<\/a><\/p>\r\n\r\n\r\n<hr class=\"wp-block-separator has-alpha-channel-opacity\" \/>\r\n\r\n\r\n<p><strong>Resoluci\u00f3n N\u00b0 RAEX202100699, Ministerio de Econom\u00eda, Fomento y Turismo (20 de abril)<\/strong><br \/>Dispone medidas para la realizaci\u00f3n de Juntas Generales de Socios Constitutivas y Sesiones del Consejo de Administraci\u00f3n y dem\u00e1s \u00f3rganos internos de las cooperativas por medios remotos o electr\u00f3nicos<\/p>\r\n\r\n\r\n<hr class=\"wp-block-separator has-alpha-channel-opacity\" \/>\r\n\r\n\r\n<p><strong>Decreto N\u00b0 130, Ministerio de Hacienda (19 de abril)<\/strong><br \/>Modifica decreto N\u00ba 284 exento, de 2020, que regula requisitos, procedimiento, cuotas y plazos para acceder al bono de apoyo y pr\u00e9stamo estatal solidario establecido en favor de los microempresarios y conductores del transporte remunerado de pasajeros seg\u00fan lo establecido en el art\u00edculo 6\u00ba de la ley N\u00ba 21.256 y regula los requisitos, procedimiento, cuotas y plazos de un bono adicional a los conductores inscritos por propietarios que cuenten con licencia profesional respecto de veh\u00edculos de transporte p\u00fablico remunerado de pasajeros y de transporte remunerado de escolares<\/p>\r\n\r\n\r\n\r\n<p><a href=\"https:\/\/westlawchile.cl\/maf\/app\/document?&amp;src=laley4&amp;docguid=i4A7732F3FE0A5D314D9734A5BB2B069D&amp;hitguid=i4A7732F3FE0A5D314D9734A5BB2B069D&amp;tocguid=&amp;spos=14&amp;epos=14&amp;td=24&amp;ao=i0AC50834CD5E878681CD6243E1B5D7B6&amp;searchFrom=&amp;savedSearch=false&amp;context=100&amp;crumb-action=append&amp;\">Ver texto completo<\/a><\/p>\r\n\r\n\r\n<hr class=\"wp-block-separator has-alpha-channel-opacity\" \/>\r\n\r\n\r\n<p><strong>Resoluci\u00f3n exenta N\u00b0 357, Ministerio de Salud (17 de abril)<\/strong><br \/>Dispone medidas sanitarias que indica por brote de COVID-19<\/p>\r\n\r\n\r\n\r\n<p><a href=\"https:\/\/westlawchile.cl\/maf\/app\/document?&amp;src=laley4&amp;docguid=i9ED9535336235BDAC6EF00BCBD99FAF8&amp;hitguid=i9ED9535336235BDAC6EF00BCBD99FAF8&amp;tocguid=&amp;spos=1&amp;epos=1&amp;td=1&amp;ao=i0AC50834CD5E878681CD6243E1B5D7B6&amp;searchFrom=&amp;savedSearch=false&amp;context=94&amp;crumb-action=append&amp;\">Ver texto completo<\/a><\/p>\r\n\r\n\r\n<hr class=\"wp-block-separator has-alpha-channel-opacity\" \/>\r\n\r\n\r\n<p><strong>Resoluci\u00f3n exenta N\u00b0 530, Seremi de Transportes Regi\u00f3n de Antofagasta (17 de abril)<\/strong><br \/>Proh\u00edbe circulaci\u00f3n de veh\u00edculos motorizados en zonas urbanas de Antofagasta y Calama, en el sentido que indica<\/p>\r\n\r\n\r\n\r\n<p><a href=\"https:\/\/westlawchile.cl\/maf\/app\/document?&amp;src=laley4&amp;docguid=i1F6B920F3F75F0005DF873F670C1ED61&amp;hitguid=i1F6B920F3F75F0005DF873F670C1ED61&amp;tocguid=&amp;spos=1&amp;epos=1&amp;td=1&amp;ao=i0AC50834CD5E878681CD6243E1B5D7B6&amp;searchFrom=&amp;savedSearch=false&amp;context=85&amp;crumb-action=append&amp;\">Ver texto completo<\/a><\/p>\r\n\r\n\r\n<hr class=\"wp-block-separator has-alpha-channel-opacity\" \/>\r\n\r\n\r\n<p><strong>Resoluci\u00f3n exenta N\u00b0 336, Ministerio de Salud (15 de abril)<\/strong><br \/>Dispone medidas sanitarias que indica por brote de COVID-19<\/p>\r\n\r\n\r\n\r\n<p><a href=\"https:\/\/westlawchile.cl\/maf\/app\/document?&amp;src=laley4&amp;docguid=i75496E1131A7D35792B39AEACB666BC6&amp;hitguid=i75496E1131A7D35792B39AEACB666BC6&amp;tocguid=&amp;spos=1&amp;epos=1&amp;td=1&amp;ao=i0AC50834CD5E878681CD6243E1B5D7B6&amp;searchFrom=&amp;savedSearch=false&amp;context=166&amp;crumb-action=append&amp;\">Ver texto completo<\/a><\/p>\r\n\r\n\r\n<hr class=\"wp-block-separator has-alpha-channel-opacity\" \/>\r\n\r\n\r\n<p><strong>Resoluci\u00f3n exenta N\u00b0 379, Seremi de Transportes Regi\u00f3n de Coquimbo (15 de abril)<\/strong><br \/>Proh\u00edbe circulaci\u00f3n de veh\u00edculos motorizados en v\u00edas que indica de las comunas de La Serena y Coquimbo<\/p>\r\n\r\n\r\n\r\n<p><a href=\"https:\/\/westlawchile.cl\/maf\/app\/document?&amp;src=laley4&amp;docguid=i221F5CBC0240E2964A9256D475F17F43&amp;hitguid=i221F5CBC0240E2964A9256D475F17F43&amp;tocguid=&amp;spos=5&amp;epos=5&amp;td=5&amp;ao=i0AC50834CD5E878681CD6243E1B5D7B6&amp;searchFrom=&amp;savedSearch=false&amp;context=173&amp;crumb-action=append&amp;\">Ver texto completo<\/a><\/p>\r\n\r\n\r\n<hr class=\"wp-block-separator has-alpha-channel-opacity\" \/>\r\n\r\n\r\n<p><strong>Resoluci\u00f3n exenta N\u00b0 949, Ministerio de Transportes y Telecomunicaciones (13 de abril)<\/strong><br \/>Modifica resoluci\u00f3n N\u00ba 116 exenta, de 2021<\/p>\r\n\r\n\r\n\r\n<p><a href=\"https:\/\/westlawchile.cl\/maf\/app\/document?&amp;src=laley4&amp;docguid=iEB6A9CA7F01B3F37CD275D06EF8C4915&amp;hitguid=iEB6A9CA7F01B3F37CD275D06EF8C4915&amp;tocguid=&amp;spos=1&amp;epos=1&amp;td=1&amp;ao=i0AC50834CD5E878681CD6243E1B5D7B6&amp;searchFrom=&amp;savedSearch=false&amp;context=24&amp;crumb-action=append&amp;\">Ver texto completo<\/a><\/p>\r\n\r\n\r\n<hr class=\"wp-block-separator has-alpha-channel-opacity\" \/>\r\n\r\n\r\n<p><strong>Resoluci\u00f3n exenta N\u00b0 331, Ministerio de Salud (10 de abril)<\/strong><br \/>Dispone medidas sanitarias que indica por brote de COVID-19<\/p>\r\n\r\n\r\n\r\n<p><a href=\"https:\/\/westlawchile.cl\/maf\/app\/document?&amp;src=laley4&amp;docguid=iF3B4761B4982E26CD7F720D867417517&amp;hitguid=iF3B4761B4982E26CD7F720D867417517&amp;tocguid=&amp;spos=2&amp;epos=2&amp;td=4&amp;ao=i0AC50834CD5E878681CD6243E1B5D7B6&amp;searchFrom=&amp;savedSearch=false&amp;context=30&amp;crumb-action=append&amp;\">Ver texto completo<\/a><\/p>\r\n\r\n\r\n<hr class=\"wp-block-separator has-alpha-channel-opacity\" \/>\r\n\r\n\r\n<p><strong>Resoluci\u00f3n exenta N\u00b0 J1-2.123, Ministerio de Salud (10 de abril)<\/strong><br \/>Dispone medidas sanitarias que indica a conductores que ingresan al pa\u00eds<\/p>\r\n\r\n\r\n\r\n<p><a href=\"https:\/\/westlawchile.cl\/maf\/app\/document?&amp;src=laley4&amp;docguid=i5C781701510CDE89B2EB1111F0A1ED6C&amp;hitguid=i5C781701510CDE89B2EB1111F0A1ED6C&amp;tocguid=&amp;spos=1&amp;epos=1&amp;td=1&amp;ao=i0AC50834CD5E878681CD6243E1B5D7B6&amp;searchFrom=&amp;savedSearch=false&amp;context=36&amp;crumb-action=append&amp;\">Ver texto completo<\/a><\/p>\r\n\r\n\r\n<hr class=\"wp-block-separator has-alpha-channel-opacity\" \/>\r\n\r\n\r\n<p><strong>Resoluci\u00f3n exenta N\u00b0 1.159, Ministerio de Salud (10 de abril)<\/strong><br \/>Dispone lo que indica respecto a extranjeros no residentes en la Regi\u00f3n de Magallanes y Ant\u00e1rtica Chilena ante el brote del COVID-19<\/p>\r\n\r\n\r\n\r\n<p><a href=\"https:\/\/westlawchile.cl\/maf\/app\/document?&amp;src=laley4&amp;docguid=i4E7E6DAAC87090BB024F2FE572DC4133&amp;hitguid=i4E7E6DAAC87090BB024F2FE572DC4133&amp;tocguid=&amp;spos=1&amp;epos=1&amp;td=1&amp;ao=i0AC50834CD5E878681CD6243E1B5D7B6&amp;searchFrom=&amp;savedSearch=false&amp;context=42&amp;crumb-action=append&amp;\">Ver texto completo<\/a><\/p>\r\n\r\n\r\n<hr class=\"wp-block-separator has-alpha-channel-opacity\" \/>\r\n\r\n\r\n<p><strong>Decreto N\u00b0 12, Ministerio de Salud (9 de abril)<\/strong><br \/>Modifica decreto N\u00b0 4, de 2020, que decreta alerta sanitaria por el per\u00edodo que se se\u00f1ala y otorga facultades extraordinarias que indica por Emergencia de Salud P\u00fablica de Importancia Internacional por brote del nuevo coronavirus (2019-NCOV)<\/p>\r\n\r\n\r\n\r\n<p><a href=\"https:\/\/westlawchile.cl\/maf\/app\/document?&amp;src=laley4&amp;docguid=iBC1680714F942846BCE46224F81078FA&amp;hitguid=iBC1680714F942846BCE46224F81078FA&amp;tocguid=&amp;spos=4&amp;epos=4&amp;td=4&amp;ao=i0AC50834CD5E878681CD6243E1B5D7B6&amp;searchFrom=&amp;savedSearch=false&amp;context=347&amp;crumb-action=append&amp;\">Ver texto completo<\/a><\/p>\r\n\r\n\r\n<hr class=\"wp-block-separator has-alpha-channel-opacity\" \/>\r\n\r\n\r\n<p><strong>Acuerdo S\/N, Servicio Electoral (9 de abril)<\/strong><br \/>Protocolo Sanitario para las Elecciones de Convencionales Constituyentes, Gobernadores Regionales, Alcaldes y Concejales del a\u00f1o 2021<\/p>\r\n\r\n\r\n\r\n<p><a href=\"https:\/\/westlawchile.cl\/maf\/app\/document?&amp;src=laley4&amp;docguid=i9D3417B732B7960CC757598EBB40DBED&amp;hitguid=i9D3417B732B7960CC757598EBB40DBED&amp;tocguid=&amp;spos=7&amp;epos=7&amp;td=7&amp;ao=i0AC50834CD5E878681CD6243E1B5D7B6&amp;searchFrom=&amp;savedSearch=false&amp;context=357&amp;crumb-action=append&amp;\">Ver texto completo<\/a><\/p>\r\n\r\n\r\n<hr class=\"wp-block-separator has-alpha-channel-opacity\" \/>\r\n\r\n\r\n<p><strong>Decreto N\u00b0 120, Ministerio de Hacienda (8 de abril)<\/strong><br \/>Concede el aporte que indica y determina par\u00e1metros para entregar bonificaci\u00f3n y dem\u00e1s materias que se\u00f1ala, de acuerdo a la Partida 50, Cap\u00edtulo 01, Programa 03, Operaciones Complementarias, Subt\u00edtulo 30, \u00cdtem 10, Fondo Emergencia Transitorio, de la glosa 26, numeral 3, literal a, de la ley N\u00ba 21.289, de Presupuestos del Sector P\u00fablico correspondiente al a\u00f1o 2021, y modifica decreto N\u00ba 628 exento, de 2020<\/p>\r\n\r\n\r\n\r\n<p><a href=\"https:\/\/westlawchile.cl\/maf\/app\/document?&amp;src=laley4&amp;docguid=i11B27FD41B81D85D6B010588B429B602&amp;hitguid=i11B27FD41B81D85D6B010588B429B602&amp;tocguid=&amp;spos=4&amp;epos=4&amp;td=66&amp;ao=i0AC50834CD5E878681CD6243E1B5D7B6&amp;searchFrom=&amp;savedSearch=false&amp;context=124&amp;crumb-action=append&amp;\">Ver texto completo<\/a><\/p>\r\n\r\n\r\n<hr class=\"wp-block-separator has-alpha-channel-opacity\" \/>\r\n\r\n\r\n<p><strong>Resoluci\u00f3n exenta N\u00b0 326, Ministerio de Salud (8 de abril)<\/strong><br \/>Dispone medidas sanitarias que indica por brote de COVID-19<\/p>\r\n\r\n\r\n\r\n<p><a href=\"https:\/\/westlawchile.cl\/maf\/app\/document?&amp;src=laley4&amp;docguid=i5E4E76A35F22C9EE0942D867484B2525&amp;hitguid=i5E4E76A35F22C9EE0942D867484B2525&amp;tocguid=&amp;spos=1&amp;epos=1&amp;td=2&amp;ao=i0AC50834CD5E878681CD6243E1B5D7B6&amp;searchFrom=&amp;savedSearch=false&amp;context=132&amp;crumb-action=append&amp;\">Ver texto completo<\/a><\/p>\r\n\r\n\r\n<hr class=\"wp-block-separator has-alpha-channel-opacity\" \/>\r\n\r\n\r\n<p><strong>Decreto N\u00b0 13, Ministerio de Salud (8 de abril)<\/strong><br \/>Suspende garant\u00eda de oportunidad de las garant\u00edas expl\u00edcitas en salud en los problemas de salud que indica<\/p>\r\n\r\n\r\n\r\n<p><a href=\"https:\/\/westlawchile.cl\/maf\/app\/document?&amp;src=laley4&amp;docguid=i9697ABCE104CA512AA96E2CC13E213A5&amp;hitguid=i9697ABCE104CA512AA96E2CC13E213A5&amp;tocguid=&amp;spos=18&amp;epos=18&amp;td=28&amp;ao=i0AC50834CD5E878681CD6243E1B5D7B6&amp;searchFrom=&amp;savedSearch=false&amp;context=138&amp;crumb-action=append&amp;\">Ver texto completo<\/a><\/p>\r\n\r\n\r\n<hr class=\"wp-block-separator has-alpha-channel-opacity\" \/>\r\n\r\n\r\n<p><strong>Resoluci\u00f3n exenta N\u00b0 RAEX202100620, Subsecretar\u00eda de Econom\u00eda y Empresas de Menor Tama\u00f1o (8 de abril)<\/strong><br \/>Dispone pr\u00f3rroga de plazo para remisi\u00f3n de estados financieros auditados respecto de cooperativas que indica<\/p>\r\n\r\n\r\n\r\n<p><a href=\"https:\/\/westlawchile.cl\/maf\/app\/document?&amp;src=laley4&amp;docguid=i66ECDEBCE9234DB91D594829945F50F4&amp;hitguid=i66ECDEBCE9234DB91D594829945F50F4&amp;tocguid=&amp;spos=1&amp;epos=1&amp;td=1&amp;ao=i0AC50834CD5E878681CD6243E1B5D7B6&amp;searchFrom=&amp;savedSearch=false&amp;context=145&amp;crumb-action=append&amp;\">Ver texto completo<\/a><\/p>\r\n\r\n\r\n<hr class=\"wp-block-separator has-alpha-channel-opacity\" \/>\r\n\r\n\r\n<p><strong>Resoluci\u00f3n exenta N\u00b0 95, Direcci\u00f3n General del Cr\u00e9dito Prendario (7 de abril)<\/strong><br \/>Declara suspensi\u00f3n de remates presenciales en las Unidades de Cr\u00e9dito del pa\u00eds para el mes de abril de 2021<\/p>\r\n\r\n\r\n\r\n<p><a href=\"https:\/\/westlawchile.cl\/maf\/app\/document?&amp;src=laley4&amp;docguid=iC844CFA984C917844D5F09314E3BA4E0&amp;hitguid=iC844CFA984C917844D5F09314E3BA4E0&amp;tocguid=&amp;spos=2&amp;epos=2&amp;td=7&amp;ao=i0AC50834CD5E878681CD6243E1B5D7B6&amp;searchFrom=&amp;savedSearch=false&amp;context=151&amp;crumb-action=append&amp;\">Ver texto completo<\/a><\/p>\r\n\r\n\r\n<hr class=\"wp-block-separator has-alpha-channel-opacity\" \/>\r\n\r\n\r\n<p><strong>Ley N\u00b0 21.323, Ministerio de Hacienda (6 de abril)<\/strong><br \/>Establece un nuevo bono clase media y un pr\u00e9stamo solidario para la protecci\u00f3n de los ingresos de la clase media<\/p>\r\n\r\n\r\n\r\n<p><a href=\"https:\/\/westlawchile.cl\/maf\/app\/document?&amp;src=laley4&amp;docguid=iDCEF92DF53FC2E283F4ECAC1F88CF1AB&amp;hitguid=iDCEF92DF53FC2E283F4ECAC1F88CF1AB&amp;tocguid=&amp;spos=1&amp;epos=1&amp;td=1&amp;ao=i0AC50834CD5E878681CD6243E1B5D7B6&amp;searchFrom=&amp;savedSearch=false&amp;context=157&amp;crumb-action=append&amp;\">Ver texto completo<\/a><\/p>\r\n\r\n\r\n<hr class=\"wp-block-separator has-alpha-channel-opacity\" \/>\r\n\r\n\r\n<p><strong>Resoluci\u00f3n exenta N\u00b0 283, Ministerio de Salud (6 de abril)<\/strong><br \/>Aprueba Anexo N\u00ba 5 de los Lineamientos T\u00e9cnico Operativos Vacunaci\u00f3n contra SARS-CoV-2 aprobados por resoluci\u00f3n N\u00ba 1.138 exenta, de 2020<\/p>\r\n\r\n\r\n\r\n<p><a href=\"https:\/\/westlawchile.cl\/maf\/app\/document?&amp;src=laley4&amp;&amp;docguid=iE5B9E04A21E5617A2B02032FA7FFBB52&amp;hitguid=iE5B9E04A21E5617A2B02032FA7FFBB52&amp;tocguid=&amp;spos=2&amp;epos=2&amp;td=2&amp;ao=i0AC50834CD5E878681CD6243E1B5D7B6&amp;searchFrom=&amp;savedSearch=false&amp;context=171&amp;crumb-action=append&amp;\">Ver texto completo<\/a><\/p>\r\n\r\n\r\n<hr class=\"wp-block-separator has-alpha-channel-opacity\" \/>\r\n\r\n\r\n<p><strong>Decreto N\u00b0 6, Ministerio de Salud (6 de abril)<\/strong><br \/>Dispone env\u00edo de ayuda espec\u00edfica que indica a la Rep\u00fablica del Ecuador para apoyo en la atenci\u00f3n derivada de la cat\u00e1strofe humanitaria originada por Emergencia de Salud P\u00fablica de Importancia Internacional por brote del nuevo coronavirus (2019-NCOV)<\/p>\r\n\r\n\r\n\r\n<p><a href=\"https:\/\/westlawchile.cl\/maf\/app\/document?&amp;src=laley4&amp;docguid=iB4F5756E6781C0B2F0E7C26439D04F43&amp;hitguid=iB4F5756E6781C0B2F0E7C26439D04F43&amp;tocguid=&amp;spos=29&amp;epos=29&amp;td=40&amp;ao=i0AC50834CD5E878681CD6243E1B5D7B6&amp;searchFrom=&amp;savedSearch=false&amp;context=182&amp;crumb-action=append&amp;\">Ver texto completo<\/a><\/p>\r\n\r\n\r\n<hr class=\"wp-block-separator has-alpha-channel-opacity\" \/>\r\n\r\n\r\n<p><strong>Resoluci\u00f3n exenta N\u00b0 1.045, Seremi de Salud Regi\u00f3n de Magallanes y Ant\u00e1rtica Chilena (6 de abril)<\/strong><br \/>Modifica resoluci\u00f3n N\u00ba 2.607, de 2020, que dispuso medidas sanitarias en la Regi\u00f3n de Magallanes y Ant\u00e1rtica Chilena ante el brote del Covid-19<\/p>\r\n\r\n\r\n\r\n<p><a href=\"https:\/\/westlawchile.cl\/maf\/app\/document?&amp;src=laley4&amp;docguid=iD3D1FD5E715057930951FFA43E786DB1&amp;hitguid=iD3D1FD5E715057930951FFA43E786DB1&amp;tocguid=&amp;spos=2&amp;epos=2&amp;td=3&amp;ao=i0AC50834CD5E878681CD6243E1B5D7B6&amp;searchFrom=&amp;savedSearch=false&amp;context=189&amp;crumb-action=append&amp;\">Ver texto completo<\/a><\/p>\r\n\r\n\r\n<hr class=\"wp-block-separator has-alpha-channel-opacity\" \/>\r\n\r\n\r\n<p><strong>Resoluci\u00f3n exenta N\u00b0 985, Ministerio de Transportes y Telecomunicaciones (6 de abril)<\/strong><br \/>Extiende vigencia de los certificados de inscripci\u00f3n que indica, en el Registro Nacional de Servicios de Transporte Remunerado de Escolares<\/p>\r\n\r\n\r\n\r\n<p><a href=\"https:\/\/westlawchile.cl\/maf\/app\/document?&amp;src=laley4&amp;docguid=i9D10F2B3E949BEF9812C873700C4EFDE&amp;hitguid=i9D10F2B3E949BEF9812C873700C4EFDE&amp;tocguid=&amp;spos=2&amp;epos=2&amp;td=2&amp;ao=i0AC50834CD5E878681CD6243E1B5D7B6&amp;searchFrom=&amp;savedSearch=false&amp;context=196&amp;crumb-action=append&amp;\">Ver texto completo<\/a><\/p>\r\n\r\n\r\n<hr class=\"wp-block-separator has-alpha-channel-opacity\" \/>\r\n\r\n\r\n<p><strong>Decreto N\u00b0 82, Ministerio del Interior y Seguridad P\u00fablica (5 de abril)<\/strong><br \/>Modifica decreto N\u00ba 102, de 2020, que dispone el cierre temporal de lugares habilitados para el ingreso y egreso de extranjeros, por Emergencia de Salud P\u00fablica de Importancia Internacional, por brote del nuevo coronavirus (2019-NCOV), y extiende su vigencia<\/p>\r\n\r\n\r\n\r\n<p><a href=\"https:\/\/westlawchile.cl\/maf\/app\/document?&amp;src=laley4&amp;docguid=iDE30E722E083477DAFB81F205E65527D&amp;hitguid=iDE30E722E083477DAFB81F205E65527D&amp;tocguid=&amp;spos=12&amp;epos=12&amp;td=23&amp;ao=i0AC50834CD5E878681CD6243E1B5D7B6&amp;searchFrom=&amp;savedSearch=false&amp;context=202&amp;crumb-action=append&amp;\">Ver texto completo<\/a><\/p>\r\n\r\n\r\n<hr class=\"wp-block-separator has-alpha-channel-opacity\" \/>\r\n\r\n\r\n<p><strong>Decreto N\u00b0 615, Ministerio del Interior y Seguridad P\u00fablica (5 de abril)<\/strong><br \/>Reemplaza a los Jefes de la Defensa Nacional de las regiones de Valpara\u00edso y del Biob\u00edo, designados por decreto N\u00ba 104, de 2020<\/p>\r\n\r\n\r\n\r\n<p><a href=\"https:\/\/westlawchile.cl\/maf\/app\/document?&amp;src=laley4&amp;docguid=iAA44FE132D0A9EF4CF5F03D7A73F008D&amp;hitguid=iAA44FE132D0A9EF4CF5F03D7A73F008D&amp;tocguid=&amp;spos=1&amp;epos=1&amp;td=3&amp;ao=i0AC50834CD5E878681CD6243E1B5D7B6&amp;searchFrom=&amp;savedSearch=false&amp;context=209&amp;crumb-action=append&amp;\">Ver texto completo<\/a><\/p>\r\n\r\n\r\n<hr class=\"wp-block-separator has-alpha-channel-opacity\" \/>\r\n\r\n\r\n<p><strong>Resoluci\u00f3n exenta N\u00b0 317, Ministerio de Salud (5 de abril)<\/strong><br \/>Modifica resoluciones N\u00ba 43 exenta, de 2021, y N\u00ba 997 exenta, de 2020<\/p>\r\n\r\n\r\n\r\n<p><a href=\"https:\/\/westlawchile.cl\/maf\/app\/document?&amp;src=laley4&amp;docguid=i550FB9D11D14095DB0F61898D6A1B694&amp;hitguid=i550FB9D11D14095DB0F61898D6A1B694&amp;tocguid=&amp;spos=1&amp;epos=1&amp;td=1&amp;ao=i0AC50834CD5E878681CD6243E1B5D7B6&amp;searchFrom=&amp;savedSearch=false&amp;context=215&amp;crumb-action=append&amp;\">Ver texto completo<\/a><\/p>\r\n\r\n\r\n<hr class=\"wp-block-separator has-alpha-channel-opacity\" \/>\r\n\r\n\r\n<p><strong>Resoluci\u00f3n exenta N\u00b0 1.044, Seremi de Salud Regi\u00f3n de Magallanes y Ant\u00e1rtica Chilena (5 de abril)<\/strong><br \/>Modifica resoluci\u00f3n N\u00ba 309, de 2021, que dispuso medidas sanitarias en la comuna de Cabo de Hornos, de la Regi\u00f3n de Magallanes y Ant\u00e1rtica Chilena, ante el brote de COVID-19<\/p>\r\n\r\n\r\n\r\n<p><a href=\"https:\/\/westlawchile.cl\/maf\/app\/document?&amp;src=laley4&amp;docguid=i9B9E0E9D9BC40785B32B451F8F1ED91F&amp;hitguid=i9B9E0E9D9BC40785B32B451F8F1ED91F&amp;tocguid=&amp;spos=1&amp;epos=1&amp;td=1&amp;ao=i0AC50834CD5E878681CD6243E1B5D7B6&amp;searchFrom=&amp;savedSearch=false&amp;context=221&amp;crumb-action=append&amp;\">Ver texto completo<\/a><\/p>\r\n\r\n\r\n<hr class=\"wp-block-separator has-alpha-channel-opacity\" \/>\r\n\r\n\r\n<p><strong>Resoluci\u00f3n exenta N\u00b0 316, Ministerio de Salud (1 de abril)<\/strong><br \/>Dispone medidas sanitarias que indica por brote de COVID-19<\/p>\r\n\r\n\r\n\r\n<p><a href=\"https:\/\/westlawchile.cl\/maf\/app\/document?&amp;src=laley4&amp;docguid=i5847D9B815174D9AAFCFA09C29A13182&amp;hitguid=i5847D9B815174D9AAFCFA09C29A13182&amp;tocguid=&amp;spos=2&amp;epos=2&amp;td=2&amp;ao=i0AC50834CD5E878681CD6243E1B5D7B6&amp;searchFrom=&amp;savedSearch=false&amp;context=227&amp;crumb-action=append&amp;\">Ver texto completo<\/a><\/p>\r\n\r\n\r\n<hr class=\"wp-block-separator has-alpha-channel-opacity\" \/>\r\n\r\n\r\n<p><strong>Resoluci\u00f3n exenta N\u00b0 307, Ministerio de Salud (1 de abril)<\/strong><br \/>Aprueba Calendario de Vacunaci\u00f3n SARS-COV-2 (COVID-19) y dispone medidas que indica<\/p>\r\n\r\n\r\n\r\n<p><a href=\"https:\/\/westlawchile.cl\/maf\/app\/document?&amp;src=laley4&amp;docguid=i382232DFA3DFC1C6422DF1785C76F3FC&amp;hitguid=i382232DFA3DFC1C6422DF1785C76F3FC&amp;tocguid=&amp;spos=1&amp;epos=1&amp;td=2&amp;ao=i0AC50834CD5E878681CD6243E1B5D7B6&amp;searchFrom=&amp;savedSearch=false&amp;context=362&amp;crumb-action=append&amp;\">Ver texto completo<\/a><\/p>\r\n\r\n\r\n<hr class=\"wp-block-separator has-alpha-channel-opacity\" \/>\r\n\r\n\r\n<p><strong>Resoluci\u00f3n exenta N\u00b0 305, Ministerio de Salud (1 de abril)<\/strong><br \/>Dispone medidas sanitarias que indica por brote de COVID-19<\/p>\r\n\r\n\r\n\r\n<p><a href=\"https:\/\/westlawchile.cl\/maf\/app\/document?&amp;src=laley4&amp;docguid=iD46A3CFC42D7D1129617BC4FE2C4C1C1&amp;hitguid=iD46A3CFC42D7D1129617BC4FE2C4C1C1&amp;tocguid=&amp;spos=2&amp;epos=2&amp;td=2&amp;ao=i0AC50834CD5E878681CD6243E1B5D7B6&amp;searchFrom=&amp;savedSearch=false&amp;context=369&amp;crumb-action=append&amp;\">Ver texto completo<\/a><\/p>\r\n\r\n\r\n<hr class=\"wp-block-separator has-alpha-channel-opacity\" \/>\r\n\r\n\r\n<p><strong>Resoluci\u00f3n exenta N\u00b0 236, Ministerio del Trabajo y Previsi\u00f3n Social (1 de abril)<\/strong><br \/>Modifica resoluci\u00f3n N\u00ba 625 exenta, de 2020, que califica la situaci\u00f3n de emergencia laboral y activa implementaci\u00f3n de L\u00ednea Emergencia Laboral COVID-19 del Programa de Formaci\u00f3n en el Puesto de Trabajo, conforme a lo dispuesto en el decreto N\u00ba 28, de 2011<\/p>\r\n\r\n\r\n<hr class=\"wp-block-separator has-alpha-channel-opacity\" \/>\r\n\r\n\r\n<p><strong>Decreto N\u00b0 12, Ministerio del Trabajo y Previsi\u00f3n Social (1 de abril)<\/strong><br \/>Modifica decreto N\u00ba 28, de 2011, que establece componentes, l\u00edneas de acci\u00f3n, procedimientos, modalidades y mecanismos de control del Programa de Formaci\u00f3n en el Puesto de Trabajo<\/p>\r\n\r\n\r\n<hr class=\"wp-block-separator has-alpha-channel-opacity\" \/>\r\n\r\n\r\n<p><strong>Resoluci\u00f3n exenta N\u00b0 817, Ministerio de Defensa Nacional (1 de abril)<\/strong><br \/>Dispone atenci\u00f3n de p\u00fablico excepcional a las autoridades fiscalizadoras de la ley N\u00ba 17.798 sobre control de armas<\/p>\r\n\r\n\r\n\r\n<p><a href=\"https:\/\/westlawchile.cl\/maf\/app\/document?&amp;src=laley4&amp;docguid=iCAAED97F718FE2EFCB0EFC3DDFB95553&amp;hitguid=iCAAED97F718FE2EFCB0EFC3DDFB95553&amp;tocguid=&amp;spos=1&amp;epos=1&amp;td=2&amp;ao=i0AC50834CD5E878681CD6243E1B5D7B6&amp;searchFrom=&amp;savedSearch=false&amp;context=426&amp;crumb-action=append&amp;\">Ver texto completo<\/a><\/p>\r\n\r\n\r\n<hr class=\"wp-block-separator has-alpha-channel-opacity\" \/>\r\n\r\n\r\n<p><strong>Resoluci\u00f3n exenta N\u00b0 304, Ministerio de Salud (30 de marzo)<\/strong><br \/>Modifica resoluci\u00f3n N\u00ba 997 exenta, de 2020<\/p>\r\n\r\n\r\n\r\n<p><a href=\"https:\/\/westlawchile.cl\/maf\/app\/document?&amp;src=laley4&amp;docguid=iE3CC56FF2C7A47ADF64A7379FB4D6982&amp;hitguid=iE3CC56FF2C7A47ADF64A7379FB4D6982&amp;tocguid=&amp;spos=2&amp;epos=2&amp;td=2&amp;ao=i0AC50834CD5E878681CD6243E1B5D7B6&amp;searchFrom=&amp;savedSearch=false&amp;context=261&amp;crumb-action=append&amp;\">Ver texto completo<\/a><\/p>\r\n\r\n\r\n<hr class=\"wp-block-separator has-alpha-channel-opacity\" \/>\r\n\r\n\r\n<p><strong>Resoluci\u00f3n exenta N\u00b0 334, Ministerio de Salud (30 de marzo)<\/strong><br \/>Instruye aumento de capacidad camas de cuidados intensivos a los prestadores p\u00fablicos y privados de salud cerrados de alta complejidad<\/p>\r\n\r\n\r\n\r\n<p><a href=\"https:\/\/westlawchile.cl\/maf\/app\/document?&amp;src=laley4&amp;docguid=i3C0900A02CDD793A43FD6286BAECBF88&amp;hitguid=i3C0900A02CDD793A43FD6286BAECBF88&amp;tocguid=&amp;spos=3&amp;epos=3&amp;td=5&amp;ao=i0AC50834CD5E878681CD6243E1B5D7B6&amp;searchFrom=&amp;savedSearch=false&amp;context=255&amp;crumb-action=append&amp;\">Ver texto completo<\/a><\/p>\r\n\r\n\r\n<hr class=\"wp-block-separator has-alpha-channel-opacity\" \/>\r\n\r\n\r\n<p><strong>Decreto N\u00b0 11, Ministerio de Salud (30 de marzo)<\/strong><br \/>Decreta alerta sanitaria por el per\u00edodo que se\u00f1ala y otorga facultades extraordinarias que indica por presencia de veneno amn\u00e9sico de los mariscos<\/p>\r\n\r\n\r\n\r\n<p><a href=\"https:\/\/westlawchile.cl\/maf\/app\/document?&amp;src=laley4&amp;docguid=i36807DDAA1B045B60979B2C5B400B1EB&amp;hitguid=i36807DDAA1B045B60979B2C5B400B1EB&amp;tocguid=&amp;spos=26&amp;epos=26&amp;td=37&amp;ao=i0AC50834CD5E878681CD6243E1B5D7B6&amp;searchFrom=&amp;savedSearch=false&amp;context=245&amp;crumb-action=append&amp;\">Ver texto completo<\/a><\/p>\r\n\r\n\r\n<hr class=\"wp-block-separator has-alpha-channel-opacity\" \/>\r\n\r\n\r\n<p><strong>Resoluci\u00f3n exenta n\u00famero 725, Ministerio de Transportes (30 de marzo)<\/strong><br \/>Modifica resoluci\u00f3n N\u00ba 116 exenta, de 2021<\/p>\r\n\r\n\r\n\r\n<p><a href=\"https:\/\/westlawchile.cl\/maf\/app\/document?&amp;src=laley4&amp;docguid=i0A8449E56FECC2DCACE8ED54086992D1&amp;hitguid=i0A8449E56FECC2DCACE8ED54086992D1&amp;tocguid=&amp;spos=2&amp;epos=2&amp;td=2&amp;ao=i0AC50834CD5E878681CD6243E1B5D7B6&amp;searchFrom=&amp;savedSearch=false&amp;context=217&amp;crumb-action=append&amp;\">Ver texto completo<\/a><\/p>\r\n\r\n\r\n<hr class=\"wp-block-separator has-alpha-channel-opacity\" \/>\r\n\r\n\r\n<p><strong>Ley N\u00b0 21.318, Ministerio Secretar\u00eda General de la Presidencia (27 de marzo)<\/strong><br \/>Reforma constitucional que ampl\u00eda el plazo de autorizaci\u00f3n para que el Congreso Nacional sesione por medios telem\u00e1ticos<\/p>\r\n\r\n\r\n\r\n<p><a href=\"https:\/\/westlawchile.cl\/maf\/app\/document?&amp;src=laley4&amp;docguid=iFA28A84D7BE81D73CBE77F3372B080F1&amp;hitguid=iFA28A84D7BE81D73CBE77F3372B080F1&amp;tocguid=&amp;spos=1&amp;epos=1&amp;td=1&amp;ao=i0AC50834CD5E878681CD6243E1B5D7B6&amp;searchFrom=&amp;savedSearch=false&amp;context=211&amp;crumb-action=append&amp;\">Ver texto completo<\/a><\/p>\r\n\r\n\r\n<hr class=\"wp-block-separator has-alpha-channel-opacity\" \/>\r\n\r\n\r\n<p><strong>Decreto N\u00b0 79, Ministerio del Interior y Seguridad P\u00fablica (27 de marzo)<\/strong><br \/>Extiende vigencia del decreto N\u00b0 102, de 2020, que dispone el cierre temporal de lugares habilitados para el ingreso y egreso de extranjeros, por Emergencia de Salud P\u00fablica de Importancia Internacional por brote del nuevo coronavirus (2019-NCOV)<\/p>\r\n\r\n\r\n\r\n<p><a href=\"https:\/\/westlawchile.cl\/maf\/app\/document?&amp;src=laley4&amp;docguid=i693DF7B994248ACABE59596431E3B4BF&amp;hitguid=i693DF7B994248ACABE59596431E3B4BF&amp;tocguid=&amp;spos=10&amp;epos=10&amp;td=28&amp;ao=i0AC50834CD5E878681CD6243E1B5D7B6&amp;searchFrom=&amp;savedSearch=false&amp;context=204&amp;crumb-action=append&amp;\">Ver texto completo<\/a><\/p>\r\n\r\n\r\n<hr class=\"wp-block-separator has-alpha-channel-opacity\" \/>\r\n\r\n\r\n<p><strong>Resoluci\u00f3n exenta N\u00b0 271, Ministerio de Salud (27 de marzo)<\/strong><br \/>Modifica resoluciones exentas N\u00ba 43 y N\u00ba 233, ambas de 2021<\/p>\r\n\r\n\r\n\r\n<p><a href=\"https:\/\/westlawchile.cl\/maf\/app\/document?&amp;src=laley4&amp;docguid=iF88A26CA37682448DE5A8DAC638C61E8&amp;hitguid=iF88A26CA37682448DE5A8DAC638C61E8&amp;tocguid=&amp;spos=2&amp;epos=2&amp;td=3&amp;ao=i0AC50834CD5E878681CD6243E1B5D7B6&amp;searchFrom=&amp;savedSearch=false&amp;context=198&amp;crumb-action=append&amp;\">Ver texto completo<\/a><\/p>\r\n\r\n\r\n<hr class=\"wp-block-separator has-alpha-channel-opacity\" \/>\r\n\r\n\r\n<p><strong>Resoluci\u00f3n exenta N\u00b0 289, Ministerio de Salud (27 de marzo)<\/strong><br \/>Dispone medidas sanitarias que indica por brote de COVID-19<\/p>\r\n\r\n\r\n\r\n<p><a href=\"https:\/\/westlawchile.cl\/maf\/app\/document?&amp;src=laley4&amp;srguid=i0ad6adc5000001788df1867922366093&amp;docguid=iFB4C38EA29D71CB10CF13972EE988FC1&amp;hitguid=iFB4C38EA29D71CB10CF13972EE988FC1&amp;tocguid=&amp;spos=1&amp;epos=1&amp;td=3&amp;ao=i0AC50834CD5E878681CD6243E1B5D7B6&amp;searchFrom=&amp;savedSearch=false&amp;context=172&amp;crumb-action=append&amp;\">Ver texto completo<\/a><\/p>\r\n\r\n\r\n<hr class=\"wp-block-separator has-alpha-channel-opacity\" \/>\r\n\r\n\r\n<p><strong>Resoluci\u00f3n exenta N\u00b0 67, Seremi de Transportes Regi\u00f3n de \u00d1uble (27 de marzo)<\/strong><br \/>Proh\u00edbe circulaci\u00f3n de veh\u00edculos que indica en las condiciones que se\u00f1ala<\/p>\r\n\r\n\r\n\r\n<p><a href=\"https:\/\/westlawchile.cl\/maf\/app\/document?&amp;src=laley4&amp;docguid=i490E1267D3E1C1688D359F5E17427D50&amp;hitguid=i490E1267D3E1C1688D359F5E17427D50&amp;tocguid=&amp;spos=2&amp;epos=2&amp;td=3&amp;ao=i0AC50834CD5E878681CD6243E1B5D7B6&amp;searchFrom=&amp;savedSearch=false&amp;context=172&amp;crumb-action=append&amp;\">Ver texto completo<\/a><\/p>\r\n\r\n\r\n<hr class=\"wp-block-separator has-alpha-channel-opacity\" \/>\r\n\r\n\r\n<p><strong>Resoluci\u00f3n exenta N\u00b0 279, Ministerio de Salud (25 de marzo)<\/strong><br \/>Dispone medidas sanitarias que indica por brote de COVID-19<\/p>\r\n\r\n\r\n\r\n<p><a href=\"https:\/\/westlawchile.cl\/maf\/app\/document?&amp;src=laley4&amp;docguid=i43DF1F64B1F7795D6844A546CE85AC03&amp;hitguid=i43DF1F64B1F7795D6844A546CE85AC03&amp;tocguid=&amp;spos=1&amp;epos=1&amp;td=3&amp;ao=i0AC50834CD5E878681CD6243E1B5D7B6&amp;searchFrom=&amp;savedSearch=false&amp;context=153&amp;crumb-action=append&amp;\">Ver texto completo<\/a><\/p>\r\n\r\n\r\n<hr class=\"wp-block-separator has-alpha-channel-opacity\" \/>\r\n\r\n\r\n<p><strong>Resoluci\u00f3n exenta N\u00b0 284, Ministerio de Salud (25 de marzo)<\/strong><br \/>Modifica resoluci\u00f3n N\u00ba 997 exenta, de 2020<\/p>\r\n\r\n\r\n\r\n<p><a href=\"https:\/\/westlawchile.cl\/maf\/app\/document?&amp;src=laley4&amp;docguid=iE794C824AFE93815DC9B5E5AE7EEA3E7&amp;hitguid=iE794C824AFE93815DC9B5E5AE7EEA3E7&amp;tocguid=&amp;spos=2&amp;epos=2&amp;td=2&amp;ao=i0AC50834CD5E878681CD6243E1B5D7B6&amp;searchFrom=&amp;savedSearch=false&amp;context=159&amp;crumb-action=append&amp;\">Ver texto completo<\/a><\/p>\r\n\r\n\r\n<hr class=\"wp-block-separator has-alpha-channel-opacity\" \/>\r\n\r\n\r\n<p><strong>Resoluci\u00f3n exenta N\u00b0 471, Ministerio de Transportes y Telecomunicaciones (24 de marzo)<\/strong><br \/>Modifica resoluci\u00f3n N\u00ba 1.686 exenta, de 2006<\/p>\r\n\r\n\r\n\r\n<p><a href=\"https:\/\/westlawchile.cl\/maf\/app\/document?&amp;src=laley4&amp;docguid=i51FC50D55E20124A1FB59AD087D2F776&amp;hitguid=i51FC50D55E20124A1FB59AD087D2F776&amp;tocguid=&amp;spos=2&amp;epos=2&amp;td=2&amp;ao=i0AC50834CD5E878681CD6243E1B5D7B6&amp;searchFrom=&amp;savedSearch=false&amp;context=168&amp;crumb-action=append&amp;\">Ver texto completo<\/a><\/p>\r\n\r\n\r\n<hr class=\"wp-block-separator has-alpha-channel-opacity\" \/>\r\n\r\n\r\n<p><strong>Resoluci\u00f3n exenta N\u00b0 1.064, Ministerio de Defensa Nacional (23 de marzo)<\/strong><br \/>Modifica resoluci\u00f3n N\u00b0 2.789 exenta, de 2020<\/p>\r\n\r\n\r\n\r\n<p><a href=\"https:\/\/westlawchile.cl\/maf\/app\/document?&amp;src=laley4&amp;docguid=iB76C00F634F1856968B59D5FA81EFD8F&amp;hitguid=iB76C00F634F1856968B59D5FA81EFD8F&amp;tocguid=&amp;spos=1&amp;epos=1&amp;td=1&amp;ao=i0AC50834CD5E878681CD6243E1B5D7B6&amp;searchFrom=&amp;savedSearch=false&amp;context=175&amp;crumb-action=append&amp;\">Ver texto completo<\/a><\/p>\r\n\r\n\r\n<hr class=\"wp-block-separator has-alpha-channel-opacity\" \/>\r\n\r\n\r\n<p><strong>Decreto N\u00b0 76, Ministerio del Interior y Seguridad P\u00fablica (22 de marzo)<\/strong><br \/>Extiende vigencia del decreto N\u00ba 107, de 2020, que declara como zonas afectadas por cat\u00e1strofe a las comunas que indica<\/p>\r\n\r\n\r\n\r\n<p><a href=\"https:\/\/westlawchile.cl\/maf\/app\/document?&amp;src=laley4&amp;docguid=iBA244C2B6CAF22F73F8816B10DC4BD45&amp;hitguid=iBA244C2B6CAF22F73F8816B10DC4BD45&amp;tocguid=&amp;spos=10&amp;epos=10&amp;td=24&amp;ao=i0AC50834CD5E878681CD6243E1B5D7B6&amp;searchFrom=&amp;savedSearch=false&amp;context=184&amp;crumb-action=append&amp;\">Ver texto completo<\/a><\/p>\r\n\r\n\r\n<hr class=\"wp-block-separator has-alpha-channel-opacity\" \/>\r\n\r\n\r\n<p><strong>Acuerdo S\/N, Servicio Electoral (22 de marzo)<\/strong><br \/>Dicta normas e instrucciones para el desarrollo de las Elecciones de Convencionales Constituyentes, Gobernadores Regionales, Alcaldes y Concejales del 10 y 11 de abril de 2021<\/p>\r\n\r\n\r\n\r\n<p><a href=\"https:\/\/westlawchile.cl\/maf\/app\/document?&amp;src=laley4&amp;docguid=i75E2660C92F235C0672DEC9FFD6ACF8C&amp;hitguid=i75E2660C92F235C0672DEC9FFD6ACF8C&amp;tocguid=&amp;spos=6&amp;epos=6&amp;td=6&amp;ao=i0AC50834CD5E878681CD6243E1B5D7B6&amp;searchFrom=&amp;savedSearch=false&amp;context=192&amp;crumb-action=append&amp;\">Ver texto completo<\/a><\/p>\r\n\r\n\r\n<hr class=\"wp-block-separator has-alpha-channel-opacity\" \/>\r\n\r\n\r\n<p><strong>Resoluci\u00f3n exenta N\u00b0 271, Ministerio de Salud (20 de marzo)<\/strong><br \/>Dispone medidas sanitarias que indica por brote de COVID-19<\/p>\r\n\r\n\r\n\r\n<p><a href=\"https:\/\/westlawchile.cl\/maf\/app\/document?&amp;src=laley4&amp;docguid=i02B1D54B17451E9FC48967A35A2097BC&amp;hitguid=i02B1D54B17451E9FC48967A35A2097BC&amp;tocguid=&amp;spos=2&amp;epos=2&amp;td=2&amp;ao=i0AC50834CD5E878681CD6243E1B5D7B6&amp;searchFrom=&amp;savedSearch=false&amp;context=198&amp;crumb-action=append&amp;\">Ver texto completo<\/a><\/p>\r\n\r\n\r\n<hr class=\"wp-block-separator has-alpha-channel-opacity\" \/>\r\n\r\n\r\n<p><strong>Resoluci\u00f3n exenta N\u00b0 273, Ministerio de Salud (20 de marzo)<\/strong><br \/>Aprueba Calendario de Vacunaci\u00f3n SARS-COV-2 (COVID-19) y dispone medidas que indica<\/p>\r\n\r\n\r\n\r\n<p><a href=\"https:\/\/westlawchile.cl\/maf\/app\/document?&amp;src=laley4&amp;docguid=iDC0078D9A9E872857DF3160A32B0E6C8&amp;hitguid=iDC0078D9A9E872857DF3160A32B0E6C8&amp;tocguid=&amp;spos=1&amp;epos=1&amp;td=1&amp;ao=i0AC50834CD5E878681CD6243E1B5D7B6&amp;searchFrom=&amp;savedSearch=false&amp;context=204&amp;crumb-action=append&amp;\">Ver texto completo<\/a><\/p>\r\n\r\n\r\n<hr class=\"wp-block-separator has-alpha-channel-opacity\" \/>\r\n\r\n\r\n<p><strong>Resoluci\u00f3n exenta N\u00b0 220, Seremi de Transportes Regi\u00f3n del Maule (20 de marzo)<\/strong><br \/>Modifica resoluci\u00f3n N\u00ba 48 exenta, de 2021, que proh\u00edbe la circulaci\u00f3n de veh\u00edculos motorizados en v\u00edas que indica en la ciudad de Curic\u00f3<\/p>\r\n\r\n\r\n\r\n<p><a href=\"https:\/\/westlawchile.cl\/maf\/app\/document?&amp;src=laley4&amp;docguid=iA1D63AB16D57DDD1C27DA1E538513670&amp;hitguid=iA1D63AB16D57DDD1C27DA1E538513670&amp;tocguid=&amp;spos=4&amp;epos=4&amp;td=4&amp;ao=i0AC50834CD5E878681CD6243E1B5D7B6&amp;searchFrom=&amp;savedSearch=false&amp;context=212&amp;crumb-action=append&amp;\">Ver texto completo<\/a><\/p>\r\n\r\n\r\n<hr class=\"wp-block-separator has-alpha-channel-opacity\" \/>\r\n\r\n\r\n<p><strong>Resoluci\u00f3n exenta N\u00b0 221, Seremi de Transportes Regi\u00f3n del Maule (20 de marzo)<\/strong><br \/>Modifica resoluci\u00f3n N\u00b0 47 exenta, de 2021, que proh\u00edbe la circulaci\u00f3n de veh\u00edculos motorizados en v\u00edas que indica en la ciudad de Talca<\/p>\r\n\r\n\r\n\r\n<p><a href=\"https:\/\/westlawchile.cl\/maf\/app\/document?&amp;src=laley4&amp;docguid=iC49627D0716FB55069E67D90BC3CCCC8&amp;hitguid=iC49627D0716FB55069E67D90BC3CCCC8&amp;tocguid=&amp;spos=2&amp;epos=2&amp;td=3&amp;ao=i0AC50834CD5E878681CD6243E1B5D7B6&amp;searchFrom=&amp;savedSearch=false&amp;context=218&amp;crumb-action=append&amp;\">Ver texto completo<\/a><\/p>\r\n\r\n\r\n<hr class=\"wp-block-separator has-alpha-channel-opacity\" \/>\r\n\r\n\r\n<p><strong>Ley N\u00b0 21.317, Ministerio Secretar\u00eda General de la Presidencia (17 de marzo)<\/strong><br \/>Ampl\u00eda a dos d\u00edas las pr\u00f3ximas elecciones municipales, de gobernadores regionales y de convencionales constituyentes, fija reglas especiales para su desarrollo, y se\u00f1ala inscripci\u00f3n de candidaturas en los t\u00e9rminos que indica<\/p>\r\n\r\n\r\n\r\n<p><a href=\"https:\/\/westlawchile.cl\/maf\/app\/document?&amp;src=laley4&amp;docguid=iAA1FA02C1DEE14D4C94810FB3C6EE413&amp;hitguid=iAA1FA02C1DEE14D4C94810FB3C6EE413&amp;tocguid=&amp;spos=1&amp;epos=1&amp;td=1&amp;ao=i0AC50834CD5E878681CD6243E1B5D7B6&amp;searchFrom=&amp;savedSearch=false&amp;context=224&amp;crumb-action=append&amp;\">Ver texto completo<\/a><\/p>\r\n\r\n\r\n<hr class=\"wp-block-separator has-alpha-channel-opacity\" \/>\r\n\r\n\r\n<p><strong>Resoluci\u00f3n exenta N\u00b0 251, Ministerio de Salud (17 de marzo)<\/strong><br \/>Dispone medidas sanitarias que indica por brote de Covid-19<\/p>\r\n\r\n\r\n\r\n<p><a href=\"https:\/\/westlawchile.cl\/maf\/app\/document?&amp;src=laley4&amp;docguid=iAB44B1E5EEAD91ADC56CED946C765902&amp;hitguid=iAB44B1E5EEAD91ADC56CED946C765902&amp;tocguid=&amp;spos=2&amp;epos=2&amp;td=4&amp;ao=i0AC50834CD5E878681CD6243E1B5D7B6&amp;searchFrom=&amp;savedSearch=false&amp;context=268&amp;crumb-action=append&amp;\">Ver texto completo<\/a><\/p>\r\n\r\n\r\n<hr class=\"wp-block-separator has-alpha-channel-opacity\" \/>\r\n\r\n\r\n<p><strong>Resoluci\u00f3n exenta N\u00b0 307, Ministerio de Salud (17 de marzo)<\/strong><br \/>Instruye la suspensi\u00f3n de cirug\u00edas que indica<\/p>\r\n\r\n\r\n\r\n<p><a href=\"https:\/\/westlawchile.cl\/maf\/app\/document?&amp;src=laley4&amp;docguid=iBFC3828832490A2BD6A7ACC63832A412&amp;hitguid=iBFC3828832490A2BD6A7ACC63832A412&amp;tocguid=&amp;spos=1&amp;epos=1&amp;td=1&amp;ao=i0AC50834CD5E878681CD6243E1B5D7B6&amp;searchFrom=&amp;savedSearch=false&amp;context=194&amp;crumb-action=append&amp;\">Ver texto completo<\/a><\/p>\r\n\r\n\r\n<hr class=\"wp-block-separator has-alpha-channel-opacity\" \/>\r\n\r\n\r\n<p><strong>Resoluci\u00f3n exenta N\u00b0 179, Seremi de Salud (17 de marzo)<\/strong><br \/>Ordena aplicaci\u00f3n obligatoria del Procedimiento que Establece los Lineamientos para las Empresas que Decidan Realizar la B\u00fasqueda Activa de Casos Covid-19 con Recursos Propios<\/p>\r\n\r\n\r\n\r\n<p><a href=\"https:\/\/westlawchile.cl\/maf\/app\/document?&amp;src=laley4&amp;docguid=iF57FA137D21BA47CC8092285A292F07A&amp;hitguid=iF57FA137D21BA47CC8092285A292F07A&amp;tocguid=&amp;spos=2&amp;epos=2&amp;td=4&amp;ao=i0AC50834CD5E878681CD6243E1B5D7B6&amp;searchFrom=&amp;savedSearch=false&amp;context=200&amp;crumb-action=append&amp;\">Ver texto completo<\/a><\/p>\r\n\r\n\r\n<hr class=\"wp-block-separator has-alpha-channel-opacity\" \/>\r\n\r\n\r\n<p><strong>Resoluci\u00f3n exenta N\u00b0 246, Ministerio de Salud (16 de marzo)<\/strong><br \/>Dispone medidas sanitarias que indica por brote de Covid-19<\/p>\r\n\r\n\r\n\r\n<p><a href=\"https:\/\/westlawchile.cl\/maf\/app\/document?&amp;src=laley4&amp;docguid=iD90F078E5C01973B076BC7C76E578F0F&amp;hitguid=iD90F078E5C01973B076BC7C76E578F0F&amp;tocguid=&amp;spos=3&amp;epos=3&amp;td=3&amp;ao=i0AC50834CD5E878681CD6243E1B5D7B6&amp;searchFrom=&amp;savedSearch=false&amp;context=206&amp;crumb-action=append&amp;\">Ver texto completo<\/a><\/p>\r\n\r\n\r\n<hr class=\"wp-block-separator has-alpha-channel-opacity\" \/>\r\n\r\n\r\n<p><strong>Decreto N\u00b0 72, Ministerio del Interior y Seguridad P\u00fablica (13 de marzo)<\/strong><br \/>Prorroga declaraci\u00f3n de estado de excepci\u00f3n constitucional de cat\u00e1strofe, por calamidad p\u00fablica, en el territorio de Chile, y reemplaza a los Jefes de la Defensa Nacional, seg\u00fan se indica<\/p>\r\n\r\n\r\n\r\n<p><a href=\"https:\/\/westlawchile.cl\/maf\/app\/document?&amp;src=laley4&amp;docguid=i05C0082E128DB48CCA6DCC3AC2B71C93&amp;hitguid=i05C0082E128DB48CCA6DCC3AC2B71C93&amp;tocguid=&amp;spos=11&amp;epos=11&amp;td=21&amp;ao=i0AC50834CD5E878681CD6243E1B5D7B6&amp;searchFrom=&amp;savedSearch=false&amp;context=212&amp;crumb-action=append&amp;\">Ver texto completo<\/a><\/p>\r\n\r\n\r\n<hr class=\"wp-block-separator has-alpha-channel-opacity\" \/>\r\n\r\n\r\n<p><strong>Decreto N\u00b0 9, Ministerio de Salud (13 de marzo)<\/strong><br \/>Dispone env\u00edo de ayuda espec\u00edfica que se indica a los pa\u00edses que se\u00f1ala para apoyo en la atenci\u00f3n derivada de la cat\u00e1strofe humanitaria originada por Emergencia de Salud P\u00fablica de Importancia Internacional por brote de COVID-19<\/p>\r\n\r\n\r\n\r\n<p><a href=\"https:\/\/westlawchile.cl\/maf\/app\/document?&amp;src=laley4&amp;docguid=iC9039A5B82855E0485B73AB642BA99CF&amp;hitguid=iC9039A5B82855E0485B73AB642BA99CF&amp;tocguid=&amp;spos=23&amp;epos=23&amp;td=27&amp;ao=i0AC50834CD5E878681CD6243E1B5D7B6&amp;searchFrom=&amp;savedSearch=false&amp;context=218&amp;crumb-action=append&amp;\">Ver texto completo<\/a><\/p>\r\n\r\n\r\n<hr class=\"wp-block-separator has-alpha-channel-opacity\" \/>\r\n\r\n\r\n<p><strong>Resoluci\u00f3n exenta N\u00b0 233, Ministerio de Salud (13 de marzo)<\/strong><br \/>Dispone medidas sanitarias que indica por brote de COVID-19<\/p>\r\n\r\n\r\n\r\n<p><a href=\"https:\/\/westlawchile.cl\/maf\/app\/document?&amp;src=laley4&amp;docguid=i521DF9C4B3AF5CEFCC907E582907469F&amp;hitguid=i521DF9C4B3AF5CEFCC907E582907469F&amp;tocguid=&amp;spos=2&amp;epos=2&amp;td=3&amp;ao=i0AC50834CD5E878681CD6243E1B5D7B6&amp;searchFrom=&amp;savedSearch=false&amp;context=224&amp;crumb-action=append&amp;\">Ver texto completo<\/a><\/p>\r\n\r\n\r\n<hr class=\"wp-block-separator has-alpha-channel-opacity\" \/>\r\n\r\n\r\n<p><strong>Resoluci\u00f3n exenta N\u00b0 245, Ministerio de Salud (13 de marzo)<\/strong><br \/>Aprueba calendario de vacunaci\u00f3n SARS-CoV-2 (COVID-19) y dispone medidas que indica<\/p>\r\n\r\n\r\n\r\n<p><a href=\"https:\/\/westlawchile.cl\/maf\/app\/document?&amp;src=laley4&amp;docguid=iB93CAE8E2A53755471F167E15C52640A&amp;hitguid=iB93CAE8E2A53755471F167E15C52640A&amp;tocguid=&amp;spos=1&amp;epos=1&amp;td=1&amp;ao=i0AC50834CD5E878681CD6243E1B5D7B6&amp;searchFrom=&amp;savedSearch=false&amp;context=231&amp;crumb-action=append&amp;\">Ver texto completo<\/a><\/p>\r\n\r\n\r\n<hr class=\"wp-block-separator has-alpha-channel-opacity\" \/>\r\n\r\n\r\n<p><strong>Decreto N\u00b0 71, Ministerio del Interior y Seguridad P\u00fablica (12 de marzo)<\/strong><br \/>Extiende vigencia del decreto N\u00ba 102, de 2020, que dispone el cierre temporal de lugares habilitados para el ingreso y egreso de extranjeros, por Emergencia de Salud P\u00fablica de Importancia Internacional por brote del nuevo coronavirus<\/p>\r\n\r\n\r\n\r\n<p><a href=\"https:\/\/westlawchile.cl\/maf\/app\/document?&amp;src=laley4&amp;docguid=iA53C207A05FDA8FC68B6908C3610AB7A&amp;hitguid=iA53C207A05FDA8FC68B6908C3610AB7A&amp;tocguid=&amp;spos=8&amp;epos=8&amp;td=22&amp;ao=i0AC50834CD5E878681CD6243E1B5D7B6&amp;searchFrom=&amp;savedSearch=false&amp;context=54&amp;crumb-action=append&amp;\">Ver texto completo<\/a><\/p>\r\n\r\n\r\n<hr class=\"wp-block-separator has-alpha-channel-opacity\" \/>\r\n\r\n\r\n<p><strong>Resoluci\u00f3n exenta N\u00b0 241, Seremi de Transportes Regi\u00f3n de Coquimbo (11 de marzo)<\/strong><br \/>Modifica resoluci\u00f3n N\u00b0138 exenta, de 2021<\/p>\r\n\r\n\r\n\r\n<p><a href=\"https:\/\/westlawchile.cl\/maf\/app\/document?&amp;src=laley4&amp;docguid=iAF9D7A89EB52437B5136976CE8F35217&amp;hitguid=iAF9D7A89EB52437B5136976CE8F35217&amp;tocguid=&amp;spos=4&amp;epos=4&amp;td=4&amp;ao=i0AC50834CD5E878681CD6243E1B5D7B6&amp;searchFrom=&amp;savedSearch=false&amp;context=61&amp;crumb-action=append&amp;\">Ver texto completo<\/a><\/p>\r\n\r\n\r\n<hr class=\"wp-block-separator has-alpha-channel-opacity\" \/>\r\n\r\n\r\n<p><strong>Resoluci\u00f3n exenta N\u00b0 1.327, Ministerio de Educaci\u00f3n (11 de marzo)<\/strong><br \/>Aprueba Bases Administrativas, T\u00e9cnicas y Anexos para la Licitaci\u00f3n del Concurso de Proyectos de Reinserci\u00f3n Educativa y Aulas de Reingreso, a\u00f1o 2021<\/p>\r\n\r\n\r\n\r\n<p><a href=\"https:\/\/westlawchile.cl\/maf\/app\/document?&amp;src=laley4&amp;docguid=iAB54EA400AD2799BA55B061B5FCB3255&amp;hitguid=iAB54EA400AD2799BA55B061B5FCB3255&amp;tocguid=&amp;spos=1&amp;epos=1&amp;td=2&amp;ao=i0AC50834CD5E878681CD6243E1B5D7B6&amp;searchFrom=&amp;savedSearch=false&amp;context=68&amp;crumb-action=append&amp;\">Ver texto completo<\/a><\/p>\r\n\r\n\r\n<hr class=\"wp-block-separator has-alpha-channel-opacity\" \/>\r\n\r\n\r\n<p><strong>Resoluci\u00f3n exenta N\u00b0 232, Ministerio de Salud (10 de marzo)<\/strong><br \/>Dispone medidas sanitarias que indica por brote de COVID-19 y dispone medida que indica para viajeros de Brasil<\/p>\r\n\r\n\r\n\r\n<p><a href=\"https:\/\/westlawchile.cl\/maf\/app\/document?&amp;src=laley4&amp;docguid=i6BEAD91EF1A4F5758D0AE94B1200C407&amp;hitguid=i6BEAD91EF1A4F5758D0AE94B1200C407&amp;tocguid=&amp;spos=3&amp;epos=3&amp;td=3&amp;ao=i0AC50834CD5E878681CD6243E1B5D7B6&amp;searchFrom=&amp;savedSearch=false&amp;context=258&amp;crumb-action=append&amp;\">Ver texto completo<\/a><\/p>\r\n\r\n\r\n<hr class=\"wp-block-separator has-alpha-channel-opacity\" \/>\r\n\r\n\r\n<p><strong>Resoluci\u00f3n exenta N\u00b0 199, Ministerio de Salud (10 de marzo)<\/strong><br \/>Declara que productos destinados a la higiene de manos, con ingredientes de acci\u00f3n antibacteriana, corresponden a un cosm\u00e9tico especial y establece requisitos e ingredientes para su rotulaci\u00f3n y promoci\u00f3n<\/p>\r\n\r\n\r\n\r\n<p><a href=\"https:\/\/westlawchile.cl\/maf\/app\/document?&amp;src=laley4&amp;docguid=i1ABD61EFD794E65752094E6487F36AAB&amp;hitguid=i1ABD61EFD794E65752094E6487F36AAB&amp;tocguid=&amp;spos=2&amp;epos=2&amp;td=2&amp;ao=i0AC50834CD5E878681CD6243E1B5D7B6&amp;searchFrom=&amp;savedSearch=false&amp;context=83&amp;crumb-action=append&amp;\">Ver texto completo<\/a><\/p>\r\n\r\n\r\n<hr class=\"wp-block-separator has-alpha-channel-opacity\" \/>\r\n\r\n\r\n<p><strong>Resoluci\u00f3n exenta N\u00b0 239, Seremi de Transportes Regi\u00f3n de Coquimbo (9 de marzo)<\/strong><br \/>Modifica resoluci\u00f3n N\u00b0 63 exenta, de 2021<\/p>\r\n\r\n\r\n\r\n<p><a href=\"https:\/\/westlawchile.cl\/maf\/app\/document?&amp;src=laley4&amp;docguid=iF442A15B8D231E06095C860135A07D20&amp;hitguid=iF442A15B8D231E06095C860135A07D20&amp;tocguid=&amp;spos=2&amp;epos=2&amp;td=2&amp;ao=i0AC50834CD5E878681CD6243E1B5D7B6&amp;searchFrom=&amp;savedSearch=false&amp;context=90&amp;crumb-action=append&amp;\">Ver texto completo<\/a><\/p>\r\n\r\n\r\n<hr class=\"wp-block-separator has-alpha-channel-opacity\" \/>\r\n\r\n\r\n<p><strong>Resoluci\u00f3n exenta N\u00b0 489, Ministerio del Trabajo y Previsi\u00f3n Social (8 de marzo)<\/strong><br \/>Actualiza tablas de valores superiores e inferiores del art\u00edculo 25 de la ley N\u00ba 19.728 y del art\u00edculo 4\u00ba de la ley N\u00ba 21.263<\/p>\r\n\r\n\r\n\r\n<p><a href=\"https:\/\/westlawchile.cl\/maf\/app\/document?&amp;src=laley4&amp;docguid=i58BD5DD9270874176179BEA76407AEF6&amp;hitguid=i58BD5DD9270874176179BEA76407AEF6&amp;tocguid=&amp;spos=1&amp;epos=1&amp;td=2&amp;ao=i0AC50834CD5E878681CD6243E1B5D7B6&amp;searchFrom=&amp;savedSearch=false&amp;context=97&amp;crumb-action=append&amp;\">Ver texto completo<\/a><\/p>\r\n\r\n\r\n<hr class=\"wp-block-separator has-alpha-channel-opacity\" \/>\r\n\r\n\r\n<p><strong>Decreto N\u00b0 279, Ministerio de Hacienda (6 de marzo)<\/strong><br \/>Extiende la vigencia de los beneficios y las prestaciones que indica y otorga derecho a giros adicionales con cargo al Fondo de Cesant\u00eda Solidario y extiende vigencia del T\u00edtulo II de la ley N\u00b0 21.227, conforme a lo dispuesto en el art\u00edculo 16 de la ley N\u00b0 21.263, que flexibiliza transitoriamente los requisitos de acceso e incrementa el monto de las prestaciones del seguro de desempleo de la ley N\u00b0 19.728, con motivo de la pandemia originada por el Covid-19, y perfecciona los beneficios de la ley N\u00b0 21.227, y la ley N\u00b0 21.312, que extiende la vigencia de los beneficios establecidos en las leyes N\u00b0s. 21.227 y 21.263<\/p>\r\n\r\n\r\n\r\n<p><a href=\"https:\/\/westlawchile.cl\/maf\/app\/document?&amp;src=laley4&amp;docguid=i47970F3EF927129D94092938327E072B&amp;hitguid=i47970F3EF927129D94092938327E072B&amp;tocguid=&amp;spos=3&amp;epos=3&amp;td=6&amp;ao=i0AC50834CD5E878681CD6243E1B5D7B6&amp;searchFrom=&amp;savedSearch=false&amp;context=103&amp;crumb-action=append&amp;\">Ver texto completo<\/a><\/p>\r\n\r\n\r\n<hr class=\"wp-block-separator has-alpha-channel-opacity\" \/>\r\n\r\n\r\n<p><strong>Resoluci\u00f3n exenta N\u00b0 219, Ministerio de Salud (6 de marzo)<\/strong><br \/>Dispone medidas sanitarias que indica por brote de Covid-19<\/p>\r\n\r\n\r\n\r\n<p><a href=\"https:\/\/westlawchile.cl\/maf\/app\/document?&amp;src=laley4&amp;docguid=i571CF181E968E3E6C24C858469CC907A&amp;hitguid=i571CF181E968E3E6C24C858469CC907A&amp;tocguid=&amp;spos=2&amp;epos=2&amp;td=5&amp;ao=i0AC50834CD5E878681CD6243E1B5D7B6&amp;searchFrom=&amp;savedSearch=false&amp;context=109&amp;crumb-action=append&amp;\">Ver texto completo<\/a><\/p>\r\n\r\n\r\n<hr class=\"wp-block-separator has-alpha-channel-opacity\" \/>\r\n\r\n\r\n<p><strong>Resoluci\u00f3n exenta N\u00b0 228, Ministerio de Salud (6 de marzo)<\/strong><br \/>Aprueba calendario de vacunaci\u00f3n SARS-CoV-2 y dispone medidas que indica<\/p>\r\n\r\n\r\n\r\n<p><a href=\"https:\/\/westlawchile.cl\/maf\/app\/document?&amp;src=laley4&amp;docguid=i1872A19F1E7441BE890F34E996C50F17&amp;hitguid=i1872A19F1E7441BE890F34E996C50F17&amp;tocguid=&amp;spos=2&amp;epos=2&amp;td=3&amp;ao=i0AC50834CD5E878681CD6243E1B5D7B6&amp;searchFrom=&amp;savedSearch=false&amp;context=116&amp;crumb-action=append&amp;\">Ver texto completo<\/a><\/p>\r\n\r\n\r\n<hr class=\"wp-block-separator has-alpha-channel-opacity\" \/>\r\n\r\n\r\n<p><strong>Resoluci\u00f3n exenta N\u00b0 278, Ministerio de Salud (6 de marzo)<\/strong><br \/>Modifica resoluci\u00f3n N\u00b0 1.717 exenta, de 1985, que determina el porcentaje de contribuci\u00f3n del Estado al financiamiento de las prestaciones de la modalidad institucional del r\u00e9gimen de prestaciones de salud, creado por la ley N\u00b0 18.469<\/p>\r\n\r\n\r\n\r\n<p><a href=\"https:\/\/westlawchile.cl\/maf\/app\/document?&amp;src=laley4&amp;docguid=iF9FEBB3FE08FE440DBF9F07C05E4FC1D&amp;hitguid=iF9FEBB3FE08FE440DBF9F07C05E4FC1D&amp;tocguid=&amp;spos=3&amp;epos=3&amp;td=3&amp;ao=i0AC50834CD5E878681CD6243E1B5D7B6&amp;searchFrom=&amp;savedSearch=false&amp;context=123&amp;crumb-action=append&amp;\">Ver texto completo<\/a><\/p>\r\n\r\n\r\n<hr class=\"wp-block-separator has-alpha-channel-opacity\" \/>\r\n\r\n\r\n<p><strong>Decreto N\u00b0 12, Ministerio de Transportes y Telecomunicaciones (6 de marzo)<\/strong><br \/>Extiende vigencia de certificados de revisi\u00f3n t\u00e9cnica y de verificaci\u00f3n de emisiones contaminantes, en los casos que indica<\/p>\r\n\r\n\r\n\r\n<p><a href=\"https:\/\/westlawchile.cl\/maf\/app\/document?&amp;src=laley4&amp;docguid=iEC46E27ED4D0FB7969C87732A23988F0&amp;hitguid=iEC46E27ED4D0FB7969C87732A23988F0&amp;tocguid=&amp;spos=35&amp;epos=35&amp;td=40&amp;ao=i0AC50834CD5E878681CD6243E1B5D7B6&amp;searchFrom=&amp;savedSearch=false&amp;context=133&amp;crumb-action=append&amp;\">Ver texto completo<\/a><\/p>\r\n\r\n\r\n<hr class=\"wp-block-separator has-alpha-channel-opacity\" \/>\r\n\r\n\r\n<p><strong>Resoluci\u00f3n exenta N\u00b0 279, Ministerio de Salud (5 de marzo)<\/strong><br \/>Rectifica resoluci\u00f3n N\u00ba 266 exenta, de 2021, que instruye aumento de capacidad camas de cuidados intensivos a los prestadores p\u00fablicos y privados de salud cerrados de alta complejidad<\/p>\r\n\r\n\r\n\r\n<p><a href=\"https:\/\/westlawchile.cl\/maf\/app\/document?&amp;src=laley4&amp;docguid=i4861F3DA3091C1271C8FA884F5757CB9&amp;hitguid=i4861F3DA3091C1271C8FA884F5757CB9&amp;tocguid=&amp;spos=1&amp;epos=1&amp;td=2&amp;ao=i0AC50834CD5E878681CD6243E1B5D7B6&amp;searchFrom=&amp;savedSearch=false&amp;context=8&amp;crumb-action=append&amp;\">Ver texto completo<\/a><\/p>\r\n\r\n\r\n<hr class=\"wp-block-separator has-alpha-channel-opacity\" \/>\r\n\r\n\r\n<p><strong>Resoluci\u00f3n exenta N\u00b0 203, Ministerio de Salud (4 de marzo)<\/strong><br \/>Dispone medidas sanitarias que indica por brote de Covid-19<\/p>\r\n\r\n\r\n\r\n<p><a href=\"https:\/\/westlawchile.cl\/maf\/app\/document?&amp;src=laley4&amp;docguid=iACA27D9BDC146BB7D5744F5A36050B2C&amp;hitguid=iACA27D9BDC146BB7D5744F5A36050B2C&amp;tocguid=&amp;spos=3&amp;epos=3&amp;td=4&amp;ao=i0AC50834CD5E878681CD6243E1B5D7B6&amp;searchFrom=&amp;savedSearch=false&amp;context=67&amp;crumb-action=append&amp;\">Ver texto completo<\/a><\/p>\r\n\r\n\r\n<hr class=\"wp-block-separator has-alpha-channel-opacity\" \/>\r\n\r\n\r\n<p><strong>Resoluci\u00f3n exenta N\u00b0 266, Ministerio de Salud (4 de marzo)<\/strong><br \/>Instruye aumento de capacidad camas de cuidados intensivos a los prestadores p\u00fablicos y privados de salud cerrados de alta complejidad<\/p>\r\n\r\n\r\n\r\n<p><a href=\"https:\/\/westlawchile.cl\/maf\/app\/document?&amp;src=laley4&amp;docguid=i40D3C0CE05F02A95E75748C4CFBCB95D&amp;hitguid=i40D3C0CE05F02A95E75748C4CFBCB95D&amp;tocguid=&amp;spos=2&amp;epos=2&amp;td=2&amp;ao=i0AC50834CD5E878681CD6243E1B5D7B6&amp;searchFrom=&amp;savedSearch=false&amp;context=20&amp;crumb-action=append&amp;\">Ver texto completo<\/a><\/p>\r\n\r\n\r\n<hr class=\"wp-block-separator has-alpha-channel-opacity\" \/>\r\n\r\n\r\n<p><strong>Resoluci\u00f3n exenta N\u00b0 197, Seremi de Transportes Regi\u00f3n de Coquimbo (4 de marzo)<\/strong><br \/>Modifica resoluci\u00f3n N\u00b0 63 exenta, de 2021<\/p>\r\n\r\n\r\n\r\n<p><a href=\"https:\/\/westlawchile.cl\/maf\/app\/document?&amp;src=laley4&amp;docguid=i61AC00511DFA72F4B49AACD97AA284DE&amp;hitguid=i61AC00511DFA72F4B49AACD97AA284DE&amp;tocguid=&amp;spos=3&amp;epos=3&amp;td=3&amp;ao=i0AC50834CD5E878681CD6243E1B5D7B6&amp;searchFrom=&amp;savedSearch=false&amp;context=26&amp;crumb-action=append&amp;\">Ver texto completo<\/a><\/p>\r\n\r\n\r\n<hr class=\"wp-block-separator has-alpha-channel-opacity\" \/>\r\n\r\n\r\n<p><strong>Resoluci\u00f3n exenta N\u00b0 192, Ministerio de Salud (1 de marzo)<\/strong><br \/>Aprueba calendario de vacunaci\u00f3n SARS-CoV-2 (COVID-19) y dispone medidas que indica<\/p>\r\n\r\n\r\n\r\n<p><a href=\"https:\/\/westlawchile.cl\/maf\/app\/document?&amp;src=laley4&amp;docguid=iD290F78A44F21B8EAC278BE96059A99D&amp;hitguid=iD290F78A44F21B8EAC278BE96059A99D&amp;tocguid=&amp;spos=1&amp;epos=1&amp;td=1&amp;ao=i0AC50834CD5E878681CD6243E1B5D7B6&amp;searchFrom=&amp;savedSearch=false&amp;context=30&amp;crumb-action=append&amp;\">Ver texto completo<\/a><\/p>\r\n\r\n\r\n<hr class=\"wp-block-separator has-alpha-channel-opacity\" \/>\r\n\r\n\r\n<p><strong>Resoluci\u00f3n exenta N\u00b0 189, Ministerio de Salud (27 de febrero)<\/strong><br \/>Dispone medidas sanitarias que indica por brote de COVID-19<\/p>\r\n\r\n\r\n\r\n<p><a href=\"https:\/\/westlawchile.cl\/maf\/app\/document?&amp;src=laley4&amp;docguid=i80E458D81A9AD390B23C01846E02D37F&amp;hitguid=i80E458D81A9AD390B23C01846E02D37F&amp;tocguid=&amp;spos=1&amp;epos=1&amp;td=2&amp;ao=i0AC50834CD5E878681CD6243E1B5D7B6&amp;searchFrom=&amp;savedSearch=false&amp;context=37&amp;crumb-action=append&amp;\">Ver texto completo<\/a><\/p>\r\n\r\n\r\n<hr class=\"wp-block-separator has-alpha-channel-opacity\" \/>\r\n\r\n\r\n<p><strong>Decreto N\u00b0 45, Ministerio de Hacienda (26 de febrero)<\/strong><br \/>Modifica decreto N\u00b0 628 exento, de 2020<\/p>\r\n\r\n\r\n\r\n<p><a href=\"https:\/\/westlawchile.cl\/maf\/app\/document?&amp;src=laley4&amp;docguid=iF1198807E8A6EC9F4F82AB82EF3D8846&amp;hitguid=iF1198807E8A6EC9F4F82AB82EF3D8846&amp;tocguid=&amp;spos=11&amp;epos=11&amp;td=29&amp;ao=i0AC50834CD5E878681CD6243E1B5D7B6&amp;searchFrom=&amp;savedSearch=false&amp;context=401&amp;crumb-action=append&amp;\">Ver texto completo<\/a><\/p>\r\n\r\n\r\n<hr class=\"wp-block-separator has-alpha-channel-opacity\" \/>\r\n\r\n\r\n<p><strong>Decreto N\u00b0 67, Ministerio del Interior y Seguridad P\u00fablica (25 de febrero)<\/strong><br \/>Extiende vigencia del decreto N\u00ba 102, de 2020, que dispone el cierre temporal de lugares habilitados para el ingreso y egreso de extranjeros, por Emergencia de Salud P\u00fablica de Importancia Internacional por brote del nuevo coronavirus (2019-NCOV)<\/p>\r\n\r\n\r\n\r\n<p><a href=\"https:\/\/westlawchile.cl\/maf\/app\/document?&amp;src=laley4&amp;docguid=i838A30E9738788C37BFE7C37801F0229&amp;hitguid=i838A30E9738788C37BFE7C37801F0229&amp;tocguid=&amp;spos=12&amp;epos=12&amp;td=26&amp;ao=i0AC50834CD5E878681CD6243E1B5D7B6&amp;searchFrom=&amp;savedSearch=false&amp;context=8&amp;crumb-action=append&amp;\">Ver texto completo<\/a><\/p>\r\n\r\n\r\n<hr class=\"wp-block-separator has-alpha-channel-opacity\" \/>\r\n\r\n\r\n<p><strong>Resoluci\u00f3n exenta N\u00b0 167, Ministerio de Salud (25 de febrero)<\/strong><br \/>Modifica resoluci\u00f3n N\u00ba 43 exenta, de 2021, que dispone medidas sanitarias que indica por brote de COVID-19 y establece nuevo plan Paso a Paso<\/p>\r\n\r\n\r\n\r\n<p><a href=\"https:\/\/westlawchile.cl\/maf\/app\/document?&amp;src=laley4&amp;docguid=i1957239E963A6CC00BEF3FE7603C2CE0&amp;hitguid=i1957239E963A6CC00BEF3FE7603C2CE0&amp;tocguid=&amp;spos=3&amp;epos=3&amp;td=4&amp;ao=i0AC50834CD5E878681CD6243E1B5D7B6&amp;searchFrom=&amp;savedSearch=false&amp;context=16&amp;crumb-action=append&amp;\">Ver texto completo<\/a><\/p>\r\n\r\n\r\n<hr class=\"wp-block-separator has-alpha-channel-opacity\" \/>\r\n\r\n\r\n<p><strong>Resoluci\u00f3n exenta N\u00b0 168, Ministerio de Salud (25 de febrero)<\/strong><br \/>Dispone medidas sanitarias que indica por brote de COVID-19<\/p>\r\n\r\n\r\n\r\n<p><a href=\"https:\/\/westlawchile.cl\/maf\/app\/document?&amp;src=laley4&amp;docguid=i4F244EBBB2FB3702994454736DCB52E6&amp;hitguid=i4F244EBBB2FB3702994454736DCB52E6&amp;tocguid=&amp;spos=3&amp;epos=3&amp;td=5&amp;ao=i0AC50834CD5E878681CD6243E1B5D7B6&amp;searchFrom=&amp;savedSearch=false&amp;context=19&amp;crumb-action=append&amp;\">Ver texto completo<\/a><\/p>\r\n\r\n\r\n<hr class=\"wp-block-separator has-alpha-channel-opacity\" \/>\r\n\r\n\r\n<p><strong>Resoluci\u00f3n exenta N\u00b0 143, Ministerio de Salud (20 de febrero)<\/strong><br \/>Modifica resoluci\u00f3n N\u00ba 43 exenta, de 2021<\/p>\r\n\r\n\r\n\r\n<p><a href=\"https:\/\/westlawchile.cl\/maf\/app\/document?&amp;src=laley4&amp;srguid=i0ad6adc500000177d5f8749e9f3fdb2a&amp;docguid=iA013B53D6100ABA4BC5A978B61D95695&amp;hitguid=iA013B53D6100ABA4BC5A978B61D95695&amp;tocguid=&amp;spos=4&amp;epos=4&amp;td=4&amp;ao=i0AC50834CD5E878681CD6243E1B5D7B6&amp;searchFrom=&amp;savedSearch=false&amp;context=129&amp;crumb-action=append&amp;\">Ver texto completo<\/a><\/p>\r\n\r\n\r\n<hr class=\"wp-block-separator has-alpha-channel-opacity\" \/>\r\n\r\n\r\n<p><strong>Resoluci\u00f3n exenta N\u00b0 152, Ministerio de Salud (20 de febrero)<\/strong><br \/>Dispone medidas sanitarias que indica por brote de COVID-19<\/p>\r\n\r\n\r\n\r\n<p><a href=\"https:\/\/westlawchile.cl\/maf\/app\/document?&amp;src=laley4&amp;srguid=i0ad6adc600000177d5f92fef7e6fd31a&amp;docguid=i21B4BF2212456DF2D5AE86C53A7A59FC&amp;hitguid=i21B4BF2212456DF2D5AE86C53A7A59FC&amp;tocguid=&amp;spos=2&amp;epos=2&amp;td=2&amp;ao=i0AC50834CD5E878681CD6243E1B5D7B6&amp;searchFrom=&amp;savedSearch=false&amp;context=132&amp;crumb-action=append&amp;\">Ver texto completo<\/a><\/p>\r\n\r\n\r\n<hr class=\"wp-block-separator has-alpha-channel-opacity\" \/>\r\n\r\n\r\n<p><strong>Resoluci\u00f3n exenta N\u00b0 150,<\/strong>\u00a0<strong>Ministerio de Salud (19 de febrero)<br \/><\/strong>Modifica resoluci\u00f3n N\u00ba 1.138 exenta, de 2020, que Aprueba Lineamientos T\u00e9cnico-Operativos Vacunaci\u00f3n contra SARS-CoV-2, incorporando anexos que indica<\/p>\r\n\r\n\r\n\r\n<p><a href=\"https:\/\/westlawchile.cl\/maf\/app\/document?&amp;src=laley4&amp;docguid=i512793460C086661DE434AECD72909AE\">Ver texto completo<\/a><\/p>\r\n\r\n\r\n<hr class=\"wp-block-separator has-alpha-channel-opacity\" \/>\r\n\r\n\r\n<p><strong>Resoluci\u00f3n exenta N\u00b0 42, Direcci\u00f3n General del Cr\u00e9dito Prendario (19 de febrero)<\/strong><br \/>Declara suspensi\u00f3n de remates presenciales en las unidades de cr\u00e9dito del pa\u00eds para el mes de marzo de 2021<\/p>\r\n\r\n\r\n\r\n<p><a href=\"https:\/\/westlawchile.cl\/maf\/app\/document?&amp;src=laley4&amp;docguid=i0B9180B44A98F8FA7FA5DC1C1500BD30&amp;hitguid=i0B9180B44A98F8FA7FA5DC1C1500BD30&amp;tocguid=&amp;spos=7&amp;epos=7&amp;td=8&amp;ao=i0AC50834CD5E878681CD6243E1B5D7B6&amp;searchFrom=&amp;savedSearch=false&amp;context=64&amp;crumb-action=append&amp;\">Ver texto completo<\/a><\/p>\r\n\r\n\r\n<hr class=\"wp-block-separator has-alpha-channel-opacity\" \/>\r\n\r\n\r\n<p><strong>Ley N\u00b0 21.313, Ministerio de Transportes y Telecomunicaciones (18 de febrero)<br \/><\/strong>Prorroga la vigencia de las licencias de conducir<\/p>\r\n\r\n\r\n\r\n<p><a href=\"https:\/\/westlawchile.cl\/maf\/app\/document?&amp;src=laley4&amp;docguid=i13B2848EA645063DFBA926E97C69EAE5\">Ver texto completo<\/a><\/p>\r\n\r\n\r\n<hr class=\"wp-block-separator has-alpha-channel-opacity\" \/>\r\n\r\n\r\n<p><strong>Resoluci\u00f3n exenta N\u00b0 144,\u00a0Ministerio de Salud (17 de febrero)<br \/><\/strong>Aprueba Calendario de Vacunaci\u00f3n SARS-CoV-2 (COVID-19) y dispone medidas que indica<br \/><a href=\"https:\/\/westlawchile.cl\/maf\/app\/document?&amp;src=laley4&amp;docguid=iBF79BF9B3285FD0CBC194C5A1DA1FE80\">Ver texto completo<\/a><\/p>\r\n\r\n\r\n<hr class=\"wp-block-separator has-alpha-channel-opacity\" \/>\r\n\r\n\r\n<p><strong>Resoluci\u00f3n exenta N\u00b0 141, Ministerio de Salud (16 de febrero)<br \/><\/strong>Dispone medidas sanitarias que indica por brote de COVID-19<\/p>\r\n\r\n\r\n\r\n<p><a href=\"https:\/\/westlawchile.cl\/maf\/app\/document?&amp;src=laley4&amp;docguid=i0C8F63C7CC8E333797A2ABA290950EC0\">Ver texto completo<\/a><\/p>\r\n\r\n\r\n<hr class=\"wp-block-separator has-alpha-channel-opacity\" \/>\r\n\r\n\r\n<p><strong>Resoluci\u00f3n exenta N\u00b0 141, Ministerio de Salud (16 de febrero)<\/strong><\/p>\r\n\r\n\r\n\r\n<p>Actualiza disposici\u00f3n de instrucciones para la Coordinaci\u00f3n de la Red P\u00fablica y Privada de Salud por parte de la Subsecretar\u00eda de Redes Asistenciales<br \/><a href=\"https:\/\/westlawchile.cl\/maf\/app\/document?&amp;src=laley4&amp;docguid=i017D5CD216BCB6F1C37A2479135E02B2\">Ver texto completo<\/a><\/p>\r\n\r\n\r\n<hr class=\"wp-block-separator has-alpha-channel-opacity\" \/>\r\n\r\n\r\n<p><strong>Ley N\u00b0 21.312, Ministerio del Trabajo y Previsi\u00f3n Social (15 de febrero)<br \/><\/strong>Extiende la vigencia de los beneficios establecidos en las leyes N\u00bas. 21.227 y 21.263<\/p>\r\n\r\n\r\n\r\n<p><a href=\"https:\/\/westlawchile.cl\/maf\/app\/document?&amp;src=laley4&amp;docguid=iFB0E40BA76065C0445C3B9CDB48A960F\">Ver texto completo<\/a><\/p>\r\n\r\n\r\n<hr class=\"wp-block-separator has-alpha-channel-opacity\" \/>\r\n\r\n\r\n<p><strong>Decreto N\u00b0 7, Ministerio del Trabajo y Previsi\u00f3n Social (15 de febrero)<\/strong><br \/>Modifica decreto N\u00ba 28, de 2011, que establece componentes, l\u00edneas de acci\u00f3n, procedimientos, modalidades y mecanismos de control del Programa de Formaci\u00f3n en el Puesto de Trabajo<\/p>\r\n\r\n\r\n\r\n<p><a href=\"https:\/\/westlawchile.cl\/maf\/app\/document?&amp;src=laley4&amp;docguid=iC3A5368233F68832AEF7030FE228C619&amp;hitguid=iC3A5368233F68832AEF7030FE228C619&amp;tocguid=&amp;spos=1&amp;epos=1&amp;td=3&amp;ao=i0AC50834CD5E878681CD6243E1B5D7B6&amp;searchFrom=&amp;savedSearch=false&amp;context=77&amp;crumb-action=append&amp;\">Ver texto completo<\/a><\/p>\r\n\r\n\r\n<hr class=\"wp-block-separator has-alpha-channel-opacity\" \/>\r\n\r\n\r\n<p><strong>Resoluci\u00f3n exenta\u00a0N\u00b0 128,\u00a0Ministerio del Trabajo y Previsi\u00f3n Social (15 de febrero)<br \/><\/strong>Modifica resoluci\u00f3n N\u00ba 625 exenta, de 2020, que califica situaci\u00f3n de emergencia laboral que indica, y activa implementaci\u00f3n de la L\u00ednea Emergencia Laboral COVID-19 del Programa de Formaci\u00f3n en el Puesto de Trabajo, conforme a lo dispuesto en el decreto N\u00ba 28, de 2011, en el sentido que indica<\/p>\r\n\r\n\r\n\r\n<p><a href=\"https:\/\/westlawchile.cl\/maf\/app\/document?&amp;src=laley4&amp;docguid=iF088C0E94469292C3E442DAFCB6BD4FA\">Ver texto completo<\/a><\/p>\r\n\r\n\r\n<hr class=\"wp-block-separator has-alpha-channel-opacity\" \/>\r\n\r\n\r\n<p><strong>Decreto N\u00b0 35, Ministerio de Hacienda (13 de febrero)<\/strong><br \/>Modifica decreto N\u00b0 628 exento, de 2020<\/p>\r\n\r\n\r\n\r\n<p><a href=\"https:\/\/westlawchile.cl\/maf\/app\/document?&amp;src=laley4&amp;docguid=i3E02FB790A84709E1890618EADF937E1&amp;hitguid=i3E02FB790A84709E1890618EADF937E1&amp;tocguid=&amp;spos=9&amp;epos=9&amp;td=22&amp;ao=i0AC50834CD5E878681CD6243E1B5D7B6&amp;searchFrom=&amp;savedSearch=false&amp;context=84&amp;crumb-action=append&amp;\">Ver texto completo<\/a><\/p>\r\n\r\n\r\n<hr class=\"wp-block-separator has-alpha-channel-opacity\" \/>\r\n\r\n\r\n<p><strong>Resoluci\u00f3n exenta N\u00b0 907, Ministerio de Desarrollo Social y Familia (13 de febrero)<\/strong><br \/>Reanuda proceso de consulta ind\u00edgena iniciada por resoluci\u00f3n N\u00b0 74 exenta, de 2020<\/p>\r\n\r\n\r\n\r\n<p><a href=\"https:\/\/westlawchile.cl\/maf\/app\/document?&amp;src=laley4&amp;docguid=iCF007729445A13CFEFDA3998BCBCBA73&amp;hitguid=iCF007729445A13CFEFDA3998BCBCBA73&amp;tocguid=&amp;spos=2&amp;epos=2&amp;td=2&amp;ao=i0AC50834CD5E878681CD6243E1B5D7B6&amp;searchFrom=&amp;savedSearch=false&amp;context=88&amp;crumb-action=append&amp;\">Ver texto completo<\/a><\/p>\r\n\r\n\r\n<hr class=\"wp-block-separator has-alpha-channel-opacity\" \/>\r\n\r\n\r\n<p><strong>Resoluci\u00f3n exenta N\u00b0 137,\u00a0Ministerio de Salud (13 de febrero)<\/strong><\/p>\r\n\r\n\r\n\r\n<p>Dispone medidas sanitarias que indica por brote de COVID-19<\/p>\r\n\r\n\r\n\r\n<p><a href=\"https:\/\/westlawchile.cl\/maf\/app\/document?&amp;src=laley4&amp;docguid=i6C0A5A55C7CFDADC07EF030ED7C9544D\">Ver texto completo<\/a><\/p>\r\n\r\n\r\n<hr class=\"wp-block-separator has-alpha-channel-opacity\" \/>\r\n\r\n\r\n<p><strong>Resoluci\u00f3n exenta N\u00b0 309,\u00a0Ministerio de Salud (13 de febrero)<br \/><\/strong>Modifica resoluci\u00f3n N\u00b0 2.607, de 2020, que dispone medidas sanitarias que indica en la Regi\u00f3n de Magallanes y Ant\u00e1rtica Chilena ante el brote del Covid-19<\/p>\r\n\r\n\r\n\r\n<p><a href=\"https:\/\/westlawchile.cl\/maf\/app\/document?&amp;src=laley4&amp;docguid=i2611C327427B612094CC31D61A4A2A58\">Ver texto completo<\/a><\/p>\r\n\r\n\r\n<hr class=\"wp-block-separator has-alpha-channel-opacity\" \/>\r\n\r\n\r\n<p><strong>Resoluci\u00f3n exenta N\u00b0 227, Seremi de Transportes II Regi\u00f3n de Antofagasta (13 de febrero)<\/strong><br \/>Establece restricci\u00f3n vehicular en la zona urbana de Antofagasta, en el sentido que indica<\/p>\r\n\r\n\r\n\r\n<p><a href=\"https:\/\/westlawchile.cl\/maf\/app\/document?&amp;src=laley4&amp;docguid=iE6C042052DFA70ABFDF155D4C12724B6&amp;hitguid=iE6C042052DFA70ABFDF155D4C12724B6&amp;tocguid=&amp;spos=1&amp;epos=1&amp;td=3&amp;ao=i0AC50834CD5E878681CD6243E1B5D7B6&amp;searchFrom=&amp;savedSearch=false&amp;context=91&amp;crumb-action=append&amp;\">Ver texto completo<\/a><\/p>\r\n\r\n\r\n<hr class=\"wp-block-separator has-alpha-channel-opacity\" \/>\r\n\r\n\r\n<p><strong>Resoluci\u00f3n exenta N\u00b0 136, Ministerio de Salud (11 de febrero)<br \/><\/strong>Complementa resoluci\u00f3n N\u00ba 1.138 exenta, de 2020, que aprueba Lineamientos t\u00e9cnico-operativos vacunaci\u00f3n SARS-CoV-2<\/p>\r\n\r\n\r\n\r\n<p><a href=\"https:\/\/westlawchile.cl\/maf\/app\/document?&amp;src=laley4&amp;docguid=iE2C685DC5F38473FA89B1A9591F2A2CB&amp;hitguid=iE2C685DC5F38473FA89B1A9591F2A2CB&amp;tocguid=&amp;spos=2&amp;epos=2&amp;td=5&amp;ao=i0AC50834CD5E878681CD6243E1B5D7B6&amp;searchFrom=&amp;savedSearch=false&amp;context=207&amp;crumb-action=append&amp;\">Ver texto completo<\/a><\/p>\r\n\r\n\r\n<hr class=\"wp-block-separator has-alpha-channel-opacity\" \/>\r\n\r\n\r\n<p><strong>Resoluci\u00f3n exenta N\u00b0 138, Seremi de Transportes IV Regi\u00f3n de Coquimbo (11 de febrero)<\/strong><br \/>Establece restricci\u00f3n vehicular en las zonas urbanas de las comunas de La Serena y Coquimbo, en el sentido que indica<\/p>\r\n\r\n\r\n\r\n<p><a href=\"https:\/\/westlawchile.cl\/maf\/app\/document?&amp;src=laley4&amp;docguid=i8630321A8707E924395D2EC589A64FC3&amp;hitguid=i8630321A8707E924395D2EC589A64FC3&amp;tocguid=&amp;spos=1&amp;epos=1&amp;td=3&amp;ao=i0AC50834CD5E878681CD6243E1B5D7B6&amp;searchFrom=&amp;savedSearch=false&amp;context=95&amp;crumb-action=append&amp;\">Ver texto completo<\/a><\/p>\r\n\r\n\r\n<hr class=\"wp-block-separator has-alpha-channel-opacity\" \/>\r\n\r\n\r\n<p><strong>Resoluci\u00f3n exenta N\u00b0 18, Seremi de Transportes XVI Regi\u00f3n de \u00d1uble (11 de febrero)<\/strong><br \/>Proh\u00edbe circulaci\u00f3n de veh\u00edculos que indica en condiciones que se\u00f1ala<\/p>\r\n\r\n\r\n\r\n<p><a href=\"https:\/\/westlawchile.cl\/maf\/app\/document?&amp;src=laley4&amp;docguid=i982EFFD37D78CD88FD890C6AB7166485&amp;hitguid=i982EFFD37D78CD88FD890C6AB7166485&amp;tocguid=&amp;spos=6&amp;epos=6&amp;td=7&amp;ao=i0AC50834CD5E878681CD6243E1B5D7B6&amp;searchFrom=&amp;savedSearch=false&amp;context=102&amp;crumb-action=append&amp;\">Ver texto completo<\/a><\/p>\r\n\r\n\r\n<hr class=\"wp-block-separator has-alpha-channel-opacity\" \/>\r\n\r\n\r\n<p><strong>Resoluci\u00f3n exenta N\u00b0 134,<\/strong>\u00a0<strong>Ministerio de Salud (10 de febrero)<br \/><\/strong>Dispone medidas sanitarias que indica por brote de COVID-19<\/p>\r\n\r\n\r\n\r\n<p><a href=\"https:\/\/westlawchile.cl\/maf\/app\/document?&amp;src=laley4&amp;docguid=i88FE285C2FCBF24241D207E07DD0DE9D\">Ver texto completo<\/a><\/p>\r\n\r\n\r\n<hr class=\"wp-block-separator has-alpha-channel-opacity\" \/>\r\n\r\n\r\n<p><strong>Resoluci\u00f3n exenta N\u00b0 133, Ministerio de Salud (10 de febrero)<\/strong><br \/>Modifica resoluci\u00f3n N\u00ba 43 exenta, de 2021<\/p>\r\n\r\n\r\n\r\n<p><a href=\"https:\/\/westlawchile.cl\/maf\/app\/document?&amp;src=laley4&amp;docguid=i3D562C54E8730BDE540CF1274ED0B898&amp;hitguid=i3D562C54E8730BDE540CF1274ED0B898&amp;tocguid=&amp;spos=3&amp;epos=3&amp;td=4&amp;ao=i0AC50834CD5E878681CD6243E1B5D7B6&amp;searchFrom=&amp;savedSearch=false&amp;context=106&amp;crumb-action=append&amp;\">Ver texto completo<\/a><\/p>\r\n\r\n\r\n<hr class=\"wp-block-separator has-alpha-channel-opacity\" \/>\r\n\r\n\r\n<p><strong>Decreto N\u00b0 41, Ministerio del Interior y Seguridad P\u00fablica (9 de febrero)<br \/><\/strong>Extiende vigencia del decreto N\u00b0 102, de 2020, que dispone el cierre temporal de lugares habilitados para el ingreso y egreso de extranjeros, por emergencia de salud p\u00fablica de importancia internacional, por brote del nuevo coronavirus (2019-NCOV)<\/p>\r\n\r\n\r\n\r\n<p><a href=\"https:\/\/westlawchile.cl\/maf\/app\/document?&amp;src=laley4&amp;docguid=i136B654851FF52F270FDE839467FFCD5\">Ver texto completo<\/a><\/p>\r\n\r\n\r\n\r\n<p><strong>Decreto N\u00b0 8, Ministerio de Hacienda (6 de febrero)<\/strong><br \/>Aprueba Reglamento de la ley que permite la postergaci\u00f3n de cuotas de cr\u00e9ditos hipotecarios y crea la garant\u00eda estatal para caucionar cuotas postergadas<\/p>\r\n\r\n\r\n\r\n<p><a href=\"https:\/\/westlawchile.cl\/maf\/app\/document?&amp;src=laley4&amp;docguid=i98ED27CC2B282A2253C18078B38F0C38\">Ver texto completo<\/a><\/p>\r\n\r\n\r\n<hr class=\"wp-block-separator has-alpha-channel-opacity\" \/>\r\n\r\n\r\n<p><strong>Resoluci\u00f3n exenta N\u00b0101, Ministerio de Salud (6 de febrero)<br \/><\/strong>Dispone medidas sanitarias que indica por brote de Covid-19<\/p>\r\n\r\n\r\n\r\n<p><a href=\"https:\/\/westlawchile.cl\/maf\/app\/document?&amp;src=laley4&amp;docguid=i2E05AB2978BC3B1C5E9215F1F704FF6C\">Ver texto completo<\/a><\/p>\r\n\r\n\r\n<hr class=\"wp-block-separator has-alpha-channel-opacity\" \/>\r\n\r\n\r\n<p><strong>Resoluci\u00f3n exenta N\u00b0 25, Ministerio de las Culturas, las Artes y el Patrimonio (6 de febrero)<\/strong><br \/>Autoriza ampliar plazo de renovaci\u00f3n autom\u00e1tica de los pr\u00e9stamos domiciliarios de material bibliogr\u00e1fico y otros que conformen colecciones de las bibliotecas p\u00fablicas dependientes del Servicio Nacional del Patrimonio Cultural y de los m\u00f3dulos del Programa Bibliometro<\/p>\r\n\r\n\r\n\r\n<p><a href=\"https:\/\/westlawchile.cl\/maf\/app\/document?&amp;src=laley4&amp;docguid=i9CEA9BBBFA4BAD89C4220F5EFD01B39F&amp;hitguid=i9CEA9BBBFA4BAD89C4220F5EFD01B39F&amp;tocguid=&amp;spos=11&amp;epos=11&amp;td=13&amp;ao=i0AC50834CD5E878681CD6243E1B5D7B6&amp;searchFrom=&amp;savedSearch=false&amp;context=109&amp;crumb-action=append&amp;\">Ver texto completo<\/a><\/p>\r\n\r\n\r\n<hr class=\"wp-block-separator has-alpha-channel-opacity\" \/>\r\n\r\n\r\n<p><strong>Decreto N\u00b0 32, Ministerio de Hacienda (5 de febrero)<br \/><\/strong>Aprueba Reglamento de Administraci\u00f3n del Fondo de Garant\u00eda para Peque\u00f1os y Medianos Empresarios aplicable a las Garant\u00edas de Reactivaci\u00f3n y modifica decreto N\u00ba 130 exento, de 2020, que aprueba Reglamento de Administraci\u00f3n del Fondo de Garant\u00eda para Peque\u00f1os y Medianos Empresarios aplicable a las l\u00edneas de garant\u00eda Covid-19<\/p>\r\n\r\n\r\n\r\n<p><a href=\"https:\/\/westlawchile.cl\/maf\/app\/document?&amp;src=laley4&amp;docguid=i5EAFD50FC9D84D70E5E667D5279F1B9D\">Ver texto completo<\/a><\/p>\r\n\r\n\r\n<hr class=\"wp-block-separator has-alpha-channel-opacity\" \/>\r\n\r\n\r\n<p><strong>Resoluci\u00f3n exenta N\u00b0 99,\u00a0Ministerio de Salud\u00a0(4 de febrero)<br \/><\/strong>Dispone medidas sanitarias que indica por brote de Covid-19<\/p>\r\n\r\n\r\n\r\n<p><a href=\"https:\/\/westlawchile.cl\/maf\/app\/document?&amp;src=laley4&amp;docguid=i1893EC8CD4443E4F76421DF707BD1374\">Ver texto completo<\/a><\/p>\r\n\r\n\r\n<hr class=\"wp-block-separator has-alpha-channel-opacity\" \/>\r\n\r\n\r\n<p><strong>Ley N\u00b0 21.307, Ministerio de Hacienda (3 de febrero)<\/strong><br \/>Modifica el Fondo de Garant\u00eda para Peque\u00f1os y Medianos Empresarios, con el objeto de potenciar la reactivaci\u00f3n y recuperaci\u00f3n de la econom\u00eda<\/p>\r\n\r\n\r\n\r\n<p><a href=\"https:\/\/westlawchile.cl\/maf\/app\/document?&amp;src=laley4&amp;docguid=iCD60CF52FE7E29A65E5856E1B7E0C654&amp;hitguid=iCD60CF52FE7E29A65E5856E1B7E0C654&amp;tocguid=&amp;spos=1&amp;epos=1&amp;td=1&amp;ao=i0AC50834CD5E878681CD6243E1B5D7B6&amp;searchFrom=&amp;savedSearch=false&amp;context=116&amp;crumb-action=append&amp;\">Ver texto completo<\/a><\/p>\r\n\r\n\r\n<hr class=\"wp-block-separator has-alpha-channel-opacity\" \/>\r\n\r\n\r\n<p><strong>Resoluci\u00f3n exenta N\u00b0 395, Ministerio del Interior y Seguridad P\u00fablica (3 de febrero)<\/strong><br \/>Modifica resoluci\u00f3n N\u00ba 2.087 exenta, de 2019<\/p>\r\n\r\n\r\n\r\n<p><a href=\"https:\/\/westlawchile.cl\/maf\/app\/document?&amp;src=laley4&amp;docguid=iE0A057A4A2CE0D52B2E0795840023557&amp;hitguid=iE0A057A4A2CE0D52B2E0795840023557&amp;tocguid=&amp;spos=3&amp;epos=3&amp;td=4&amp;ao=i0AC50834CD5E878681CD6243E1B5D7B6&amp;searchFrom=&amp;savedSearch=false&amp;context=119&amp;crumb-action=append&amp;\">Ver texto completo<\/a><\/p>\r\n\r\n\r\n<hr class=\"wp-block-separator has-alpha-channel-opacity\" \/>\r\n\r\n\r\n<p><strong>Decreto N\u00b0 116,\u00a0Ministerio de Justicia y Derechos Humanos (3 de febrero)<br \/><\/strong>Extiende vigencia de c\u00e9dula de identidad para extranjeros<\/p>\r\n\r\n\r\n<hr class=\"wp-block-separator has-alpha-channel-opacity\" \/>\r\n\r\n\r\n<p><strong>Resoluci\u00f3n exenta N\u00b0 95, Ministerio de Salud\u00a0(3 de febrero)<br \/><\/strong>Dispone medidas sanitarias que indica por brote de Covid-19<\/p>\r\n\r\n\r\n\r\n<p><a href=\"https:\/\/westlawchile.cl\/maf\/app\/document?&amp;src=laley4&amp;docguid=i42D59D07C92A6FFC9B7292644BDF0BEA\">Ver texto completo<\/a><\/p>\r\n\r\n\r\n<hr class=\"wp-block-separator has-alpha-channel-opacity\" \/>\r\n\r\n\r\n<p><strong>Resoluci\u00f3n exenta N\u00b0 63, Seremi de Transportes IV Regi\u00f3n de Coquimbo (2 de febrero)<\/strong><br \/>Proh\u00edbe circulaci\u00f3n de veh\u00edculos motorizados en v\u00edas que indica de las comunas de La Serena y Coquimbo<\/p>\r\n\r\n\r\n\r\n<p><a href=\"https:\/\/westlawchile.cl\/maf\/app\/document?&amp;src=laley4&amp;docguid=i7EC006506BA34BA765860893F901131F&amp;hitguid=i7EC006506BA34BA765860893F901131F&amp;tocguid=&amp;spos=5&amp;epos=5&amp;td=7&amp;ao=i0AC50834CD5E878681CD6243E1B5D7B6&amp;searchFrom=&amp;savedSearch=false&amp;context=122&amp;crumb-action=append&amp;\">Ver texto completo<\/a><\/p>\r\n\r\n\r\n<hr class=\"wp-block-separator has-alpha-channel-opacity\" \/>\r\n\r\n\r\n<p><strong>Resoluci\u00f3n exenta n\u00famero 158, Seremi de Transportes X Regi\u00f3n de Los Lagos (2 de febrero)<\/strong><br \/>Deja sin efecto resoluci\u00f3n N\u00ba 46 exenta, de 2021<\/p>\r\n\r\n\r\n\r\n<p><a href=\"https:\/\/westlawchile.cl\/maf\/app\/document?&amp;src=laley4&amp;docguid=iEE4BFE732B3C85868CE7CE7ED3247D5C&amp;hitguid=iEE4BFE732B3C85868CE7CE7ED3247D5C&amp;tocguid=&amp;spos=1&amp;epos=1&amp;td=3&amp;ao=i0AC50834CD5E878681CD6243E1B5D7B6&amp;searchFrom=&amp;savedSearch=false&amp;context=125&amp;crumb-action=append&amp;\">Ver texto completo<\/a><\/p>\r\n\r\n\r\n<hr class=\"wp-block-separator has-alpha-channel-opacity\" \/>\r\n\r\n\r\n<p><strong>Decreto N\u00b0 11, Ministerio de Justicia y Derechos Humanos (2 de febrero)<br \/><\/strong>Extiende vigencia de c\u00e9dulas de identidad para chilenos<\/p>\r\n\r\n\r\n\r\n<p><a href=\"https:\/\/westlawchile.cl\/maf\/app\/document?&amp;src=laley4&amp;docguid=i03B4951D7E421E13401D6683BF12D5AF\">Ver texto completo<\/a><\/p>\r\n\r\n\r\n<hr class=\"wp-block-separator has-alpha-channel-opacity\" \/>\r\n\r\n\r\n<p><strong>Resoluci\u00f3n exenta N\u00b0 27,<\/strong>\u00a0<strong>Ministerio de Hacienda (30 de enero)<br \/><\/strong>Se\u00f1ala las zonas o territorios afectados por acto o declaraci\u00f3n de autoridad y las actividades o establecimientos exceptuados de la paralizaci\u00f3n de actividades, para efectos de acceder a las prestaciones a que se refieren los art\u00edculos 1 y 2 de la ley N\u00ba 21.227<\/p>\r\n\r\n\r\n\r\n<p><a href=\"https:\/\/westlawchile.cl\/maf\/app\/document?&amp;src=laley4&amp;docguid=iE5732501CE0B83F08B6E832A68927772\">Ver texto completo<\/a><\/p>\r\n\r\n\r\n<hr class=\"wp-block-separator has-alpha-channel-opacity\" \/>\r\n\r\n\r\n<p><strong>Resoluci\u00f3n exenta N\u00b0 77, Ministerio de Salud\u00a0(30\u00a0de enero)<\/strong><br \/>Dispone medidas sanitarias que indica por brote de COVID-19<\/p>\r\n\r\n\r\n\r\n<p><a href=\"https:\/\/westlawchile.cl\/maf\/app\/document?&amp;src=laley4&amp;docguid=iB0E6FE832A0CE325D8F7A99246ACEAB8\">Ver texto completo<\/a><\/p>\r\n\r\n\r\n<hr class=\"wp-block-separator has-alpha-channel-opacity\" \/>\r\n\r\n\r\n<p><strong>Decreto exento N\u00b0 18, Ministerio de Hacienda (29 de enero)<br \/><\/strong>Modifica decreto N\u00ba 628 exento, de 2020<\/p>\r\n\r\n\r\n\r\n<p><a href=\"https:\/\/westlawchile.cl\/maf\/app\/document?&amp;src=laley4&amp;docguid=i813C9413D03DBB3C8C82D58C8615FC22&amp;hitguid=i813C9413D03DBB3C8C82D58C8615FC22&amp;tocguid=&amp;spos=13&amp;epos=13&amp;td=43&amp;ao=i0AC50834CD5E878681CD6243E1B5D7B6&amp;searchFrom=&amp;savedSearch=false&amp;context=36&amp;crumb-action=append&amp;\">Ver texto completo<\/a><\/p>\r\n\r\n\r\n<hr class=\"wp-block-separator has-alpha-channel-opacity\" \/>\r\n\r\n\r\n<p><strong>Resoluci\u00f3n exenta N\u00b0 76, Ministerio de Salud (28 de enero)<\/strong><br \/>Modifica resoluciones N\u00ba 997 exenta, de 2020 y N\u00ba 43 exenta, de 2021<\/p>\r\n\r\n\r\n\r\n<p><a href=\"https:\/\/westlawchile.cl\/maf\/app\/document?&amp;src=laley4&amp;docguid=iD9CC540A739A0E8390B53B3E3AF33486&amp;hitguid=iD9CC540A739A0E8390B53B3E3AF33486&amp;tocguid=&amp;spos=6&amp;epos=6&amp;td=7&amp;ao=i0AC50834CD5E878681CD6243E1B5D7B6&amp;searchFrom=&amp;savedSearch=false&amp;context=77&amp;crumb-action=append&amp;\">Ver texto completo<\/a><\/p>\r\n\r\n\r\n<hr class=\"wp-block-separator has-alpha-channel-opacity\" \/>\r\n\r\n\r\n<p><strong>Decreto N\u00b0 2, Ministerio de Salud (28 de enero)<\/strong><br \/>Modifica decreto N\u00ba 12, de 2019, que declara alerta sanitaria en la provincia de Chilo\u00e9 de la Regi\u00f3n de Los Lagos<\/p>\r\n\r\n\r\n\r\n<p><a href=\"https:\/\/westlawchile.cl\/maf\/app\/document?&amp;src=laley4&amp;docguid=i01BF324E116D4C6F808D3ABC6A42DABB&amp;hitguid=i01BF324E116D4C6F808D3ABC6A42DABB&amp;tocguid=&amp;spos=1&amp;epos=1&amp;td=7&amp;ao=i0AC50834CD5E878681CD6243E1B5D7B6&amp;searchFrom=&amp;savedSearch=false&amp;context=84&amp;crumb-action=append&amp;\">Ver texto completo<\/a><\/p>\r\n\r\n\r\n<hr class=\"wp-block-separator has-alpha-channel-opacity\" \/>\r\n\r\n\r\n<p><strong>Resoluci\u00f3n exenta N\u00b0 53, Seremi de Transportes VII Regi\u00f3n del Maule (28 de enero)<\/strong><br \/>Modifica resoluci\u00f3n N\u00ba 46 exenta, de 2021, que proh\u00edbe la circulaci\u00f3n de veh\u00edculos motorizados en v\u00edas que indica en la ciudad de Linares<\/p>\r\n\r\n\r\n\r\n<p><a href=\"https:\/\/westlawchile.cl\/maf\/app\/document?&amp;src=laley4&amp;docguid=i4506CB952CC86D49E93C7C641EB742D8&amp;hitguid=i4506CB952CC86D49E93C7C641EB742D8&amp;tocguid=&amp;spos=5&amp;epos=5&amp;td=6&amp;ao=i0AC50834CD5E878681CD6243E1B5D7B6&amp;searchFrom=&amp;savedSearch=false&amp;context=90&amp;crumb-action=append&amp;\">Ver texto completo<\/a><\/p>\r\n\r\n\r\n<hr class=\"wp-block-separator has-alpha-channel-opacity\" \/>\r\n\r\n\r\n<p><strong>Resoluci\u00f3n exenta N\u00b0 54, Seremi de Transportes VII Regi\u00f3n del Maule (28 de enero)<\/strong><br \/>Modifica resoluci\u00f3n N\u00b0 47 exenta, de 2021, que proh\u00edbe circulaci\u00f3n de veh\u00edculos motorizados en v\u00edas que indica en la ciudad de Talca<\/p>\r\n\r\n\r\n\r\n<p><a href=\"https:\/\/westlawchile.cl\/maf\/app\/document?&amp;src=laley4&amp;&amp;docguid=iFBBC115B8991706AF2399AF862FDD59B&amp;hitguid=iFBBC115B8991706AF2399AF862FDD59B&amp;tocguid=&amp;spos=2&amp;epos=2&amp;td=3&amp;ao=i0AC50834CD5E878681CD6243E1B5D7B6&amp;searchFrom=&amp;savedSearch=false&amp;context=96&amp;crumb-action=append&amp;\">Ver texto completo<\/a><\/p>\r\n\r\n\r\n<hr class=\"wp-block-separator has-alpha-channel-opacity\" \/>\r\n\r\n\r\n<p><strong>Resoluci\u00f3n exenta N\u00b0 55, Seremi de Transportes VII Regi\u00f3n del Maule (28 de enero)<\/strong><br \/>Modifica resoluci\u00f3n N\u00b0 48 exenta, de 2021, que proh\u00edbe la circulaci\u00f3n de veh\u00edculos motorizados en v\u00edas que indica en la ciudad de Curic\u00f3<\/p>\r\n\r\n\r\n\r\n<p><a href=\"https:\/\/westlawchile.cl\/maf\/app\/document?&amp;src=laley4&amp;docguid=i3593F6D6798659E66F21515234036942&amp;hitguid=i3593F6D6798659E66F21515234036942&amp;tocguid=&amp;spos=4&amp;epos=4&amp;td=7&amp;ao=i0AC50834CD5E878681CD6243E1B5D7B6&amp;searchFrom=&amp;savedSearch=false&amp;context=102&amp;crumb-action=append&amp;\">Ver texto completo<\/a><\/p>\r\n\r\n\r\n<hr class=\"wp-block-separator has-alpha-channel-opacity\" \/>\r\n\r\n\r\n<p><strong>Resoluci\u00f3n exenta N\u00b0 480, Ministerio de Defensa Nacional (27 de enero)<\/strong><br \/>Modifica resoluci\u00f3n N\u00ba 2.789 exenta, de 2020<\/p>\r\n\r\n\r\n\r\n<p><a href=\"https:\/\/westlawchile.cl\/maf\/app\/document?&amp;src=laley4&amp;docguid=i6ED9503F9B88B7A81442D04536694199&amp;hitguid=i6ED9503F9B88B7A81442D04536694199&amp;tocguid=&amp;spos=1&amp;epos=1&amp;td=1&amp;ao=i0AC50834CD5E878681CD6243E1B5D7B6&amp;searchFrom=&amp;savedSearch=false&amp;context=108&amp;crumb-action=append&amp;\">Ver texto completo<\/a><\/p>\r\n\r\n\r\n<hr class=\"wp-block-separator has-alpha-channel-opacity\" \/>\r\n\r\n\r\n<p><strong>Resoluci\u00f3n exenta N\u00b0 72, Ministerio de Salud (27 de enero)<\/strong><br \/>Dispone medidas sanitarias que indica por brote de Covid-19<\/p>\r\n\r\n\r\n\r\n<p><a href=\"https:\/\/westlawchile.cl\/maf\/app\/document?&amp;src=laley4&amp;docguid=iB3B4F22B56144E0C7898D11806F58BE2&amp;hitguid=iB3B4F22B56144E0C7898D11806F58BE2&amp;tocguid=&amp;spos=3&amp;epos=3&amp;td=5&amp;ao=i0AC50834CD5E878681CD6243E1B5D7B6&amp;searchFrom=&amp;savedSearch=false&amp;context=114&amp;crumb-action=append&amp;\">Ver texto completo<\/a><\/p>\r\n\r\n\r\n<hr class=\"wp-block-separator has-alpha-channel-opacity\" \/>\r\n\r\n\r\n<p><strong>Resoluci\u00f3n exenta N\u00b0 62, Ministerio del Interior y Seguridad P\u00fablica (26 de enero)<\/strong><br \/>Instruye aumento de capacidad ventilatoria a los prestadores privados de salud cerrados de alta complejidad<\/p>\r\n\r\n\r\n\r\n<p><a href=\"https:\/\/westlawchile.cl\/maf\/app\/document?&amp;src=laley4&amp;docguid=iFA93CF68D3B363B1022D87FC05623A00&amp;hitguid=iFA93CF68D3B363B1022D87FC05623A00&amp;tocguid=&amp;spos=9&amp;epos=9&amp;td=11&amp;ao=i0AC50834CD5E878681CD6243E1B5D7B6&amp;searchFrom=&amp;savedSearch=false&amp;context=121&amp;crumb-action=append&amp;\">Ver texto completo<\/a><\/p>\r\n\r\n\r\n<hr class=\"wp-block-separator has-alpha-channel-opacity\" \/>\r\n\r\n\r\n<p><strong>Resoluci\u00f3n exenta N\u00b0 23, Ministerio del Medio Ambiente (26 de enero)<\/strong><br \/>Da inicio al proceso de revisi\u00f3n del decreto N\u00b0 37, de 2012, que establece la Norma de Emisi\u00f3n de Compuestos TRS, Generadores de Olor, asociados a la fabricaci\u00f3n de pulpa kraft o al sulfato<\/p>\r\n\r\n\r\n\r\n<p><a href=\"https:\/\/westlawchile.cl\/maf\/app\/document?&amp;src=laley4&amp;docguid=iF8DCF1A16758981DE07AC77B0C49C82C&amp;hitguid=iF8DCF1A16758981DE07AC77B0C49C82C&amp;tocguid=&amp;spos=6&amp;epos=6&amp;td=10&amp;ao=i0AC50834CD5E878681CD6243E1B5D7B6&amp;searchFrom=&amp;savedSearch=false&amp;context=127&amp;crumb-action=append&amp;\">Ver texto completo<\/a><\/p>\r\n\r\n\r\n<hr class=\"wp-block-separator has-alpha-channel-opacity\" \/>\r\n\r\n\r\n<p><strong>Resoluci\u00f3n exenta N\u00b0 24, Ministerio del Medio Ambiente (26 de enero)<\/strong><br \/>Dispone la realizaci\u00f3n de un proceso de consulta a Pueblos Ind\u00edgenas, inicia Procedimiento Administrativo y convoca al proceso, en el marco de la Elaboraci\u00f3n de las Normas Secundarias de Calidad Ambiental para la Protecci\u00f3n de las Aguas Continentales Superficiales de la Cuenca del R\u00edo Huasco<\/p>\r\n\r\n\r\n\r\n<p><a href=\"https:\/\/westlawchile.cl\/maf\/app\/document?&amp;src=laley4&amp;docguid=i35C4248ADE5BC7227AFAB829FCE15528&amp;hitguid=i35C4248ADE5BC7227AFAB829FCE15528&amp;tocguid=&amp;spos=9&amp;epos=9&amp;td=13&amp;ao=i0AC50834CD5E878681CD6243E1B5D7B6&amp;searchFrom=&amp;savedSearch=false&amp;context=133&amp;crumb-action=append&amp;\">Ver texto completo<\/a><\/p>\r\n\r\n\r\n<hr class=\"wp-block-separator has-alpha-channel-opacity\" \/>\r\n\r\n\r\n<p><strong>Resoluci\u00f3n exenta N\u00b0 55, Ministerio del Medio Ambiente (26 de enero)<\/strong><br \/>Pone t\u00e9rmino a suspensi\u00f3n de plazo que indica y reanuda consulta p\u00fablica para el Anteproyecto del Plan de Descontaminaci\u00f3n por Clorofila A, Transparencia y F\u00f3sforo disuelto, para la cuenca del Lago Villarrica<\/p>\r\n\r\n\r\n\r\n<p><a href=\"https:\/\/westlawchile.cl\/maf\/app\/document?&amp;src=laley4&amp;docguid=i773BDDB080456258AD8812794F7ACC16&amp;hitguid=i773BDDB080456258AD8812794F7ACC16&amp;tocguid=&amp;spos=3&amp;epos=3&amp;td=7&amp;ao=i0AC50834CD5E878681CD6243E1B5D7B6&amp;searchFrom=&amp;savedSearch=false&amp;context=140&amp;crumb-action=append&amp;\">Ver texto completo<\/a><\/p>\r\n\r\n\r\n<hr class=\"wp-block-separator has-alpha-channel-opacity\" \/>\r\n\r\n\r\n<p><strong>Resoluci\u00f3n exenta N\u00b0 56, Ministerio del Medio Ambiente (26 de enero)<\/strong><br \/>Pone t\u00e9rmino a la suspensi\u00f3n del Proceso de Consulta Ind\u00edgena sobre el Anteproyecto de las Normas Secundarias de Calidad Ambiental para la protecci\u00f3n de las aguas continentales superficiales de la Cuenca del R\u00edo Valdivia<\/p>\r\n\r\n\r\n\r\n<p><a href=\"https:\/\/westlawchile.cl\/maf\/app\/document?&amp;src=laley4&amp;docguid=i69D5CAEC8EE1F589EFDC345C3D26C0E7&amp;hitguid=i69D5CAEC8EE1F589EFDC345C3D26C0E7&amp;tocguid=&amp;spos=2&amp;epos=2&amp;td=5&amp;ao=i0AC50834CD5E878681CD6243E1B5D7B6&amp;searchFrom=&amp;savedSearch=false&amp;context=146&amp;crumb-action=append&amp;\">Ver texto completo<\/a><\/p>\r\n\r\n\r\n<hr class=\"wp-block-separator has-alpha-channel-opacity\" \/>\r\n\r\n\r\n<p><strong>Decreto N\u00b0 26, Ministerio del Interior y Seguridad P\u00fablica (25 de enero)<\/strong><br \/>Extiende vigencia del decreto N\u00ba 102, de 2020, que dispone el cierre temporal de lugares habilitados para el ingreso y egreso de extranjeros, por Emergencia de Salud P\u00fablica de Importancia Internacional por brote del nuevo Coronavirus<\/p>\r\n\r\n\r\n\r\n<p><a href=\"https:\/\/westlawchile.cl\/maf\/app\/document?&amp;src=laley4&amp;&amp;docguid=iCB7FA8ECEA291008661AE7D00523EF7C&amp;hitguid=iCB7FA8ECEA291008661AE7D00523EF7C&amp;tocguid=&amp;spos=13&amp;epos=13&amp;td=32&amp;ao=i0AC50834CD5E878681CD6243E1B5D7B6&amp;searchFrom=&amp;savedSearch=false&amp;context=152&amp;crumb-action=append&amp;\">Ver texto completo<\/a><\/p>\r\n\r\n\r\n<hr class=\"wp-block-separator has-alpha-channel-opacity\" \/>\r\n\r\n\r\n<p><strong>Resoluci\u00f3n exenta N\u00b0 57, Ministerio de Salud (22 de enero)<\/strong><br \/>Dispone medidas sanitarias que indica por brote de Covid-19<\/p>\r\n\r\n\r\n\r\n<p><a href=\"https:\/\/westlawchile.cl\/maf\/app\/document?&amp;src=laley4&amp;docguid=i4FB34E626643D64875A524A7C794AD15&amp;hitguid=i4FB34E626643D64875A524A7C794AD15&amp;tocguid=&amp;spos=3&amp;epos=3&amp;td=8&amp;ao=i0AC50834CD5E878681CD6243E1B5D7B6&amp;searchFrom=&amp;savedSearch=false&amp;context=229&amp;crumb-action=append&amp;\">Ver texto completo<\/a><\/p>\r\n\r\n\r\n<hr class=\"wp-block-separator has-alpha-channel-opacity\" \/>\r\n\r\n\r\n<p><strong>Resoluci\u00f3n exenta N\u00b0 4, Direcci\u00f3n General del Cr\u00e9dito Prendario (21 de enero)<\/strong><br \/>Declara suspensi\u00f3n de remates en las Unidades de Cr\u00e9dito del pa\u00eds para el mes de febrero de 2021<\/p>\r\n\r\n\r\n\r\n<p><a href=\"https:\/\/westlawchile.cl\/maf\/app\/document?&amp;src=laley4&amp;docguid=i9A090D4809A92CE5FE597AA75DDAE951&amp;hitguid=i9A090D4809A92CE5FE597AA75DDAE951&amp;tocguid=&amp;spos=34&amp;epos=34&amp;td=41&amp;ao=i0AC50834CD5E878681CD6243E1B5D7B6&amp;searchFrom=&amp;savedSearch=false&amp;context=251&amp;crumb-action=append&amp;\">Ver texto completo<\/a><\/p>\r\n\r\n\r\n<hr class=\"wp-block-separator has-alpha-channel-opacity\" \/>\r\n\r\n\r\n<p><strong>Resoluci\u00f3n exenta N\u00b0 5, Direcci\u00f3n General del Cr\u00e9dito Prendario (21 de enero)<\/strong><br \/>Regulariza la suspensi\u00f3n de las operaciones de cr\u00e9dito en la Unidad de Cr\u00e9dito de Iquique<\/p>\r\n\r\n\r\n\r\n<p><a href=\"https:\/\/westlawchile.cl\/maf\/app\/document?&amp;src=laley4&amp;docguid=iC62EA2191217D2A7B1B739D92000B5F6&amp;hitguid=iC62EA2191217D2A7B1B739D92000B5F6&amp;tocguid=&amp;spos=8&amp;epos=8&amp;td=10&amp;ao=i0AC50834CD5E878681CD6243E1B5D7B6&amp;searchFrom=&amp;savedSearch=false&amp;context=257&amp;crumb-action=append&amp;\">Ver texto completo<\/a><\/p>\r\n\r\n\r\n<hr class=\"wp-block-separator has-alpha-channel-opacity\" \/>\r\n\r\n\r\n<p><strong>Resoluci\u00f3n exenta N\u00b0 24, Ministerio de Salud (20 de enero)<\/strong><br \/>Aprueba Definiciones y lineamientos para la aplicaci\u00f3n de medidas que faciliten la adquisici\u00f3n de remedios en el contexto de una alerta sanitaria por epidemia o pandemia, conforme al art\u00edculo 1\u00b0 de la ley N\u00b0 21.267<\/p>\r\n\r\n\r\n\r\n<p><a href=\"https:\/\/westlawchile.cl\/maf\/app\/document?&amp;src=laley4&amp;docguid=iFBD7799A1A8323F5AF29F22370DD424B&amp;hitguid=iFBD7799A1A8323F5AF29F22370DD424B&amp;tocguid=&amp;spos=9&amp;epos=9&amp;td=12&amp;ao=i0AC50834CD5E878681CD6243E1B5D7B6&amp;searchFrom=&amp;savedSearch=false&amp;context=263&amp;crumb-action=append&amp;\">Ver texto completo<\/a><\/p>\r\n\r\n\r\n<hr class=\"wp-block-separator has-alpha-channel-opacity\" \/>\r\n\r\n\r\n<p><strong>Resoluci\u00f3n exenta N\u00b0 49, Ministerio de Salud (20 de enero)<\/strong><br \/>Dispone medidas sanitarias que indica por brote de Covid-19 y rectifica resoluci\u00f3n N\u00b0 34 exenta, de 2021<\/p>\r\n\r\n\r\n\r\n<p><a href=\"https:\/\/westlawchile.cl\/maf\/app\/document?&amp;src=laley4&amp;docguid=i25A32B3C9A4449CB648C4F16FD38CC79&amp;hitguid=i25A32B3C9A4449CB648C4F16FD38CC79&amp;tocguid=&amp;spos=2&amp;epos=2&amp;td=3&amp;ao=i0AC50834CD5E878681CD6243E1B5D7B6&amp;searchFrom=&amp;savedSearch=false&amp;context=270&amp;crumb-action=append&amp;\">Ver texto completo<\/a><\/p>\r\n\r\n\r\n<hr class=\"wp-block-separator has-alpha-channel-opacity\" \/>\r\n\r\n\r\n<p><strong>Resoluci\u00f3n exenta N\u00b0 116, Ministerio de Transportes y Telecomunicaciones (20 de enero)<\/strong><br \/>Extiende vigencia de certificados de inscripci\u00f3n que indica, en el Registro Nacional de Servicios de Transporte de Pasajeros<\/p>\r\n\r\n\r\n\r\n<p><a href=\"https:\/\/westlawchile.cl\/maf\/app\/document?&amp;src=laley4&amp;docguid=iBC65DF4BDC571A72F53EC50EA26D611C&amp;hitguid=iBC65DF4BDC571A72F53EC50EA26D611C&amp;tocguid=&amp;spos=2&amp;epos=2&amp;td=3&amp;ao=i0AC50834CD5E878681CD6243E1B5D7B6&amp;searchFrom=&amp;savedSearch=false&amp;context=276&amp;crumb-action=append&amp;\">Ver texto completo<\/a><\/p>\r\n\r\n\r\n<hr class=\"wp-block-separator has-alpha-channel-opacity\" \/>\r\n\r\n\r\n<p><strong>Resoluci\u00f3n exenta N\u00b0 46, Ministerio de Transportes y Telecomunicaciones (20 de enero)<\/strong><br \/>Proh\u00edbe la circulaci\u00f3n de veh\u00edculos motorizados en v\u00edas que indica en la ciudad de Linares<\/p>\r\n\r\n\r\n\r\n<p><a href=\"https:\/\/westlawchile.cl\/maf\/app\/document?&amp;src=laley4&amp;docguid=iC95A684B9A4F75FB96BFEF8884FB0A45&amp;hitguid=iC95A684B9A4F75FB96BFEF8884FB0A45&amp;tocguid=&amp;spos=6&amp;epos=6&amp;td=8&amp;ao=i0AC50834CD5E878681CD6243E1B5D7B6&amp;searchFrom=&amp;savedSearch=false&amp;context=282&amp;crumb-action=append&amp;\">Ver texto completo<\/a><\/p>\r\n\r\n\r\n<hr class=\"wp-block-separator has-alpha-channel-opacity\" \/>\r\n\r\n\r\n<p><strong>Resoluci\u00f3n exenta N\u00b0 47, Ministerio de Transportes y Telecomunicaciones (20 de enero)<\/strong><br \/>Proh\u00edbe circulaci\u00f3n de veh\u00edculos motorizados en v\u00edas que indica en la ciudad de Talca<\/p>\r\n\r\n\r\n\r\n<p><a href=\"https:\/\/westlawchile.cl\/maf\/app\/document?&amp;src=laley4&amp;docguid=i678B87C5A3A1EBAAFE35B59F78F2301A&amp;hitguid=i678B87C5A3A1EBAAFE35B59F78F2301A&amp;tocguid=&amp;spos=5&amp;epos=5&amp;td=6&amp;ao=i0AC50834CD5E878681CD6243E1B5D7B6&amp;searchFrom=&amp;savedSearch=false&amp;context=288&amp;crumb-action=append&amp;\">Ver texto completo<\/a><\/p>\r\n\r\n\r\n<hr class=\"wp-block-separator has-alpha-channel-opacity\" \/>\r\n\r\n\r\n<p><strong>Resoluci\u00f3n exenta N\u00b0 48, Ministerio de Transportes y Telecomunicaciones (20 de enero)<\/strong><br \/>Proh\u00edbe circulaci\u00f3n de veh\u00edculos motorizados en v\u00edas que indica en la ciudad de Curic\u00f3<\/p>\r\n\r\n\r\n\r\n<p><a href=\"https:\/\/westlawchile.cl\/maf\/app\/document?&amp;src=laley4&amp;docguid=i6B8CD5698E5C84B629229AC74F69F689&amp;hitguid=i6B8CD5698E5C84B629229AC74F69F689&amp;tocguid=&amp;spos=8&amp;epos=8&amp;td=9&amp;ao=i0AC50834CD5E878681CD6243E1B5D7B6&amp;searchFrom=&amp;savedSearch=false&amp;context=294&amp;crumb-action=append&amp;\">Ver texto completo<\/a><\/p>\r\n\r\n\r\n<hr class=\"wp-block-separator has-alpha-channel-opacity\" \/>\r\n\r\n\r\n<p><strong>Resoluci\u00f3n exenta N\u00b0 48, Ministerio de Salud (19 de enero)<\/strong><br \/>Modifica resoluci\u00f3n N\u00b0 997 exenta, de 2020<\/p>\r\n\r\n\r\n\r\n<p><a href=\"https:\/\/westlawchile.cl\/maf\/app\/document?&amp;src=laley4&amp;docguid=i08DD9C24391BFD8511335076C5942779&amp;hitguid=i08DD9C24391BFD8511335076C5942779&amp;tocguid=&amp;spos=7&amp;epos=7&amp;td=9&amp;ao=i0AC50834CD5E878681CD6243E1B5D7B6&amp;searchFrom=&amp;savedSearch=false&amp;context=300&amp;crumb-action=append&amp;\">Ver texto completo<\/a><\/p>\r\n\r\n\r\n<hr class=\"wp-block-separator has-alpha-channel-opacity\" \/>\r\n\r\n\r\n<p><strong>Resoluci\u00f3n exenta N\u00b0 11.345, Ministerio del Interior y Seguridad P\u00fablica (18 de enero)<\/strong><br \/>Aprueba Plan de Contingencia Covid-19 para Complejos Fronterizos<\/p>\r\n\r\n\r\n\r\n<p><a href=\"https:\/\/westlawchile.cl\/maf\/app\/document?&amp;src=laley4&amp;docguid=i4FC38A935FBEA7F36F05AA3F6253D57B&amp;hitguid=i4FC38A935FBEA7F36F05AA3F6253D57B&amp;tocguid=&amp;spos=1&amp;epos=1&amp;td=1&amp;ao=i0AC50834CD5E878681CD6243E1B5D7B6&amp;searchFrom=&amp;savedSearch=false&amp;context=307&amp;crumb-action=append&amp;\">Ver texto completo<\/a><\/p>\r\n\r\n\r\n<hr class=\"wp-block-separator has-alpha-channel-opacity\" \/>\r\n\r\n\r\n<p><strong>Resoluci\u00f3n exenta N\u00b0 34, Ministerio de Salud (16 de enero)<\/strong><br \/>Dispone medidas sanitarias que indica por brote de COVID-19<\/p>\r\n\r\n\r\n\r\n<p><a href=\"https:\/\/westlawchile.cl\/maf\/app\/document?&amp;src=laley4&amp;docguid=iFD79F8A15969EF6182E2D1A211373D20&amp;hitguid=iFD79F8A15969EF6182E2D1A211373D20&amp;tocguid=&amp;spos=2&amp;epos=2&amp;td=4&amp;ao=i0AC50834CD5E878681CD6243E1B5D7B6&amp;searchFrom=&amp;savedSearch=false&amp;context=313&amp;crumb-action=append&amp;\">Ver texto completo<\/a><\/p>\r\n\r\n\r\n<hr class=\"wp-block-separator has-alpha-channel-opacity\" \/>\r\n\r\n\r\n<p><strong>Decreto N\u00b0 1, Ministerio de Salud (15 de enero)<\/strong><br \/>Prorroga vigencia del decreto N\u00b0 4, de 2020, que decreta alerta sanitaria por el per\u00edodo que se\u00f1ala y otorga facultades extraordinarias que indica por Emergencia de Salud P\u00fablica de Importancia Internacional por brote del nuevo coronavirus<\/p>\r\n\r\n\r\n\r\n<p><a href=\"https:\/\/westlawchile.cl\/maf\/app\/document?&amp;src=laley4&amp;docguid=i05F12672D54E50161FB484C960916021&amp;hitguid=i05F12672D54E50161FB484C960916021&amp;tocguid=&amp;spos=3&amp;epos=3&amp;td=296&amp;ao=i0AC50834CD5E878681CD6243E1B5D7B6&amp;searchFrom=&amp;savedSearch=false&amp;context=13&amp;crumb-action=append&amp;\">Ver texto completo<\/a><\/p>\r\n\r\n\r\n<hr class=\"wp-block-separator has-alpha-channel-opacity\" \/>\r\n\r\n\r\n<p><strong>Resoluci\u00f3n exenta N\u00b0 1.153, Ministerio de Salud (15 de enero)<\/strong><br \/>Aprueba Protocolo de Detecci\u00f3n de Casos Sospechosos de Covid-19 en Aeropuerto \u2013 Fase 4<\/p>\r\n\r\n\r\n\r\n<p><a href=\"https:\/\/westlawchile.cl\/maf\/app\/document?&amp;src=laley4&amp;docguid=iD210077C0A99EC750F3FA8FB17B0463A&amp;hitguid=iD210077C0A99EC750F3FA8FB17B0463A&amp;tocguid=&amp;spos=2&amp;epos=2&amp;td=2&amp;ao=i0AC50834CD5E878681CD6243E1B5D7B6&amp;searchFrom=&amp;savedSearch=false&amp;context=17&amp;crumb-action=append&amp;\">Ver texto completo<\/a><\/p>\r\n\r\n\r\n<hr class=\"wp-block-separator has-alpha-channel-opacity\" \/>\r\n\r\n\r\n<p><strong>Resoluci\u00f3n exenta N\u00b0 43, Ministerio de Salud (15 de enero)<\/strong><br \/>Dispone medidas sanitarias que indica por brote de COVID-19 y establece nuevo plan Paso a Paso<\/p>\r\n\r\n\r\n\r\n<p><a href=\"https:\/\/westlawchile.cl\/maf\/app\/document?&amp;src=laley4&amp;docguid=i9DDBA326FCBA0BE60C859DCDE12A5C73&amp;hitguid=i9DDBA326FCBA0BE60C859DCDE12A5C73&amp;tocguid=&amp;spos=1&amp;epos=1&amp;td=2&amp;ao=i0AC50834CD5E878681CD6243E1B5D7B6&amp;searchFrom=&amp;savedSearch=false&amp;context=20&amp;crumb-action=append&amp;\">Ver texto completo<\/a><\/p>\r\n\r\n\r\n<hr class=\"wp-block-separator has-alpha-channel-opacity\" \/>\r\n\r\n\r\n<p><strong>Resoluci\u00f3n exenta N\u00b0 21, Ministerio del Trabajo y Previsi\u00f3n Social (15 de enero)<\/strong><br \/>Modifica resoluci\u00f3n N\u00b0 625 exenta, de 2020, que califica situaci\u00f3n de emergencia laboral que indica, y activa implementaci\u00f3n de la L\u00ednea Emergencia Laboral Covid-19 del Programa de Formaci\u00f3n en el Puesto de Trabajo, conforme a lo dispuesto en el decreto N\u00b0 28, de 2011<\/p>\r\n\r\n\r\n\r\n<p><a href=\"https:\/\/westlawchile.cl\/maf\/app\/document?&amp;src=laley4&amp;docguid=i21F84CF362B41E409EC4D0F86574A920&amp;hitguid=i21F84CF362B41E409EC4D0F86574A920&amp;tocguid=&amp;spos=3&amp;epos=3&amp;td=3&amp;ao=i0AC50834CD5E878681CD6243E1B5D7B6&amp;searchFrom=&amp;savedSearch=false&amp;context=23&amp;crumb-action=append&amp;\">Ver texto completo<\/a><\/p>\r\n\r\n\r\n<hr class=\"wp-block-separator has-alpha-channel-opacity\" \/>\r\n\r\n\r\n<p><strong>Resoluci\u00f3n exenta N\u00b0 1, Seremi de Transportes XVI Regi\u00f3n de \u00d1uble (14 de enero)<\/strong><br \/>Modifica resoluci\u00f3n N\u00b0 152 exenta, de 2020<\/p>\r\n\r\n\r\n\r\n<p><a href=\"https:\/\/westlawchile.cl\/maf\/app\/document?&amp;src=laley4&amp;docguid=i8FAF5A5B38B84FD096AC9B4A5D6A4207&amp;hitguid=i8FAF5A5B38B84FD096AC9B4A5D6A4207&amp;tocguid=&amp;spos=18&amp;epos=18&amp;td=21&amp;ao=i0AC50834CD5E878681CD6243E1B5D7B6&amp;searchFrom=&amp;savedSearch=false&amp;context=41&amp;crumb-action=append&amp;\">Ver texto completo<\/a><\/p>\r\n\r\n\r\n<hr class=\"wp-block-separator has-alpha-channel-opacity\" \/>\r\n\r\n\r\n<p><strong>Resoluci\u00f3n exenta N\u00b0 46, Seremi de Transportes X Regi\u00f3n de Los Lagos (14 de enero)<\/strong><br \/>Proh\u00edbe la circulaci\u00f3n de veh\u00edculos motorizados en v\u00edas que indica<\/p>\r\n\r\n\r\n\r\n<p><a href=\"https:\/\/westlawchile.cl\/maf\/app\/document?&amp;src=laley4&amp;docguid=i69D2320B4BC81B2C7F9CACC2B01ABC7A&amp;hitguid=i69D2320B4BC81B2C7F9CACC2B01ABC7A&amp;tocguid=&amp;spos=6&amp;epos=6&amp;td=7&amp;ao=i0AC50834CD5E878681CD6243E1B5D7B6&amp;searchFrom=&amp;savedSearch=false&amp;context=38&amp;crumb-action=append&amp;\">Ver texto completo<\/a><\/p>\r\n\r\n\r\n<hr class=\"wp-block-separator has-alpha-channel-opacity\" \/>\r\n\r\n\r\n<p><strong>Resoluci\u00f3n exenta N\u00b0 23, Ministerio de Salud (13 de enero)<\/strong><br \/>Dispone medidas sanitarias que indica por brote de COVID-19<\/p>\r\n\r\n\r\n\r\n<p><a href=\"https:\/\/westlawchile.cl\/maf\/app\/document?&amp;src=laley4&amp;docguid=i9098068168668FE7186432F74BB4837C&amp;hitguid=i9098068168668FE7186432F74BB4837C&amp;tocguid=&amp;spos=6&amp;epos=6&amp;td=9&amp;ao=i0AC50834CD5E878681CD6243E1B5D7B6&amp;searchFrom=&amp;savedSearch=false&amp;context=32&amp;crumb-action=append&amp;\">Ver texto completo<\/a><\/p>\r\n\r\n\r\n<hr class=\"wp-block-separator has-alpha-channel-opacity\" \/>\r\n\r\n\r\n<p><strong>Resoluci\u00f3n exenta N\u00b0 12, Junta de Aeron\u00e1utica Civil (13 de enero)<\/strong><br \/>Prorroga suspensi\u00f3n de vuelos comerciales de pasajeros entre Reino Unido y Chile<\/p>\r\n\r\n\r\n\r\n<p><a href=\"https:\/\/westlawchile.cl\/maf\/app\/document?&amp;src=laley4&amp;docguid=i84771C3183AF4A968CA88EBD66FB7865&amp;hitguid=i84771C3183AF4A968CA88EBD66FB7865&amp;tocguid=&amp;spos=4&amp;epos=4&amp;td=10&amp;ao=i0AC50834CD5E878681CD6243E1B5D7B6&amp;searchFrom=&amp;savedSearch=false&amp;context=29&amp;crumb-action=append&amp;\">Ver texto completo<\/a><\/p>\r\n\r\n\r\n<hr class=\"wp-block-separator has-alpha-channel-opacity\" \/>\r\n\r\n\r\n<p><strong>Resoluci\u00f3n exenta N\u00b0 143, Seremi de Salud VI Regi\u00f3n del Libertador General Bernardo O\u2019Higgins (13 de enero)<\/strong><br \/>Enmienda parte final del numeral 6 de la resoluci\u00f3n N\u00b0 66 exenta, de 2021<\/p>\r\n\r\n\r\n\r\n<p><a href=\"https:\/\/westlawchile.cl\/maf\/app\/document?&amp;src=laley4&amp;docguid=iE7F2E998228A422D54BD5689E2463D86&amp;hitguid=iE7F2E998228A422D54BD5689E2463D86&amp;tocguid=&amp;spos=3&amp;epos=3&amp;td=3&amp;ao=i0AC50834CD5E878681CD6243E1B5D7B6&amp;searchFrom=&amp;savedSearch=false&amp;context=26&amp;crumb-action=append&amp;\">Ver texto completo<\/a><\/p>\r\n\r\n\r\n<hr class=\"wp-block-separator has-alpha-channel-opacity\" \/>\r\n\r\n\r\n<p><strong>Decreto N\u00b0 2.286, Ministerio de Hacienda (13 de enero)<\/strong><br \/>Establece normas sobre modificaciones presupuestarias para el a\u00f1o 2021<\/p>\r\n\r\n\r\n\r\n<p><a href=\"https:\/\/westlawchile.cl\/maf\/app\/document?&amp;src=laley4&amp;docguid=i8092AEEC643ABD209FF6861FF6378E51&amp;hitguid=i8092AEEC643ABD209FF6861FF6378E51&amp;tocguid=&amp;spos=1&amp;epos=1&amp;td=2&amp;ao=i0AC50834CD5E878681CD6243E1B5D7B6&amp;searchFrom=&amp;savedSearch=false&amp;context=23&amp;crumb-action=append&amp;\">Ver texto completo<\/a><\/p>\r\n\r\n\r\n<hr class=\"wp-block-separator has-alpha-channel-opacity\" \/>\r\n\r\n\r\n<p><strong>Resoluci\u00f3n exenta N\u00b0 2.679, Ministerio de Transportes y Telecomunicaciones (12 de enero)<\/strong><br \/>Suspende plazo establecido en el inciso segundo del art\u00edculo decimosegundo del decreto N\u00b0 170, de 1985, que establece Reglamento para el Otorgamiento de Licencias de Conductor<\/p>\r\n\r\n\r\n\r\n<p><a href=\"https:\/\/westlawchile.cl\/maf\/app\/document?&amp;src=laley4&amp;docguid=i4FFD65486DB29C8270C01A42E84C0FB0&amp;hitguid=i4FFD65486DB29C8270C01A42E84C0FB0&amp;tocguid=&amp;spos=1&amp;epos=1&amp;td=1&amp;ao=i0AC50834CD5E878681CD6243E1B5D7B6&amp;searchFrom=&amp;savedSearch=false&amp;context=20&amp;crumb-action=append&amp;\">Ver texto completo<\/a><\/p>\r\n\r\n\r\n<hr class=\"wp-block-separator has-alpha-channel-opacity\" \/>\r\n\r\n\r\n<p><strong>Decreto N\u00b0 11, Ministerio del Interior y Seguridad P\u00fablica (9 de enero)<\/strong><br \/>Extiende vigencia del decreto N\u00ba 102, de 2020, que dispone el cierre temporal de lugares habilitados para el ingreso y egreso de extranjeros, por Emergencia de Salud P\u00fablica de Importancia Internacional por brote del nuevo Coronavirus (2019-NCOV)<\/p>\r\n\r\n\r\n\r\n<p><a href=\"https:\/\/westlawchile.cl\/maf\/app\/document?&amp;src=laley4&amp;docguid=i8C9E4C48DE276CB717655C72856C9BC3&amp;hitguid=i8C9E4C48DE276CB717655C72856C9BC3&amp;tocguid=&amp;spos=14&amp;epos=14&amp;td=34&amp;ao=i0AC50834CD5E878681CD6243E1B5D7B6&amp;searchFrom=&amp;savedSearch=false&amp;context=14&amp;crumb-action=append&amp;\">Ver texto completo<\/a><\/p>\r\n\r\n\r\n<hr class=\"wp-block-separator has-alpha-channel-opacity\" \/>\r\n\r\n\r\n<p><strong>Resoluci\u00f3n exenta N\u00b0 16, Ministerio de Salud (9 de enero)<\/strong><br \/>Dispone medidas sanitarias que indica por brote de COVID-19<\/p>\r\n\r\n\r\n\r\n<p><a href=\"https:\/\/westlawchile.cl\/maf\/app\/document?&amp;src=laley4&amp;docguid=i804E31C2044A72B10BAB2ECC5740711F&amp;hitguid=i804E31C2044A72B10BAB2ECC5740711F&amp;tocguid=&amp;spos=5&amp;epos=5&amp;td=6&amp;ao=i0AC50834CD5E878681CD6243E1B5D7B6&amp;searchFrom=&amp;savedSearch=false&amp;context=26&amp;crumb-action=append&amp;\">Ver texto completo<\/a><\/p>\r\n\r\n\r\n<hr class=\"wp-block-separator has-alpha-channel-opacity\" \/>\r\n\r\n\r\n<p><strong>Decreto N\u00b0 628, Ministerio de Hacienda (8 de enero)<\/strong><br \/>Concede los aportes que indica y determina par\u00e1metros para entregar bonificaci\u00f3n y dem\u00e1s materias que se\u00f1ala, de acuerdo a la Partida 50, Cap\u00edtulo 01, Programa 03, Operaciones Complementarias, Subt\u00edtulo 30, \u00cdtem 10, Fondo Emergencia Transitorio, de la Glosa 26, numeral 3, literal a., de la ley N\u00ba 21.289, de Presupuestos del Sector P\u00fablico correspondiente al a\u00f1o 2021<\/p>\r\n\r\n\r\n\r\n<p><a href=\"https:\/\/westlawchile.cl\/maf\/app\/document?&amp;src=laley4&amp;docguid=iCD829595545A55B8010157B050B51200&amp;hitguid=iCD829595545A55B8010157B050B51200&amp;tocguid=&amp;spos=4&amp;epos=4&amp;td=6&amp;ao=i0AC50834CD5E878681CD6243E1B5D7B6&amp;searchFrom=&amp;savedSearch=false&amp;context=30&amp;crumb-action=append&amp;\">Ver texto completo<\/a><\/p>\r\n\r\n\r\n<hr class=\"wp-block-separator has-alpha-channel-opacity\" \/>\r\n\r\n\r\n<p><strong>Resoluci\u00f3n exenta N\u00b0 66, Seremi de Salud VI Regi\u00f3n del Libertador General Bernardo O\u2019Higgins (8 de enero)<\/strong><br \/>Dispone medidas sanitarias que indica<\/p>\r\n\r\n\r\n\r\n<p><a href=\"https:\/\/westlawchile.cl\/maf\/app\/document?&amp;src=laley4&amp;docguid=i3AEBC2D389070D01EC3DE06D008C8D68&amp;hitguid=i3AEBC2D389070D01EC3DE06D008C8D68&amp;tocguid=&amp;spos=4&amp;epos=4&amp;td=5&amp;ao=i0AC50834CD5E878681CD6243E1B5D7B6&amp;searchFrom=&amp;savedSearch=false&amp;context=34&amp;crumb-action=append&amp;\">Ver texto completo<\/a><\/p>\r\n\r\n\r\n<hr class=\"wp-block-separator has-alpha-channel-opacity\" \/>\r\n\r\n\r\n<p><strong>Resoluci\u00f3n exenta N\u00b0 15, Ministerio de Salud (7 de enero)<\/strong><br \/>Modifica resoluci\u00f3n N\u00ba 997 exenta, de 2020<\/p>\r\n\r\n\r\n\r\n<p><a href=\"https:\/\/westlawchile.cl\/maf\/app\/document?&amp;src=laley4&amp;docguid=iA730468DF62B2902322B3333F8C35EB4&amp;hitguid=iA730468DF62B2902322B3333F8C35EB4&amp;tocguid=&amp;spos=3&amp;epos=3&amp;td=4&amp;ao=i0AC50834CD5E878681CD6243E1B5D7B6&amp;searchFrom=&amp;savedSearch=false&amp;context=185&amp;crumb-action=append&amp;\">Ver texto completo<\/a><\/p>\r\n\r\n\r\n<hr class=\"wp-block-separator has-alpha-channel-opacity\" \/>\r\n\r\n\r\n<p><strong>Decreto N\u00b0 44, Ministerio del Deporte (6 de enero)<\/strong><br \/>Modifica decreto N\u00ba 6, de 2011, que aprueba reglamento para la entrega de premios a deportistas, exdeportistas, dirigentes y exdirigentes destacados a nivel nacional e internacional<\/p>\r\n\r\n\r\n\r\n<p><a href=\"https:\/\/westlawchile.cl\/maf\/app\/document?&amp;src=laley4&amp;docguid=i91CEFA41DF489B1A307F41E0F1253B6F&amp;hitguid=i91CEFA41DF489B1A307F41E0F1253B6F&amp;tocguid=&amp;spos=19&amp;epos=19&amp;td=19&amp;ao=i0AC50834CD5E878681CD6243E1B5D7B6&amp;searchFrom=&amp;savedSearch=false&amp;context=141&amp;crumb-action=append&amp;\">Ver texto completo<\/a><\/p>\r\n\r\n\r\n<hr class=\"wp-block-separator has-alpha-channel-opacity\" \/>\r\n\r\n\r\n<p><strong>Resoluci\u00f3n exenta N\u00b0 447, Direcci\u00f3n General del Cr\u00e9dito Prendario (6 de enero)<\/strong><br \/>Reanuda las operaciones de cr\u00e9dito en la Unidad de Cr\u00e9dito Matucana, de la Direcci\u00f3n General del Cr\u00e9dito Prendario<\/p>\r\n\r\n\r\n\r\n<p><a href=\"https:\/\/westlawchile.cl\/maf\/app\/document?&amp;src=laley4&amp;docguid=i26E332362CC76B7CA575205CCAF3C52C&amp;hitguid=i26E332362CC76B7CA575205CCAF3C52C&amp;tocguid=&amp;spos=2&amp;epos=2&amp;td=4&amp;ao=i0AC50834CD5E878681CD6243E1B5D7B6&amp;searchFrom=&amp;savedSearch=false&amp;context=148&amp;crumb-action=append&amp;\">Ver texto completo<\/a><\/p>\r\n\r\n\r\n<hr class=\"wp-block-separator has-alpha-channel-opacity\" \/>\r\n\r\n\r\n<p><strong>Resoluci\u00f3n exenta N\u00b0 471, Direcci\u00f3n General del Cr\u00e9dito Prendario (6 de enero)<\/strong><br \/>Declara suspensi\u00f3n de remates en las unidades de cr\u00e9dito del pa\u00eds para el mes de enero de 2021<\/p>\r\n\r\n\r\n\r\n<p><a href=\"https:\/\/westlawchile.cl\/maf\/app\/document?&amp;src=laley4&amp;docguid=i0B0D9838497185402319832DBD6A07C0&amp;hitguid=i0B0D9838497185402319832DBD6A07C0&amp;tocguid=&amp;spos=2&amp;epos=2&amp;td=4&amp;ao=i0AC50834CD5E878681CD6243E1B5D7B6&amp;searchFrom=&amp;savedSearch=false&amp;context=154&amp;crumb-action=append&amp;\">Ver texto completo<\/a><\/p>\r\n\r\n\r\n<hr class=\"wp-block-separator has-alpha-channel-opacity\" \/>\r\n\r\n\r\n<p><strong>Resoluci\u00f3n exenta N\u00b0 8.875, Servicio Agr\u00edcola y Ganadero (6 de enero)<\/strong><br \/>Establece pr\u00f3rroga para la obligaci\u00f3n de la declaraci\u00f3n completa de plantaciones de vides y\/o parronales y su ubicaci\u00f3n geoespacial al Servicio Agr\u00edcola y Ganadero<\/p>\r\n\r\n\r\n\r\n<p><a href=\"https:\/\/westlawchile.cl\/maf\/app\/document?&amp;src=laley4&amp;docguid=iD1F132BF0AF9A46F0ED38C59DCBE544E&amp;hitguid=iD1F132BF0AF9A46F0ED38C59DCBE544E&amp;tocguid=&amp;spos=1&amp;epos=1&amp;td=1&amp;ao=i0AC50834CD5E878681CD6243E1B5D7B6&amp;searchFrom=&amp;savedSearch=false&amp;context=160&amp;crumb-action=append&amp;\">Ver texto completo<\/a><\/p>\r\n\r\n\r\n<hr class=\"wp-block-separator has-alpha-channel-opacity\" \/>\r\n\r\n\r\n<p><strong>Ley N\u00b0 21.301, Ministerio de Energ\u00eda (5 de enero)<\/strong><br \/>Prorroga los efectos de la ley N\u00ba 21.249, que dispone, de manera excepcional, las medidas que indica en favor de los usuarios finales de servicios sanitarios, electricidad y gas de red<\/p>\r\n\r\n\r\n\r\n<p><a href=\"https:\/\/westlawchile.cl\/maf\/app\/document?&amp;src=laley4&amp;docguid=i3ABF3CEEF1343D7D93C2AD6677326AAA&amp;hitguid=i3ABF3CEEF1343D7D93C2AD6677326AAA&amp;tocguid=&amp;spos=1&amp;epos=1&amp;td=1&amp;ao=i0AC50834CD5E878681CD6243E1B5D7B6&amp;searchFrom=&amp;savedSearch=false&amp;context=163&amp;crumb-action=append&amp;\">Ver texto completo<\/a><\/p>\r\n\r\n\r\n<hr class=\"wp-block-separator has-alpha-channel-opacity\" \/>\r\n\r\n\r\n<p><strong>Ley N\u00b0 21.299, Ministerio de Hacienda (4 de enero)<\/strong><br \/>Permite la postergaci\u00f3n de cuotas de cr\u00e9ditos hipotecarios y crea la garant\u00eda estatal para caucionar cuotas postergadas<\/p>\r\n\r\n\r\n\r\n<p><a href=\"https:\/\/westlawchile.cl\/maf\/app\/document?&amp;src=laley4&amp;docguid=iD5ECCA371ADC170D8F7224BE5B805FA6&amp;hitguid=iD5ECCA371ADC170D8F7224BE5B805FA6&amp;tocguid=&amp;spos=1&amp;epos=1&amp;td=1&amp;ao=i0AC50834CD5E878681CD6243E1B5D7B6&amp;searchFrom=&amp;savedSearch=false&amp;context=166&amp;crumb-action=append&amp;\">Ver texto completo<\/a><\/p>\r\n\r\n\r\n<hr class=\"wp-block-separator has-alpha-channel-opacity\" \/>\r\n\r\n\r\n<p><strong>Resoluci\u00f3n exenta N\u00b0 1, Ministerio de Salud (4 de enero)<\/strong><br \/>Dispone medidas sanitarias que indica por brote de Covid-19<\/p>\r\n\r\n\r\n\r\n<p><a href=\"https:\/\/westlawchile.cl\/maf\/app\/document?&amp;src=laley4&amp;docguid=i6B226D245E97EA81C89803269C0720EE&amp;hitguid=i6B226D245E97EA81C89803269C0720EE&amp;tocguid=&amp;spos=16&amp;epos=16&amp;td=20&amp;ao=i0AC50834CD5E878681CD6243E1B5D7B6&amp;searchFrom=&amp;savedSearch=false&amp;context=169&amp;crumb-action=append&amp;\">Ver texto completo<\/a><\/p>\r\n\r\n\r\n<hr class=\"wp-block-separator has-alpha-channel-opacity\" \/>\r\n\r\n\r\n<p><strong>Resoluci\u00f3n exenta N\u00b0 1.154, Ministerio de Salud (2 de enero)<\/strong><br \/>Dispone medidas sanitarias que indica por brote de COVID-19<\/p>\r\n\r\n\r\n\r\n<p><a href=\"https:\/\/westlawchile.cl\/maf\/app\/document?&amp;src=laley4&amp;docguid=i7F37A3807080F13DEBA0161359D702C8&amp;hitguid=i7F37A3807080F13DEBA0161359D702C8&amp;tocguid=&amp;spos=1&amp;epos=1&amp;td=2&amp;ao=i0AC50834CD5E878681CD6243E1B5D7B6&amp;searchFrom=&amp;savedSearch=false&amp;context=176&amp;crumb-action=append&amp;\">Ver texto completo<\/a><\/p>\r\n\r\n\r\n<hr class=\"wp-block-separator has-alpha-channel-opacity\" \/>\r\n\r\n\r\n<h1 class=\"wp-block-heading\"><strong>2020<\/strong><\/h1>\r\n\r\n\r\n\r\n<p><strong>Ley N\u00b0 21.306, Ministerio de Hacienda (31 de diciembre)<\/strong><br \/>Otorga reajuste de remuneraciones a los trabajadores del sector p\u00fablico, concede aguinaldos que se\u00f1ala, concede otros beneficios que indica, y modifica diversos cuerpos legales<\/p>\r\n\r\n\r\n\r\n<p><a href=\"https:\/\/westlawchile.cl\/maf\/app\/document?&amp;src=laley4&amp;docguid=i792245B7689D8CC8997DEE221614DB28&amp;hitguid=i792245B7689D8CC8997DEE221614DB28&amp;tocguid=&amp;spos=1&amp;epos=1&amp;td=1&amp;ao=i0AC50834CD5E878681CD6243E1B5D7B6&amp;searchFrom=&amp;savedSearch=false&amp;context=179&amp;crumb-action=append&amp;\">Ver texto completo<\/a><\/p>\r\n\r\n\r\n<hr class=\"wp-block-separator has-alpha-channel-opacity\" \/>\r\n\r\n\r\n<p><strong>Resoluci\u00f3n exenta N\u00b0 3.362, Ministerio de Defensa Nacional (31 de diciembre)<\/strong><br \/>Modifica resoluci\u00f3n N\u00ba 2.387 exenta, de 2020<\/p>\r\n\r\n\r\n\r\n<p><a href=\"https:\/\/westlawchile.cl\/maf\/app\/document?&amp;src=laley4&amp;docguid=i3E8B9CB470EFF2432E645465F9D13B4A&amp;hitguid=i3E8B9CB470EFF2432E645465F9D13B4A&amp;tocguid=&amp;spos=1&amp;epos=1&amp;td=1&amp;ao=i0AC50834CD5E878681CD6243E1B5D7B6&amp;searchFrom=&amp;savedSearch=false&amp;context=182&amp;crumb-action=append&amp;\">Ver texto completo<\/a><\/p>\r\n\r\n\r\n<hr class=\"wp-block-separator has-alpha-channel-opacity\" \/>\r\n\r\n\r\n<p><strong>Resoluci\u00f3n exenta N\u00b0 1.139, Ministerio de Salud (30 de diciembre)<\/strong><br \/>Dispone medidas sanitarias que indica por brote de COVID-19<\/p>\r\n\r\n\r\n\r\n<p><a href=\"https:\/\/westlawchile.cl\/maf\/app\/document?&amp;src=laley4&amp;srguid=i0ad6adc500000176b50222e5cc4e5344&amp;docguid=i8776CD4577E324F57E0911163A5B19BA&amp;hitguid=i8776CD4577E324F57E0911163A5B19BA&amp;tocguid=&amp;spos=2&amp;epos=2&amp;td=2&amp;ao=i0AC50834CD5E878681CD6243E1B5D7B6&amp;searchFrom=&amp;savedSearch=false&amp;context=14&amp;crumb-action=append&amp;\">Ver texto completo<\/a><\/p>\r\n\r\n\r\n<hr class=\"wp-block-separator has-alpha-channel-opacity\" \/>\r\n\r\n\r\n<p><strong>Resoluci\u00f3n exenta N\u00b0 1.147, Ministerio de Salud (30 de diciembre)<\/strong><br \/>Modifica resoluci\u00f3n N\u00ba 997 exenta, de 2020<\/p>\r\n\r\n\r\n\r\n<p><a href=\"https:\/\/westlawchile.cl\/maf\/app\/document?&amp;src=laley4&amp;docguid=i5831B73B7B6CD1CE719451DD57261052&amp;hitguid=i5831B73B7B6CD1CE719451DD57261052&amp;tocguid=&amp;spos=1&amp;epos=1&amp;td=1&amp;ao=i0AC50834CD5E878681CD6243E1B5D7B6&amp;searchFrom=&amp;savedSearch=false&amp;context=11&amp;crumb-action=append&amp;\">Ver texto completo<\/a><\/p>\r\n\r\n\r\n<hr class=\"wp-block-separator has-alpha-channel-opacity\" \/>\r\n\r\n\r\n<p><strong>Resoluci\u00f3n exenta N\u00b0 1.117, Junta de Aeron\u00e1utica Civil (29 de diciembre)<\/strong><br \/>Dispone suspensi\u00f3n de vuelos comerciales de pasajeros entre Reino Unido y Chile<\/p>\r\n\r\n\r\n\r\n<p><a href=\"https:\/\/westlawchile.cl\/maf\/app\/document?&amp;src=laley4&amp;docguid=i36BDFB961633432743D66D09BE979868&amp;hitguid=i36BDFB961633432743D66D09BE979868&amp;tocguid=&amp;spos=2&amp;epos=2&amp;td=2&amp;ao=i0AC50834CD5E878681CD6243E1B5D7B6&amp;searchFrom=&amp;savedSearch=false&amp;context=306&amp;crumb-action=append&amp;\">Ver texto completo<\/a><\/p>\r\n\r\n\r\n<hr class=\"wp-block-separator has-alpha-channel-opacity\" \/>\r\n\r\n\r\n<p><strong>Resoluci\u00f3n exenta N\u00b0 797, Ministerio de Salud (29 de diciembre)<\/strong><br \/>Modifica resoluci\u00f3n N\u00ba 277 exenta, de 2011, que aprueba las Normas T\u00e9cnico-Administrativas para la Aplicaci\u00f3n del Arancel del R\u00e9gimen de Prestaciones de Salud del Libro II DFL N\u00ba 1 del 2005, en la Modalidad de Libre Elecci\u00f3n<\/p>\r\n\r\n\r\n\r\n<p><a href=\"https:\/\/westlawchile.cl\/maf\/app\/document?&amp;src=laley4&amp;docguid=i6113C6C838BB81AD4FBF485EBBC336B0&amp;hitguid=i6113C6C838BB81AD4FBF485EBBC336B0&amp;tocguid=&amp;spos=1&amp;epos=1&amp;td=2&amp;ao=i0AC50834CD5E878681CD6243E1B5D7B6&amp;searchFrom=&amp;savedSearch=false&amp;context=303&amp;crumb-action=append&amp;\">Ver texto completo<\/a><\/p>\r\n\r\n\r\n<hr class=\"wp-block-separator has-alpha-channel-opacity\" \/>\r\n\r\n\r\n<p><strong>Resoluci\u00f3n exenta N\u00b0 121, Seremi de Transportes XVI Regi\u00f3n de \u00d1uble (28 de diciembre)<\/strong><br \/>Proh\u00edbe circulaci\u00f3n de veh\u00edculos que indica en las condiciones que se\u00f1ala<\/p>\r\n\r\n\r\n\r\n<p><a href=\"https:\/\/westlawchile.cl\/maf\/app\/document?&amp;src=laley4&amp;docguid=iEF85ED26FB8E8E9BD351DDA9BEC4EEEC&amp;hitguid=iEF85ED26FB8E8E9BD351DDA9BEC4EEEC&amp;tocguid=&amp;spos=2&amp;epos=2&amp;td=3&amp;ao=i0AC50834CD5E878681CD6243E1B5D7B6&amp;searchFrom=&amp;savedSearch=false&amp;context=300&amp;crumb-action=append&amp;\">Ver texto completo<\/a><\/p>\r\n\r\n\r\n<hr class=\"wp-block-separator has-alpha-channel-opacity\" \/>\r\n\r\n\r\n<p><strong>Resoluci\u00f3n exenta N\u00b0 1.110, Ministerio de Salud (24 de diciembre)<\/strong><br \/>Dispone medidas sanitarias que indica en Navidad y A\u00f1o Nuevo por brote de COVID-19<\/p>\r\n\r\n\r\n\r\n<p><a href=\"https:\/\/westlawchile.cl\/maf\/app\/document?&amp;src=laley4&amp;docguid=i80C56631A323E91FB9949081C1D142BC&amp;hitguid=i80C56631A323E91FB9949081C1D142BC&amp;tocguid=&amp;spos=1&amp;epos=1&amp;td=2&amp;ao=i0AC50834CD5E878681CD6243E1B5D7B6&amp;searchFrom=&amp;savedSearch=false&amp;context=293&amp;crumb-action=append&amp;\">Ver texto completo<\/a><\/p>\r\n\r\n\r\n<hr class=\"wp-block-separator has-alpha-channel-opacity\" \/>\r\n\r\n\r\n<p><strong>Resoluci\u00f3n exenta N\u00b0 1.117, Ministerio de Salud (24 de diciembre)<\/strong><br \/>Rectifica resoluci\u00f3n N\u00ba 1.106 exenta, de 2020<\/p>\r\n\r\n\r\n\r\n<p><a href=\"https:\/\/westlawchile.cl\/maf\/app\/document?&amp;src=laley4&amp;docguid=iAD8E2860DC2FDDD96323A3FBBD6E45C4&amp;hitguid=iAD8E2860DC2FDDD96323A3FBBD6E45C4&amp;tocguid=&amp;spos=1&amp;epos=1&amp;td=2&amp;ao=i0AC50834CD5E878681CD6243E1B5D7B6&amp;searchFrom=&amp;savedSearch=false&amp;context=290&amp;crumb-action=append&amp;\">Ver texto completo<\/a><\/p>\r\n\r\n\r\n<hr class=\"wp-block-separator has-alpha-channel-opacity\" \/>\r\n\r\n\r\n<p><strong>Resoluci\u00f3n exenta N\u00b0 2.313, Seremi de Vivienda V Regi\u00f3n de Valpara\u00edso (24 de diciembre)<\/strong><br \/>Extiende suspensi\u00f3n de pr\u00f3rroga de postergaci\u00f3n selectiva de permisos de construcci\u00f3n para las edificaciones de m\u00e1s de cuatro pisos de altura en la totalidad del \u00e1rea urbana de la comuna de Papudo, en el pol\u00edgono que indica<\/p>\r\n\r\n\r\n\r\n<p><a href=\"https:\/\/westlawchile.cl\/maf\/app\/document?&amp;src=laley4&amp;docguid=i785FAE17994A9A0D6C80910264F262A8&amp;hitguid=i785FAE17994A9A0D6C80910264F262A8&amp;tocguid=&amp;spos=2&amp;epos=2&amp;td=3&amp;ao=i0AC50834CD5E878681CD6243E1B5D7B6&amp;searchFrom=&amp;savedSearch=false&amp;context=284&amp;crumb-action=append&amp;\">Ver texto completo<\/a><\/p>\r\n\r\n\r\n<hr class=\"wp-block-separator has-alpha-channel-opacity\" \/>\r\n\r\n\r\n<p><strong>Resoluci\u00f3n exenta N\u00b0 1.106, Ministerio de Salud (23 de diciembre)<\/strong><br \/>Dispone medidas sanitarias que indica por brote de Covid-19<\/p>\r\n\r\n\r\n\r\n<p><a href=\"https:\/\/westlawchile.cl\/maf\/app\/document?&amp;src=laley4&amp;docguid=iDF4F838FE3C6400165F18BE75A370FF4&amp;hitguid=iDF4F838FE3C6400165F18BE75A370FF4&amp;tocguid=&amp;spos=2&amp;epos=2&amp;td=2&amp;ao=i0AC50834CD5E878681CD6243E1B5D7B6&amp;searchFrom=&amp;savedSearch=false&amp;context=281&amp;crumb-action=append&amp;\">Ver texto completo<\/a><\/p>\r\n\r\n\r\n<hr class=\"wp-block-separator has-alpha-channel-opacity\" \/>\r\n\r\n\r\n<p><strong>Resoluci\u00f3n exenta N\u00b0 635, Seremi de Vivienda II Regi\u00f3n de Antofagasta (23 de diciembre)<\/strong><br \/>Autoriza incorporaci\u00f3n de mecanismo de participaci\u00f3n ciudadana v\u00eda remota o virtual en los procesos de aprobaci\u00f3n o modificaci\u00f3n de planes reguladores intercomunales<\/p>\r\n\r\n\r\n\r\n<p><a href=\"https:\/\/westlawchile.cl\/maf\/app\/document?&amp;src=laley4&amp;docguid=i4EADD6E171EBC1A823F8C8E137E80108&amp;hitguid=i4EADD6E171EBC1A823F8C8E137E80108&amp;tocguid=&amp;spos=2&amp;epos=2&amp;td=2&amp;ao=i0AC50834CD5E878681CD6243E1B5D7B6&amp;searchFrom=&amp;savedSearch=false&amp;context=275&amp;crumb-action=append&amp;\">Ver texto completo<\/a><\/p>\r\n\r\n\r\n<hr class=\"wp-block-separator has-alpha-channel-opacity\" \/>\r\n\r\n\r\n<p><strong>Resoluci\u00f3n exenta N\u00b0 227, Seremi de Transportes III Regi\u00f3n de Atacama (23 de diciembre)<\/strong><br \/>Proh\u00edbe circulaci\u00f3n de veh\u00edculos motorizados en tramo de v\u00edas que indica de la comuna de Copiap\u00f3<\/p>\r\n\r\n\r\n\r\n<p><a href=\"https:\/\/westlawchile.cl\/maf\/app\/document?&amp;src=laley4&amp;docguid=i9160446B13A414BD5720AEA5CDE1C3EE&amp;hitguid=i9160446B13A414BD5720AEA5CDE1C3EE&amp;tocguid=&amp;spos=1&amp;epos=1&amp;td=2&amp;ao=i0AC50834CD5E878681CD6243E1B5D7B6&amp;searchFrom=&amp;savedSearch=false&amp;context=271&amp;crumb-action=append&amp;\">Ver texto completo<\/a><\/p>\r\n\r\n\r\n<hr class=\"wp-block-separator has-alpha-channel-opacity\" \/>\r\n\r\n\r\n<p><strong>Resoluci\u00f3n exenta N\u00b0 2.460, Superintendencia del Medio Ambiente (23 de diciembre)<\/strong><br \/>Modifica resoluci\u00f3n N\u00ba 1.947 exenta, de 2019, que fija programa y subprogramas de fiscalizaci\u00f3n ambiental de resoluciones de calificaci\u00f3n ambiental para el a\u00f1o 2020<\/p>\r\n\r\n\r\n\r\n<p><a href=\"https:\/\/westlawchile.cl\/maf\/app\/document?&amp;src=laley4&amp;&amp;docguid=i9F6E0D4B5D810C6491C49A847DA57E29&amp;hitguid=i9F6E0D4B5D810C6491C49A847DA57E29&amp;tocguid=&amp;spos=2&amp;epos=2&amp;td=2&amp;ao=i0AC50834CD5E878681CD6243E1B5D7B6&amp;searchFrom=&amp;savedSearch=false&amp;context=265&amp;crumb-action=append&amp;\">Ver texto completo<\/a><\/p>\r\n\r\n\r\n<hr class=\"wp-block-separator has-alpha-channel-opacity\" \/>\r\n\r\n\r\n<p><strong>Decreto N\u00b0 656, Ministerio del Interior y Seguridad P\u00fablica (22 de diciembre)<\/strong><br \/>Modifica decreto N\u00ba 102, de 2020, que dispone el cierre temporal de lugares habilitados para el ingreso y egreso de extranjeros, por Emergencia de Salud P\u00fablica de Importancia Internacional por brote del nuevo coronavirus (2019-NCOV), y extiende su vigencia<\/p>\r\n\r\n\r\n\r\n<p><a href=\"https:\/\/westlawchile.cl\/maf\/app\/document?&amp;src=laley4&amp;&amp;docguid=iDF7311195D6156E00AB441FDF88F36CF&amp;hitguid=iDF7311195D6156E00AB441FDF88F36CF&amp;tocguid=&amp;spos=2&amp;epos=2&amp;td=5&amp;ao=i0AC50834CD5E878681CD6243E1B5D7B6&amp;searchFrom=&amp;savedSearch=false&amp;context=262&amp;crumb-action=append&amp;\">Ver texto completo<\/a><\/p>\r\n\r\n\r\n<hr class=\"wp-block-separator has-alpha-channel-opacity\" \/>\r\n\r\n\r\n<p><strong>Resoluci\u00f3n exenta N\u00b0 1.104, Ministerio de Salud (22 de diciembre)<\/strong><br \/>Modifica resoluci\u00f3n N\u00ba 997 exenta, de 2020<\/p>\r\n\r\n\r\n\r\n<p><a href=\"https:\/\/westlawchile.cl\/maf\/app\/document?&amp;src=laley4&amp;docguid=i17CCFCE333E47B76C1AC1E38730D85FB&amp;hitguid=i17CCFCE333E47B76C1AC1E38730D85FB&amp;tocguid=&amp;spos=1&amp;epos=1&amp;td=1&amp;ao=i0AC50834CD5E878681CD6243E1B5D7B6&amp;searchFrom=&amp;savedSearch=false&amp;context=259&amp;crumb-action=append&amp;\">Ver texto completo<\/a><\/p>\r\n\r\n\r\n<hr class=\"wp-block-separator has-alpha-channel-opacity\" \/>\r\n\r\n\r\n<p><strong>Resoluci\u00f3n exenta N\u00b0 J1-6.848, Ministerio de Salud (22 de diciembre)<\/strong><br \/>Complementa resoluci\u00f3n N\u00ba 6.814 exenta, de 2020<\/p>\r\n\r\n\r\n\r\n<p><a href=\"https:\/\/westlawchile.cl\/maf\/app\/document?&amp;src=laley4&amp;docguid=iE1114C40E87CE81E5B73C37F4EEF398A&amp;hitguid=iE1114C40E87CE81E5B73C37F4EEF398A&amp;tocguid=&amp;spos=1&amp;epos=1&amp;td=1&amp;ao=i0AC50834CD5E878681CD6243E1B5D7B6&amp;searchFrom=&amp;savedSearch=false&amp;context=256&amp;crumb-action=append&amp;\">Ver texto completo<\/a><\/p>\r\n\r\n\r\n<hr class=\"wp-block-separator has-alpha-channel-opacity\" \/>\r\n\r\n\r\n<p><strong>Resoluci\u00f3n exenta N\u00b0 435, Direcci\u00f3n General del Cr\u00e9dito Prendario (22 de diciembre)<\/strong><br \/>Regulariza la suspensi\u00f3n de las operaciones de cr\u00e9dito en la Unidad de Cr\u00e9dito Matucana<\/p>\r\n\r\n\r\n\r\n<p><a href=\"https:\/\/westlawchile.cl\/maf\/app\/document?&amp;src=laley4&amp;docguid=iA9F09DFC9171265F4ED20F9784DA27B7&amp;hitguid=iA9F09DFC9171265F4ED20F9784DA27B7&amp;tocguid=&amp;spos=1&amp;epos=1&amp;td=1&amp;ao=i0AC50834CD5E878681CD6243E1B5D7B6&amp;searchFrom=&amp;savedSearch=false&amp;context=253&amp;crumb-action=append&amp;\">Ver texto completo<\/a><\/p>\r\n\r\n\r\n<hr class=\"wp-block-separator has-alpha-channel-opacity\" \/>\r\n\r\n\r\n<p><strong>Decreto S\/N, Ministerio del Interior y Seguridad P\u00fablica (22 de diciembre)<\/strong><br \/>Rectificaci\u00f3n de decreto N\u00ba 656, de 2020<\/p>\r\n\r\n\r\n\r\n<p><a href=\"https:\/\/westlawchile.cl\/maf\/app\/document?&amp;src=laley4&amp;docguid=iC2E64AD5D1E2FB916CA41D59B734B23A&amp;hitguid=iC2E64AD5D1E2FB916CA41D59B734B23A&amp;tocguid=&amp;spos=4&amp;epos=4&amp;td=5&amp;ao=i0AC50834CD5E878681CD6243E1B5D7B6&amp;searchFrom=&amp;savedSearch=false&amp;context=464&amp;crumb-action=append&amp;\">Ver texto completo<\/a><\/p>\r\n\r\n\r\n<hr class=\"wp-block-separator has-alpha-channel-opacity\" \/>\r\n\r\n\r\n<p><strong>Resoluci\u00f3n exenta N\u00b0 1.100, Ministerio de Salud (19 de diciembre)<\/strong><br \/>Dispone medidas sanitarias que indica por brote de COVID-19<\/p>\r\n\r\n\r\n\r\n<p><a href=\"https:\/\/westlawchile.cl\/maf\/app\/document?&amp;src=laley4&amp;docguid=iBD6FAEDE475A3E2CEE6A4C4285F0C76B&amp;hitguid=iBD6FAEDE475A3E2CEE6A4C4285F0C76B&amp;tocguid=&amp;spos=1&amp;epos=1&amp;td=1&amp;ao=i0AC50834CD5E878681CD6243E1B5D7B6&amp;searchFrom=&amp;savedSearch=false&amp;context=241&amp;crumb-action=append&amp;\">Ver texto completo<\/a><\/p>\r\n\r\n\r\n<hr class=\"wp-block-separator has-alpha-channel-opacity\" \/>\r\n\r\n\r\n<p><strong>Resoluci\u00f3n exenta N\u00b0 1.101, Ministerio de Salud (19 de diciembre)<\/strong><br \/>Modifica resoluci\u00f3n N\u00b0 997 exenta, de 2020<\/p>\r\n\r\n\r\n\r\n<p><a href=\"https:\/\/westlawchile.cl\/maf\/app\/document?&amp;src=laley4&amp;docguid=i8464A3C1E3B08907534F2CD560784470&amp;hitguid=i8464A3C1E3B08907534F2CD560784470&amp;tocguid=&amp;spos=2&amp;epos=2&amp;td=3&amp;ao=i0AC50834CD5E878681CD6243E1B5D7B6&amp;searchFrom=&amp;savedSearch=false&amp;context=238&amp;crumb-action=append&amp;\">Ver texto completo<\/a><\/p>\r\n\r\n\r\n<hr class=\"wp-block-separator has-alpha-channel-opacity\" \/>\r\n\r\n\r\n<p><strong>Resoluci\u00f3n exenta N\u00b0 20.637, Ministerio de Salud (18 de diciembre)<\/strong><br \/>Implementa Aduana Sanitaria en Aer\u00f3dromo<\/p>\r\n\r\n\r\n\r\n<p><a href=\"https:\/\/westlawchile.cl\/maf\/app\/document?&amp;src=laley4&amp;docguid=i8CAC1E9EA9637057997E5DAACCB6DE8C&amp;hitguid=i8CAC1E9EA9637057997E5DAACCB6DE8C&amp;tocguid=&amp;spos=1&amp;epos=1&amp;td=1&amp;ao=i0AC50834CD5E878681CD6243E1B5D7B6&amp;searchFrom=&amp;savedSearch=false&amp;context=318&amp;crumb-action=append&amp;\">Ver texto completo<\/a><\/p>\r\n\r\n\r\n<hr class=\"wp-block-separator has-alpha-channel-opacity\" \/>\r\n\r\n\r\n<p><strong>Decreto N\u00b0 8, Ministerio de Vivienda y Urbanismo (18 de diciembre)<\/strong><br \/>Modifica decreto N\u00b0 1, de 2011, Sistema Integrado de Subsidio Habitacional<\/p>\r\n\r\n\r\n\r\n<p><a href=\"https:\/\/westlawchile.cl\/maf\/app\/document?&amp;src=laley4&amp;docguid=iD4592283CEAAEAA6A4AA796886EE5306&amp;hitguid=iD4592283CEAAEAA6A4AA796886EE5306&amp;tocguid=&amp;spos=1&amp;epos=1&amp;td=4&amp;ao=i0AC50834CD5E878681CD6243E1B5D7B6&amp;searchFrom=&amp;savedSearch=false&amp;context=326&amp;crumb-action=append&amp;\">Ver texto completo<\/a><\/p>\r\n\r\n\r\n<hr class=\"wp-block-separator has-alpha-channel-opacity\" \/>\r\n\r\n\r\n<p><strong>Resoluci\u00f3n exenta N\u00b0 1.788, Ministerio de Vivienda y Urbanismo (18 de diciembre)<\/strong><br \/>Modifica resoluci\u00f3n N\u00ba 1.642 exenta, de 2020, que llama a proceso de selecci\u00f3n en condiciones especiales para el otorgamiento de subsidios habitacionales del T\u00edtulo II, en la modalidad de proyectos de Construcci\u00f3n de Viviendas Nuevas, del Programa de Habitabilidad Rural, regulado por el decreto N\u00ba 10, de 2015 y sus modificaciones, a las regiones que indica, en la alternativa de postulaci\u00f3n individual o colectiva<\/p>\r\n\r\n\r\n\r\n<p><a href=\"https:\/\/westlawchile.cl\/maf\/app\/document?&amp;src=laley4&amp;docguid=i0BAEE59F7274E40D46F3BBBC2DD9ECE4&amp;hitguid=i0BAEE59F7274E40D46F3BBBC2DD9ECE4&amp;tocguid=&amp;spos=1&amp;epos=1&amp;td=1&amp;ao=i0AC50834CD5E878681CD6243E1B5D7B6&amp;searchFrom=&amp;savedSearch=false&amp;context=329&amp;crumb-action=append&amp;\">Ver texto completo<\/a><\/p>\r\n\r\n\r\n<hr class=\"wp-block-separator has-alpha-channel-opacity\" \/>\r\n\r\n\r\n<p><strong>Resoluci\u00f3n exenta N\u00b0 1.789, Ministerio de Vivienda y Urbanismo (18 de diciembre)<\/strong><br \/>Modifica resoluci\u00f3n N\u00ba 1.397 exenta, de 2020, y resoluci\u00f3n N\u00ba 1.642 exenta, de 2020, que llaman a proceso de selecci\u00f3n en condiciones especiales para el otorgamiento de subsidios habitacionales del T\u00edtulo II en las modalidades de mejoramiento y ampliaci\u00f3n de viviendas existentes y mejoramiento del entorno y equipamiento comunitario, y modalidad de proyectos de construcci\u00f3n de viviendas nuevas, respectivamente, del Programa de Habitabilidad Rural, regulado por el decreto N\u00ba10, de 2015, y sus modificaciones, a las regiones que indica, en la alternativa de postulaci\u00f3n individual o colectiva<\/p>\r\n\r\n\r\n\r\n<p><a href=\"https:\/\/westlawchile.cl\/maf\/app\/document?&amp;src=laley4&amp;docguid=iE26B5C7B7036202A9E2DF2A63137FE4D&amp;hitguid=iE26B5C7B7036202A9E2DF2A63137FE4D&amp;tocguid=&amp;spos=2&amp;epos=2&amp;td=2&amp;ao=i0AC50834CD5E878681CD6243E1B5D7B6&amp;searchFrom=&amp;savedSearch=false&amp;context=332&amp;crumb-action=append&amp;\">Ver texto completo<\/a><\/p>\r\n\r\n\r\n<hr class=\"wp-block-separator has-alpha-channel-opacity\" \/>\r\n\r\n\r\n<p><strong>Resoluci\u00f3n exenta N\u00b0 539, Seremi de Vivienda XIV Regi\u00f3n de Los R\u00edos (18 de diciembre)<\/strong><br \/>Aumenta plazo de pr\u00f3rroga de postergaci\u00f3n de permisos que indica, en el contexto de la modificaci\u00f3n al Plan Regulador Comunal de Valdivia<\/p>\r\n\r\n\r\n\r\n<p><a href=\"https:\/\/westlawchile.cl\/maf\/app\/document?&amp;src=laley4&amp;docguid=iACA3D33E36E8BDA32E9D5F0029535212&amp;hitguid=iACA3D33E36E8BDA32E9D5F0029535212&amp;tocguid=&amp;spos=4&amp;epos=4&amp;td=7&amp;ao=i0AC50834CD5E878681CD6243E1B5D7B6&amp;searchFrom=&amp;savedSearch=false&amp;context=335&amp;crumb-action=append&amp;\">Ver texto completo<\/a><\/p>\r\n\r\n\r\n<hr class=\"wp-block-separator has-alpha-channel-opacity\" \/>\r\n\r\n\r\n<p><strong>Resoluci\u00f3n exenta N\u00b0 127, Seremi de Transportes (18 de diciembre)<\/strong><br \/>Proh\u00edbe circulaci\u00f3n de veh\u00edculos que indica en condiciones que se\u00f1ala<\/p>\r\n\r\n\r\n\r\n<p><a href=\"https:\/\/westlawchile.cl\/maf\/app\/document?&amp;src=laley4&amp;docguid=i62E891F31914EC99EC68ED6692B3A13A&amp;hitguid=i62E891F31914EC99EC68ED6692B3A13A&amp;tocguid=&amp;spos=4&amp;epos=4&amp;td=5&amp;ao=i0AC50834CD5E878681CD6243E1B5D7B6&amp;searchFrom=&amp;savedSearch=false&amp;context=339&amp;crumb-action=append&amp;\">Ver texto completo<\/a><\/p>\r\n\r\n\r\n<hr class=\"wp-block-separator has-alpha-channel-opacity\" \/>\r\n\r\n\r\n<p><strong>Resoluci\u00f3n exenta N\u00b0 1.379, Ministerio del Medio Ambiente (18 de diciembre)<\/strong><br \/>Aprueba metodolog\u00eda de pron\u00f3stico de calidad de aire para Material Particulado Respirable MP10 para la aplicaci\u00f3n del Plan de Prevenci\u00f3n y Descontaminaci\u00f3n Atmosf\u00e9rica para las comunas de Concepci\u00f3n Metropolitano<\/p>\r\n\r\n\r\n\r\n<p><a href=\"https:\/\/westlawchile.cl\/maf\/app\/document?&amp;src=laley4&amp;docguid=iC2CF32E8A422AAC116D08A48CF58B685&amp;hitguid=iC2CF32E8A422AAC116D08A48CF58B685&amp;tocguid=&amp;spos=1&amp;epos=1&amp;td=2&amp;ao=i0AC50834CD5E878681CD6243E1B5D7B6&amp;searchFrom=&amp;savedSearch=false&amp;context=342&amp;crumb-action=append&amp;\">Ver texto completo<\/a><\/p>\r\n\r\n\r\n<hr class=\"wp-block-separator has-alpha-channel-opacity\" \/>\r\n\r\n\r\n<p><strong>Ley N\u00b0 21.290, Ministerio de Educaci\u00f3n (17 de diciembre)<\/strong><br \/>Proh\u00edbe a los establecimientos educacionales particulares subvencionados, y particulares pagados, negar la matr\u00edcula para el a\u00f1o 2021 a estudiantes que presentan deuda, en el contexto de la crisis econ\u00f3mica producto de la pandemia por covid-19, y otras medidas que indica<\/p>\r\n\r\n\r\n\r\n<p><a href=\"https:\/\/westlawchile.cl\/maf\/app\/document?&amp;src=laley4&amp;docguid=iCB3E2A7EC29EAA5A0D2531BE6B1CF2EF&amp;hitguid=iCB3E2A7EC29EAA5A0D2531BE6B1CF2EF&amp;tocguid=&amp;spos=1&amp;epos=1&amp;td=1&amp;ao=i0AC50834CD5E878681CD6243E1B5D7B6&amp;searchFrom=&amp;savedSearch=false&amp;context=345&amp;crumb-action=append&amp;\">Ver texto completo<\/a><\/p>\r\n\r\n\r\n<hr class=\"wp-block-separator has-alpha-channel-opacity\" \/>\r\n\r\n\r\n<p><strong>Resoluci\u00f3n N\u00b0 28, Ministerio de Educaci\u00f3n (17 de diciembre)<\/strong><br \/>Modifica resoluci\u00f3n N\u00b0 11, de 2019<\/p>\r\n\r\n\r\n\r\n<p><a href=\"https:\/\/westlawchile.cl\/maf\/app\/document?&amp;src=laley4&amp;docguid=iAC25BADE058E5B5C6846B3C34F790F74&amp;hitguid=iAC25BADE058E5B5C6846B3C34F790F74&amp;tocguid=&amp;spos=7&amp;epos=7&amp;td=14&amp;ao=i0AC50834CD5E878681CD6243E1B5D7B6&amp;searchFrom=&amp;savedSearch=false&amp;context=348&amp;crumb-action=append&amp;\">Ver texto completo<\/a><\/p>\r\n\r\n\r\n<hr class=\"wp-block-separator has-alpha-channel-opacity\" \/>\r\n\r\n\r\n<p><strong>Ley N\u00b0 21.289, Ministerio de Hacienda (16 de diciembre)<\/strong><br \/>Ley de Presupuestos del Sector P\u00fablico correspondiente al a\u00f1o 2021<\/p>\r\n\r\n\r\n\r\n<p><a href=\"https:\/\/westlawchile.cl\/maf\/app\/document?&amp;src=laley4&amp;docguid=i473EC1347812F003FB01C3685C02B503&amp;hitguid=i473EC1347812F003FB01C3685C02B503&amp;tocguid=&amp;spos=1&amp;epos=1&amp;td=1&amp;ao=i0AC50834CD5E878681CD6243E1B5D7B6&amp;searchFrom=&amp;savedSearch=false&amp;context=101&amp;crumb-action=append&amp;\">Ver texto completo<\/a><\/p>\r\n\r\n\r\n<hr class=\"wp-block-separator has-alpha-channel-opacity\" \/>\r\n\r\n\r\n<p><strong>Resoluci\u00f3n exenta N\u00b0 1.094, Ministerio de Salud (16 de diciembre)<\/strong><br \/>Dispone medidas sanitarias que indica por brote de Covid-19<\/p>\r\n\r\n\r\n\r\n<p><a href=\"https:\/\/westlawchile.cl\/maf\/app\/document?&amp;src=laley4&amp;docguid=i053983B0F481ED76893AF7760AD227B8&amp;hitguid=i053983B0F481ED76893AF7760AD227B8&amp;tocguid=&amp;spos=2&amp;epos=2&amp;td=3&amp;ao=i0AC50834CD5E878681CD6243E1B5D7B6&amp;searchFrom=&amp;savedSearch=false&amp;context=104&amp;crumb-action=append&amp;\">Ver texto completo<\/a><\/p>\r\n\r\n\r\n<hr class=\"wp-block-separator has-alpha-channel-opacity\" \/>\r\n\r\n\r\n<p><strong>Ley N\u00b0 21.294, Ministerio de Educaci\u00f3n (15 de diciembre)<\/strong><br \/>Establece normas excepcionales para el pago de las subvenciones educacionales del decreto con fuerza de ley N\u00ba 2, de 1998, del Ministerio de Educaci\u00f3n, Ley de Subvenciones, en el contexto de la pandemia por COVID-19<\/p>\r\n\r\n\r\n\r\n<p><a href=\"https:\/\/westlawchile.cl\/maf\/app\/document?&amp;src=laley4&amp;docguid=iE20E2307B44E34D2749CFBBFF9BD71DE&amp;hitguid=iE20E2307B44E34D2749CFBBFF9BD71DE&amp;tocguid=&amp;spos=1&amp;epos=1&amp;td=1&amp;ao=i0AC50834CD5E878681CD6243E1B5D7B6&amp;searchFrom=&amp;savedSearch=false&amp;context=118&amp;crumb-action=append&amp;\">Ver texto completo<\/a><\/p>\r\n\r\n\r\n<hr class=\"wp-block-separator has-alpha-channel-opacity\" \/>\r\n\r\n\r\n<p><strong>Ley N\u00b0 21.288, Ministerio de Hacienda (14 de diciembre)<\/strong><br \/>Crea el Fondo de Emergencia Transitorio Covid-19<\/p>\r\n\r\n\r\n\r\n<p><a href=\"https:\/\/westlawchile.cl\/maf\/app\/document?&amp;src=laley4&amp;docguid=iB3772E533DA1D8D6B46FBEF70C3E203F&amp;hitguid=iB3772E533DA1D8D6B46FBEF70C3E203F&amp;tocguid=&amp;spos=1&amp;epos=1&amp;td=1&amp;ao=i0AC50834CD5E878681CD6243E1B5D7B6&amp;searchFrom=&amp;savedSearch=false&amp;context=121&amp;crumb-action=append&amp;\">Ver texto completo<\/a><\/p>\r\n\r\n\r\n<hr class=\"wp-block-separator has-alpha-channel-opacity\" \/>\r\n\r\n\r\n<p><strong>Decreto N\u00b0 645, Ministerio del Interior y Seguridad P\u00fablica (12 de diciembre)<\/strong><br \/>Extiende vigencia del decreto N\u00ba 102, de 2020, que dispone el cierre temporal de lugares habilitados para el ingreso y egreso de extranjeros, por Emergencia de Salud P\u00fablica de Importancia Internacional por brote del nuevo coronavirus (2019-NCOV)<\/p>\r\n\r\n\r\n\r\n<p><a href=\"https:\/\/westlawchile.cl\/maf\/app\/document?&amp;src=laley4&amp;docguid=i979A563A4CD88642923C6EEAF1B90CC2&amp;hitguid=i979A563A4CD88642923C6EEAF1B90CC2&amp;tocguid=&amp;spos=4&amp;epos=4&amp;td=16&amp;ao=i0AC50834CD5E878681CD6243E1B5D7B6&amp;searchFrom=&amp;savedSearch=false&amp;context=124&amp;crumb-action=append&amp;\">Ver texto completo<\/a><\/p>\r\n\r\n\r\n<hr class=\"wp-block-separator has-alpha-channel-opacity\" \/>\r\n\r\n\r\n<p><strong>Decreto N\u00b0 646, Ministerio del Interior y Seguridad P\u00fablica (12 de diciembre)<\/strong><br \/>Prorroga declaraci\u00f3n de estado de excepci\u00f3n constitucional de cat\u00e1strofe, por calamidad p\u00fablica, en el territorio de Chile, y reemplaza a los Jefes de la Defensa Nacional seg\u00fan indica<\/p>\r\n\r\n\r\n\r\n<p><a href=\"https:\/\/westlawchile.cl\/maf\/app\/document?&amp;src=laley4&amp;docguid=iA4CA4474803AD8305EFF8C76460A01C3&amp;hitguid=iA4CA4474803AD8305EFF8C76460A01C3&amp;tocguid=&amp;spos=1&amp;epos=1&amp;td=1&amp;ao=i0AC50834CD5E878681CD6243E1B5D7B6&amp;searchFrom=&amp;savedSearch=false&amp;context=131&amp;crumb-action=append&amp;\">Ver texto completo<\/a><\/p>\r\n\r\n\r\n<hr class=\"wp-block-separator has-alpha-channel-opacity\" \/>\r\n\r\n\r\n<p><strong>Resoluci\u00f3n exenta N\u00b0 4.049, Ministerio de Defensa Nacional (12 de diciembre)<\/strong><br \/>Ampl\u00eda plazo dispuesto por resoluci\u00f3n, respecto a renovaciones anuales de inscripciones del Registro Nacional y otros a usuarios de la Ley<\/p>\r\n\r\n\r\n\r\n<p><a href=\"https:\/\/westlawchile.cl\/maf\/app\/document?&amp;src=laley4&amp;docguid=i4FD3FCA4A6E762D4F71E21FFEA541315&amp;hitguid=i4FD3FCA4A6E762D4F71E21FFEA541315&amp;tocguid=&amp;spos=1&amp;epos=1&amp;td=1&amp;ao=i0AC50834CD5E878681CD6243E1B5D7B6&amp;searchFrom=&amp;savedSearch=false&amp;context=134&amp;crumb-action=append&amp;\">Ver texto completo<\/a><\/p>\r\n\r\n\r\n<hr class=\"wp-block-separator has-alpha-channel-opacity\" \/>\r\n\r\n\r\n<p><strong>Resoluci\u00f3n exenta N\u00b0 1.063, Ministerio de Salud (12 de diciembre)<\/strong><br \/>Dispone medidas sanitarias que indica por brote de COVID-19<\/p>\r\n\r\n\r\n\r\n<p><a href=\"https:\/\/westlawchile.cl\/maf\/app\/document?&amp;src=laley4&amp;docguid=iC833241DBF4527166B42E76494E4209C&amp;hitguid=iC833241DBF4527166B42E76494E4209C&amp;tocguid=&amp;spos=1&amp;epos=1&amp;td=1&amp;ao=i0AC50834CD5E878681CD6243E1B5D7B6&amp;searchFrom=&amp;savedSearch=false&amp;context=137&amp;crumb-action=append&amp;\">Ver texto completo<\/a><\/p>\r\n\r\n\r\n<hr class=\"wp-block-separator has-alpha-channel-opacity\" \/>\r\n\r\n\r\n<p><strong>Resoluci\u00f3n exenta N\u00b0 J1-6.814, Seremi de Salud IX Regi\u00f3n de la Araucan\u00eda (12 de diciembre)<\/strong><br \/>Instala Aduanas Sanitarias en el Aer\u00f3dromo de las comunas de Villarrica y Puc\u00f3n<\/p>\r\n\r\n\r\n\r\n<p><a href=\"https:\/\/westlawchile.cl\/maf\/app\/document?&amp;src=laley4&amp;docguid=iC0F3AA49964B3F292DD81C5C40EB53FE&amp;hitguid=iC0F3AA49964B3F292DD81C5C40EB53FE&amp;tocguid=&amp;spos=1&amp;epos=1&amp;td=1&amp;ao=i0AC50834CD5E878681CD6243E1B5D7B6&amp;searchFrom=&amp;savedSearch=false&amp;context=140&amp;crumb-action=append&amp;\">Ver texto completo<\/a><\/p>\r\n\r\n\r\n<hr class=\"wp-block-separator has-alpha-channel-opacity\" \/>\r\n\r\n\r\n<p><strong>Resoluci\u00f3n exenta N\u00b0 2.607 Seremi de Salud XII Regi\u00f3n de Magallanes y Ant\u00e1rtica Chilena (12 de diciembre)<\/strong><br \/>Dispone medidas sanitarias que indica en la Regi\u00f3n de Magallanes y Ant\u00e1rtica Chilena ante el brote del Covid-19<\/p>\r\n\r\n\r\n\r\n<p><a href=\"https:\/\/westlawchile.cl\/maf\/app\/document?&amp;src=laley4&amp;docguid=i14DD004FDD6E7A9761855AA8FA329921&amp;hitguid=i14DD004FDD6E7A9761855AA8FA329921&amp;tocguid=&amp;spos=1&amp;epos=1&amp;td=1&amp;ao=i0AC50834CD5E878681CD6243E1B5D7B6&amp;searchFrom=&amp;savedSearch=false&amp;context=143&amp;crumb-action=append&amp;\">Ver texto completo<\/a><\/p>\r\n\r\n\r\n<hr class=\"wp-block-separator has-alpha-channel-opacity\" \/>\r\n\r\n\r\n<p><strong>Resoluci\u00f3n exenta N\u00b0 2.847, Ministerio de Transportes y Telecomunicaciones (12 de diciembre)<\/strong><br \/>Determina fecha de postulaci\u00f3n de subsidio que indica, conjunto de zonas o ciudades y monto anual por zona o ciudad para proceso postulaci\u00f3n 2020-2021<\/p>\r\n\r\n\r\n\r\n<p><a href=\"https:\/\/westlawchile.cl\/maf\/app\/document?&amp;src=laley4&amp;docguid=i5A19D5ED78485863A717FF2E8E028098&amp;hitguid=i5A19D5ED78485863A717FF2E8E028098&amp;tocguid=&amp;spos=1&amp;epos=1&amp;td=1&amp;ao=i0AC50834CD5E878681CD6243E1B5D7B6&amp;searchFrom=&amp;savedSearch=false&amp;context=148&amp;crumb-action=append&amp;\">Ver texto completo<\/a><\/p>\r\n\r\n\r\n<hr class=\"wp-block-separator has-alpha-channel-opacity\" \/>\r\n\r\n\r\n<p><strong>Resoluci\u00f3n exenta N\u00b0 33.725, Ministerio de Energ\u00eda (12 de diciembre)<\/strong><br \/>Dispone de nueva Oficina de Partes Virtual<\/p>\r\n\r\n\r\n\r\n<p><a href=\"https:\/\/westlawchile.cl\/maf\/app\/document?&amp;src=laley4&amp;docguid=i37D36D80C80F4A8DDD841DD30DEA3B4C&amp;hitguid=i37D36D80C80F4A8DDD841DD30DEA3B4C&amp;tocguid=&amp;spos=1&amp;epos=1&amp;td=1&amp;ao=i0AC50834CD5E878681CD6243E1B5D7B6&amp;searchFrom=&amp;savedSearch=false&amp;context=151&amp;crumb-action=append&amp;\">Ver texto completo<\/a><\/p>\r\n\r\n\r\n<hr class=\"wp-block-separator has-alpha-channel-opacity\" \/>\r\n\r\n\r\n<p><strong>Ley N\u00b0 21.295, Ministerio del Trabajo y Previsi\u00f3n Social (10 de diciembre)<\/strong><br \/>Establ\u00e9cese un retiro \u00fanico y extraordinario de fondos previsionales en las condiciones que indica<\/p>\r\n\r\n\r\n\r\n<p><a href=\"https:\/\/westlawchile.cl\/maf\/app\/document?&amp;src=laley4&amp;docguid=iBE39E390BA65C9E5C78DFEF720D0A93A&amp;hitguid=iBE39E390BA65C9E5C78DFEF720D0A93A&amp;tocguid=&amp;spos=1&amp;epos=1&amp;td=1&amp;ao=i0AC50834CD5E878681CD6243E1B5D7B6&amp;searchFrom=&amp;savedSearch=false&amp;context=154&amp;crumb-action=append&amp;\">Ver texto completo<\/a><\/p>\r\n\r\n\r\n<hr class=\"wp-block-separator has-alpha-channel-opacity\" \/>\r\n\r\n\r\n<p><strong>Resoluci\u00f3n exenta N\u00b0 1.057, Ministerio de Salud (10 de diciembre)<\/strong><br \/>Dispone medidas sanitarias que indica por brote de COVID-19<\/p>\r\n\r\n\r\n\r\n<p><a href=\"https:\/\/westlawchile.cl\/maf\/app\/document?&amp;src=laley4&amp;docguid=iE04D291DFD05C68482AAF3D8DED5ED10&amp;hitguid=iE04D291DFD05C68482AAF3D8DED5ED10&amp;tocguid=&amp;spos=1&amp;epos=1&amp;td=1&amp;ao=i0AC50834CD5E878681CD6243E1B5D7B6&amp;searchFrom=&amp;savedSearch=false&amp;context=157&amp;crumb-action=append&amp;\">Ver texto completo<\/a><\/p>\r\n\r\n\r\n<hr class=\"wp-block-separator has-alpha-channel-opacity\" \/>\r\n\r\n\r\n<p><strong>Resoluci\u00f3n exenta N\u00b0 4.731, Seremi de Salud (10 de diciembre)<\/strong><br \/>Deja sin efecto actos administrativos que indica<\/p>\r\n\r\n\r\n\r\n<p><a href=\"https:\/\/westlawchile.cl\/maf\/app\/document?&amp;src=laley4&amp;docguid=iFE345A7D45EC460E142FBB9979BB7C38&amp;hitguid=iFE345A7D45EC460E142FBB9979BB7C38&amp;tocguid=&amp;spos=1&amp;epos=1&amp;td=1&amp;ao=i0AC50834CD5E878681CD6243E1B5D7B6&amp;searchFrom=&amp;savedSearch=false&amp;context=160&amp;crumb-action=append&amp;\">Ver texto completo<\/a><\/p>\r\n\r\n\r\n<hr class=\"wp-block-separator has-alpha-channel-opacity\" \/>\r\n\r\n\r\n<p><strong>Decreto N\u00b0 18, Ministerio de Ciencia, Tecnolog\u00eda e Innovaci\u00f3n (10 de diciembre)<\/strong><br \/>Modifica decreto N\u00ba 12, de 2020<\/p>\r\n\r\n\r\n\r\n<p><a href=\"https:\/\/westlawchile.cl\/maf\/app\/document?&amp;src=laley4&amp;docguid=i4D33653BEA87774C25E8A16B29D639D2&amp;hitguid=i4D33653BEA87774C25E8A16B29D639D2&amp;tocguid=&amp;spos=39&amp;epos=39&amp;td=42&amp;ao=i0AC50834CD5E878681CD6243E1B5D7B6&amp;searchFrom=&amp;savedSearch=false&amp;context=166&amp;crumb-action=append&amp;\">Ver texto completo<\/a><\/p>\r\n\r\n\r\n<hr class=\"wp-block-separator has-alpha-channel-opacity\" \/>\r\n\r\n\r\n<p><strong>Resoluci\u00f3n exenta N\u00b0 1.305, Ministerio del Vivienda (9 de diciembre)<\/strong><\/p>\r\n\r\n\r\n\r\n<p>Da inicio a la revisi\u00f3n de las normas de emisi\u00f3n aplicables a veh\u00edculos motorizados pesados<\/p>\r\n\r\n\r\n\r\n<p><a href=\"https:\/\/westlawchile.cl\/maf\/app\/document?&amp;src=laley4&amp;docguid=iC52D3C970E9EE85F6444EE90EC20D51F&amp;hitguid=iC52D3C970E9EE85F6444EE90EC20D51F&amp;tocguid=&amp;spos=1&amp;epos=1&amp;td=1&amp;ao=i0AC50834CD5E878681CD6243E1B5D7B6&amp;searchFrom=&amp;savedSearch=false&amp;context=169&amp;crumb-action=append&amp;\">Ver texto completo<\/a><\/p>\r\n\r\n\r\n<hr class=\"wp-block-separator has-alpha-channel-opacity\" \/>\r\n\r\n\r\n<p><strong>Resoluci\u00f3n exenta N\u00b0 1.307, Ministerio del Vivienda (9 de diciembre)<\/strong><\/p>\r\n\r\n\r\n\r\n<p>Somete a consulta p\u00fablica propuesta de clasificaci\u00f3n de especies que indica, correspondiente al Decimos\u00e9ptimo Proceso de Clasificaci\u00f3n<\/p>\r\n\r\n\r\n\r\n<p><a href=\"https:\/\/westlawchile.cl\/maf\/app\/document?&amp;src=laley4&amp;docguid=i8E38074508533E71FB96881E558F2339&amp;hitguid=i8E38074508533E71FB96881E558F2339&amp;tocguid=&amp;spos=2&amp;epos=2&amp;td=3&amp;ao=i0AC50834CD5E878681CD6243E1B5D7B6&amp;searchFrom=&amp;savedSearch=false&amp;context=172&amp;crumb-action=append&amp;\">Ver texto completo<\/a><\/p>\r\n\r\n\r\n<hr class=\"wp-block-separator has-alpha-channel-opacity\" \/>\r\n\r\n\r\n<p><strong>Resoluci\u00f3n exenta N\u00b0 1.354, Ministerio del Vivienda (9 de diciembre)<\/strong><\/p>\r\n\r\n\r\n\r\n<p>Pone t\u00e9rmino a la suspensi\u00f3n de plazo que indica y somete a consulta p\u00fablica el Anteproyecto de Norma de Emisi\u00f3n de contaminantes en planteles porcinos que, en funci\u00f3n de sus olores, generan molestia y constituyen un riesgo a la calidad de vida de la poblaci\u00f3n<\/p>\r\n\r\n\r\n\r\n<p><a href=\"https:\/\/westlawchile.cl\/maf\/app\/document?&amp;src=laley4&amp;docguid=i4412608C1588683D6CB47136CD72D833&amp;hitguid=i4412608C1588683D6CB47136CD72D833&amp;tocguid=&amp;spos=1&amp;epos=1&amp;td=1&amp;ao=i0AC50834CD5E878681CD6243E1B5D7B6&amp;searchFrom=&amp;savedSearch=false&amp;context=175&amp;crumb-action=append&amp;\">Ver texto completo<\/a><\/p>\r\n\r\n\r\n<hr class=\"wp-block-separator has-alpha-channel-opacity\" \/>\r\n\r\n\r\n<p><strong>Resoluci\u00f3n exenta N\u00b0 1.055, Ministerio de Salud (7 de diciembre)<\/strong><br \/>Modifica resoluci\u00f3n N\u00ba 997 exenta, de 2020<\/p>\r\n\r\n\r\n\r\n<p><a href=\"https:\/\/westlawchile.cl\/maf\/app\/document?&amp;src=laley4&amp;docguid=i1D6DE6C1AF69F07556E6DCF3C1A9F62E&amp;hitguid=i1D6DE6C1AF69F07556E6DCF3C1A9F62E&amp;tocguid=&amp;spos=2&amp;epos=2&amp;td=3&amp;ao=i0AC50834CD5E878681CD6243E1B5D7B6&amp;searchFrom=&amp;savedSearch=false&amp;context=179&amp;crumb-action=append&amp;\">Ver texto completo<\/a><\/p>\r\n\r\n\r\n<hr class=\"wp-block-separator has-alpha-channel-opacity\" \/>\r\n\r\n\r\n<p><strong>Resoluci\u00f3n exenta N\u00b0 797, Seremi de Vivienda VIII Regi\u00f3n del Biob\u00edo (7 de diciembre)<\/strong><br \/>Aumenta el plazo de la pr\u00f3rroga dispuesta por la resoluci\u00f3n N\u00ba 137 exenta, de 2020, respecto de la postergaci\u00f3n de permisos de subdivisi\u00f3n, loteo o urbanizaci\u00f3n y de construcciones, ordenada por el decreto alcaldicio N\u00ba 1.418 de la Municipalidad de Hualp\u00e9n, de 2019<\/p>\r\n\r\n\r\n\r\n<p><a href=\"https:\/\/westlawchile.cl\/maf\/app\/document?&amp;src=laley4&amp;docguid=iA4B3908E4A9889CA92E81413D6590D7A&amp;hitguid=iA4B3908E4A9889CA92E81413D6590D7A&amp;tocguid=&amp;spos=1&amp;epos=1&amp;td=1&amp;ao=i0AC50834CD5E878681CD6243E1B5D7B6&amp;searchFrom=&amp;savedSearch=false&amp;context=182&amp;crumb-action=append&amp;\">Ver texto completo<\/a><\/p>\r\n\r\n\r\n<hr class=\"wp-block-separator has-alpha-channel-opacity\" \/>\r\n\r\n\r\n<p><strong>Resoluci\u00f3n exenta N\u00b0 3.509, Seremi de Transportes XIII Regi\u00f3n Metropolitana (7 de diciembre)<\/strong><br \/>Proh\u00edbe circulaci\u00f3n de veh\u00edculos motorizados en Ruta N\u00ba 68, Ruta G-200, Ruta G-68 y Ruta G-910-F en los t\u00e9rminos y condiciones que indica<\/p>\r\n\r\n\r\n\r\n<p><a href=\"https:\/\/westlawchile.cl\/maf\/app\/document?&amp;src=laley4&amp;docguid=i8B53D6C1873A300B33D5A1D58D1C1730&amp;hitguid=i8B53D6C1873A300B33D5A1D58D1C1730&amp;tocguid=&amp;spos=1&amp;epos=1&amp;td=1&amp;ao=i0AC50834CD5E878681CD6243E1B5D7B6&amp;searchFrom=&amp;savedSearch=false&amp;context=185&amp;crumb-action=append&amp;\">Ver texto completo<\/a><\/p>\r\n\r\n\r\n<hr class=\"wp-block-separator has-alpha-channel-opacity\" \/>\r\n\r\n\r\n<p><strong>Resoluci\u00f3n exenta N\u00b0 1.814, de Transportes V Regi\u00f3n de Valpara\u00edso (7 de diciembre)<\/strong><br \/>Proh\u00edbe circulaci\u00f3n de veh\u00edculos motorizados por rutas que se\u00f1ala en d\u00edas y horarios que indica<\/p>\r\n\r\n\r\n\r\n<p><a href=\"https:\/\/westlawchile.cl\/maf\/app\/document?&amp;src=laley4&amp;docguid=iFF9F1AE9DCCBA4A6E9EC57A2A682DBBF&amp;hitguid=iFF9F1AE9DCCBA4A6E9EC57A2A682DBBF&amp;tocguid=&amp;spos=2&amp;epos=2&amp;td=3&amp;ao=i0AC50834CD5E878681CD6243E1B5D7B6&amp;searchFrom=&amp;savedSearch=false&amp;context=188&amp;crumb-action=append&amp;\">Ver texto completo<\/a><\/p>\r\n\r\n\r\n<hr class=\"wp-block-separator has-alpha-channel-opacity\" \/>\r\n\r\n\r\n<p><strong>Resoluci\u00f3n exenta N\u00b0 1.323, Ministerio de las Culturas, las Artes y el Patrimonio (7 de diciembre)<\/strong><br \/>Autoriza ampliar plazo de renovaci\u00f3n autom\u00e1tica de pr\u00e9stamos domiciliarios de material bibliogr\u00e1fico y otros que conformen colecciones de las bibliotecas p\u00fablicas dependientes del Servicio Nacional del Patrimonio Cultural y de los M\u00f3dulos del Programa Bibliometro<\/p>\r\n\r\n\r\n\r\n<p><a href=\"https:\/\/westlawchile.cl\/maf\/app\/document?&amp;src=laley4&amp;docguid=i377FFAC2D5E1B8A8CC336B711327E151&amp;hitguid=i377FFAC2D5E1B8A8CC336B711327E151&amp;tocguid=&amp;spos=1&amp;epos=1&amp;td=1&amp;ao=i0AC50834CD5E878681CD6243E1B5D7B6&amp;searchFrom=&amp;savedSearch=false&amp;context=191&amp;crumb-action=append&amp;\">Ver texto completo<\/a><\/p>\r\n\r\n\r\n<hr class=\"wp-block-separator has-alpha-channel-opacity\" \/>\r\n\r\n\r\n<p><strong>Resoluci\u00f3n exenta N\u00b0 1.046, Ministerio de Salud (5 de diciembre)<\/strong><br \/>Dispone medidas sanitarias que indica por brote de COVID-19<\/p>\r\n\r\n\r\n\r\n<p><a href=\"https:\/\/westlawchile.cl\/maf\/app\/document?&amp;src=laley4&amp;docguid=i42E6ACF67B5214DF8ADB3CD14120D7A9&amp;hitguid=i42E6ACF67B5214DF8ADB3CD14120D7A9&amp;tocguid=&amp;spos=1&amp;epos=1&amp;td=2&amp;ao=i0AC50834CD5E878681CD6243E1B5D7B6&amp;searchFrom=&amp;savedSearch=false&amp;context=194&amp;crumb-action=append&amp;\">Ver texto completo<\/a><\/p>\r\n\r\n\r\n<hr class=\"wp-block-separator has-alpha-channel-opacity\" \/>\r\n\r\n\r\n<p><strong>Decreto N\u00b0 2.097, Ministerio de Hacienda (4 de diciembre)<\/strong><br \/>Extiende la vigencia de los beneficios y las prestaciones que indica y otorga derecho a giros adicionales con cargo al Fondo de Cesant\u00eda Solidario y extiende vigencia del T\u00edtulo II de la ley N\u00ba 21.227, conforme a lo dispuesto en el art\u00edculo 16 de la ley N\u00ba 21.263, que flexibiliza transitoriamente los requisitos de acceso e incrementa el monto de las prestaciones del Seguro de Desempleo de la ley N\u00ba 19.728, con motivo de la pandemia originada por el Covid-19, y perfecciona los beneficios de la ley N\u00ba 21.227<\/p>\r\n\r\n\r\n\r\n<p><a href=\"https:\/\/westlawchile.cl\/maf\/app\/document?&amp;src=laley4&amp;docguid=i707F070F845A43658CE3FD20842E6A99&amp;hitguid=i707F070F845A43658CE3FD20842E6A99&amp;tocguid=&amp;spos=1&amp;epos=1&amp;td=1&amp;ao=i0AC50834CD5E878681CD6243E1B5D7B6&amp;searchFrom=&amp;savedSearch=false&amp;context=197&amp;crumb-action=append&amp;\">Ver texto completo<\/a><\/p>\r\n\r\n\r\n<hr class=\"wp-block-separator has-alpha-channel-opacity\" \/>\r\n\r\n\r\n<p><strong>Resoluci\u00f3n exenta N\u00b0 1.042, Ministerio de Salud (4 de diciembre)<\/strong><br \/>Modifica resoluci\u00f3n N\u00ba 591 exenta, de 2020<\/p>\r\n\r\n\r\n\r\n<p><a href=\"https:\/\/westlawchile.cl\/maf\/app\/document?&amp;src=laley4&amp;docguid=i5C6A2B2EFE6859917DB2D30BD0B68ED0&amp;hitguid=i5C6A2B2EFE6859917DB2D30BD0B68ED0&amp;tocguid=&amp;spos=3&amp;epos=3&amp;td=4&amp;ao=i0AC50834CD5E878681CD6243E1B5D7B6&amp;searchFrom=&amp;savedSearch=false&amp;context=200&amp;crumb-action=append&amp;\">Ver texto completo<\/a><\/p>\r\n\r\n\r\n<hr class=\"wp-block-separator has-alpha-channel-opacity\" \/>\r\n\r\n\r\n<p><strong>Resoluci\u00f3n exenta N\u00b0 8.253, Servicio Agr\u00edcola y Ganadero (4 de diciembre)<\/strong><br \/>Establece medida provisional para el cumplimiento de la exigencia del resuelvo 1 de la resoluci\u00f3n N\u00b0 4.639, de 2004, que norma requisitos fitosanitarios de ingreso desde Ecuador, de frutos frescos de mangos (Mangifera indica)<\/p>\r\n\r\n\r\n\r\n<p><a href=\"https:\/\/westlawchile.cl\/maf\/app\/document?&amp;src=laley4&amp;docguid=i4BBF33A83609DF056F403F57C24C6E7B&amp;hitguid=i4BBF33A83609DF056F403F57C24C6E7B&amp;tocguid=&amp;spos=1&amp;epos=1&amp;td=1&amp;ao=i0AC50834CD5E878681CD6243E1B5D7B6&amp;searchFrom=&amp;savedSearch=false&amp;context=203&amp;crumb-action=append&amp;\">Ver texto completo<\/a><\/p>\r\n\r\n\r\n<hr class=\"wp-block-separator has-alpha-channel-opacity\" \/>\r\n\r\n\r\n<p><strong>Resoluci\u00f3n exenta N\u00b0 788, Seremi de Vivienda (3 de diciembre)<\/strong><br \/>Modifica resoluci\u00f3n N\u00ba 494 exenta, de 2020 y sus modificaciones, contenidas en la resoluci\u00f3n N\u00b0 643 exenta, de 2020 y resoluci\u00f3n N\u00b0 677 exenta, 2020, que dispone el llamado regional a postulaci\u00f3n en condiciones especiales para el desarrollo de proyectos del Programa de Mejoramiento de Viviendas y Barrios, Cap\u00edtulo III, Proyecto para Condominios de Viviendas de la Regi\u00f3n de Los Lagos<\/p>\r\n\r\n\r\n\r\n<p><a href=\"https:\/\/westlawchile.cl\/maf\/app\/document?&amp;src=laley4&amp;&amp;docguid=iFEDEB83262609718587C18AD55AD6B2F&amp;hitguid=iFEDEB83262609718587C18AD55AD6B2F&amp;tocguid=&amp;spos=1&amp;epos=1&amp;td=1&amp;ao=i0AC50834CD5E878681CD6243E1B5D7B6&amp;searchFrom=&amp;savedSearch=false&amp;context=206&amp;crumb-action=append&amp;\">Ver texto completo<\/a><\/p>\r\n\r\n\r\n<hr class=\"wp-block-separator has-alpha-channel-opacity\" \/>\r\n\r\n\r\n<p><strong>Resoluci\u00f3n exenta N\u00b0 1.038, Ministerio de Salud (2 de diciembre)<\/strong><\/p>\r\n\r\n\r\n\r\n<p>Dispone medidas sanitarias que indica por brote de\u00a0COVID-19<br \/><a href=\"https:\/\/westlawchile.cl\/maf\/app\/document?&amp;src=laley4&amp;docguid=i6D2EE963163E0142023798FCC5A6CE83\">Ver texto completo<\/a><\/p>\r\n\r\n\r\n<hr class=\"wp-block-separator has-alpha-channel-opacity\" \/>\r\n\r\n\r\n<p><strong>Resoluci\u00f3n exenta N\u00b0 415, Direcci\u00f3n General del Cr\u00e9dito Prendario (30 de noviembre)<\/strong><\/p>\r\n\r\n\r\n\r\n<p>Declara suspensi\u00f3n de remates en las Unidades de Cr\u00e9dito del pa\u00eds para el mes de diciembre de 2020<br \/><a href=\"https:\/\/westlawchile.cl\/maf\/app\/document?&amp;src=laley4&amp;docguid=i722743BB017CABDDA78019721DD1E76D\">Ver texto completo<\/a><\/p>\r\n\r\n\r\n<hr class=\"wp-block-separator has-alpha-channel-opacity\" \/>\r\n\r\n\r\n<p><strong>Resoluci\u00f3n exenta N\u00b0 1.488, Seremi de Vivienda Secretar\u00eda Regional Ministerial XIII Regi\u00f3n Metropolitana (30 de noviembre)<\/strong><\/p>\r\n\r\n\r\n\r\n<p>Prolonga suspensi\u00f3n de pr\u00f3rroga de postergaci\u00f3n de permisos de construcciones, respecto de la modificaci\u00f3n en curso al Plan Regulador Comunal de la Comuna de Pudahuel<br \/><a href=\"https:\/\/westlawchile.cl\/maf\/app\/document?&amp;src=laley4&amp;docguid=i8E172121B585F45C391C3C29839890DE\">Ver texto completo<\/a><\/p>\r\n\r\n\r\n<hr class=\"wp-block-separator has-alpha-channel-opacity\" \/>\r\n\r\n\r\n<p><strong>Resoluci\u00f3n exenta N\u00b0 1.020, Ministerio de Salud (28 de noviembre)<\/strong><\/p>\r\n\r\n\r\n\r\n<p>Dispone medidas sanitarias que indica por brote de Covid-19<br \/><a href=\"https:\/\/westlawchile.cl\/maf\/app\/document?&amp;src=laley4&amp;docguid=iF4DFA8D8EEE863E6E5021E587FBF248C\">Ver texto completo<\/a><\/p>\r\n\r\n\r\n<hr class=\"wp-block-separator has-alpha-channel-opacity\" \/>\r\n\r\n\r\n<p><strong>Decreto N\u00b0 560, Ministerio del Interior y Seguridad P\u00fablica (27 de noviembre)<\/strong><\/p>\r\n\r\n\r\n\r\n<p>Extiende vigencia del decreto N\u00ba 102, de 2020, que dispone el cierre temporal de lugares habilitados para el ingreso y egreso de extranjeros, por Emergencia de Salud P\u00fablica de Importancia Internacional por brote del nuevo coronavirus (2019-NCOV)<\/p>\r\n\r\n\r\n<hr class=\"wp-block-separator has-alpha-channel-opacity\" \/>\r\n\r\n\r\n<p><strong>Decreto N\u00b0 117, Ministerio de Relaciones Exteriores (27 de noviembre)<\/strong><\/p>\r\n\r\n\r\n\r\n<p>Promulga la Revisi\u00f3n Sustantiva N\u00b0 2 del Acuerdo con el Programa de las Naciones Unidas para el Desarrollo sobre el Proyecto: Fondo Chile contra el Hambre y la Pobreza \u2013 Fase II<\/p>\r\n\r\n\r\n<hr class=\"wp-block-separator has-alpha-channel-opacity\" \/>\r\n\r\n\r\n<p><strong>Resoluci\u00f3n exenta N\u00b0 4.682, Ministerio de Educaci\u00f3n (27 de noviembre)<\/strong><\/p>\r\n\r\n\r\n\r\n<p>Prorroga medidas dispuestas en la resoluci\u00f3n N\u00b0 2.437 exenta, de 2020<\/p>\r\n\r\n\r\n<hr class=\"wp-block-separator has-alpha-channel-opacity\" \/>\r\n\r\n\r\n<p><strong>Resoluci\u00f3n exenta N\u00b0 763, Ministerio del Trabajo y Previsi\u00f3n Social (26 de noviembre)<\/strong><\/p>\r\n\r\n\r\n\r\n<p>Modifica resoluci\u00f3n N\u00ba 625 exenta, de 2020, que califica la situaci\u00f3n de emergencia laboral que indica y activa implementaci\u00f3n de L\u00ednea Emergencia Laboral Covid-19 del Programa de Formaci\u00f3n en el Puesto de Trabajo, conforme a lo dispuesto en el decreto N\u00ba 28, de 2011<br \/><a href=\"https:\/\/westlawchile.cl\/maf\/app\/document?&amp;src=laley4&amp;docguid=i186042FF8F9F226B6F7BE82F6B6A20DF\">Ver texto completo<\/a><\/p>\r\n\r\n\r\n<hr class=\"wp-block-separator has-alpha-channel-opacity\" \/>\r\n\r\n\r\n<p><strong>Resoluci\u00f3n exenta N\u00b0 1.014, Ministerio de Salud (25 de noviembre)<\/strong><\/p>\r\n\r\n\r\n\r\n<p>Dispone medidas sanitarias que indica por brote de Covid-19<br \/><a href=\"https:\/\/westlawchile.cl\/maf\/app\/document?&amp;src=laley4&amp;docguid=iAFD2E7343618ABD218D6D26F5308D42F\">Ver texto completo<\/a><\/p>\r\n\r\n\r\n<hr class=\"wp-block-separator has-alpha-channel-opacity\" \/>\r\n\r\n\r\n<p><strong>Resoluci\u00f3n exenta N\u00b0 997, Ministerio de Salud (20 de noviembre)<\/strong><br \/>Dispone medidas sanitarias para el ingreso al pa\u00eds por brote de Covid-19<br \/><a href=\"https:\/\/westlawchile.cl\/maf\/app\/document?&amp;src=laley4&amp;docguid=i07AA8B147499FEADB90415EDD427CCDA\">Ver texto completo<\/a><\/p>\r\n\r\n\r\n<hr class=\"wp-block-separator has-alpha-channel-opacity\" \/>\r\n\r\n\r\n<p><strong>Resoluci\u00f3n exenta N\u00b0 1.005, Ministerio de Salud (20 de noviembre)<\/strong><br \/>Dispone medidas sanitarias que indica por brote de Covid-19<br \/><a href=\"https:\/\/westlawchile.cl\/maf\/app\/document?&amp;src=laley4&amp;docguid=i48F049F345DB5DE406E4E28EB9F281E3\">Ver texto completo<\/a><\/p>\r\n\r\n\r\n<hr class=\"wp-block-separator has-alpha-channel-opacity\" \/>\r\n\r\n\r\n<p><strong>Resoluci\u00f3n exenta N\u00b0 413, Direcci\u00f3n General del Cr\u00e9dito Prendario Ministerio de Salud (20 de noviembre)<\/strong><br \/>Regulariza la suspensi\u00f3n de las operaciones de cr\u00e9dito en las Unidades de Cr\u00e9dito de Temuco y Punta Arenas<br \/><a href=\"https:\/\/westlawchile.cl\/maf\/app\/document?&amp;src=laley4&amp;docguid=iBB2CFA36A069342D791784C2C0002DB6\">Ver texto completo<\/a><\/p>\r\n\r\n\r\n<hr class=\"wp-block-separator has-alpha-channel-opacity\" \/>\r\n\r\n\r\n<p><strong>Resoluci\u00f3n exenta N\u00b0 962, Ministerio de Salud (19 de noviembre)<\/strong><\/p>\r\n\r\n\r\n\r\n<p>Aprueba Protocolo de Detecci\u00f3n de Casos Sospechosos de Covid-19 en Puertos-Fase 4<br \/><a href=\"https:\/\/westlawchile.cl\/maf\/app\/document?&amp;src=laley4&amp;docguid=iBDAC626416DD5ACED3087BA346B10D0E\">Ver texto completo<\/a><\/p>\r\n\r\n\r\n<hr class=\"wp-block-separator has-alpha-channel-opacity\" \/>\r\n\r\n\r\n<p><strong>Resoluci\u00f3n exenta N\u00b0 979, Ministerio de Salud (18 de noviembre)<\/strong><\/p>\r\n\r\n\r\n\r\n<p>Dispone medidas sanitarias que indica por brote de Covid-19<br \/><a href=\"https:\/\/westlawchile.cl\/maf\/app\/document?&amp;src=laley4&amp;docguid=i6DE7A1B05A6DD400CA68E2681510BE59\">Ver texto completo<\/a><\/p>\r\n\r\n\r\n<hr class=\"wp-block-separator has-alpha-channel-opacity\" \/>\r\n\r\n\r\n<p><strong>Resoluci\u00f3n exenta N\u00b0 4.734, Ministerio de Educaci\u00f3n (18 de noviembre)<\/strong><\/p>\r\n\r\n\r\n\r\n<p>Prorroga medidas dispuestas en la resoluci\u00f3n N\u00b0 2.437 exenta, de 2020<br \/><a href=\"https:\/\/westlawchile.cl\/maf\/app\/document?&amp;src=laley4&amp;docguid=i561B4D249ABE1D4CDC7465FDCD030870\">Ver texto completo<\/a><\/p>\r\n\r\n\r\n<hr class=\"wp-block-separator has-alpha-channel-opacity\" \/>\r\n\r\n\r\n<p><strong>Decreto N\u00b0 43, Ministerio del Trabajo y Previsi\u00f3n Social (18 de noviembre)<\/strong><\/p>\r\n\r\n\r\n\r\n<p>Modifica decreto N\u00ba 28, de 2011, que establece componentes, l\u00edneas de acci\u00f3n, procedimientos, modalidades y mecanismos de control del Programa de Formaci\u00f3n en el Puesto de Trabajo<br \/><a href=\"https:\/\/westlawchile.cl\/maf\/app\/document?&amp;src=laley4&amp;docguid=i27098C6981A52BCF08FD625B91C8C7C1\">Ver texto completo<\/a><\/p>\r\n\r\n\r\n<hr class=\"wp-block-separator has-alpha-channel-opacity\" \/>\r\n\r\n\r\n<p><strong>Resoluci\u00f3n exenta N\u00b0 1.642, Ministerio de Vivienda y Urbanismo (17 de noviembre)<\/strong><\/p>\r\n\r\n\r\n\r\n<p>Llama a proceso de selecci\u00f3n en condiciones especiales para el otorgamiento de subsidios habitacionales del T\u00edtulo II en la modalidad de Proyectos de Construcci\u00f3n de Viviendas Nuevas, del Programa de Habitabilidad Rural, regulado por el decreto N\u00b0 10, de 2015, y sus modificaciones, a las regiones que indica, en la alternativa de postulaci\u00f3n individual o colectiva<br \/><a href=\"https:\/\/westlawchile.cl\/maf\/app\/document?&amp;src=laley4&amp;docguid=i38FA1A99A884349FB443714B365C592A\">Ver texto completo<\/a><\/p>\r\n\r\n\r\n<hr class=\"wp-block-separator has-alpha-channel-opacity\" \/>\r\n\r\n\r\n<p><strong>Resoluci\u00f3n exenta N\u00b0 964, Ministerio de Salud (14 de noviembre)<\/strong><\/p>\r\n\r\n\r\n\r\n<p>Dispone medidas sanitarias que indica por brote de Covid-19<br \/><a href=\"https:\/\/westlawchile.cl\/maf\/app\/document?&amp;src=laley4&amp;docguid=i31FD08EC301BF98DB8D85D93DE9550D3\">Ver texto completo<\/a><\/p>\r\n\r\n\r\n<hr class=\"wp-block-separator has-alpha-channel-opacity\" \/>\r\n\r\n\r\n<p><strong>Decreto N\u00b0 1.697, Ministerio de Hacienda (13 de noviembre)<\/strong><\/p>\r\n\r\n\r\n\r\n<p>Modifica decreto N\u00ba 507, de 2020, y sus modificaciones posteriores<br \/><a href=\"https:\/\/westlawchile.cl\/maf\/app\/document?&amp;src=laley4&amp;docguid=i7BB632863389B4FC1CDFF57A55602212\">Ver texto completo<\/a><\/p>\r\n\r\n\r\n<hr class=\"wp-block-separator has-alpha-channel-opacity\" \/>\r\n\r\n\r\n<p><strong>Resoluci\u00f3n exenta N\u00b0 2.242, Seremi de Salud XII Regi\u00f3n de Magallanes y Ant\u00e1rtica Chilena<\/strong><strong>\u00a0(13 de noviembre)<\/strong><\/p>\r\n\r\n\r\n\r\n<p>Modifica resoluci\u00f3n N\u00ba 1.856 exenta, de 2020, que dispuso medidas sanitarias que indica en la Regi\u00f3n de Magallanes y la Ant\u00e1rtica Chilena ante el brote del Covid-19<br \/><a href=\"https:\/\/westlawchile.cl\/maf\/app\/document?&amp;src=laley4&amp;docguid=i56D0CB53CD07EF479FF82A8A6AE62BD5\">Ver texto completo<\/a><\/p>\r\n\r\n\r\n<hr class=\"wp-block-separator has-alpha-channel-opacity\" \/>\r\n\r\n\r\n<p><strong>Resoluci\u00f3n exenta N\u00b0 1.224, Ministerio del Medio Ambiente (13 de noviembre)<\/strong><\/p>\r\n\r\n\r\n\r\n<p>Pone t\u00e9rmino a la suspensi\u00f3n de plazo que indica y somete a consulta p\u00fablica el Anteproyecto de Normas Secundarias de Calidad Ambiental para la Protecci\u00f3n de las Aguas Continentales Superficiales de la Cuenca del R\u00edo Huasco<br \/><a href=\"https:\/\/westlawchile.cl\/maf\/app\/document?&amp;src=laley4&amp;docguid=i9162A69E7D4179F2B6DC5C419BA1DD76\">Ver texto completo<\/a><\/p>\r\n\r\n\r\n<hr class=\"wp-block-separator has-alpha-channel-opacity\" \/>\r\n\r\n\r\n<p><strong>Ley N\u00b0 21.284, Ministerio de Vivienda y Urbanismo (12 de noviembre)<\/strong><\/p>\r\n\r\n\r\n\r\n<p>Modifica la ley N\u00b0 20.958, que establece un sistema de aportes al espacio p\u00fablico, en lo que respecta a la entrada en vigencia de las mitigaciones directas en el sistema de movilidad local<br \/><a href=\"https:\/\/westlawchile.cl\/maf\/app\/document?&amp;src=laley4&amp;docguid=i73AF1F6038DB7423C3E41A70632FB535\">Ver texto completo<\/a><\/p>\r\n\r\n\r\n<hr class=\"wp-block-separator has-alpha-channel-opacity\" \/>\r\n\r\n\r\n<p><strong>Decreto N\u00b0 500, Ministerio del Interior y Seguridad P\u00fablica (12 de noviembre)<\/strong><\/p>\r\n\r\n\r\n\r\n<p>Modifica decreto N\u00b0 102, de 2020, que dispone el cierre temporal de lugares habilitados para el ingreso y egreso de extranjeros, por Emergencia de Salud P\u00fablica de Importancia Internacional por brote del nuevo coronavirus (2019-NCOV), y extiende su vigencia<br \/><a href=\"https:\/\/westlawchile.cl\/maf\/app\/document?&amp;src=laley4&amp;docguid=iF4D66D18EC31A90C47201B5A360D72FD\">Ver texto completo<\/a><\/p>\r\n\r\n\r\n<hr class=\"wp-block-separator has-alpha-channel-opacity\" \/>\r\n\r\n\r\n<p><strong>Resoluci\u00f3n exenta N\u00b0 958, Ministerio de Salud (11 de noviembre)<\/strong><\/p>\r\n\r\n\r\n\r\n<p>Dispone medidas sanitarias que indica por brote de Covid-19<br \/><a href=\"https:\/\/westlawchile.cl\/maf\/app\/document?&amp;src=laley4&amp;docguid=i716BE7A253E87AF15B2A82AD62B876AF\">Ver texto completo<\/a><\/p>\r\n\r\n\r\n<hr class=\"wp-block-separator has-alpha-channel-opacity\" \/>\r\n\r\n\r\n<p><strong>Resoluci\u00f3n exenta N\u00b0 660, Seremi de Salud XI Regi\u00f3n de Ays\u00e9n (9 de noviembre)<\/strong><\/p>\r\n\r\n\r\n\r\n<p>Dispone medidas sanitarias que indica<br \/><a href=\"https:\/\/westlawchile.cl\/maf\/app\/document?&amp;src=laley4&amp;docguid=iE67C0DD88E6D02CFA6D9E8DFBBC86914\">Ver texto completo<\/a><\/p>\r\n\r\n\r\n<hr class=\"wp-block-separator has-alpha-channel-opacity\" \/>\r\n\r\n\r\n<p><strong>Resoluci\u00f3n exenta N\u00b0 4.615, Ministerio de Educaci\u00f3n (9 de noviembre)<\/strong><\/p>\r\n\r\n\r\n\r\n<p>Prorroga medidas dispuestas en la resoluci\u00f3n N\u00ba 2.437 exenta, de 2020<br \/><a href=\"https:\/\/westlawchile.cl\/maf\/app\/document?&amp;src=laley4&amp;docguid=i34AEE0B4024994376D75EA7FBC36532A\">Ver texto completo<\/a><\/p>\r\n\r\n\r\n<hr class=\"wp-block-separator has-alpha-channel-opacity\" \/>\r\n\r\n\r\n<p><strong>Resoluci\u00f3n exenta N\u00b0 945, Ministerio de Salud (7 de noviembre)<\/strong><\/p>\r\n\r\n\r\n\r\n<p>Modifica resoluci\u00f3n N\u00b0 591 exenta, de 2020<br \/><a href=\"https:\/\/westlawchile.cl\/maf\/app\/document?&amp;src=laley4&amp;docguid=iE7B3C7F3383527D2E6ADBBE42E4F9F14\">Ver texto completo<\/a><\/p>\r\n\r\n\r\n<hr class=\"wp-block-separator has-alpha-channel-opacity\" \/>\r\n\r\n\r\n<p><strong>Resoluci\u00f3n exenta N\u00b0 946, Ministerio de Salud (7 de noviembre)<\/strong><\/p>\r\n\r\n\r\n\r\n<p>Dispone medidas sanitarias que indica por brote de Covid-19<br \/><a href=\"https:\/\/westlawchile.cl\/maf\/app\/document?&amp;src=laley4&amp;docguid=iE83E741D326B59DC894FCD6914C39574\">Ver texto completo<\/a><\/p>\r\n\r\n\r\n<hr class=\"wp-block-separator has-alpha-channel-opacity\" \/>\r\n\r\n\r\n<p><strong>Resoluci\u00f3n exenta N\u00b0 5.387, Ministerio de Defensa Nacional (7 de noviembre)<\/strong><\/p>\r\n\r\n\r\n\r\n<p>Modifica resoluci\u00f3n N\u00b0 2.789 exenta, de 2020<br \/><a href=\"https:\/\/westlawchile.cl\/maf\/app\/document?&amp;src=laley4&amp;docguid=iC4BD3E48EF07F0605FE7CF27735D16C9\">Ver texto completo<\/a><\/p>\r\n\r\n\r\n<hr class=\"wp-block-separator has-alpha-channel-opacity\" \/>\r\n\r\n\r\n<p><strong>Ley N\u00b0 21.278, Ministerio de Salud (6 de noviembre)<\/strong><\/p>\r\n\r\n\r\n\r\n<p>Modifica el C\u00f3digo Sanitario para regular la realizaci\u00f3n de estudios y ensayos cl\u00ednicos, tendientes a la obtenci\u00f3n de productos farmac\u00e9uticos y dispositivos m\u00e9dicos, para el combate de las enfermedades que motivan una alerta sanitaria<br \/><a href=\"https:\/\/westlawchile.cl\/maf\/app\/document?&amp;src=laley4&amp;docguid=i571A945233E55AFEC3765865F29E74E8\">Ver texto completo<\/a><\/p>\r\n\r\n\r\n<hr class=\"wp-block-separator has-alpha-channel-opacity\" \/>\r\n\r\n\r\n<p><strong>Resoluci\u00f3n N\u00b0 374, Ministerio del Interior y Seguridad P\u00fablica (6 de noviembre)<\/strong><\/p>\r\n\r\n\r\n\r\n<p>Rectifica decreto N\u00ba 438, de 2020, que reemplaza a los Jefes de la Defensa Nacional de las regiones de Atacama y de Coquimbo, designados por el decreto N\u00ba 104, de 2020<br \/><a href=\"https:\/\/westlawchile.cl\/maf\/app\/document?&amp;src=laley4&amp;docguid=i013CAEC42640D25DE362A6CB115A4770\">Ver texto completo<\/a><\/p>\r\n\r\n\r\n<hr class=\"wp-block-separator has-alpha-channel-opacity\" \/>\r\n\r\n\r\n<p><strong>Resoluci\u00f3n exenta N\u00b0 934, Ministerio de Salud (5 de noviembre)<\/strong><\/p>\r\n\r\n\r\n\r\n<p>Dispone medidas sanitarias que indica por brote de Covid-19 y modifica resoluci\u00f3n N\u00ba 591exenta, de 2020<br \/><a href=\"https:\/\/westlawchile.cl\/maf\/app\/document?&amp;src=laley4&amp;docguid=i888E5958CEBC6694050B4A6AC7630CCF\">Ver texto completo<\/a><\/p>\r\n\r\n\r\n<hr class=\"wp-block-separator has-alpha-channel-opacity\" \/>\r\n\r\n\r\n<p><strong>Resoluci\u00f3n exenta N\u00b0 906, Seremi de Salud XIII Regi\u00f3n Metropolitana (5 de noviembre)<\/strong><\/p>\r\n\r\n\r\n\r\n<p>Suspende plazos que indica<br \/><a href=\"https:\/\/westlawchile.cl\/maf\/app\/document?&amp;src=laley4&amp;docguid=i275C2B6092C75AA679CD5E0D02624068\">Ver texto completo<\/a><\/p>\r\n\r\n\r\n<hr class=\"wp-block-separator has-alpha-channel-opacity\" \/>\r\n\r\n\r\n<p><strong>Resoluci\u00f3n exenta N\u00b0 80, Seremi de Transportes XVI Regi\u00f3n de \u00d1uble (5 de noviembre)<\/strong><\/p>\r\n\r\n\r\n\r\n<p>Proh\u00edbe circulaci\u00f3n de veh\u00edculos que indica en condiciones que se\u00f1ala<br \/><a href=\"https:\/\/westlawchile.cl\/maf\/app\/document?&amp;src=laley4&amp;docguid=iC0CD5E05EDC2DA48797A24442749981D\">Ver texto completo<\/a><\/p>\r\n\r\n\r\n<hr class=\"wp-block-separator has-alpha-channel-opacity\" \/>\r\n\r\n\r\n<p><strong>Acuerdo S\/N, Servicio Electoral (5 de noviembre)<\/strong><\/p>\r\n\r\n\r\n\r\n<p>Dicta normas para el desarrollo de las Elecciones Primarias del 29 de noviembre de 2020<br \/><a href=\"https:\/\/westlawchile.cl\/maf\/app\/document?&amp;src=laley4&amp;0docguid=iC4F548D06E5AD8B33F62329ED96E6DBA\">Ver texto completo<\/a><\/p>\r\n\r\n\r\n<hr class=\"wp-block-separator has-alpha-channel-opacity\" \/>\r\n\r\n\r\n<p><strong>Resoluci\u00f3n exenta N\u00b0 1.248, Seremi de Vivienda (XIII Regi\u00f3n Metropolitana)\u00a0(4 de noviembre)<\/strong><\/p>\r\n\r\n\r\n\r\n<p>Suspende y regulariza pr\u00f3rroga de postergaci\u00f3n de permisos de construcciones, respecto de la modificaci\u00f3n en curso al Plan Regulador Comunal de la comuna de Pudahuel<br \/><a href=\"https:\/\/westlawchile.cl\/maf\/app\/document?&amp;src=laley4&amp;docguid=iBF863DB76506107CB9E10581FD4420A2\">Ver texto completo<\/a><\/p>\r\n\r\n\r\n<hr class=\"wp-block-separator has-alpha-channel-opacity\" \/>\r\n\r\n\r\n<p><strong>Resoluci\u00f3n exenta N\u00b0 4.654, Ministerio de Educaci\u00f3n (3 de noviembre)<\/strong><\/p>\r\n\r\n\r\n\r\n<p>Autoriza procedimiento excepcional para la certificaci\u00f3n de la recepci\u00f3n de equipamiento adquirido por las instituciones administradoras de establecimientos de administraci\u00f3n delegada regidos por el decreto ley N\u00b0 3.166, de 1980<\/p>\r\n\r\n\r\n<hr class=\"wp-block-separator has-alpha-channel-opacity\" \/>\r\n\r\n\r\n<p><strong>Decreto N\u00b0 7, Ministerio de Desarrollo Social y Familia (2 de noviembre)<\/strong><\/p>\r\n\r\n\r\n\r\n<p>Crea Comisi\u00f3n Asesora Ministerial denominada Panel de Expertos para el an\u00e1lisis sobre la cobertura e impacto del Ingreso Familiar de Emergencia de la ley N\u00b0 21.230 y su relaci\u00f3n con otras iniciativas creadas en raz\u00f3n de la pandemia provocada por\u00a0Covid-19<br \/><a href=\"https:\/\/westlawchile.cl\/maf\/app\/document?&amp;src=laley4&amp;docguid=i50E66BD9E3F6A08AC2385EA85AAD76D4\">Ver texto completo<\/a><\/p>\r\n\r\n\r\n<hr class=\"wp-block-separator has-alpha-channel-opacity\" \/>\r\n\r\n\r\n<p><strong>Resoluci\u00f3n exenta N\u00b0 391, Direcci\u00f3n General del Cr\u00e9dito Prendario(2 de noviembre)<\/strong><\/p>\r\n\r\n\r\n\r\n<p>Declara suspensi\u00f3n de remates en las unidades de cr\u00e9dito del pa\u00eds para el mes de noviembre de 2020<br \/><a href=\"https:\/\/westlawchile.cl\/maf\/app\/document?&amp;src=laley4&amp;docguid=iF8D3FD24E64F9B12D7CCDA463181A48A\">Ver texto completo<\/a><\/p>\r\n\r\n\r\n<hr class=\"wp-block-separator has-alpha-channel-opacity\" \/>\r\n\r\n\r\n<p><strong>Resoluci\u00f3n exenta N\u00b0 930, Ministerio de Salud (30 de octubre)<\/strong><\/p>\r\n\r\n\r\n\r\n<p>Dispone medidas sanitarias que indica por brote de\u00a0Covid-19<br \/><a href=\"https:\/\/westlawchile.cl\/maf\/app\/document?&amp;src=laley4&amp;docguid=iE8AD2354A4480962985C9151E5C24A70\">Ver texto completo<\/a><\/p>\r\n\r\n\r\n<hr class=\"wp-block-separator has-alpha-channel-opacity\" \/>\r\n\r\n\r\n<p><strong>Resoluci\u00f3n exenta N\u00b0 1.169, Ministerio de las Culturas, las Artes y el Patrimonio (30 de octubre)<\/strong><\/p>\r\n\r\n\r\n\r\n<p>Establece procedimiento para timbraje digital, por parte de la Secretar\u00eda T\u00e9cnica del Consejo de Monumentos Nacionales, de la planimetr\u00eda, especificaciones t\u00e9cnicas, y documentaci\u00f3n pertinente asociada a intervenciones en monumentos nacionales autorizadas por el Consejo de Monumentos Nacionales<br \/><a href=\"https:\/\/westlawchile.cl\/maf\/app\/document?&amp;src=laley4&amp;docguid=i91F53EA91AD9BFE56614D2FF6F001BF6\">Ver texto completo<\/a><\/p>\r\n\r\n\r\n<hr class=\"wp-block-separator has-alpha-channel-opacity\" \/>\r\n\r\n\r\n<p><strong>Decreto N\u00b0 1.579, Ministerio de Hacienda (29 de octubre)<\/strong><\/p>\r\n\r\n\r\n\r\n<p>Modifica decreto N\u00ba 743, de 2018, que establece las bases de la pol\u00edtica fiscal de acuerdo a lo dispuesto en el art\u00edculo 1\u00ba de la ley N\u00ba 20.128 sobre Responsabilidad Fiscal<br \/><a href=\"https:\/\/westlawchile.cl\/maf\/app\/document?&amp;src=laley4&amp;docguid=iC3A8BB8019A1D2C973282EC1217E061A\">Ver texto completo<\/a><\/p>\r\n\r\n\r\n<hr class=\"wp-block-separator has-alpha-channel-opacity\" \/>\r\n\r\n\r\n<p><strong>Decreto N\u00b0 482, Ministerio del Interior y Seguridad P\u00fablica (28 de octubre)<\/strong><\/p>\r\n\r\n\r\n\r\n<p>Extiende vigencia del decreto N\u00ba 102, de 2020, que dispone el cierre temporal de lugares habilitados para el ingreso y egreso de extranjeros, por Emergencia de Salud P\u00fablica de Importancia Internacional por brote del nuevo\u00a0coronavirus\u00a0(2019-NCOV)<br \/><a href=\"https:\/\/westlawchile.cl\/maf\/app\/document?&amp;src=laley4&amp;docguid=i5C7C3B0950894D8D727C4C2C12BF2C65\">Ver texto completo<\/a><\/p>\r\n\r\n\r\n<hr class=\"wp-block-separator has-alpha-channel-opacity\" \/>\r\n\r\n\r\n<p><strong>Decreto N\u00b0 1.616, Ministerio de Hacienda (26 de octubre)<\/strong><\/p>\r\n\r\n\r\n\r\n<p>Modifica decreto N\u00ba 507, de 2020, modificado por el decreto N\u00ba 1.428, de 2020<br \/><a href=\"https:\/\/westlawchile.cl\/maf\/app\/document?&amp;src=laley4&amp;docguid=i7FF6EA8A0FCFD67820D72A3333A22E21\">Ver texto completo<\/a><\/p>\r\n\r\n\r\n<hr class=\"wp-block-separator has-alpha-channel-opacity\" \/>\r\n\r\n\r\n<p><strong>Resoluci\u00f3n exenta N\u00b0 894, Ministerio de Salud (24 de octubre)<\/strong><\/p>\r\n\r\n\r\n\r\n<p>Dispone medidas sanitarias que indica por brote de Covid-19<br \/><a href=\"https:\/\/westlawchile.cl\/maf\/app\/document?&amp;src=laley4&amp;docguid=i7046F1E8269D3966DACAFCD54A51B37C\">Ver texto completo<\/a><\/p>\r\n\r\n\r\n<hr class=\"wp-block-separator has-alpha-channel-opacity\" \/>\r\n\r\n\r\n<p><strong>Circular N\u00b0 63, Ministerio del Interior y Seguridad P\u00fablica (22 de octubre)<\/strong><\/p>\r\n\r\n\r\n\r\n<p>Modifica circular N\u00ba 61, de 2020 y fija el texto refundido de la circulares N\u00ba 61 y N\u00ba 62, de 2020, ambas del Ministerio del Interior y Seguridad P\u00fablica<br \/><a href=\"https:\/\/westlawchile.cl\/maf\/app\/document?&amp;src=laley4&amp;docguid=iA9CBE6C6A0AFD7A5500BF533BB0DF17F\">Ver texto completo<\/a><\/p>\r\n\r\n\r\n<hr class=\"wp-block-separator has-alpha-channel-opacity\" \/>\r\n\r\n\r\n<p><strong>Resoluci\u00f3n exenta N\u00b0 880, Ministerio de Salud (22 de octubre)<\/strong><\/p>\r\n\r\n\r\n\r\n<p>Dispone medidas sanitarias que indica por brote de\u00a0Covid-19<br \/><a href=\"https:\/\/westlawchile.cl\/maf\/app\/document?&amp;src=laley4&amp;docguid=i6D29DD040BACAAD300845008D9B0A319\">Ver texto completo<\/a><\/p>\r\n\r\n\r\n<hr class=\"wp-block-separator has-alpha-channel-opacity\" \/>\r\n\r\n\r\n<p><strong>Resoluci\u00f3n exenta N\u00b0 881, Ministerio de Salud (22 de octubre)<\/strong><\/p>\r\n\r\n\r\n\r\n<p>Modifica resoluci\u00f3n N\u00ba 591 exenta, de 2020<\/p>\r\n\r\n\r\n<hr class=\"wp-block-separator has-alpha-channel-opacity\" \/>\r\n\r\n\r\n<p><strong>Decreto N\u00b0 1.428, Ministerio de Hacienda (19 de octubre)<\/strong><\/p>\r\n\r\n\r\n\r\n<p>Modifica decreto N\u00b0 507, de 2020<br \/><a href=\"https:\/\/westlawchile.cl\/maf\/app\/document?&amp;src=laley4&amp;docguid=i6AEB75E4E557A433655F072C7817AD65\">Ver texto completo<\/a><\/p>\r\n\r\n\r\n<hr class=\"wp-block-separator has-alpha-channel-opacity\" \/>\r\n\r\n\r\n<p><strong>Resoluci\u00f3n exenta N\u00b0 4.476, Ministerio de Salud (19 de octubre)<\/strong><\/p>\r\n\r\n\r\n\r\n<p>Prorroga medidas dispuestas en la resoluci\u00f3n N\u00ba 2.437 exenta, de 2020<br \/><a href=\"https:\/\/westlawchile.cl\/maf\/app\/document?&amp;src=laley4&amp;docguid=iC606D65E04A5032C6E21D435823ED70A\">Ver texto completo<\/a><\/p>\r\n\r\n\r\n<hr class=\"wp-block-separator has-alpha-channel-opacity\" \/>\r\n\r\n\r\n<p><strong>Resoluci\u00f3n exenta N\u00b0 868, Ministerio de Salud (17 de octubre)<\/strong><\/p>\r\n\r\n\r\n\r\n<p>Dispone medidas sanitarias que indica por brote de\u00a0Covid-19<br \/><a href=\"https:\/\/westlawchile.cl\/maf\/app\/document?&amp;src=laley4&amp;docguid=iA46E8146EC27D4424F7BEF7BA131DB03\">Ver texto completo<\/a><\/p>\r\n\r\n\r\n<hr class=\"wp-block-separator has-alpha-channel-opacity\" \/>\r\n\r\n\r\n<p><strong>Resoluci\u00f3n exenta N\u00b0 869, Ministerio de Salud (17 de octubre)<\/strong><\/p>\r\n\r\n\r\n\r\n<p>Modifica resoluci\u00f3n N\u00ba 591 exenta, de 2020<br \/><a href=\"https:\/\/westlawchile.cl\/maf\/app\/document?&amp;src=laley4&amp;docguid=i7C448290FA876B4D8EDCCD39D153DB2E\">Ver texto completo<\/a><\/p>\r\n\r\n\r\n<hr class=\"wp-block-separator has-alpha-channel-opacity\" \/>\r\n\r\n\r\n<p><strong>Circular N\u00b0 61, Ministerio del Interior y Seguridad P\u00fablica (16 de octubre)<\/strong><\/p>\r\n\r\n\r\n\r\n<p>Dicta disposiciones para el resguardo del orden p\u00fablico en el plebiscito nacional del d\u00eda 25 de octubre de 2020<br \/><a href=\"https:\/\/westlawchile.cl\/maf\/app\/document?&amp;src=laley4&amp;docguid=iFC9ED688142E4D2B62AE0B2ECEED3076\">Ver texto completo<\/a><\/p>\r\n\r\n\r\n<hr class=\"wp-block-separator has-alpha-channel-opacity\" \/>\r\n\r\n\r\n<p><strong>Decreto N\u00b0 25, Ministerio de Salud (16 de octubre)<\/strong><\/p>\r\n\r\n\r\n\r\n<p>Extiende vigencia de los certificados de discapacidad emitidos por las Compin<br \/><a href=\"https:\/\/westlawchile.cl\/maf\/app\/document?&amp;src=laley4&amp;docguid=i04BBA25C6498DE83D7E38E39D430B85B\">Ver texto completo<\/a><\/p>\r\n\r\n\r\n<hr class=\"wp-block-separator has-alpha-channel-opacity\" \/>\r\n\r\n\r\n<p><strong>Resoluci\u00f3n exenta N\u00b0 2.598, Tesorer\u00eda General de la Rep\u00fablica(15 de octubre)<\/strong><\/p>\r\n\r\n\r\n\r\n<p>Dicta normas sobre condonaci\u00f3n de recargos legales de deudas de impuestos y de contribuciones, conforme a lo previsto en los numerales 9 y 10 del decreto N\u00b0 420, de 2020<br \/><a href=\"https:\/\/westlawchile.cl\/maf\/app\/document?&amp;src=laley4&amp;docguid=i21E281D1C197CECEBBC01E129F8304A3\">Ver texto completo<\/a><\/p>\r\n\r\n\r\n<hr class=\"wp-block-separator has-alpha-channel-opacity\" \/>\r\n\r\n\r\n<p><strong>Resoluci\u00f3n exenta N\u00b0 358, Servicio de Registro Civil e Identificaci\u00f3n(15 de octubre)<\/strong><\/p>\r\n\r\n\r\n\r\n<p>Formaliza y regula nuevo procedimiento de renovaci\u00f3n de visa y permanencia definitiva, autorizadas y comunicadas por el Departamento de Extranjer\u00eda y Migraci\u00f3n del Ministerio del Interior y Seguridad P\u00fablica, al Servicio de Registro Civil e Identificaci\u00f3n<br \/><a href=\"https:\/\/westlawchile.cl\/maf\/app\/document?&amp;src=laley4&amp;docguid=iDE5EF51A025B14D41DE20EDB11AD9032\">Ver texto completo<\/a><\/p>\r\n\r\n\r\n<hr class=\"wp-block-separator has-alpha-channel-opacity\" \/>\r\n\r\n\r\n<p><strong>Acuerdo S\/N, Servicio Electoral (15 de octubre)<\/strong><\/p>\r\n\r\n\r\n\r\n<p>Dicta normas interpretativas y refunde normas e instrucciones que indica para el desarrollo del Plebiscito Nacional del 25 de octubre de 2020<br \/><a href=\"https:\/\/westlawchile.cl\/maf\/app\/document?&amp;src=laley4&amp;docguid=i760CDCB06416402076436FE0F9AE3D78\">Ver texto completo<\/a><\/p>\r\n\r\n\r\n<hr class=\"wp-block-separator has-alpha-channel-opacity\" \/>\r\n\r\n\r\n<p><strong>Decreto N\u00b0 455, Ministerio del Interior y Seguridad P\u00fablica (10 de octubre)<\/strong><\/p>\r\n\r\n\r\n\r\n<p>Modifica decreto N\u00ba 102, de 2020, que dispone el cierre temporal de lugares habilitados para el ingreso y egreso de extranjeros, por Emergencia de Salud P\u00fablica de Importancia Internacional por brote del nuevo\u00a0coronavirus\u00a0(2019-Ncov), y extiende su vigencia<br \/><a href=\"https:\/\/westlawchile.cl\/maf\/app\/document?&amp;src=laley4&amp;docguid=iA2FEB8673FA56AB2CE5FC2E860523A3D\">Ver texto completo<\/a><\/p>\r\n\r\n\r\n<hr class=\"wp-block-separator has-alpha-channel-opacity\" \/>\r\n\r\n\r\n<p><strong>Ley N\u00b0 21.274, Ministerio de Salud (10\u00a0de octubre)<\/strong><br \/>Habilita temporalmente a los m\u00e9dicos cirujanos que indica, para ejercer sus especialidades en el sector p\u00fablico,<\/p>\r\n\r\n\r\n\r\n<p><a href=\"https:\/\/westlawchile.cl\/maf\/app\/document?&amp;src=laley4&amp;docguid=i81EBCD47E2AC71B6BE2F0323AA6A4DC4&amp;hitguid=i81EBCD47E2AC71B6BE2F0323AA6A4DC4&amp;tocguid=&amp;spos=1&amp;epos=1&amp;td=1&amp;ao=i0AC50834CD5E878681CD6243E1B5D7B6&amp;searchFrom=&amp;savedSearch=false&amp;context=84&amp;crumb-action=append&amp;\">Ver texto completo<\/a><\/p>\r\n\r\n\r\n<hr class=\"wp-block-separator has-alpha-channel-opacity\" \/>\r\n\r\n\r\n<p><strong>Resoluci\u00f3n exenta N\u00b0 848, Ministerio de Salud (10 de octubre)<\/strong><\/p>\r\n\r\n\r\n\r\n<p>Modifica resoluci\u00f3n N\u00ba 591 exenta, de 2020<\/p>\r\n\r\n\r\n<hr class=\"wp-block-separator has-alpha-channel-opacity\" \/>\r\n\r\n\r\n<p><strong>Resoluci\u00f3n exenta N\u00b0 849, Ministerio de Salud (10 de octubre)<\/strong><\/p>\r\n\r\n\r\n\r\n<p>Dispone medidas sanitarias que indica por brote de\u00a0COVID-19<\/p>\r\n\r\n\r\n<hr class=\"wp-block-separator has-alpha-channel-opacity\" \/>\r\n\r\n\r\n<p><strong>Resoluci\u00f3n exenta N\u00b0 1.748, Direcci\u00f3n General de Aguas\u00a0(8 de octubre)<\/strong><\/p>\r\n\r\n\r\n\r\n<p>Dispone forma especial de las notificaciones del C\u00f3digo de Aguas para hacer frente a la situaci\u00f3n de emergencia sanitaria (Covid-19)<br \/><a href=\"https:\/\/westlawchile.cl\/maf\/app\/document?&amp;src=laley4&amp;docguid=i37314AF5FDF81A6D2EC31FCFDDC11BAB\">Ver texto completo<\/a><\/p>\r\n\r\n\r\n<hr class=\"wp-block-separator has-alpha-channel-opacity\" \/>\r\n\r\n\r\n<p><strong>Resoluci\u00f3n exenta N\u00b0 839, Ministerio de Salud (8 de octubre)<\/strong><\/p>\r\n\r\n\r\n\r\n<p>Dispone medidas sanitarias que indica por brote de Covid-19 y modifica resoluci\u00f3n N\u00ba 591 exenta, de 2020<br \/><a href=\"https:\/\/westlawchile.cl\/maf\/app\/document?&amp;src=laley4&amp;docguid=iE72386BB1240CFB869FEB110877502A3\">Ver texto completo<\/a><\/p>\r\n\r\n\r\n<hr class=\"wp-block-separator has-alpha-channel-opacity\" \/>\r\n\r\n\r\n<p><strong>Resoluci\u00f3n exenta N\u00b0 840, Ministerio de Salud (8 de octubre)<\/strong><\/p>\r\n\r\n\r\n\r\n<p>Dispone medidas sanitarias que indica por brote de Covid-19 y modifica resoluci\u00f3n N\u00ba 591 exenta, de 2020<br \/><a href=\"https:\/\/westlawchile.cl\/maf\/app\/document?&amp;src=laley4&amp;docguid=i51ACA6710C2EB8A4A2F817E22B7C3287\">Ver texto completo<\/a><\/p>\r\n\r\n\r\n<hr class=\"wp-block-separator has-alpha-channel-opacity\" \/>\r\n\r\n\r\n<p><strong>Resoluci\u00f3n exenta N\u00b0 379, Direcci\u00f3n General del Cr\u00e9dito Prendario(8 de octubre)<\/strong><\/p>\r\n\r\n\r\n\r\n<p>Declara reintegro de los montos cobrados por concepto de derecho de remate entre el 1 de marzo de 2020 y el 9 de septiembre de 2020<br \/><a href=\"https:\/\/westlawchile.cl\/maf\/app\/document?&amp;src=laley4&amp;docguid=i6A2623B7A9745500F8E8F9155E79FA46\">Ver texto completo<\/a><\/p>\r\n\r\n\r\n<hr class=\"wp-block-separator has-alpha-channel-opacity\" \/>\r\n\r\n\r\n<p><strong>Ley N\u00b0 21.272, Ministerio de Educaci\u00f3n (7 de octubre)<\/strong><\/p>\r\n\r\n\r\n\r\n<p>Suspende la realizaci\u00f3n de la evaluaci\u00f3n docente, por el a\u00f1o 2020, debido a la pandemia mundial de\u00a0Covid-19<br \/><a href=\"https:\/\/westlawchile.cl\/maf\/app\/document?&amp;src=laley4&amp;docguid=i2B643DEF9B56D1006B7B6DC887C3DC24\">Ver texto completo<\/a><\/p>\r\n\r\n\r\n<hr class=\"wp-block-separator has-alpha-channel-opacity\" \/>\r\n\r\n\r\n<p><strong>Resoluci\u00f3n exenta N\u00b0 376, Direcci\u00f3n General del Cr\u00e9dito Prendario (7 de octubre)<\/strong><\/p>\r\n\r\n\r\n\r\n<p>Regulariza la suspensi\u00f3n de las operaciones en la Unidad de Cr\u00e9dito Talca en las fechas que indica<br \/><a href=\"https:\/\/westlawchile.cl\/maf\/app\/document?&amp;src=laley4&amp;docguid=i39DD9D857D5CDFB6F1D777F98FBC540A\">Ver texto completo<\/a><\/p>\r\n\r\n\r\n<hr class=\"wp-block-separator has-alpha-channel-opacity\" \/>\r\n\r\n\r\n<p><strong>Resoluci\u00f3n exenta N\u00b0 4.124, Ministerio de Educaci\u00f3n (6 de octubre)<\/strong><\/p>\r\n\r\n\r\n\r\n<p>Prorroga medidas dispuestas en la resoluci\u00f3n N\u00b0 2.437 exenta, de 2020<br \/><a href=\"https:\/\/westlawchile.cl\/maf\/app\/document?&amp;src=laley4&amp;docguid=i7E2DF7A4AEFF77E5974E1C06A88B9939\">Ver texto completo<\/a><\/p>\r\n\r\n\r\n<hr class=\"wp-block-separator has-alpha-channel-opacity\" \/>\r\n\r\n\r\n<p><strong>Decreto N\u00b0 1.578, Ministerio de Hacienda (5 de octubre)<\/strong><\/p>\r\n\r\n\r\n\r\n<p>Extiende la vigencia de los beneficios y las prestaciones que indica y otorga derecho a giros adicionales con cargo al Fondo de Cesant\u00eda Solidario, conforme a lo dispuesto en el art\u00edculo 16 de la ley N\u00ba 21.263, que flexibiliza transitoriamente los requisitos de acceso e incrementa el monto de las prestaciones al seguro de desempleo de la ley N\u00ba 19.728, con motivo de la pandemia originada por el Covid-19, y perfecciona los beneficios de la ley N\u00ba 21.227<br \/><a href=\"https:\/\/westlawchile.cl\/maf\/app\/document?&amp;src=laley4&amp;docguid=iE6F4BA1CF1A11A6E3FA3C1D02A6F1BC4\">Ver texto completo<\/a><\/p>\r\n\r\n\r\n<hr class=\"wp-block-separator has-alpha-channel-opacity\" \/>\r\n\r\n\r\n<p><strong>Resoluci\u00f3n exenta N\u00b0 2.387, Ministerio de Defensa Nacional (5 de octubre)<\/strong><\/p>\r\n\r\n\r\n\r\n<p>Modifica resoluci\u00f3n N\u00b0 1.674 exenta, de 2020<br \/><a href=\"https:\/\/westlawchile.cl\/maf\/app\/document?&amp;src=laley4&amp;docguid=i605B581C84457FACE3D4B1279174C5CB\">Ver texto completo<\/a><\/p>\r\n\r\n\r\n<hr class=\"wp-block-separator has-alpha-channel-opacity\" \/>\r\n\r\n\r\n<p><strong>Decreto N\u00b0 281, Ministerio del Interior y Seguridad P\u00fablica (3 de octubre)<\/strong><\/p>\r\n\r\n\r\n\r\n<p>Modifica temporalmente cobro de derechos para tr\u00e1mite de pr\u00f3rroga de permiso de turismo por plazo que se\u00f1ala<br \/><a href=\"https:\/\/westlawchile.cl\/maf\/app\/document?&amp;src=laley4&amp;docguid=i04F3C730D8C2D70CC446DE4603D01B35\">Ver texto completo<\/a><\/p>\r\n\r\n\r\n<hr class=\"wp-block-separator has-alpha-channel-opacity\" \/>\r\n\r\n\r\n<p><strong>Resoluci\u00f3n exenta N\u00b0 1.856, Seremi de Salud XII Regi\u00f3n de Magallanes y Ant\u00e1rtica Chilena (3 de octubre)<\/strong><\/p>\r\n\r\n\r\n\r\n<p>Dispone medidas sanitarias que indica en la Regi\u00f3n de Magallanes y Ant\u00e1rtica Chilena ante el brote del Covid-19<br \/><a href=\"https:\/\/westlawchile.cl\/maf\/app\/document?&amp;src=laley4&amp;docguid=i032BD392A8C4A2A470F0FBEEF36A5170\">Ver texto completo<\/a><\/p>\r\n\r\n\r\n<hr class=\"wp-block-separator has-alpha-channel-opacity\" \/>\r\n\r\n\r\n<p><strong>Resoluci\u00f3n exenta N\u00b0 831. Subsecretar\u00eda de Salud P\u00fablica (2 de octubre)<\/strong><\/p>\r\n\r\n\r\n\r\n<p>Dispone medidas sanitarias que indica por brote de Covid-19 y modifica resoluci\u00f3n N\u00ba 591 exenta, de 2020<br \/><a href=\"https:\/\/westlawchile.cl\/maf\/app\/document?&amp;src=laley4&amp;docguid=iE286EC7750C8DBEAC89D087215C67AA7\">Ver texto completo<\/a><\/p>\r\n\r\n\r\n<hr class=\"wp-block-separator has-alpha-channel-opacity\" \/>\r\n\r\n\r\n<p><strong>Resoluci\u00f3n exenta N\u00b0 1.794, Seremi de Salud IV Regi\u00f3n de Coquimbo\u00a0(1 de octubre de 2020)<\/strong><\/p>\r\n\r\n\r\n\r\n<p>Dispone medidas sanitarias que indica por brote de\u00a0COVID-19<br \/><a href=\"https:\/\/westlawchile.cl\/maf\/app\/document?&amp;src=laley4&amp;docguid=iE341C0EC8B387677AB554DEF7B70DD97\">Ver texto completo<\/a><\/p>\r\n\r\n\r\n<hr class=\"wp-block-separator has-alpha-channel-opacity\" \/>\r\n\r\n\r\n<p><strong>Resoluci\u00f3n exenta N\u00b0 250, Ministerio de Desarrollo Social y Familia (29 de septiembre)<\/strong><\/p>\r\n\r\n\r\n\r\n<p>Modifica resoluci\u00f3n N\u00b0 187 exenta, de 2020<br \/><a href=\"https:\/\/westlawchile.cl\/maf\/app\/document?&amp;src=laley4&amp;docguid=i15548CCE5D75BF6895D18F52232A7F18\">Ver texto completo<\/a><\/p>\r\n\r\n\r\n<hr class=\"wp-block-separator has-alpha-channel-opacity\" \/>\r\n\r\n\r\n<p><strong>Decreto N\u00b0 31, Ministerio del Trabajo y Previsi\u00f3n Social (28 de septiembre)<\/strong><\/p>\r\n\r\n\r\n\r\n<p>Modifica decreto N\u00ba 28, de 2011, que establece componentes, l\u00edneas de acci\u00f3n, procedimientos, modalidades y mecanismos de control del Programa de Formaci\u00f3n en el Puesto de Trabajo<br \/><a href=\"https:\/\/westlawchile.cl\/maf\/app\/document?&amp;src=laley4&amp;docguid=iF4A64B762F954016CB2C57F535DA2E78\">Ver texto completo<\/a><\/p>\r\n\r\n\r\n<hr class=\"wp-block-separator has-alpha-channel-opacity\" \/>\r\n\r\n\r\n<p><strong>Resoluci\u00f3n exenta N\u00b0 625, Ministerio del Trabajo y Previsi\u00f3n Social (28 de septiembre)<\/strong><\/p>\r\n\r\n\r\n\r\n<p>Califica situaci\u00f3n de emergencia laboral que indica y activa implementaci\u00f3n de la l\u00ednea emergencia laboral\u00a0Covid-19 del Programa de Formaci\u00f3n en el Puesto de Trabajo, conforme a lo dispuesto en el decreto N\u00ba 28, de 2011<br \/><a href=\"https:\/\/westlawchile.cl\/maf\/app\/document?&amp;src=laley4&amp;docguid=iA5667DA951EDF589BCBD17C9E7247934\">Ver texto completo<\/a><\/p>\r\n\r\n\r\n<hr class=\"wp-block-separator has-alpha-channel-opacity\" \/>\r\n\r\n\r\n<p><strong>Resoluci\u00f3n exenta N\u00b0 564, Seremi de Transportes XII Regi\u00f3n de Magallanes y la Ant\u00e1rtica Chilena (28 de septiembre)<\/strong><\/p>\r\n\r\n\r\n\r\n<p>Deja sin efecto resoluci\u00f3n N\u00ba 527 exenta, de 2020, en t\u00e9rminos que indica<br \/><a href=\"https:\/\/westlawchile.cl\/maf\/app\/document?&amp;src=laley4&amp;docguid=i9BAD569D5FFF14B2AB693272BD3BAAA1\">Ver texto completo<\/a><\/p>\r\n\r\n\r\n<hr class=\"wp-block-separator has-alpha-channel-opacity\" \/>\r\n\r\n\r\n<p><strong>Decreto N\u00b0 435, Ministerio del Interior y Seguridad P\u00fablica (26 de septiembre)<\/strong><\/p>\r\n\r\n\r\n\r\n<p>Extiende vigencia del decreto N\u00ba 102, de 2020, que dispone el cierre temporal de lugares habilitados para el ingreso y egreso de extranjeros, por Emergencia de Salud P\u00fablica de Importancia Internacional por brote del nuevo\u00a0coronavirus\u00a0(2019-NCOV)<br \/><a href=\"https:\/\/westlawchile.cl\/maf\/app\/document?&amp;src=laley4&amp;docguid=i2B713B4A25C836FB00049B8431A50EAB\">Ver texto completo<\/a><\/p>\r\n\r\n\r\n<hr class=\"wp-block-separator has-alpha-channel-opacity\" \/>\r\n\r\n\r\n<p><strong>Decreto N\u00b0 297, Ministerio de Hacienda (26 de septiembre)<\/strong><\/p>\r\n\r\n\r\n\r\n<p>Extiende el Ingreso Familiar de Emergencia a un quinto y sexto aporte, de acuerdo a lo se\u00f1alado en el art\u00edculo 5 bis de la ley N\u00ba 21.230, que lo concede<br \/><a href=\"https:\/\/westlawchile.cl\/maf\/app\/document?&amp;src=laley4&amp;docguid=iD5C698EB596939468C232F160F191AB1\">Ver texto completo<\/a><\/p>\r\n\r\n\r\n<hr class=\"wp-block-separator has-alpha-channel-opacity\" \/>\r\n\r\n\r\n<p><strong>Resoluci\u00f3n exenta N\u00b0 806, Ministerio de Salud (26 de septiembre)<\/strong><\/p>\r\n\r\n\r\n\r\n<p>Modifica resoluci\u00f3n N\u00ba 591 exenta, de 2020<br \/><a href=\"https:\/\/westlawchile.cl\/maf\/app\/document?&amp;src=laley4&amp;docguid=i7BC3CA22EAB94CB61B2D597B4988B76C\">Ver texto completo<\/a><\/p>\r\n\r\n\r\n<hr class=\"wp-block-separator has-alpha-channel-opacity\" \/>\r\n\r\n\r\n<p><strong>Decreto N\u00b0 1.434, Ministerio de Hacienda (25 de septiembre)<\/strong><\/p>\r\n\r\n\r\n\r\n<p>Establece par\u00e1metros que se indican, otorga y mejora prestaciones de las leyes que se\u00f1ala, conforme a lo dispuesto en los art\u00edculos 4\u00b0 y 7\u00b0 de la ley N\u00ba 21.263, que flexibiliza transitoriamente los requisitos de acceso e incrementa el monto de las prestaciones del seguro de desempleo de la ley N\u00ba 19.728, y perfecciona los beneficios de la ley N\u00ba 21.227<br \/><a href=\"https:\/\/westlawchile.cl\/maf\/app\/document?&amp;src=laley4&amp;docguid=i7D9FB68A4AD59A7E2830496A83563507\">Ver texto completo<\/a><\/p>\r\n\r\n\r\n<hr class=\"wp-block-separator has-alpha-channel-opacity\" \/>\r\n\r\n\r\n<p><strong>Resoluci\u00f3n exenta N\u00b0 804, Ministerio de Salud (25 de septiembre)<\/strong><\/p>\r\n\r\n\r\n\r\n<p>Dispone medidas sanitarias que indica por brote de\u00a0Covid-19<br \/><a href=\"https:\/\/westlawchile.cl\/maf\/app\/document?&amp;src=laley4&amp;docguid=iDFE248D189A271782B7F5B70E8243E20\">Ver texto completo<\/a><\/p>\r\n\r\n\r\n<hr class=\"wp-block-separator has-alpha-channel-opacity\" \/>\r\n\r\n\r\n<p><strong>Resoluci\u00f3n exenta N\u00b0 57, Seremi de Transportes XVI Regi\u00f3n de \u00d1uble (25 de septiembre)<\/strong><\/p>\r\n\r\n\r\n\r\n<p>Establece v\u00edas exclusivas en la ciudad de Chill\u00e1n para la circulaci\u00f3n de veh\u00edculos que indica<br \/><a href=\"https:\/\/westlawchile.cl\/maf\/app\/document?&amp;src=laley4&amp;docguid=iF9FA7347843DE293A7C6099AEBF0CCE5\">Ver texto completo<\/a><\/p>\r\n\r\n\r\n<hr class=\"wp-block-separator has-alpha-channel-opacity\" \/>\r\n\r\n\r\n<p><strong>Resoluci\u00f3n exenta N\u00b0 59, Seremi de Transportes XVI Regi\u00f3n de \u00d1uble (25 de septiembre)<\/strong><\/p>\r\n\r\n\r\n\r\n<p>Proh\u00edbe circulaci\u00f3n de veh\u00edculos que indica en las condiciones que se\u00f1ala<br \/><a href=\"https:\/\/westlawchile.cl\/maf\/app\/document?&amp;src=laley4&amp;docguid=i38C1EEEE4FEE39C41955E1A2BC72F461\">Ver texto completo<\/a><\/p>\r\n\r\n\r\n<hr class=\"wp-block-separator has-alpha-channel-opacity\" \/>\r\n\r\n\r\n<p><strong>Resoluci\u00f3n exenta N\u00b0 1.387, Ministerio de Vivienda y Urbanismo (23 de septiembre)<\/strong><\/p>\r\n\r\n\r\n\r\n<p>Define condiciones operativas excepcionales en contexto de cat\u00e1strofe para la aplicaci\u00f3n pr\u00e1ctica de subsidios obtenidos mediante los llamados a postulaci\u00f3n efectuados durante el a\u00f1o 2020, del Programa de Protecci\u00f3n del Patrimonio Familiar, regulado por el decreto N\u00ba 255, de 2006, y por el Programa de Mejoramiento de Viviendas y Barrios, regulado por el decreto N\u00ba 27, de 2016<br \/><a href=\"https:\/\/westlawchile.cl\/maf\/app\/document?&amp;src=laley4&amp;docguid=i8752BF6D84C1C1FEA88F1C86AE77D5D0\">Ver texto completo<\/a><\/p>\r\n\r\n\r\n<hr class=\"wp-block-separator has-alpha-channel-opacity\" \/>\r\n\r\n\r\n<p><strong>Ley N\u00b0 21.267, Ministerio de Salud (22 de septiembre)<\/strong><\/p>\r\n\r\n\r\n\r\n<p>Establece medidas para facilitar la adquisici\u00f3n de remedios en el contexto de una alerta sanitaria por epidemia o pandemia<br \/><a href=\"https:\/\/westlawchile.cl\/maf\/app\/document?&amp;src=laley4&amp;docguid=i1B3D4FB5B6D2FA46EF689767C7D374AE\">Ver texto completo<\/a><\/p>\r\n\r\n\r\n<hr class=\"wp-block-separator has-alpha-channel-opacity\" \/>\r\n\r\n\r\n<p><strong>Resoluci\u00f3n exenta N\u00b0 353, Direcci\u00f3n General del Cr\u00e9dito Prendario(22 de septiembre)<\/strong><\/p>\r\n\r\n\r\n\r\n<p>Reanuda las operaciones de cr\u00e9dito en la Unidad de Cr\u00e9dito Copiap\u00f3, de la Direcci\u00f3n General del Cr\u00e9dito Prendario<br \/><a href=\"https:\/\/westlawchile.cl\/maf\/app\/document?&amp;src=laley4&amp;docguid=iE76E5A0160C934B3F3225A1905B4DC5C\">Ver texto completo<\/a><\/p>\r\n\r\n\r\n<hr class=\"wp-block-separator has-alpha-channel-opacity\" \/>\r\n\r\n\r\n<p><strong>Ley N\u00b0 21.266, Ministerio de Justicia y Derechos Humanos (21 de septiembre)<\/strong><\/p>\r\n\r\n\r\n\r\n<p>Modifica la ley N\u00b0 21.057, que regula entrevistas grabadas en video y otras medidas de resguardo a menores de edad, v\u00edctimas de delitos sexuales, en los t\u00e9rminos que indica<br \/><a href=\"https:\/\/westlawchile.cl\/maf\/app\/document?&amp;src=laley4&amp;docguid=i48E454CDDA695665A5695F79FA434915\">Ver texto completo<\/a><\/p>\r\n\r\n\r\n<hr class=\"wp-block-separator has-alpha-channel-opacity\" \/>\r\n\r\n\r\n<p><strong>Ley N\u00b0 21.269, Ministerio del Trabajo y Previsi\u00f3n Social (21 de septiembre)<\/strong><\/p>\r\n\r\n\r\n\r\n<p>Incorpora a los trabajadores de casa particular al seguro de desempleo de la ley N\u00b0 19.728<br \/><a href=\"https:\/\/westlawchile.cl\/maf\/app\/document?&amp;src=laley4&amp;docguid=iACC5A5903372A995A1D3E93F171A532E\">Ver texto completo<\/a><\/p>\r\n\r\n\r\n<hr class=\"wp-block-separator has-alpha-channel-opacity\" \/>\r\n\r\n\r\n<p><strong>Resoluci\u00f3n exenta N\u00b0 1.136, Seremi de Vivienda XIII Regi\u00f3n Metropolitana(21 de septiembre)<\/strong><\/p>\r\n\r\n\r\n\r\n<p>Suspende y regulariza pr\u00f3rroga de postergaci\u00f3n de permisos de construcciones, respecto de la modificaci\u00f3n en curso al Plan Regulador Comunal de la Comuna de La Cisterna, por razones que indica<br \/><a href=\"https:\/\/westlawchile.cl\/maf\/app\/document?&amp;src=laley4&amp;docguid=iE6CE309CD3169488C2BB4B7476E5D5DF\">Ver texto completo<\/a><\/p>\r\n\r\n\r\n<hr class=\"wp-block-separator has-alpha-channel-opacity\" \/>\r\n\r\n\r\n<p><strong>Resoluci\u00f3n exenta N\u00b0 777, Ministerio de Salud (17 de septiembre)<\/strong><\/p>\r\n\r\n\r\n\r\n<p>Dispone medidas sanitarias que indica en Fiestas Patrias por brote de Covid-19<br \/><a href=\"https:\/\/westlawchile.cl\/maf\/app\/document?&amp;src=laley4&amp;docguid=iB1C0EBF38E172D071DE05B12688C3F52\">Ver texto completo<\/a><\/p>\r\n\r\n\r\n<hr class=\"wp-block-separator has-alpha-channel-opacity\" \/>\r\n\r\n\r\n<p><strong>Resoluci\u00f3n exenta N\u00b0 778, Ministerio de Salud (17 de septiembre)<\/strong><\/p>\r\n\r\n\r\n\r\n<p>Dispone medidas sanitarias que indica por brote de Covid-19<br \/><a href=\"https:\/\/westlawchile.cl\/maf\/app\/document?&amp;src=laley4&amp;docguid=i571A4EF5C5D71046BD24EB05FE86B19D\">Ver texto completo<\/a><\/p>\r\n\r\n\r\n<hr class=\"wp-block-separator has-alpha-channel-opacity\" \/>\r\n\r\n\r\n<p><strong>Decreto N\u00b0 189, Ministerio de Defensa Nacional (17 de septiembre)<\/strong><\/p>\r\n\r\n\r\n\r\n<p>Modifica decreto N\u00b0 427, de 1979, que aprueba Reglamento de Tarifas y Derechos de la Direcci\u00f3n del Litoral y de Marina Mercante<br \/><a href=\"https:\/\/westlawchile.cl\/maf\/app\/document?&amp;src=laley4&amp;docguid=iB0667CFAD60E73D08CE9795C26A81261\">Ver texto completo<\/a><\/p>\r\n\r\n\r\n<hr class=\"wp-block-separator has-alpha-channel-opacity\" \/>\r\n\r\n\r\n<p><strong>Resoluci\u00f3n exenta N\u00b0 549, Seremi de Transportes XII Regi\u00f3n de Magallanes y la Ant\u00e1rtica Chilena(17 de septiembre)<\/strong><\/p>\r\n\r\n\r\n\r\n<p>Modifica resoluci\u00f3n N\u00b0 527 exenta, de 2020<br \/><a href=\"https:\/\/westlawchile.cl\/maf\/app\/document?&amp;src=laley4&amp;docguid=iACAB5BDD1D7000BD24D7D31103838452\">Ver texto completo<\/a><\/p>\r\n\r\n\r\n<hr class=\"wp-block-separator has-alpha-channel-opacity\" \/>\r\n\r\n\r\n<p><strong>Resoluci\u00f3n exenta N\u00b0 132, Ministerio del Interior y Seguridad P\u00fablica (15 de septiembre)<\/strong><\/p>\r\n\r\n\r\n\r\n<p>Unifica criterios para autorizar temporalmente la capacitaci\u00f3n y cursos en l\u00ednea de guardias de seguridad y vigilantes privados, por estado de excepci\u00f3n constitucional de cat\u00e1strofe, por calamidad p\u00fablica<br \/><a href=\"https:\/\/westlawchile.cl\/maf\/app\/document?&amp;src=laley4&amp;docguid=i28E5EA57EDE317E9E52CC4ABD27F594C\">Ver texto completo<\/a><\/p>\r\n\r\n\r\n<hr class=\"wp-block-separator has-alpha-channel-opacity\" \/>\r\n\r\n\r\n<p>\u00a0<strong>Resoluci\u00f3n exenta N\u00b0 772, Ministerio de Salud (15 de septiembre)<\/strong><\/p>\r\n\r\n\r\n\r\n<p>Dispone medidas sanitarias que indica por brote de Covid-19<br \/><a href=\"https:\/\/westlawchile.cl\/maf\/app\/document?&amp;src=laley4&amp;docguid=i1B6124BC7A295CC7EAB52F6C68DBA357\">Ver texto completo<\/a><\/p>\r\n\r\n\r\n<hr class=\"wp-block-separator has-alpha-channel-opacity\" \/>\r\n\r\n\r\n<p><strong>Resoluci\u00f3n exenta N\u00b0 298, Direcci\u00f3n General del Cr\u00e9dito Prendario(15 de septiembre)<\/strong><\/p>\r\n\r\n\r\n\r\n<p>Reanuda las operaciones de cr\u00e9dito en la Unidad de Cr\u00e9dito Rancagua<br \/><a href=\"https:\/\/westlawchile.cl\/maf\/app\/document?&amp;src=laley4&amp;docguid=iBD9176004172BD2D8E0256BB8D6DD40F\">Ver texto completo<\/a><\/p>\r\n\r\n\r\n<hr class=\"wp-block-separator has-alpha-channel-opacity\" \/>\r\n\r\n\r\n<p><strong>Decreto N\u00b0 400, Ministerio del Interior y Seguridad P\u00fablica (12 de septiembre)<\/strong><\/p>\r\n\r\n\r\n\r\n<p>Prorroga declaraci\u00f3n de estado de excepci\u00f3n constitucional de cat\u00e1strofe, por calamidad p\u00fablica, en el territorio de Chile, por el lapso que indica<br \/><a href=\"https:\/\/westlawchile.cl\/maf\/app\/document?&amp;src=laley4&amp;docguid=i85EDD26D21E90557AC598D0F168CA21F\">Ver texto completo<\/a><\/p>\r\n\r\n\r\n<hr class=\"wp-block-separator has-alpha-channel-opacity\" \/>\r\n\r\n\r\n<p><strong>Decreto N\u00b0 1.246, Ministerio de Hacienda (12 de septiembre)<\/strong><\/p>\r\n\r\n\r\n\r\n<p>Establece mecanismo para implementar el decreto N\u00ba 333, de 2020, que autoriza disponer del 2% constitucional, para atender los gastos necesarios derivados de la epidemia del coronavirus, Covid-19<br \/><a href=\"https:\/\/westlawchile.cl\/maf\/app\/document?&amp;src=laley4&amp;docguid=i0B6FD612A7DC9538549A74896E748A26\">Ver texto completo<\/a><\/p>\r\n\r\n\r\n<hr class=\"wp-block-separator has-alpha-channel-opacity\" \/>\r\n\r\n\r\n<p><strong>Decreto N\u00b0 284, Ministerio de Hacienda (12 de septiembre)<\/strong><\/p>\r\n\r\n\r\n\r\n<p>Regula requisitos, procedimiento, cuotas y plazos para acceder al bono de apoyo y pr\u00e9stamo estatal solidario establecido en favor de los microempresarios y conductores del transporte remunerado de pasajeros, seg\u00fan lo establecido en el art\u00edculo 6\u00b0 de la ley N\u00ba 21.256<br \/><a href=\"https:\/\/westlawchile.cl\/maf\/app\/document?&amp;src=laley4&amp;docguid=iF39EB7C1092DDBDA37C846CA6AE85C74\">Ver texto completo<\/a><\/p>\r\n\r\n\r\n<hr class=\"wp-block-separator has-alpha-channel-opacity\" \/>\r\n\r\n\r\n<p><strong>Resoluci\u00f3n exenta N\u00b0 340, Direcci\u00f3n General del Cr\u00e9dito Prendario(12 de septiembre)<\/strong><\/p>\r\n\r\n\r\n\r\n<p>Reanuda las operaciones de cr\u00e9dito en las Unidades de Cr\u00e9dito La Serena y Puente Alto<br \/><a href=\"https:\/\/westlawchile.cl\/maf\/app\/document?&amp;src=laley4&amp;docguid=iE4DB560A9924724523C27F12E486098E\">Ver texto completo<\/a><\/p>\r\n\r\n\r\n<hr class=\"wp-block-separator has-alpha-channel-opacity\" \/>\r\n\r\n\r\n<p><strong>Resoluci\u00f3n exenta N\u00b0 341, Direcci\u00f3n General del Cr\u00e9dito Prendario(12 de septiembre)<\/strong><\/p>\r\n\r\n\r\n\r\n<p>Declara suspensi\u00f3n de cobro por derecho de remate de las unidades de cr\u00e9dito del pa\u00eds<br \/><a href=\"https:\/\/westlawchile.cl\/maf\/app\/document?&amp;src=laley4&amp;docguid=i940BC1C83E1EC428C165C926294E64EF\">Ver texto completo<\/a><\/p>\r\n\r\n\r\n<hr class=\"wp-block-separator has-alpha-channel-opacity\" \/>\r\n\r\n\r\n<p><strong>Resoluci\u00f3n exenta N\u00b0 1.320, Ministerio de las culturas, las artes y el patrimonio (12 de septiembre)<\/strong><\/p>\r\n\r\n\r\n\r\n<p>Modifica resoluci\u00f3n N\u00ba 72 exenta, de 2018, para el otorgamiento del auspicio establecido en el art\u00edculo 12 del decreto ley N\u00ba 825, de 1974, sobre impuesto a las ventas y servicio<br \/><a href=\"https:\/\/westlawchile.cl\/maf\/app\/document?&amp;src=laley4&amp;docguid=i62DDB0317CF14BE266DB82766EF2568B\">Ver texto completo<\/a><\/p>\r\n\r\n\r\n<hr class=\"wp-block-separator has-alpha-channel-opacity\" \/>\r\n\r\n\r\n<p><strong>Decreto N\u00b0 399, Ministerio del Interior y Seguridad P\u00fablica (11 de septiembre)<\/strong><\/p>\r\n\r\n\r\n\r\n<p>Extiende vigencia del decreto N\u00ba 102, de 2020, que dispone el cierre temporal de lugares habilitados para el ingreso y egreso de extranjeros, por Emergencia de Salud P\u00fablica de Importancia Internacional por brote del nuevo\u00a0coronavirus\u00a0(2019-NCOV)<br \/><a href=\"https:\/\/westlawchile.cl\/maf\/app\/document?&amp;src=laley4&amp;docguid=i1D90DAD83988B3A46449088CD35C6D2D\">Ver texto completo<\/a><\/p>\r\n\r\n\r\n<hr class=\"wp-block-separator has-alpha-channel-opacity\" \/>\r\n\r\n\r\n<p><strong>Resoluci\u00f3n exenta N\u00b0 742, Ministerio de Salud (11 de septiembre)<\/strong><\/p>\r\n\r\n\r\n\r\n<p>Dispone medidas sanitarias que indica por brote de\u00a0Covid-19<br \/><a href=\"https:\/\/westlawchile.cl\/maf\/app\/document?&amp;src=laley4&amp;docguid=iF00EE2BA69955D4F15A218CB9EB25B4F\">Ver texto completo<\/a><\/p>\r\n\r\n\r\n<hr class=\"wp-block-separator has-alpha-channel-opacity\" \/>\r\n\r\n\r\n<p><strong>Resoluci\u00f3n exenta n\u00famero 577, Tesorer\u00eda General de la Rep\u00fablica (9 de septiembre)<\/strong><\/p>\r\n\r\n\r\n\r\n<p>Complementa normas sobre condonaci\u00f3n de recargos legales de deudas de contribuciones, conforme a lo previsto en el N\u00ba 4 del art\u00edculo 1\u00ba del decreto N\u00ba 1.156, de 2020<br \/><a href=\"https:\/\/westlawchile.cl\/maf\/app\/document?&amp;src=laley4&amp;docguid=i59C2F7DE5D215A57FC403E4C8402EF9C\">Ver texto completo<\/a><\/p>\r\n\r\n\r\n<hr class=\"wp-block-separator has-alpha-channel-opacity\" \/>\r\n\r\n\r\n<p><strong>Ley N\u00b0 21.259, Ministerio de Econom\u00eda, Fomento y Turismo (8 de septiembre)<\/strong><\/p>\r\n\r\n\r\n\r\n<p>Modifica la legislaci\u00f3n pesquera a fin de enfrentar los efectos de la enfermedad COVID-19 en Chile<br \/><a href=\"https:\/\/westlawchile.cl\/maf\/app\/document?&amp;src=laley4&amp;docguid=i93443F9C9721CFC1F5881AB7B8C6CE1D\">Ver texto completo<\/a><\/p>\r\n\r\n\r\n<hr class=\"wp-block-separator has-alpha-channel-opacity\" \/>\r\n\r\n\r\n<p><strong>Decreto n\u00famero 1.099, Ministerio de Hacienda (8 de septiembre)<\/strong><\/p>\r\n\r\n\r\n\r\n<p>Establece de manera excepcional remuneraciones de los directores de la Corporaci\u00f3n Nacional del Cobre de Chile, por periodo que indica<br \/><a href=\"https:\/\/westlawchile.cl\/maf\/app\/document?&amp;src=laley4&amp;docguid=i8B8A0030650A1659E3E7536DC943ACCD\">Ver texto completo<\/a><\/p>\r\n\r\n\r\n<hr class=\"wp-block-separator has-alpha-channel-opacity\" \/>\r\n\r\n\r\n<p><strong>Resoluci\u00f3n exenta N\u00b0 1.234, Ministerio de las culturas, las artes y el patrimonio (5 de septiembre)<\/strong><\/p>\r\n\r\n\r\n\r\n<p>Establece Protocolo para la ampliaci\u00f3n extraordinaria del plazo para entregar la garant\u00eda asociada a convenios de ejecuci\u00f3n de proyectos que indica, en el marco de la contingencia sanitaria del pa\u00eds<br \/><a href=\"https:\/\/westlawchile.cl\/maf\/app\/document?&amp;src=laley4&amp;docguid=i00497ABDF165ABF91D43EE8434EB8CCC\">Ver texto completo<\/a><\/p>\r\n\r\n\r\n<hr class=\"wp-block-separator has-alpha-channel-opacity\" \/>\r\n\r\n\r\n<p><strong>Ley N\u00b0 21.260, Ministerio del Trabajo y Previsi\u00f3n Social (4 de septiembre)<\/strong><\/p>\r\n\r\n\r\n\r\n<p>Modifica el C\u00f3digo del Trabajo para posibilitar el trabajo a distancia o teletrabajo de la trabajadora embarazada, en caso de estado de excepci\u00f3n constitucional de cat\u00e1strofe, por calamidad p\u00fablica, con ocasi\u00f3n de una epidemia o pandemia a causa de una enfermedad contagiosa, y establece otras normas excepcionales que indica<br \/><a href=\"https:\/\/westlawchile.cl\/maf\/app\/document?&amp;src=laley4&amp;docguid=iB49433621B22D6F455010E240EE75D9E\">Ver texto completo<\/a><\/p>\r\n\r\n\r\n<hr class=\"wp-block-separator has-alpha-channel-opacity\" \/>\r\n\r\n\r\n<p><strong>Ley N\u00b0 21.263, Ministerio del Trabajo y Previsi\u00f3n Social (4 de septiembre)<\/strong><\/p>\r\n\r\n\r\n\r\n<p>Flexibiliza transitoriamente los requisitos de acceso e incrementa el monto de las prestaciones al seguro de desempleo de la ley N\u00ba 19.728, con motivo de la pandemia originada por el COVID-19, y perfecciona los beneficios de la ley N\u00ba 21.227<br \/><a href=\"https:\/\/westlawchile.cl\/maf\/app\/document?&amp;src=laley4&amp;docguid=iDFB95658E438988021C0EDD5CFA7D496\">Ver texto completo<\/a><\/p>\r\n\r\n\r\n<hr class=\"wp-block-separator has-alpha-channel-opacity\" \/>\r\n\r\n\r\n<p><strong>Resoluci\u00f3n exenta n\u00famero 736, Ministerio de Salud (4 de septiembre)<\/strong><\/p>\r\n\r\n\r\n\r\n<p>Dispone medidas sanitarias que indica por brote de Covid-19 y modifica resoluci\u00f3n N\u00ba 591 exenta, de 2020<br \/><a href=\"https:\/\/westlawchile.cl\/maf\/app\/document?&amp;src=laley4&amp;docguid=iDD969E6703A429D708AE9669E4526498\">Ver texto completo<\/a><\/p>\r\n\r\n\r\n<hr class=\"wp-block-separator has-alpha-channel-opacity\" \/>\r\n\r\n\r\n<p><strong>Resoluci\u00f3n N\u00b0 523, Seremi de Salud XI Regi\u00f3n de Ays\u00e9n(4 de septiembre)<\/strong><\/p>\r\n\r\n\r\n\r\n<p>Complementa resoluci\u00f3n N\u00b0 361 exenta, de 2020, que establece medidas sanitarias<br \/><a href=\"https:\/\/westlawchile.cl\/maf\/app\/document?&amp;src=laley4&amp;docguid=iA4D4D8A174F2A6412FAC4958A812739A\">Ver texto completo<\/a><\/p>\r\n\r\n\r\n<hr class=\"wp-block-separator has-alpha-channel-opacity\" \/>\r\n\r\n\r\n<p><strong>Resoluci\u00f3n exenta N\u00b0 719, Seremi de Transportes VI Regi\u00f3n del Libertador General Bernardo O\u2019Higgins (4 de septiembre)<\/strong><\/p>\r\n\r\n\r\n\r\n<p>Suspende plazo establecido para el reemplazo de los taxis cancelados del Registro de Servicios de Transporte de Pasajeros por los motivos que indica<br \/><a href=\"https:\/\/westlawchile.cl\/maf\/app\/document?&amp;src=laley4&amp;docguid=i581945E2BCC9A37D3B74C07F48D77855\">Ver texto completo<\/a><\/p>\r\n\r\n\r\n<hr class=\"wp-block-separator has-alpha-channel-opacity\" \/>\r\n\r\n\r\n<p><strong>Resoluci\u00f3n exenta n\u00famero 547, Seremi de Transportes X Regi\u00f3n de Los Lagos (4 de septiembre)<\/strong><\/p>\r\n\r\n\r\n\r\n<p>Establece plazo de vigencia de certificados de inscripci\u00f3n en el Registro de Servicios de Transporte de Pasajeros prestados en las modalidades de taxis en las circunstancias que indica<br \/><a href=\"https:\/\/westlawchile.cl\/maf\/app\/document?&amp;src=laley4&amp;docguid=i8AC8ACC42273CB38DCD35DBAA6434CAC\">Ver texto completo<\/a><\/p>\r\n\r\n\r\n<hr class=\"wp-block-separator has-alpha-channel-opacity\" \/>\r\n\r\n\r\n<p><strong>Resoluci\u00f3n exenta N\u00b0 272\/881, Ministerio Secretar\u00eda General de Gobierno (3 de septiembre)<\/strong><\/p>\r\n\r\n\r\n\r\n<p>Aprueba modificaci\u00f3n de bases administrativas del concurso p\u00fablico del Fondo de Fortalecimiento de Organizaciones de Inter\u00e9s P\u00fablico A\u00f1o 2020<br \/><a href=\"https:\/\/westlawchile.cl\/maf\/app\/document?&amp;src=laley4&amp;docguid=i26D67B05EFD0F274629D355A57D95873\">Ver texto completo<\/a><\/p>\r\n\r\n\r\n<hr class=\"wp-block-separator has-alpha-channel-opacity\" \/>\r\n\r\n\r\n<p><strong>Ley N\u00b0 21.256 (2 de septiembre)<\/strong><\/p>\r\n\r\n\r\n\r\n<p>Establece medidas tributarias que forman parte del Plan de Emergencia para la Reactivaci\u00f3n Econ\u00f3mica y del Empleo en un Marco de Convergencia Fiscal de Mediano Plazo<br \/><a href=\"https:\/\/westlawchile.cl\/maf\/app\/document?&amp;src=laley4&amp;docguid=iA8A6C1300FCE511C11B9C0CEBFFA691C\">Ver texto completo<\/a><\/p>\r\n\r\n\r\n<hr class=\"wp-block-separator has-alpha-channel-opacity\" \/>\r\n\r\n\r\n<p><strong>Resoluci\u00f3n exenta n\u00famero 723, Ministerio de Salud (1 de septiembre)<\/strong><\/p>\r\n\r\n\r\n\r\n<p>Dispone medidas sanitarias que indica por brote de Covid-19<br \/><a href=\"https:\/\/westlawchile.cl\/maf\/app\/document?&amp;src=laley4&amp;docguid=iABC892344C2C0D146BA16606BA68F1A7\">Ver texto completo<\/a><\/p>\r\n\r\n\r\n<hr class=\"wp-block-separator has-alpha-channel-opacity\" \/>\r\n\r\n\r\n<p><strong>Resoluci\u00f3n exenta n\u00famero 722, Ministerio de Salud (1 de septiembre)<\/strong><\/p>\r\n\r\n\r\n\r\n<p>Modifica resoluci\u00f3n N\u00ba 591 exenta, de 2020<br \/><a href=\"https:\/\/westlawchile.cl\/maf\/app\/document?&amp;src=laley4&amp;docguid=iDD1EC97E36982C99062ADD5F4C12055B\">Ver texto completo<\/a><\/p>\r\n\r\n\r\n<hr class=\"wp-block-separator has-alpha-channel-opacity\" \/>\r\n\r\n\r\n<p><strong>Resoluci\u00f3n exenta n\u00famero 2.943, Direcci\u00f3n General de Movilizaci\u00f3n Nacional (1 de septiembre)<\/strong><\/p>\r\n\r\n\r\n\r\n<p>Ampl\u00eda plazo dispuesto por resoluci\u00f3n, respecto a renovaciones anuales de inscripciones del registro nacional y otros a usuarios de la ley<br \/><a href=\"https:\/\/westlawchile.cl\/maf\/app\/document?&amp;src=laley4&amp;docguid=i7ACBCFCA37700B44FC92633BA19943B1\">Ver texto completo<\/a><\/p>\r\n\r\n\r\n<hr class=\"wp-block-separator has-alpha-channel-opacity\" \/>\r\n\r\n\r\n<p><strong>Resoluci\u00f3n exenta n\u00famero 323, Direcci\u00f3n General del Cr\u00e9dito Prendario (1 de septiembre)<\/strong><\/p>\r\n\r\n\r\n\r\n<p>Regulariza la suspensi\u00f3n de las operaciones de cr\u00e9dito en las unidades de cr\u00e9dito La Serena y Puerto Montt<br \/><a href=\"https:\/\/westlawchile.cl\/maf\/app\/document?&amp;src=laley4&amp;docguid=i71985C3A613CB2645F6DF7CFB65A2729\">Ver texto completo<\/a><\/p>\r\n\r\n\r\n<hr class=\"wp-block-separator has-alpha-channel-opacity\" \/>\r\n\r\n\r\n<p><strong>Resoluci\u00f3n exenta n\u00famero 322, Direcci\u00f3n General del Cr\u00e9dito Prendario (31 de agosto)<\/strong><\/p>\r\n\r\n\r\n\r\n<p>Declara suspensi\u00f3n de remates en las unidades de cr\u00e9dito del pa\u00eds para el mes de septiembre de 2020<br \/><a href=\"https:\/\/westlawchile.cl\/maf\/app\/document?&amp;src=laley4&amp;docguid=i232A795BED251A659B51DC0533075DEF\">Ver texto completo<\/a><\/p>\r\n\r\n\r\n<hr class=\"wp-block-separator has-alpha-channel-opacity\" \/>\r\n\r\n\r\n<p><strong>Resoluci\u00f3n exenta n\u00famero 497, Seremi de Transportes X Regi\u00f3n de Los Lagos (31 de agosto)<\/strong><\/p>\r\n\r\n\r\n\r\n<p>Deja sin efecto el resuelvo 1\u00ba de la resoluci\u00f3n N\u00ba 26 exenta, de 2004<br \/><a href=\"https:\/\/westlawchile.cl\/maf\/app\/document?&amp;src=laley4&amp;docguid=iB7C09E071B7513E9E0BBC6496973D3E8\">Ver texto completo<\/a><\/p>\r\n\r\n\r\n<hr class=\"wp-block-separator has-alpha-channel-opacity\" \/>\r\n\r\n\r\n<p><strong>Resoluci\u00f3n exenta n\u00famero 505, Ministerio de Salud (29 de agosto)<\/strong><\/p>\r\n\r\n\r\n\r\n<p>Dispone precios m\u00e1ximos de cascos CPAP y c\u00e1nulas nasales de alto flujo<br \/><a href=\"https:\/\/westlawchile.cl\/maf\/app\/document?&amp;src=laley4&amp;docguid=i39E6273054EE51C043DA615C4FE07B15\">Ver texto completo<\/a><\/p>\r\n\r\n\r\n<hr class=\"wp-block-separator has-alpha-channel-opacity\" \/>\r\n\r\n\r\n<p><strong>Decreto N\u00b0 344, Ministerio del Interior y Seguridad P\u00fablica (28 de agosto)<\/strong><\/p>\r\n\r\n\r\n\r\n<p>Extiende vigencia del decreto N\u00ba 102, de 2020, que dispone el cierre temporal de lugares habilitados para el ingreso y egreso de extranjeros, por Emergencia de Salud P\u00fablica de Importancia Internacional por brote del nuevo coronavirus (2019-NCOV)<br \/><a href=\"https:\/\/westlawchile.cl\/maf\/app\/document?&amp;src=laley4&amp;docguid=iBEAD049144ACAFD98765EA1D1887328A\">Ver texto completo<\/a><\/p>\r\n\r\n\r\n<hr class=\"wp-block-separator has-alpha-channel-opacity\" \/>\r\n\r\n\r\n<p><strong>Resoluci\u00f3n exenta n\u00famero 719, Ministerio de Salud (28 de agosto)<\/strong><\/p>\r\n\r\n\r\n\r\n<p>Dispone medidas sanitarias que indica por brote de Covid-19 y modifica resoluci\u00f3n N\u00b0 591 exenta, de 2020<br \/><a href=\"https:\/\/westlawchile.cl\/maf\/app\/document?&amp;src=laley4&amp;docguid=i7DE090F3CAE5623F5BD7E9F0F5421C73\">Ver texto completo<\/a><\/p>\r\n\r\n\r\n<hr class=\"wp-block-separator has-alpha-channel-opacity\" \/>\r\n\r\n\r\n<p><strong>Resoluci\u00f3n exenta N\u00b0 316, Direcci\u00f3n General del Cr\u00e9dito Prendario (27 de agosto)<\/strong><\/p>\r\n\r\n\r\n\r\n<p>Reanuda las operaciones de cr\u00e9dito en la Unidad de Cr\u00e9dito Los Andes, de la Regi\u00f3n de Valpara\u00edso, de la Direcci\u00f3n General del Cr\u00e9dito Prendario<br \/><a href=\"https:\/\/westlawchile.cl\/maf\/app\/document?&amp;src=laley4&amp;docguid=i6793FADB27E46A84474CF5406A0D726C\">Ver texto completo<\/a><\/p>\r\n\r\n\r\n<hr class=\"wp-block-separator has-alpha-channel-opacity\" \/>\r\n\r\n\r\n<p><strong>Resoluci\u00f3n exenta N\u00b0 22, Seremi de Transportes XVI Regi\u00f3n de \u00d1uble (27 de agosto)<\/strong><\/p>\r\n\r\n\r\n\r\n<p>Establece plazo de vigencia de certificados de inscripci\u00f3n en el Registro de Servicios de Transporte de Pasajeros prestados en las modalidades de taxis en las circunstancias que indica<br \/><a href=\"https:\/\/westlawchile.cl\/maf\/app\/document?&amp;src=laley4&amp;docguid=i35DB8F5D0DC5D91F685862CEB4CF6E25\">Ver texto completo<\/a><\/p>\r\n\r\n\r\n<hr class=\"wp-block-separator has-alpha-channel-opacity\" \/>\r\n\r\n\r\n<p><strong>Resoluci\u00f3n exenta N\u00b0 23, Seremi de Transportes XVI Regi\u00f3n de \u00d1uble (27 de agosto)<\/strong><\/p>\r\n\r\n\r\n\r\n<p>Suspende plazo establecido para el reemplazo de los taxis cancelados del Registro de Servicios de Transporte de Pasajeros por los motivos que indica<br \/><a href=\"https:\/\/westlawchile.cl\/maf\/app\/document?&amp;src=laley4&amp;docguid=iAD2F24B81ED2F06C5C525E9213ECCE39\">Ver texto completo<\/a><\/p>\r\n\r\n\r\n<hr class=\"wp-block-separator has-alpha-channel-opacity\" \/>\r\n\r\n\r\n<p><strong>Decreto N\u00b0 263, Ministerio de Hacienda (26 de agosto)<\/strong><\/p>\r\n\r\n\r\n\r\n<p>Establece par\u00e1metros que indica, de acuerdo a lo se\u00f1alado en el art\u00edculo 5 bis de la ley N\u00ba 21.230, que concede un Ingreso Familiar de Emergencia<br \/><a href=\"https:\/\/westlawchile.cl\/maf\/app\/document?&amp;src=laley4&amp;docguid=iCB40379AC470057F348A9BD7079C522C\">Ver texto completo<\/a><\/p>\r\n\r\n\r\n<hr class=\"wp-block-separator has-alpha-channel-opacity\" \/>\r\n\r\n\r\n<p><strong>Decreto N\u00b0 265, Ministerio de Hacienda (26 de agosto)<\/strong><\/p>\r\n\r\n\r\n\r\n<p>Aumenta el monto del cuarto aporte del Ingreso Familiar de Emergencia, de acuerdo a lo se\u00f1alado en el art\u00edculo 5 bis de la ley N\u00ba 21.230, que lo concede<br \/><a href=\"https:\/\/westlawchile.cl\/maf\/app\/document?&amp;src=laley4&amp;docguid=i2B712D62E43D5CC8CEB4FB16B8124AE7\">Ver texto completo<\/a><\/p>\r\n\r\n\r\n<hr class=\"wp-block-separator has-alpha-channel-opacity\" \/>\r\n\r\n\r\n<p><strong>Resoluci\u00f3n exenta n\u00famero 697, Ministerio de Salud (25 de agosto)<\/strong><\/p>\r\n\r\n\r\n\r\n<p>Dispone medidas sanitarias que indica por brote de Covid-19<br \/><a href=\"https:\/\/westlawchile.cl\/maf\/app\/document?&amp;src=laley4&amp;docguid=iC0195C97CF7D7349F4FCE0E6CE946E37\">Ver texto completo<\/a><\/p>\r\n\r\n\r\n<hr class=\"wp-block-separator has-alpha-channel-opacity\" \/>\r\n\r\n\r\n<p><strong>Resoluci\u00f3n exenta n\u00famero 9.282, Seremi de Salud X Regi\u00f3n de Los Lagos (25 de agosto)<\/strong><\/p>\r\n\r\n\r\n\r\n<p>Establece condiciones sanitarias para el transporte de carga terrestre en ingreso y salida de cord\u00f3n sanitario para Chilo\u00e9 ante brote Covid-19<br \/><a href=\"https:\/\/westlawchile.cl\/maf\/app\/document?&amp;src=laley4&amp;docguid=i6D9FDE596273B57BB2A6506F2B3E5FEB\">Ver texto completo<\/a><\/p>\r\n\r\n\r\n<hr class=\"wp-block-separator has-alpha-channel-opacity\" \/>\r\n\r\n\r\n<p><strong>Resoluci\u00f3n exenta n\u00famero 11.485, Seremi de Salud X Regi\u00f3n de Los Lagos (25 de agosto)<\/strong><\/p>\r\n\r\n\r\n\r\n<p>Aprueba Protocolo para Funerales en la Regi\u00f3n de Los Lagos<br \/><a href=\"https:\/\/westlawchile.cl\/maf\/app\/document?&amp;src=laley4&amp;docguid=i4A6F320658F39249A446315F7FF69505\">Ver texto completo<\/a><\/p>\r\n\r\n\r\n<hr class=\"wp-block-separator has-alpha-channel-opacity\" \/>\r\n\r\n\r\n<p><strong>Resoluci\u00f3n exenta n\u00famero 11.487, Seremi de Salud X Regi\u00f3n de Los Lagos (25 de agosto)<\/strong><\/p>\r\n\r\n\r\n\r\n<p>Establece medidas sanitarias para el ingreso a la Regi\u00f3n de Los Lagos de personas provenientes desde zonas en cuarentena<br \/><a href=\"https:\/\/westlawchile.cl\/maf\/app\/document?&amp;src=laley4&amp;docguid=i63FE5645C0638274AE2BAC0ED18803F4\">Ver texto completo<\/a><\/p>\r\n\r\n\r\n<hr class=\"wp-block-separator has-alpha-channel-opacity\" \/>\r\n\r\n\r\n<p><strong>Resoluci\u00f3n exenta n\u00famero 13.238, Seremi de Salud X Regi\u00f3n de Los Lagos (25 de agosto)<\/strong><\/p>\r\n\r\n\r\n\r\n<p>Establece los documentos y condiciones sanitarias que se exigir\u00e1n a las personas que indica en los puntos de control sanitario en ingreso a la Regi\u00f3n de Los Lagos y a las provincias de Chilo\u00e9 y de Palena<br \/><a href=\"https:\/\/westlawchile.cl\/maf\/app\/document?&amp;src=laley4&amp;docguid=iD1ECD3DF19C1B890239D5448100D1688\">Ver texto completo<\/a><\/p>\r\n\r\n\r\n<hr class=\"wp-block-separator has-alpha-channel-opacity\" \/>\r\n\r\n\r\n<p><strong>Resoluci\u00f3n exenta n\u00famero 13.385, Seremi de Salud X Regi\u00f3n de Los Lagos (25 de agosto)<\/strong><\/p>\r\n\r\n\r\n\r\n<p>Adecua Protocolo de Funerales<br \/><a href=\"https:\/\/westlawchile.cl\/maf\/app\/document?&amp;src=laley4&amp;docguid=iA777B29D36BB7B4FC2FFF8157EE1F348\">Ver texto completo<\/a><\/p>\r\n\r\n\r\n<hr class=\"wp-block-separator has-alpha-channel-opacity\" \/>\r\n\r\n\r\n<p><strong>Resoluci\u00f3n exenta n\u00famero 13.822, Seremi de Salud X Regi\u00f3n de Los Lagos (25 de agosto)<\/strong><\/p>\r\n\r\n\r\n\r\n<p>Establece medidas sanitarias para reducir riesgo de contagio de Covid-19 en las comunas de la provincia de Llanquihue que se indican<br \/><a href=\"https:\/\/westlawchile.cl\/maf\/app\/document?&amp;src=laley4&amp;docguid=iCD0750BB29F8E8B46FAA9A6422F3D0FD\">Ver texto completo<\/a><\/p>\r\n\r\n\r\n<hr class=\"wp-block-separator has-alpha-channel-opacity\" \/>\r\n\r\n\r\n<p><strong>Resoluci\u00f3n exenta n\u00famero 14.513, Seremi de Salud X Regi\u00f3n de Los Lagos (25 de agosto)<\/strong><\/p>\r\n\r\n\r\n\r\n<p>Establece medidas sanitarias para reducir riesgo de contagio en la comuna de Osorno<br \/><a href=\"https:\/\/westlawchile.cl\/maf\/app\/document?&amp;src=laley4&amp;docguid=iF8A2EBF233FD0E40ED3F78D493D18E46\">Ver texto completo<\/a><\/p>\r\n\r\n\r\n<hr class=\"wp-block-separator has-alpha-channel-opacity\" \/>\r\n\r\n\r\n<p><strong>Resoluci\u00f3n exenta n\u00famero 223, Ministerio de Desarrollo Social y familia (24 de agosto)<\/strong><\/p>\r\n\r\n\r\n\r\n<p>Rectifica y modifica resoluci\u00f3n N\u00ba 138 exenta, de 2020, y fija su texto refundido<br \/><a href=\"https:\/\/westlawchile.cl\/maf\/app\/document?&amp;src=laley4&amp;docguid=iF7FD448C4D565D71C734F37D9A1866B7\">Ver texto completo<\/a><\/p>\r\n\r\n\r\n<hr class=\"wp-block-separator has-alpha-channel-opacity\" \/>\r\n\r\n\r\n<p><strong>Resoluci\u00f3n exenta n\u00famero 696, Ministerio de Salud (22 de agosto)<\/strong><\/p>\r\n\r\n\r\n\r\n<p>Modifica resoluci\u00f3n N\u00ba 591 exenta, de 2020, y dispone medida sanitaria que indica<br \/><a href=\"https:\/\/westlawchile.cl\/maf\/app\/document?&amp;src=laley4&amp;docguid=i7BA336DE57463C38E0E1D367F6B5502D\">Ver texto completo<\/a><\/p>\r\n\r\n\r\n<hr class=\"wp-block-separator has-alpha-channel-opacity\" \/>\r\n\r\n\r\n<p><strong>Resoluci\u00f3n exenta n\u00famero 9.289, Seremi de Salud X Regi\u00f3n de Los Lagos (22 de agosto)<\/strong><\/p>\r\n\r\n\r\n\r\n<p>Establece condiciones sanitarias para tr\u00e1nsito de residentes de la provincia de Chilo\u00e9 a trav\u00e9s de cord\u00f3n sanitario<br \/><a href=\"https:\/\/westlawchile.cl\/maf\/app\/document?&amp;src=laley4&amp;docguid=iA4FC778C4AC593AA7E29D64B80F74C0A\">Ver texto completo<\/a><\/p>\r\n\r\n\r\n<hr class=\"wp-block-separator has-alpha-channel-opacity\" \/>\r\n\r\n\r\n<p><strong>Resoluci\u00f3n exenta n\u00famero 693, Ministerio de Salud (21 de agosto)<\/strong><\/p>\r\n\r\n\r\n\r\n<p>Dispone medidas sanitarias que indica por brote de Covid-19 y modifica resoluci\u00f3n N\u00ba 591 exenta, de 2020<br \/><a href=\"https:\/\/westlawchile.cl\/maf\/app\/document?&amp;src=laley4&amp;docguid=i23D6792768BB41CCEBADC300584665C8\">Ver texto completo<\/a><\/p>\r\n\r\n\r\n<hr class=\"wp-block-separator has-alpha-channel-opacity\" \/>\r\n\r\n\r\n<p><strong>Resoluci\u00f3n exenta n\u00famero 389, Seremi de Transportes IX Regi\u00f3n de la Araucan\u00eda (21 de agosto)<\/strong><\/p>\r\n\r\n\r\n\r\n<p>Suspende plazo establecido para el reemplazo de los taxis cancelados del Registro de Servicios de Transporte de Pasajeros<br \/><a href=\"https:\/\/westlawchile.cl\/maf\/app\/document?&amp;src=laley4&amp;docguid=i33BC6D67D356141C9337267E354C8CDA\">Ver texto completo<\/a><\/p>\r\n\r\n\r\n<hr class=\"wp-block-separator has-alpha-channel-opacity\" \/>\r\n\r\n\r\n<p><strong>Resoluci\u00f3n exenta n\u00famero 390, Seremi de Transportes IX Regi\u00f3n de la Araucan\u00eda (21 de agosto)<\/strong><\/p>\r\n\r\n\r\n\r\n<p>Establece plazo de vigencia de certificados de inscripci\u00f3n en el Registro de Servicios de Transporte de Pasajeros prestados en la modalidad de taxis en las circunstancias que indica<br \/><a href=\"https:\/\/westlawchile.cl\/maf\/app\/document?&amp;src=laley4&amp;docguid=iE821AD0E8559515C12C1BB244B2BB948\">Ver texto completo<\/a><\/p>\r\n\r\n\r\n<hr class=\"wp-block-separator has-alpha-channel-opacity\" \/>\r\n\r\n\r\n<p><strong>Decreto n\u00famero 28, Minsiterio de Salud (20 de agosto)<\/strong><\/p>\r\n\r\n\r\n\r\n<p>Modifica decreto N\u00b0 4, de 2020, que decreta alerta sanitaria por el periodo que se se\u00f1ala y otorga facultades extraordinarias que indica por emergencia de salud p\u00fablica de importancia internacional por brote del nuevo coronavirus (2019-NCOV)<br \/><a href=\"https:\/\/westlawchile.cl\/maf\/app\/document?&amp;src=laley4&amp;docguid=i6727761C121CDB9F5F8049A8FA97F0C7\">Ver texto completo<\/a><\/p>\r\n\r\n\r\n<hr class=\"wp-block-separator has-alpha-channel-opacity\" \/>\r\n\r\n\r\n<p><strong>Resoluci\u00f3n exenta n\u00famero 870, Subsecretar\u00eda de Econom\u00eda y Empresas de Menor Tama\u00f1o (19 de agosto)<\/strong><\/p>\r\n\r\n\r\n\r\n<p>Aclara y complementa resoluci\u00f3n administrativa N\u00ba 849 exenta, de 2020<br \/><a href=\"https:\/\/westlawchile.cl\/maf\/app\/document?&amp;src=laley4&amp;docguid=i1A3FB95C204CEE4C056A819CB68C4E1F\">Ver texto completo<\/a><\/p>\r\n\r\n\r\n<hr class=\"wp-block-separator has-alpha-channel-opacity\" \/>\r\n\r\n\r\n<p><strong>Resoluci\u00f3n exenta n\u00famero 4.118, Ministerio de Defensa Nacional (18 de agosto)<\/strong><\/p>\r\n\r\n\r\n\r\n<p>Dispone suspensi\u00f3n de plazos y otras medidas provisionales en los procedimientos administrativos y actuaciones que indica<br \/><a href=\"https:\/\/westlawchile.cl\/maf\/app\/document?&amp;src=laley4&amp;docguid=iED4640351C69601CA6B2C35544D30148\">Ver texto completo<\/a><\/p>\r\n\r\n\r\n<hr class=\"wp-block-separator has-alpha-channel-opacity\" \/>\r\n\r\n\r\n<p><strong>Resoluci\u00f3n exenta n\u00famero 301, Direcci\u00f3n General del Cr\u00e9dito Prendario (18 de agosto)<\/strong><\/p>\r\n\r\n\r\n\r\n<p>Reanuda las operaciones de cr\u00e9dito en las Unidades de Cr\u00e9dito Matriz, Matucana y San Diego<br \/><a href=\"https:\/\/westlawchile.cl\/maf\/app\/document?&amp;src=laley4&amp;docguid=iD591A34A61BF7CE95EA61188903D418B\">Ver texto completo<\/a><\/p>\r\n\r\n\r\n<hr class=\"wp-block-separator has-alpha-channel-opacity\" \/>\r\n\r\n\r\n<p><strong>Resoluci\u00f3n exenta n\u00famero 675, Ministerio de Salud (17 de agosto)<\/strong><\/p>\r\n\r\n\r\n\r\n<p>Modifica resoluci\u00f3n N\u00ba 591 exenta, de 2020<br \/><a href=\"https:\/\/westlawchile.cl\/maf\/app\/document?&amp;src=laley4&amp;docguid=i1F21BC2AED477A3DABE00E28C4DC4F4C\">Ver texto completo<\/a><\/p>\r\n\r\n\r\n<hr class=\"wp-block-separator has-alpha-channel-opacity\" \/>\r\n\r\n\r\n<p><strong>Resoluci\u00f3n n\u00famero 55, Corporaci\u00f3n de Fomento de la Producci\u00f3n (17 de agosto)<\/strong><\/p>\r\n\r\n\r\n\r\n<p>Modifica resoluci\u00f3n N\u00ba 36, de 2020, que introdujo modificaciones transitorias a los reglamentos de los programas de cobertura, en el marco del estado de excepci\u00f3n constitucional de cat\u00e1strofe por calamidad p\u00fablica, en el territorio de Chile<br \/><a href=\"https:\/\/westlawchile.cl\/maf\/app\/document?&amp;src=laley4&amp;docguid=iD66DC56D658F147BE2E151B5C98D1497\">Ver texto completo<\/a><\/p>\r\n\r\n\r\n<hr class=\"wp-block-separator has-alpha-channel-opacity\" \/>\r\n\r\n\r\n<p><strong>Decreto n\u00famero 319, Ministerio del Interior y Seguridad P\u00fablica (13 de agosto)<\/strong><\/p>\r\n\r\n\r\n\r\n<p>Extiende vigencia del decreto N\u00b0 102, de 2020, que dispone el cierre temporal de lugares habilitados para el ingreso y egreso de extranjeros, por Emergencia de Salud P\u00fablica de Importancia Internacional por brote del nuevo coronavirus (2019-NCOV)<br \/><a href=\"https:\/\/westlawchile.cl\/maf\/app\/document?&amp;src=laley4&amp;docguid=iD1423C9D3288C7A456F55C54167FE27B\">Ver texto completo<\/a><\/p>\r\n\r\n\r\n<hr class=\"wp-block-separator has-alpha-channel-opacity\" \/>\r\n\r\n\r\n<p><strong>Resoluci\u00f3n exenta n\u00famero 668, Ministerio de Salud (13 de agosto)<\/strong><\/p>\r\n\r\n\r\n\r\n<p>Dispone medidas sanitarias que indica por brote de Covid-19 y modifica resoluci\u00f3n N\u00ba 591 exenta, de 2020<br \/><a href=\"https:\/\/westlawchile.cl\/maf\/app\/document?&amp;src=laley4&amp;docguid=i847931A783F79203EAA6E76E4B78FF6A\">Ver texto completo<\/a><\/p>\r\n\r\n\r\n<hr class=\"wp-block-separator has-alpha-channel-opacity\" \/>\r\n\r\n\r\n<p><strong>Resoluci\u00f3n exenta n\u00famero 471, Ministerio de Salud (13 de agosto)<\/strong><\/p>\r\n\r\n\r\n\r\n<p>Dispone condiciones para la reconversi\u00f3n de camas con ventilaci\u00f3n mec\u00e1nica invasiva a camas de menor complejidad<br \/><a href=\"https:\/\/westlawchile.cl\/maf\/app\/document?&amp;src=laley4&amp;docguid=i1915EEA6E211288712CB396B843B6135\">Ver texto completo<\/a><\/p>\r\n\r\n\r\n<hr class=\"wp-block-separator has-alpha-channel-opacity\" \/>\r\n\r\n\r\n<p><strong>Decreto n\u00famero 190, Ministerio de Defensa Nacional (13 de agosto)<\/strong><\/p>\r\n\r\n\r\n\r\n<p>Modifica decreto N\u00ba 183, de 2019, que modific\u00f3 Reglamento sobre Concesiones Mar\u00edtimas<br \/><a href=\"https:\/\/westlawchile.cl\/maf\/app\/document?&amp;src=laley4&amp;docguid=i615CC65D4E1B4ECAE70C075625E0A59D\">Ver texto completo<\/a><\/p>\r\n\r\n\r\n<hr class=\"wp-block-separator has-alpha-channel-opacity\" \/>\r\n\r\n\r\n<p><strong>Resoluci\u00f3n exenta n\u00famero 640, Ministerio de Salud (11 de agosto)<\/strong><\/p>\r\n\r\n\r\n\r\n<p>Modifica resoluci\u00f3n N\u00ba 591 exenta, de 2020<\/p>\r\n\r\n\r\n\r\n<p><a href=\"https:\/\/westlawchile.cl\/maf\/app\/document?&amp;src=laley4&amp;docguid=iDA0DB6EC89AEEA8D7140BF0CBE639C8F\">Ver texto completo<\/a><\/p>\r\n\r\n\r\n<hr class=\"wp-block-separator has-alpha-channel-opacity\" \/>\r\n\r\n\r\n<p><strong>Resoluci\u00f3n exenta n\u00famero 663, Ministerio de Salud (11 de agosto)<\/strong><\/p>\r\n\r\n\r\n\r\n<p>Modifica resoluci\u00f3n N\u00ba 591 exenta, de 2020<br \/><a href=\"https:\/\/westlawchile.cl\/maf\/app\/document?&amp;src=laley4&amp;docguid=i6CE340C634E776EF27E455B61F535335\">Ver texto completo<\/a><\/p>\r\n\r\n\r\n<hr class=\"wp-block-separator has-alpha-channel-opacity\" \/>\r\n\r\n\r\n<p><strong>Resoluci\u00f3n exenta n\u00famero A\/762, Seremi de Salud XV Regi\u00f3n de Arica y Parinacota (11 de agosto)<\/strong><\/p>\r\n\r\n\r\n\r\n<p>Proh\u00edbe estacionamiento de camiones de carga internacional en lugares no autorizados<br \/><a href=\"https:\/\/westlawchile.cl\/maf\/app\/document?&amp;src=laley4&amp;docguid=iF778A48212CB9092A5DC538E27E494E5\">Ver texto completo<\/a><\/p>\r\n\r\n\r\n<hr class=\"wp-block-separator has-alpha-channel-opacity\" \/>\r\n\r\n\r\n<p><strong>Decreto n\u00famero 1.156, Ministerio de Hacienda (7 de agosto)<\/strong><\/p>\r\n\r\n\r\n\r\n<p>Modifica decreto N\u00ba 420, de 2020, estableciendo nuevas medidas de \u00edndole tributaria que indica<br \/><a href=\"https:\/\/westlawchile.cl\/maf\/app\/document?&amp;src=laley4&amp;docguid=i06FD7A965C177D41DCC4C57E2F2EDB06\">Ver texto completo<\/a><\/p>\r\n\r\n\r\n<hr class=\"wp-block-separator has-alpha-channel-opacity\" \/>\r\n\r\n\r\n<p><strong>Resoluci\u00f3n exenta n\u00famero 204, Ministerio de Hacienda (7 de agosto)<\/strong><\/p>\r\n\r\n\r\n\r\n<p>Se\u00f1ala las zonas o territorios afectados por acto o declaraci\u00f3n de autoridad y las actividades o establecimientos exceptuados de la paralizaci\u00f3n de actividades, para efectos de acceder a las prestaciones a que se refieren los art\u00edculos 1 y 2 de la ley N\u00ba 21.227<br \/><a href=\"https:\/\/westlawchile.cl\/maf\/app\/document?&amp;src=laley4&amp;docguid=i3A54386D9F16FF0AB731EB0053825BAF\">Ver texto completo<\/a><\/p>\r\n\r\n\r\n<hr class=\"wp-block-separator has-alpha-channel-opacity\" \/>\r\n\r\n\r\n<p><strong>Resoluci\u00f3n exenta n\u00famero 635, Ministerio de Salud (7 de agosto)<\/strong><\/p>\r\n\r\n\r\n\r\n<p>Dispone medidas sanitarias que indica por brote de Covid-19 y modifica resoluci\u00f3n N\u00ba 591 exenta, de 2020<br \/><a href=\"https:\/\/westlawchile.cl\/maf\/app\/document?&amp;src=laley4&amp;docguid=i716FA8F8D8149DF79F567758F3105F70\">Ver texto completo<\/a><\/p>\r\n\r\n\r\n<hr class=\"wp-block-separator has-alpha-channel-opacity\" \/>\r\n\r\n\r\n<p><strong>Resoluci\u00f3n exenta n\u00famero 1.364, Direcci\u00f3n General de Aguas (6 de agosto)<\/strong><\/p>\r\n\r\n\r\n\r\n<p>Prorroga resoluciones N\u00ba 492, 957, 1.014, 1.141 y 1.208 exentas, de 2020, que disponen suspensi\u00f3n de plazos en procedimientos administrativos que indica<br \/><a href=\"https:\/\/westlawchile.cl\/maf\/app\/document?&amp;src=laley4&amp;docguid=i9C0A5762523195F1A92295403904FE48\">Ver texto completo<\/a><\/p>\r\n\r\n\r\n<hr class=\"wp-block-separator has-alpha-channel-opacity\" \/>\r\n\r\n\r\n<p><strong>Resoluci\u00f3n exenta n\u00famero 250, Seremi de Transportes IV Regi\u00f3n de Coquimbo (6 de agosto)<\/strong><\/p>\r\n\r\n\r\n\r\n<p>Establece plazo de vigencia de certificados de inscripci\u00f3n en el Registro de Servicios de Transporte de Pasajeros de la Regi\u00f3n de Coquimbo, prestados en las modalidades de taxis en las circunstancias que indica<br \/><a href=\"https:\/\/westlawchile.cl\/maf\/app\/document?&amp;src=laley4&amp;docguid=iC8114739AEB75C7ACEBC1D81BDAE552F\">Ver texto completo<\/a><\/p>\r\n\r\n\r\n<hr class=\"wp-block-separator has-alpha-channel-opacity\" \/>\r\n\r\n\r\n<p><strong>Resoluci\u00f3n exenta n\u00famero 286, Direcci\u00f3n General del Cr\u00e9dito Prendario (6 de agosto)<\/strong><\/p>\r\n\r\n\r\n\r\n<p>Deja sin efecto resoluci\u00f3n N\u00ba 279 exenta, de 2020, y extiende suspensi\u00f3n de las operaciones cr\u00e9dito en la Unidad de Cr\u00e9dito de Copiap\u00f3<br \/><a href=\"https:\/\/westlawchile.cl\/maf\/app\/document?&amp;src=laley4&amp;docguid=i89E17833BB504E7050E08FB5698D909B\">Ver texto completo<\/a><\/p>\r\n\r\n\r\n<hr class=\"wp-block-separator has-alpha-channel-opacity\" \/>\r\n\r\n\r\n<p><strong>Ley N\u00b0 21.251, Ministerio de Desarrollo Social y Familia (3 de agosto)<\/strong><\/p>\r\n\r\n\r\n\r\n<p>Modifica la ley N\u00ba 21.230, para facilitar y ampliar el acceso al Ingreso Familiar de Emergencia<br \/><a href=\"https:\/\/westlawchile.cl\/maf\/app\/document?&amp;src=laley4&amp;docguid=i4B0CC0B97993E32AB53C0072A83DBFF2\">Ver texto completo<\/a><\/p>\r\n\r\n\r\n<hr class=\"wp-block-separator has-alpha-channel-opacity\" \/>\r\n\r\n\r\n<p><strong>Resoluci\u00f3n exenta N\u00b0 J1-3.679, Seremi de Salud IX Regi\u00f3n de la Araucan\u00eda (3 de agosto)<\/strong><\/p>\r\n\r\n\r\n\r\n<p>Deja sin efecto resoluci\u00f3n N\u00ba J1-1.806 exenta, de 2020<br \/><a href=\"https:\/\/westlawchile.cl\/maf\/app\/document?&amp;src=laley4&amp;docguid=iDC5AD99A26C7DA2073CF8685FFB0740C\">Ver texto completo<\/a><\/p>\r\n\r\n\r\n<hr class=\"wp-block-separator has-alpha-channel-opacity\" \/>\r\n\r\n\r\n<p><strong>\u00a0<\/strong><strong>Ley N\u00b0 21.252, Ministerio de Hacienda (1 de agosto)<\/strong><\/p>\r\n\r\n\r\n\r\n<p>Establece un financiamiento con aporte fiscal para la protecci\u00f3n de los ingresos de la clase media en los casos que indica<br \/><a href=\"https:\/\/westlawchile.cl\/maf\/app\/document?&amp;src=laley4&amp;docguid=iD5FA34F6C25B4DA254B45B236634B329\">Ver texto completo<\/a><\/p>\r\n\r\n\r\n<hr class=\"wp-block-separator has-alpha-channel-opacity\" \/>\r\n\r\n\r\n<p><strong>Resoluci\u00f3n exenta N\u00b0 614, Ministerio de Salud (1 de agosto)<\/strong><\/p>\r\n\r\n\r\n\r\n<p>Dispone medidas sanitarias que indica por brote de Covid-19<br \/><a href=\"https:\/\/westlawchile.cl\/maf\/app\/document?&amp;src=laley4&amp;docguid=i360BC1FCC9540B5775CF94FE76A9C3E9\">Ver texto completo<\/a><\/p>\r\n\r\n\r\n<hr class=\"wp-block-separator has-alpha-channel-opacity\" \/>\r\n\r\n\r\n<p><strong>Decreto N\u00b0 10T, Ministerio de Energ\u00eda (1 de agosto)<\/strong><\/p>\r\n\r\n\r\n\r\n<p>Modifica decreto N\u00ba 2T, de 2020, que fija precios de nudo para suministros de electricidad<br \/><a href=\"https:\/\/westlawchile.cl\/maf\/app\/document?&amp;src=laley4&amp;docguid=i4352E54AD854D6471A7DB369439685EF\">Ver texto completo<\/a><\/p>\r\n\r\n\r\n<hr class=\"wp-block-separator has-alpha-channel-opacity\" \/>\r\n\r\n\r\n<p><strong>Decreto N\u00b0 11T, Ministerio de Energ\u00eda (1 de agosto)<\/strong><\/p>\r\n\r\n\r\n\r\n<p>Modifica decreto N\u00ba 3T, de 2019, que fija precios a nivel de generaci\u00f3n y transmisi\u00f3n en sistemas medianos de Ays\u00e9n, Palena y General Carrera y establece su plan de expansi\u00f3n, y decreto N\u00ba 10T, de 2019, que fija precios a nivel de generaci\u00f3n y transmisi\u00f3n en sistemas medianos de Punta Arenas, Puerto Natales, Porvenir y Puerto Williams, y establece su plan de expansi\u00f3n<br \/><a href=\"https:\/\/westlawchile.cl\/maf\/app\/document?&amp;src=laley4&amp;docguid=i4F952BA43332EB9F2CC1D658BBE74F94\">Ver texto completo<\/a><\/p>\r\n\r\n\r\n<hr class=\"wp-block-separator has-alpha-channel-opacity\" \/>\r\n\r\n\r\n<p><strong>Resoluci\u00f3n exenta n\u00famero 606, Ministerio de Salud (31 de julio)<\/strong><\/p>\r\n\r\n\r\n\r\n<p>Dispone medidas sanitarias que indica por brote de Covid-19<br \/><a href=\"https:\/\/westlawchile.cl\/maf\/app\/document?&amp;src=laley4&amp;docguid=i2CD4FCAA6EC2355559108080C042291D\">Ver texto completo<\/a><\/p>\r\n\r\n\r\n<hr class=\"wp-block-separator has-alpha-channel-opacity\" \/>\r\n\r\n\r\n<p><strong>Decreto n\u00famero 301, Ministerio del Interior y Seguridad P\u00fablica (31 de julio)<\/strong><\/p>\r\n\r\n\r\n\r\n<p>Autoriza a municipalidades para disponer pr\u00f3rroga de pago de patente que indica<br \/><a href=\"https:\/\/westlawchile.cl\/maf\/app\/document?&amp;src=laley4&amp;docguid=i9D9443C3F4AC6ACC078574E4E5480762\">Ver texto completo<\/a><\/p>\r\n\r\n\r\n<hr class=\"wp-block-separator has-alpha-channel-opacity\" \/>\r\n\r\n\r\n<p><strong>Resoluci\u00f3n exenta n\u00famero 311, Seremi de Transportes I Regi\u00f3n de Tarapac\u00e1 (31 de julio)<\/strong><\/p>\r\n\r\n\r\n\r\n<p>Establece plazo de vigencia de certificados de inscripci\u00f3n en el Registro de Servicios de Transporte de Pasajeros prestados en las modalidades de taxis en las circunstancias que indica<br \/><a href=\"https:\/\/westlawchile.cl\/maf\/app\/document?&amp;src=laley4&amp;docguid=i4EC4D27CDA0025C981D9ADA26BFF2F54\">Ver texto completo<\/a><\/p>\r\n\r\n\r\n<hr class=\"wp-block-separator has-alpha-channel-opacity\" \/>\r\n\r\n\r\n<p><strong>Resoluci\u00f3n exenta n\u00famero 312, Seremi de Transportes I Regi\u00f3n de Tarapac\u00e1 (31 de julio)<\/strong><\/p>\r\n\r\n\r\n\r\n<p>Suspende plazo establecido para el reemplazo de los taxis cancelados del Registro de Servicios de Transporte de Pasajeros por los motivos que indica<br \/><a href=\"https:\/\/westlawchile.cl\/maf\/app\/document?&amp;src=laley4&amp;docguid=i05CF24173A1DF90785903C19CC55570B\">Ver texto completo<\/a><\/p>\r\n\r\n\r\n<hr class=\"wp-block-separator has-alpha-channel-opacity\" \/>\r\n\r\n\r\n<p><strong>Resoluci\u00f3n exenta n\u00famero 859, Seremi de Transportes V Regi\u00f3n de Valpara\u00edso \u00a0(31 de julio)<\/strong><\/p>\r\n\r\n\r\n\r\n<p>Establece plazo de vigencia de certificados de inscripci\u00f3n en el Registro de Servicios de Transporte de Pasajeros prestados en las modalidades de taxis en las circunstancias que indica<br \/><a href=\"https:\/\/westlawchile.cl\/maf\/app\/document?&amp;src=laley4&amp;docguid=i14FDC85C30F4A9FFC4A8A974585F18A8\">Ver texto completo<\/a><\/p>\r\n\r\n\r\n<hr class=\"wp-block-separator has-alpha-channel-opacity\" \/>\r\n\r\n\r\n<p><strong>Resoluci\u00f3n exenta n\u00famero 860, Seremi de Transportes V Regi\u00f3n de Valpara\u00edso (31 de julio)<\/strong><\/p>\r\n\r\n\r\n\r\n<p>Suspende plazo para el reemplazo de los taxis cancelados del Registro de Servicios de Transporte de Pasajeros por los motivos que indica<br \/><a href=\"https:\/\/westlawchile.cl\/maf\/app\/document?&amp;src=laley4&amp;docguid=iBDEAB92230B2D80E6F7B657DBA7BC192\">Ver texto completo<\/a><\/p>\r\n\r\n\r\n<hr class=\"wp-block-separator has-alpha-channel-opacity\" \/>\r\n\r\n\r\n<p><strong>Ley N\u00b0 21.248, Ministerio del Trabajo y Previsi\u00f3n Social (30 de julio)<\/strong><\/p>\r\n\r\n\r\n\r\n<p>Reforma constitucional que permite el retiro excepcional de los fondos acumulados de capitalizaci\u00f3n individual en las condiciones que indica<br \/><a href=\"https:\/\/westlawchile.cl\/maf\/app\/document?&amp;src=laley4&amp;docguid=i3FB1A55DB2D64987E82F6908F21CFED5\">Ver texto completo<\/a><\/p>\r\n\r\n\r\n<hr class=\"wp-block-separator has-alpha-channel-opacity\" \/>\r\n\r\n\r\n<p><strong>Decreto N\u00b0 311, Ministerio del Interior y Seguridad P\u00fablica (30 de julio)<\/strong><\/p>\r\n\r\n\r\n\r\n<p>Extiende vigencia del decreto N\u00ba 102, de 2020, que dispone el cierre temporal de lugares habilitados para el ingreso y egreso de extranjeros, por Emergencia de Salud P\u00fablica de Importancia Internacional por brote del nuevo coronavirus (2019-NCOV)<br \/><a href=\"https:\/\/westlawchile.cl\/maf\/app\/document?&amp;src=laley4&amp;docguid=i6BBF40DE4B5078BAE5EB4FFA2BC09EF7\">Ver texto completo<\/a><\/p>\r\n\r\n\r\n<hr class=\"wp-block-separator has-alpha-channel-opacity\" \/>\r\n\r\n\r\n<p><strong>Resoluci\u00f3n exenta N\u00b0 601, Ministerio de Salud (30 de julio)<\/strong><\/p>\r\n\r\n\r\n\r\n<p>Rectifica resoluci\u00f3n N\u00ba 593 exenta, de 2020<br \/><a href=\"https:\/\/westlawchile.cl\/maf\/app\/document?&amp;src=laley4&amp;docguid=iED58817EC482EBD05442977DEBD81B0B\">Ver texto completo<\/a><\/p>\r\n\r\n\r\n<hr class=\"wp-block-separator has-alpha-channel-opacity\" \/>\r\n\r\n\r\n<p><strong>Resoluci\u00f3n exenta N\u00b0 1.425, Ministerio de Transportes y Telecomunicaciones (30 de julio)<\/strong><\/p>\r\n\r\n\r\n\r\n<p>Suspende plazo establecido para cancelar, por antig\u00fcedad, a taxis, buses y minibuses que indica, del Registro Nacional de Servicios de Transporte de Pasajeros<br \/><a href=\"https:\/\/westlawchile.cl\/maf\/app\/document?&amp;src=laley4&amp;docguid=i0CCE7DD2E276F5DBBB564FB087774852\">Ver texto completo<\/a><\/p>\r\n\r\n\r\n<hr class=\"wp-block-separator has-alpha-channel-opacity\" \/>\r\n\r\n\r\n<p><strong>Decreto N\u00b0 12, Ministerio de Ciencia, Tecnolog\u00eda, Conocimiento e Innovaci\u00f3n (30 de julio)<\/strong><\/p>\r\n\r\n\r\n\r\n<p>Crea Comisi\u00f3n Asesora Ministerial Cient\u00edfica para la Disponibilidad de una Vacuna Covid-19<br \/><a href=\"https:\/\/westlawchile.cl\/maf\/app\/document?&amp;src=laley4&amp;docguid=iDF157BBC49C3F9CBA13008BEDC491BF1\">Ver texto completo<\/a><\/p>\r\n\r\n\r\n<hr class=\"wp-block-separator has-alpha-channel-opacity\" \/>\r\n\r\n\r\n<p><strong>Decreto N\u00b0 3, Ministerio de Defensa Nacional (29 de julio de 2020)<\/strong><\/p>\r\n\r\n\r\n\r\n<p>Suspende otorgamiento de la Beca Presidente de la Rep\u00fablica para un graduado civil de la Academia Nacional de Estudios Pol\u00edticos y Estrat\u00e9gicos, para el a\u00f1o 2020, por pandemia COVID-19<br \/><a href=\"https:\/\/westlawchile.cl\/maf\/app\/document?&amp;src=laley4&amp;docguid=i13174CDEEB68A18A1070BEEA61B83F15\">Ver texto completo<\/a><\/p>\r\n\r\n\r\n<hr class=\"wp-block-separator has-alpha-channel-opacity\" \/>\r\n\r\n\r\n<p><strong>Resoluci\u00f3n exenta N\u00b0 277, Direcci\u00f3n General del Cr\u00e9dito Prendario\u00a0(29 de julio de 2020)<\/strong><\/p>\r\n\r\n\r\n\r\n<p>Declara suspensi\u00f3n de remates en las unidades de cr\u00e9dito del pa\u00eds para el mes de agosto de 2020<br \/><a href=\"https:\/\/westlawchile.cl\/maf\/app\/document?&amp;src=laley4&amp;docguid=i7E12CDCD4382E0CE0AF02D4FB4835468\">Ver texto completo<\/a><\/p>\r\n\r\n\r\n<hr class=\"wp-block-separator has-alpha-channel-opacity\" \/>\r\n\r\n\r\n<p><strong>Resoluci\u00f3n exenta N\u00b0 593, Ministerio de Salud (28 de julio de 2020)<\/strong><\/p>\r\n\r\n\r\n\r\n<p>Dispone medidas sanitarias que indica por brote de Covid-19<br \/><a href=\"https:\/\/westlawchile.cl\/maf\/app\/document?&amp;src=laley4&amp;docguid=i19B2CCB31E2E9A482B6EFEF84D2FC113\">Ver texto completo<\/a><\/p>\r\n\r\n\r\n<hr class=\"wp-block-separator has-alpha-channel-opacity\" \/>\r\n\r\n\r\n<p><strong>Ley N\u00b0 21.247, Ministerio del Trabajo y Previsi\u00f3n Social (27 de julio)<\/strong><\/p>\r\n\r\n\r\n\r\n<p>Establece beneficios para padres, madres y cuidadores de ni\u00f1os o ni\u00f1as, en las condiciones que indica<br \/><a href=\"https:\/\/westlawchile.cl\/maf\/app\/document?&amp;src=laley4&amp;docguid=i28E2E68E84A56CAD9D197816D7DED373\">Ver texto completo<\/a><\/p>\r\n\r\n\r\n<hr class=\"wp-block-separator has-alpha-channel-opacity\" \/>\r\n\r\n\r\n<p><strong>Resoluci\u00f3n exenta N\u00b0 1.430, Ministerio de Transportes y Telecomunicaciones (27 de julio)<\/strong><\/p>\r\n\r\n\r\n\r\n<p>Suspende plazo establecido para cancelar, por antig\u00fcedad, veh\u00edculos inscritos en el Registro Nacional de Servicios de Transporte Remunerado de Escolares, por motivos que indica<br \/><a href=\"https:\/\/westlawchile.cl\/maf\/app\/document?&amp;src=laley4&amp;docguid=i9956C7037202F10970CB34723F3B9E42\">Ver texto completo<\/a><\/p>\r\n\r\n\r\n<hr class=\"wp-block-separator has-alpha-channel-opacity\" \/>\r\n\r\n\r\n<p><strong>Resoluci\u00f3n exenta N\u00b0 591, Ministerio de Salud (25 de julio)<\/strong><\/p>\r\n\r\n\r\n\r\n<p>Dispone medidas sanitarias que indica por brote de Covid-19 y dispone Plan Paso a Paso<br \/><a href=\"https:\/\/westlawchile.cl\/maf\/app\/document?&amp;src=laley4&amp;docguid=i3054B21C49EE938EDA1F6185E65331B5\">Ver texto completo<\/a><\/p>\r\n\r\n\r\n<hr class=\"wp-block-separator has-alpha-channel-opacity\" \/>\r\n\r\n\r\n<p><strong>Resoluci\u00f3n exenta N\u00b0 3.104, Ministerio de Educaci\u00f3n (25 de julio)<\/strong><\/p>\r\n\r\n\r\n\r\n<p>Prorroga medidas dispuestas en la resoluci\u00f3n N\u00ba 2.437 exenta, de 2020<br \/><a href=\"https:\/\/westlawchile.cl\/maf\/app\/document?&amp;src=laley4&amp;docguid=i30D28B896D659B6B1DCA4B83B41C021C\">Ver texto completo<\/a><\/p>\r\n\r\n\r\n<hr class=\"wp-block-separator has-alpha-channel-opacity\" \/>\r\n\r\n\r\n<p><strong>Resoluci\u00f3n exenta N\u00b0 575, Ministerio de Salud (24 de julio de 2020)<\/strong><\/p>\r\n\r\n\r\n\r\n<p>Dispone medidas sanitarias que indica por brote de Covid-19<br \/><a href=\"https:\/\/westlawchile.cl\/maf\/app\/document?&amp;src=laley4&amp;docguid=i7626FF59E35830577A3E8C4AC2305936\">Ver texto completo<\/a><\/p>\r\n\r\n\r\n<hr class=\"wp-block-separator has-alpha-channel-opacity\" \/>\r\n\r\n\r\n<p><strong>Decreto N\u00b0 46<\/strong>,<strong>\u00a0Ministerio de Transportes y Telecomunicaciones (24 de julio)<\/strong><\/p>\r\n\r\n\r\n\r\n<p>de 2020.- Modifica decreto N\u00ba 24, de 2020, y extiende vigencia de los certificados de revisi\u00f3n t\u00e9cnica y de verificaci\u00f3n de emisiones contaminantes de veh\u00edculos que indica<br \/><a href=\"https:\/\/westlawchile.cl\/maf\/app\/document?&amp;src=laley4&amp;docguid=i9E26190B4B71C65A0983DB8BB81BB7AD\">Ver texto completo<\/a><\/p>\r\n\r\n\r\n<hr class=\"wp-block-separator has-alpha-channel-opacity\" \/>\r\n\r\n\r\n<p><strong>Resoluci\u00f3n exenta N\u00b0 1.140, Superintendencia del Medio Ambiente (24 de julio)<\/strong><\/p>\r\n\r\n\r\n\r\n<p>Confiere nuevo plazo y reitera obligaci\u00f3n de conectar en l\u00ednea los sistemas de monitoreo continuo de emisiones, establecida en la resoluci\u00f3n N\u00ba 1.574 exenta, de 2019<br \/><a href=\"https:\/\/westlawchile.cl\/maf\/app\/document?&amp;src=laley4&amp;docguid=i9295801DF08452F8668D7400E64CE27D\">Ver texto completo<\/a><\/p>\r\n\r\n\r\n<hr class=\"wp-block-separator has-alpha-channel-opacity\" \/>\r\n\r\n\r\n<p><strong>Decreto N\u00b0 24, Ministerio de Salud (18 de julio)<\/strong><\/p>\r\n\r\n\r\n\r\n<p>Modifica decreto N\u00b0 4, de 2020, que decreta alerta sanitaria por el per\u00edodo que se se\u00f1ala y otorga facultades extraordinarias que indica por Emergencia de Salud P\u00fablica de Importancia Internacional por brote del nuevo coronavirus (2019-NCOV)<br \/><a href=\"https:\/\/westlawchile.cl\/maf\/app\/document?&amp;src=laley4&amp;docguid=i5690BE00DAC14FEE7016F047C4650B4B\">Ver texto completo<\/a><\/p>\r\n\r\n\r\n<hr class=\"wp-block-separator has-alpha-channel-opacity\" \/>\r\n\r\n\r\n<p><strong>Resoluci\u00f3n exenta N\u00b0 562, Ministerio de Salud (17 de julio)<\/strong><\/p>\r\n\r\n\r\n\r\n<p>Dispone medidas sanitarias que indica por brote de Covid-19<br \/><a href=\"https:\/\/westlawchile.cl\/maf\/app\/document?&amp;docguid=i14F8BC56EAA45051F573A809084A7213\">Ver texto completo<\/a><\/p>\r\n\r\n\r\n<hr class=\"wp-block-separator has-alpha-channel-opacity\" \/>\r\n\r\n\r\n<p><strong>Resoluci\u00f3n exenta N\u00b0 1.132, Superintendencia del Medio Ambiente (17 de julio)<\/strong><\/p>\r\n\r\n\r\n\r\n<p>Dispone extensi\u00f3n de la vigencia de los Certificados de Verificaci\u00f3n y de Calibraci\u00f3n de los equipos e instrumentos de muestreo y medici\u00f3n que indica<br \/><a href=\"https:\/\/westlawchile.cl\/maf\/app\/document?&amp;src=laley4&amp;docguid=i44F19503F18A2575402E0FE9EBC33ABF\">Ver texto completo<\/a><\/p>\r\n\r\n\r\n<hr class=\"wp-block-separator has-alpha-channel-opacity\" \/>\r\n\r\n\r\n<p><strong>Resoluci\u00f3n exenta N\u00b0 547, Seremi de Transportes X Regi\u00f3n de Los Lagos (17 de julio)<\/strong><\/p>\r\n\r\n\r\n\r\n<p>Establece plazo de vigencia de certificados de inscripci\u00f3n en el Registro de Servicios de Transporte de Pasajeros prestados en las modalidades de taxis en las circunstancias que indica<br \/><a href=\"https:\/\/westlawchile.cl\/maf\/app\/document?&amp;src=laley4&amp;docguid=i9D77F971E6EA494018C8754A5CA66192\">Ver texto completo<\/a><\/p>\r\n\r\n\r\n<hr class=\"wp-block-separator has-alpha-channel-opacity\" \/>\r\n\r\n\r\n<p><strong>Resoluci\u00f3n exenta N\u00b0 548, Seremi de Transportes X Regi\u00f3n de Los Lagos (17 de julio)<\/strong><\/p>\r\n\r\n\r\n\r\n<p>Suspende plazo establecido para el reemplazo de los taxis cancelados del Registro de Servicios de Transporte de Pasajeros<br \/><a href=\"https:\/\/westlawchile.cl\/maf\/app\/document?&amp;src=laley4&amp;docguid=i8C7D78B520519FE8B9182AFE9446EA9E\">Ver texto completo<\/a><\/p>\r\n\r\n\r\n<hr class=\"wp-block-separator has-alpha-channel-opacity\" \/>\r\n\r\n\r\n<p><strong>Decreto N\u00b0 292, Ministerio del Interior y Seguridad P\u00fablica (15 de julio de 2020)<\/strong><\/p>\r\n\r\n\r\n\r\n<p>Extiende vigencia del decreto N\u00ba 102, de 2020, que dispone el cierre temporal de lugares habilitados para el ingreso y egreso de extranjeros, por Emergencia de Salud P\u00fablica de Importancia Internacional por brote del nuevo coronavirus (2019-NCOV)<br \/><a href=\"https:\/\/westlawchile.cl\/maf\/app\/document?&amp;src=laley4&amp;docguid=i9855F6A990624681A6F50419DE788F57\">Ver texto completo<\/a><\/p>\r\n\r\n\r\n<hr class=\"wp-block-separator has-alpha-channel-opacity\" \/>\r\n\r\n\r\n<p><strong>Resoluci\u00f3n exenta N\u00b0 1.208, Direcci\u00f3n General de Aguas (15 de julio)<\/strong><\/p>\r\n\r\n\r\n\r\n<p>Prorroga resoluciones N\u00b0 492, 957, 1.014 y 1.141 exentas, de 2020, que disponen suspensi\u00f3n de plazos en procedimientos administrativos que indica<br \/><a href=\"https:\/\/westlawchile.cl\/maf\/app\/document?&amp;src=laley4&amp;docguid=iCC38E8D27E0F8CDDD86400A6C03477D5\">Ver texto completo<\/a><\/p>\r\n\r\n\r\n<hr class=\"wp-block-separator has-alpha-channel-opacity\" \/>\r\n\r\n\r\n<p><strong>Resoluci\u00f3n exenta N\u00b0 1.868, Direcci\u00f3n General de Movilizaci\u00f3n Nacional\u00a0(15 de julio)<\/strong><\/p>\r\n\r\n\r\n\r\n<p>Ampl\u00eda plazo dispuesto por resoluci\u00f3n, respecto a renovaciones anuales de inscripciones del Registro Nacional a la totalidad de las AA.FF.<br \/><a href=\"https:\/\/westlawchile.cl\/maf\/app\/document?&amp;src=laley4&amp;docguid=i162D7B4A429B862ABF22E045101E8729\">Ver texto completo<\/a><\/p>\r\n\r\n\r\n<hr class=\"wp-block-separator has-alpha-channel-opacity\" \/>\r\n\r\n\r\n<p><strong>Resoluci\u00f3n exenta N\u00b0 552, Ministerio de Salud (14 de julio)<\/strong><\/p>\r\n\r\n\r\n\r\n<p>Dispone medidas sanitarias que indica por brote de Covid-19<br \/><a href=\"https:\/\/westlawchile.cl\/maf\/app\/document?&amp;src=laley4&amp;docguid=i2E440D383CC4480D561559B6D3C53262\">Ver texto completo<\/a><\/p>\r\n\r\n\r\n<hr class=\"wp-block-separator has-alpha-channel-opacity\" \/>\r\n\r\n\r\n<p><strong>Resoluci\u00f3n exenta N\u00b0 154, Seremi de Transportes VIII Regi\u00f3n del Biob\u00edo (13 de julio)<\/strong><\/p>\r\n\r\n\r\n\r\n<p>Suspende plazo establecido para el reemplazo de los taxis cancelados del Registro de Servicios de Transporte de Pasajeros<br \/><a href=\"https:\/\/westlawchile.cl\/maf\/app\/document?&amp;src=laley4&amp;docguid=i81E573B9EF8CBE5ADBFF7EEAC8C867B2\">Ver texto completo<\/a><\/p>\r\n\r\n\r\n<hr class=\"wp-block-separator has-alpha-channel-opacity\" \/>\r\n\r\n\r\n<p><strong>Resoluci\u00f3n exenta N\u00b0 1.090, Ministerio de Vivienda y Urbanismo (13 de julio)<\/strong><\/p>\r\n\r\n\r\n\r\n<p>Llama a postulaci\u00f3n en condiciones especiales para el otorgamiento de subsidios del Programa de Subsidio de Arriendo de Vivienda, regulado por el decreto N\u00ba 52, de 2013, y sus modificaciones, y fija la cantidad de recursos que se destinar\u00e1n al financiamiento de dichos subsidios<br \/><a href=\"https:\/\/westlawchile.cl\/maf\/app\/document?&amp;src=laley4&amp;docguid=iDB647A9B9099D78EFB88CC1D71EACB37\">Ver texto completo<\/a><\/p>\r\n\r\n\r\n<hr class=\"wp-block-separator has-alpha-channel-opacity\" \/>\r\n\r\n\r\n<p><strong>Resoluci\u00f3n N\u00b0 2.845, Ministerio de Educaci\u00f3n (11 de julio)<\/strong><\/p>\r\n\r\n\r\n\r\n<p>Modifica resoluci\u00f3n N\u00ba 567 exenta, de 2020, que fija para el a\u00f1o 2020 el calendario nacional de examinaci\u00f3n para los niveles de educaci\u00f3n b\u00e1sica y media a menores de dieciocho a\u00f1os de edad<br \/><a href=\"https:\/\/westlawchile.cl\/maf\/app\/document?&amp;src=laley4&amp;docguid=i89DD91DA95E68025BDD1259B7ECFF0FF\">Ver texto completo<\/a><\/p>\r\n\r\n\r\n<hr class=\"wp-block-separator has-alpha-channel-opacity\" \/>\r\n\r\n\r\n<p><strong>Resoluci\u00f3n exenta N\u00b0 520, Ministerio de Salud (10 de julio)<\/strong><\/p>\r\n\r\n\r\n\r\n<p>Dispone medidas sanitarias que indica por brote de covid-19<br \/><a href=\"https:\/\/westlawchile.cl\/maf\/app\/document?&amp;src=laley4&amp;docguid=i408BC48F5AE8B98079AC9ADE47B64ED3\">Ver texto completo<\/a><\/p>\r\n\r\n\r\n<hr class=\"wp-block-separator has-alpha-channel-opacity\" \/>\r\n\r\n\r\n<p><strong>Resoluci\u00f3n exenta n\u00famero 160, Seremi de Transportes VIII Regi\u00f3n del Biob\u00edo (10 de julio)<\/strong><\/p>\r\n\r\n\r\n\r\n<p>Prorroga plazo contenido en la resoluci\u00f3n N\u00ba 428 exenta, de 2016, que establece fecha y condiciones de cumplimiento del art\u00edculo 45 del decreto N\u00ba 212, de 1992, para servicios que indica, en la Regi\u00f3n del Biob\u00edo<br \/><a href=\"https:\/\/westlawchile.cl\/maf\/app\/document?&amp;src=laley4&amp;docguid=iFDD420029D907217F8AC610BDD48A787\">Ver texto completo<\/a><\/p>\r\n\r\n\r\n<hr class=\"wp-block-separator has-alpha-channel-opacity\" \/>\r\n\r\n\r\n<p><strong>Decreto N\u00b0 11, Ministerio de ciencia, tecnolog\u00eda, conocimiento e innovaci\u00f3n (9 de julio)<\/strong><\/p>\r\n\r\n\r\n\r\n<p>Crea Comit\u00e9 Asesor Interministerial para la disponibilidad de una Vacuna Covid-19<br \/><a href=\"https:\/\/westlawchile.cl\/maf\/app\/document?&amp;src=laley4&amp;docguid=iE51240485BFB75255E7A1CAEB326F053\">Ver texto completo<\/a><\/p>\r\n\r\n\r\n<hr class=\"wp-block-separator has-alpha-channel-opacity\" \/>\r\n\r\n\r\n<p><strong>Resoluci\u00f3n exenta N\u00b0 246, Direcci\u00f3n General del Cr\u00e9dito Prendario (9 de julio)<\/strong><\/p>\r\n\r\n\r\n\r\n<p>Declara suspensi\u00f3n de las operaciones de cr\u00e9dito en la Unidad de Cr\u00e9dito de Antofagasta, de la Regi\u00f3n de Antofagasta<br \/><a href=\"https:\/\/westlawchile.cl\/maf\/app\/document?&amp;src=laley4&amp;docguid=i9883E7CAA32A821422F5CDB2E217D40E\">Ver texto completo<\/a><\/p>\r\n\r\n\r\n<hr class=\"wp-block-separator has-alpha-channel-opacity\" \/>\r\n\r\n\r\n<p><strong>Decreto N\u00b0 290, Ministerio del Interior y Seguridad P\u00fablica (8 de julio)<\/strong><\/p>\r\n\r\n\r\n\r\n<p>Extiende vigencia del decreto N\u00ba 102, de 2020, que dispone el cierre temporal de lugares habilitados para el ingreso y egreso de extranjeros, por Emergencia de Salud P\u00fablica de Importancia Internacional por brote del nuevo coronavirus (2019-NCOV)<br \/><a href=\"https:\/\/westlawchile.cl\/maf\/app\/document?&amp;src=laley4&amp;docguid=i1C4E5D05AB173382FC143A6C9691D2D3\">Ver texto completo<\/a><\/p>\r\n\r\n\r\n<hr class=\"wp-block-separator has-alpha-channel-opacity\" \/>\r\n\r\n\r\n<p><strong>Decreto N\u00b0 22, Ministerio de Salud (7 de julio)<\/strong><\/p>\r\n\r\n\r\n\r\n<p>Prorroga vigencia de alerta sanitaria declarada y de facultades extraordinarias conferidas mediante decreto N\u00b0 12, de 2019<br \/><a href=\"https:\/\/westlawchile.cl\/maf\/app\/document?&amp;src=laley4&amp;docguid=i4FE296CD2AA4952218B599BDFA4FA0CC&amp;\">Ver texto completo<\/a><\/p>\r\n\r\n\r\n<hr class=\"wp-block-separator has-alpha-channel-opacity\" \/>\r\n\r\n\r\n<p><strong>Decreto N\u00b0 546, Ministerio de Educaci\u00f3n (7 de julio)<\/strong><\/p>\r\n\r\n\r\n\r\n<p>Modifica decreto N\u00b0 2.516 exento, de 2007, que fija normas b\u00e1sicas del proceso de titulaci\u00f3n de los alumnos y alumnas de Ense\u00f1anza Media T\u00e9cnico \u2013 Profesional en la forma que indica<br \/><a href=\"https:\/\/westlawchile.cl\/maf\/app\/document?&amp;src=laley4&amp;docguid=iB35FDF5454F2E0588979003423E4CDA4\">Ver texto completo<\/a><\/p>\r\n\r\n\r\n<hr class=\"wp-block-separator has-alpha-channel-opacity\" \/>\r\n\r\n\r\n<p><strong>Resoluci\u00f3n exenta N\u00b0 108, Seremi de Transportes III Regi\u00f3n de Atacama (7 de julio)<\/strong><\/p>\r\n\r\n\r\n\r\n<p>Establece plazo de vigencia de certificados de inscripci\u00f3n en el registro de servicios de transporte de pasajeros prestados en las modalidades de taxis en las circunstancias que indica<br \/><a href=\"https:\/\/westlawchile.cl\/maf\/app\/document?&amp;src=laley4&amp;docguid=i6605E7FD2B21485D9AA42E6D94CBE8A9\">Ver texto completo<\/a><\/p>\r\n\r\n\r\n<hr class=\"wp-block-separator has-alpha-channel-opacity\" \/>\r\n\r\n\r\n<p><strong>Resoluci\u00f3n exenta N\u00b0 109, Seremi de Transportes III Regi\u00f3n de Atacama (7 de julio)<\/strong><\/p>\r\n\r\n\r\n\r\n<p>Suspende plazo establecido para el reemplazo de los taxis cancelados del Registro de Servicios de Transporte de Pasajeros por los motivos que indica<br \/><a href=\"https:\/\/westlawchile.cl\/maf\/app\/document?&amp;src=laley4&amp;docguid=iFFE522890FA2490AB5DC1A89A035F4DF\">Ver texto completo<\/a><\/p>\r\n\r\n\r\n<hr class=\"wp-block-separator has-alpha-channel-opacity\" \/>\r\n\r\n\r\n<p><strong>Resoluci\u00f3n exenta N\u00b0 719, Seremi de Transportes VI Regi\u00f3n del Libertador General Bernardo O\u2019Higgins (7 de julio)<\/strong><\/p>\r\n\r\n\r\n\r\n<p>Suspende plazo establecido para el reemplazo de los taxis cancelados del Registro de Servicios de Transporte de Pasajeros por los motivos que indica<br \/><a href=\"https:\/\/westlawchile.cl\/maf\/app\/document?&amp;src=laley4&amp;docguid=i27F032C29A97203A40F2999C04424076\">Ver texto completo<\/a><\/p>\r\n\r\n\r\n<hr class=\"wp-block-separator has-alpha-channel-opacity\" \/>\r\n\r\n\r\n<p><strong>Resoluci\u00f3n exenta N\u00b0 720, Seremi de Salud VI Regi\u00f3n del Libertador General Bernardo O\u2019Higgins (4 de julio)<\/strong><\/p>\r\n\r\n\r\n\r\n<p>Establece plazo de vigencia de Certificados de Inscripci\u00f3n en el Registro de Servicios de Transporte de Pasajeros prestados en las modalidades de taxis en las circunstancias que indica<br \/><a href=\"https:\/\/westlawchile.cl\/maf\/app\/document?&amp;src=laley4&amp;docguid=iD981F0E2819E40A856F2C90ACD773DA0\">Ver texto completo<\/a><\/p>\r\n\r\n\r\n<hr class=\"wp-block-separator has-alpha-channel-opacity\" \/>\r\n\r\n\r\n<p><strong>Resoluci\u00f3n exenta N\u00b0 187, Ministerio de Desarrollo Social y Familia (3 de julio)<\/strong><\/p>\r\n\r\n\r\n\r\n<p>Modifica resoluci\u00f3n N\u00b0 138 exenta, de 2020, que determina procedimiento y metodolog\u00eda de c\u00e1lculo del Indicador Socioecon\u00f3mico de Emergencia, forma de verificaci\u00f3n de los dem\u00e1s requisitos establecidos y orden de prelaci\u00f3n para el pago del Ingreso Familiar de Emergencia en los casos que se indican, seg\u00fan la ley N\u00b0 21.230 y fija su texto refundido<br \/><a href=\"https:\/\/westlawchile.cl\/maf\/app\/document?&amp;src=laley4&amp;docguid=i675399FF15E252CB30ED07AF4FD42A97\">Ver texto completo<\/a><\/p>\r\n\r\n\r\n<hr class=\"wp-block-separator has-alpha-channel-opacity\" \/>\r\n\r\n\r\n<p><strong>Decreto N\u00b0 23, Ministerio de Salud (3 de julio)<\/strong><\/p>\r\n\r\n\r\n\r\n<p>Modifica decreto N\u00b0 4, de 2020, que decreta alerta sanitaria por el per\u00edodo que se se\u00f1ala y otorga facultades extraordinarias que indica por Emergencia de Salud P\u00fablica de Importancia Internacional por brote del nuevo coronavirus (2019-NCOV)<br \/><a href=\"https:\/\/westlawchile.cl\/maf\/app\/document?&amp;src=laley4&amp;docguid=iE0FDD1AC7F2D6ADF72EFE4008EB4A80D\">Ver texto completo<\/a><\/p>\r\n\r\n\r\n<hr class=\"wp-block-separator has-alpha-channel-opacity\" \/>\r\n\r\n\r\n<p><strong>Resoluci\u00f3n exenta N\u00b0 504, Ministerio de Salud (3 de julio)<\/strong><\/p>\r\n\r\n\r\n\r\n<p>Dispone medidas sanitarias que indica por brote de Covid-19<br \/><a href=\"https:\/\/westlawchile.cl\/maf\/app\/document?&amp;src=laley4&amp;docguid=i400F52DCBE3238E37D78070E1BEC38E1\">Ver texto completo<\/a><\/p>\r\n\r\n\r\n<hr class=\"wp-block-separator has-alpha-channel-opacity\" \/>\r\n\r\n\r\n<p><strong>Decreto N\u00b0 1.043, Ministerio de Hacienda (3 de julio)<\/strong><\/p>\r\n\r\n\r\n\r\n<p>Modifica decreto N\u00ba 420, de 2020, estableciendo nuevas medidas de \u00edndole tributaria que indica<br \/><a href=\"https:\/\/westlawchile.cl\/maf\/app\/document?&amp;src=laley4&amp;docguid=iB4CFBDC17B7AF4D75BBDEB97C431C101\">Ver texto completo<\/a><\/p>\r\n\r\n\r\n<hr class=\"wp-block-separator has-alpha-channel-opacity\" \/>\r\n\r\n\r\n<p><strong>Ley N\u00b0 21.244, Ministerio de Desarrollo Social y Familia (2 de julio)<\/strong><\/p>\r\n\r\n\r\n\r\n<p>Prorroga el mandato de los miembros de las directivas de las comunidades y asociaciones ind\u00edgenas, y la vigencia de los actuales representantes ind\u00edgenas del Consejo Nacional de la Corporaci\u00f3n Nacional de Desarrollo Ind\u00edgena, por el impacto de la enfermedad Covid-19 en Chile<br \/><a href=\"https:\/\/westlawchile.cl\/maf\/app\/document?&amp;src=laley4&amp;docguid=iC12EBFE9E462328F7D1F80F3E73358BB\">Ver texto completo<\/a><\/p>\r\n\r\n\r\n<hr class=\"wp-block-separator has-alpha-channel-opacity\" \/>\r\n\r\n\r\n<p><strong>Decreto N\u00b0 21, Ministerio de Salud (2 de julio)<\/strong><\/p>\r\n\r\n\r\n\r\n<p>Modifica decreto N\u00ba 4, de 2020, que decreta alerta sanitaria por el per\u00edodo que se se\u00f1ala y otorga facultades extraordinarias que indica por Emergencia de Salud P\u00fablica de Importancia Internacional por brote del nuevo coronavirus (2019-NCOV)<br \/><a href=\"https:\/\/westlawchile.cl\/maf\/app\/document?&amp;src=laley4&amp;docguid=i853AAA382892629FF40AF52C6E4051AE\">Ver texto completo<\/a><\/p>\r\n\r\n\r\n<hr class=\"wp-block-separator has-alpha-channel-opacity\" \/>\r\n\r\n\r\n<p><strong>Resoluci\u00f3n exenta N\u00b0 490, Tesorer\u00eda General de la Rep\u00fablica (2 de julio)<\/strong><\/p>\r\n\r\n\r\n\r\n<p>Dicta normas sobre condonaci\u00f3n de recargos legales de deudas de contribuciones, conforme a lo previsto en el N\u00b0 10 del decreto N\u00b0 420, de 2020<br \/><a href=\"https:\/\/westlawchile.cl\/maf\/app\/document?&amp;src=laley4&amp;docguid=iE8F798EEB7D9FDCFB94EDB17C94C7B1C\">Ver texto completo<\/a><\/p>\r\n\r\n\r\n<hr class=\"wp-block-separator has-alpha-channel-opacity\" \/>\r\n\r\n\r\n<p><strong>Resoluci\u00f3n exenta N\u00b0 233, Direcci\u00f3n General del Cr\u00e9dito Prendario (2 de julio)<\/strong><\/p>\r\n\r\n\r\n\r\n<p>Declara suspensi\u00f3n de remates en las Unidades de Cr\u00e9dito del pa\u00eds para el mes de julio de 2020<br \/><a href=\"https:\/\/westlawchile.cl\/maf\/app\/document?&amp;src=laley4&amp;docguid=i50E1441BBD6375C0A5F553CA0A1B0B05\">Ver texto completo<\/a><\/p>\r\n\r\n\r\n<hr class=\"wp-block-separator has-alpha-channel-opacity\" \/>\r\n\r\n\r\n<p><strong>Resoluci\u00f3n exenta N\u00b0 238, Direcci\u00f3n General del Cr\u00e9dito Prendario (2 de julio)<\/strong><\/p>\r\n\r\n\r\n\r\n<p>Declara suspensi\u00f3n de las operaciones de cr\u00e9dito en la Unidad de Cr\u00e9dito Quillota, de la Regi\u00f3n de Valpara\u00edso<br \/><a href=\"https:\/\/westlawchile.cl\/maf\/app\/document?&amp;src=laley4&amp;docguid=i31372BDFA1AEAA0B78DC105335D1C4DA\">Ver texto completo<\/a><\/p>\r\n\r\n\r\n<hr class=\"wp-block-separator has-alpha-channel-opacity\" \/>\r\n\r\n\r\n<p><strong>Decreto N\u00b0 288, Ministerio del Interior y Seguridad P\u00fablica (1 de julio)<\/strong><\/p>\r\n\r\n\r\n\r\n<p>Extiende vigencia del decreto N\u00ba 102, de 2020, que dispone el cierre temporal de lugares habilitados para el ingreso y egreso de extranjeros, por Emergencia de Salud P\u00fablica de Importancia Internacional por brote del nuevo coronavirus (2019-NCOV)<br \/><a href=\"https:\/\/westlawchile.cl\/maf\/app\/document?&amp;src=laley4&amp;docguid=i73A8D12327D12E87B998D873FE0F2113\">Ver texto completo<\/a><\/p>\r\n\r\n\r\n<hr class=\"wp-block-separator has-alpha-channel-opacity\" \/>\r\n\r\n\r\n<p><strong>Decreto N\u00b0 41, Ministerio de Transportes y Telecomunicaciones (1 de julio)<\/strong><\/p>\r\n\r\n\r\n\r\n<p>Modifica decreto N\u00ba 24, de 2020, extiende vigencia de los certificados de revisi\u00f3n t\u00e9cnica y de verificaci\u00f3n de emisiones, en los casos que indica, y fija calendario que se\u00f1ala<br \/><a href=\"https:\/\/westlawchile.cl\/maf\/app\/document?&amp;src=laley4&amp;docguid=i5493F396B764BF0DEC24BF65B31C8397\">Ver texto completo<\/a><\/p>\r\n\r\n\r\n<hr class=\"wp-block-separator has-alpha-channel-opacity\" \/>\r\n\r\n\r\n<p><strong>Resoluci\u00f3n exenta N\u00b0 64, Servicio de Impuesto Internos (1 de julio)<\/strong><\/p>\r\n\r\n\r\n\r\n<p>Exime de la obligaci\u00f3n de emitir facturas que indica<br \/><a href=\"https:\/\/westlawchile.cl\/maf\/app\/document?&amp;src=laley4&amp;docguid=iDC2B8E456062AB0585DE06009FA36C5E\">Ver texto completo<\/a><\/p>\r\n\r\n\r\n<hr class=\"wp-block-separator has-alpha-channel-opacity\" \/>\r\n\r\n\r\n<p><strong>Decreto N\u00b0 193, Ministerio de Hacienda (30 de junio)<\/strong><\/p>\r\n\r\n\r\n\r\n<p>Modifica decreto N\u00ba 130 exento, de 2020, que aprueba Reglamento de Administraci\u00f3n del Fondo de Garant\u00eda para Peque\u00f1os y Medianos Empresarios aplicable a las l\u00edneas de garant\u00eda Covid-19<br \/><a href=\"https:\/\/westlawchile.cl\/maf\/app\/document?&amp;src=laley4&amp;docguid=i546A4BE89D5DFE48B2FB47D769900BF0\">Ver texto completo<\/a><\/p>\r\n\r\n\r\n<hr class=\"wp-block-separator has-alpha-channel-opacity\" \/>\r\n\r\n\r\n<p><strong>Resoluci\u00f3n N\u00b0 36, Corporaci\u00f3n de Fomento de la Producci\u00f3n (30 de junio)<\/strong><\/p>\r\n\r\n\r\n\r\n<p>Modifica transitoriamente reglamentos de los programas de cobertura que indica, en el marco del estado de excepci\u00f3n constitucional de cat\u00e1strofe por calamidad p\u00fablica, en el territorio de Chile, decretado el 18 de marzo de 2020<\/p>\r\n\r\n\r\n<hr class=\"wp-block-separator has-alpha-channel-opacity\" \/>\r\n\r\n\r\n<p><strong>Resoluci\u00f3n exenta N\u00b0 479, Ministerio de Salud (26 de junio)<\/strong><\/p>\r\n\r\n\r\n\r\n<p>Dispone medidas sanitarias que indica por brote de Covid-19<br \/><a href=\"https:\/\/westlawchile.cl\/maf\/app\/document?&amp;src=laley4&amp;docguid=i636C2E72920F353B590805E80E3C7999\">Ver texto completo<\/a><\/p>\r\n\r\n\r\n<hr class=\"wp-block-separator has-alpha-channel-opacity\" \/>\r\n\r\n\r\n<p><strong>Resoluci\u00f3n exenta N\u00b0 1.674, Subsecretar\u00eda para las Fuerzas Armadas (26 de junio)<\/strong><\/p>\r\n\r\n\r\n\r\n<p>Autoriza pr\u00f3rroga de poderes, mandatos y cartas poder que indica<br \/><a href=\"https:\/\/westlawchile.cl\/maf\/app\/document?&amp;src=laley4&amp;docguid=iDC1A1BCE2A94D3F0445E3DDD47C95926\">Ver texto completo<\/a><\/p>\r\n\r\n\r\n<hr class=\"wp-block-separator has-alpha-channel-opacity\" \/>\r\n\r\n\r\n<p><strong>Resoluci\u00f3n exenta N\u00b0 202000259, Subsecretar\u00eda de Econom\u00eda y Empresas de Menor Tama\u00f1o (25 de junio)<\/strong><\/p>\r\n\r\n\r\n\r\n<p>Revoca proceso de selecci\u00f3n para proveer cargo de Secretario(a) Administrativo(a) del Departamento Administrativo de la Subsecretar\u00eda de Econom\u00eda y Empresas de Menor Tama\u00f1o<br \/><a href=\"https:\/\/westlawchile.cl\/maf\/app\/document?&amp;src=laley4&amp;docguid=iFAC3FC64C00E29AB8BD44BD2CB696A29\">Ver texto completo<\/a><\/p>\r\n\r\n\r\n<hr class=\"wp-block-separator has-alpha-channel-opacity\" \/>\r\n\r\n\r\n<p><strong>Decreto N\u00b0 283, Ministerio del Interior y Seguridad P\u00fablica (24 de junio)<\/strong><\/p>\r\n\r\n\r\n\r\n<p>Extiende vigencia del decreto N\u00ba 102, de 2020, que dispone el cierre temporal de lugares habilitados para el ingreso y egreso de extranjeros, por Emergencia de Salud P\u00fablica de Importancia Internacional por brote del nuevo coronavirus (2019-NCOV).<br \/><a href=\"https:\/\/westlawchile.cl\/maf\/app\/document?&amp;src=laley4&amp;docguid=i2EE260ED12E8C03F2BDC902331622C2D\">Ver texto completo<\/a><\/p>\r\n\r\n\r\n<hr class=\"wp-block-separator has-alpha-channel-opacity\" \/>\r\n\r\n\r\n<p><strong>Ley N\u00b0 21.243, Ministerio de Desarrollo Social y Familia (23 de junio)<\/strong><\/p>\r\n\r\n\r\n\r\n<p>Modifica la ley N\u00ba 21.230, para extender y aumentar el Ingreso Familar de Emergencia<br \/><a href=\"https:\/\/westlawchile.cl\/maf\/app\/document?&amp;src=laley4&amp;docguid=iC803A4C6A0E1C72948925496325C1E80\">Ver texto completo<\/a><\/p>\r\n\r\n\r\n<hr class=\"wp-block-separator has-alpha-channel-opacity\" \/>\r\n\r\n\r\n<p><strong>Ley N\u00b0 21.239, Ministerio Secretar\u00eda General de Gobierno (23 de junio)<\/strong><\/p>\r\n\r\n\r\n\r\n<p>Prorroga el mandato de los directorios u \u00f3rganos de administraci\u00f3n y direcci\u00f3n de las asociaciones y organizaciones que indica, debido a la pandemia por el Covid-19<br \/><a href=\"https:\/\/westlawchile.cl\/maf\/app\/document?&amp;src=laley4&amp;docguid=iA3387CEA8686FEA0B035723B35249D51\">Ver texto completo<\/a><\/p>\r\n\r\n\r\n<hr class=\"wp-block-separator has-alpha-channel-opacity\" \/>\r\n\r\n\r\n<p><strong>Resoluci\u00f3n exenta N\u00b0 478, Ministerio de Salud (23 de junio)<\/strong><\/p>\r\n\r\n\r\n\r\n<p>Dispone medidas sanitarias que indica por brote de Covid-19<br \/><a href=\"https:\/\/westlawchile.cl\/maf\/app\/document?&amp;src=laley4&amp;docguid=iAA2546B79CAEA9211D78E7EF66EBD096\">Ver texto completo<\/a><\/p>\r\n\r\n\r\n<hr class=\"wp-block-separator has-alpha-channel-opacity\" \/>\r\n\r\n\r\n<p><strong>Resoluci\u00f3n exenta N\u00b0 61, Servicio de Impuestos Internos (23 de junio)<\/strong><\/p>\r\n\r\n\r\n\r\n<p>Modifica resoluci\u00f3n N\u00ba 49 exenta, de 2020<br \/><a href=\"https:\/\/westlawchile.cl\/maf\/app\/document?&amp;src=laley4&amp;docguid=iF15B6BDF58BCA0089EB11DAEEDFDCCE5\">Ver texto completo<\/a><\/p>\r\n\r\n\r\n<hr class=\"wp-block-separator has-alpha-channel-opacity\" \/>\r\n\r\n\r\n<p><strong>Resoluci\u00f3n exenta N\u00b0 221, Direcci\u00f3n General del Cr\u00e9dito Prendario (23 de junio)<\/strong><\/p>\r\n\r\n\r\n\r\n<p>Reanuda las operaciones de cr\u00e9dito en la Unidad de Cr\u00e9dito de Puerto Montt<br \/><a href=\"https:\/\/westlawchile.cl\/maf\/app\/document?&amp;src=laley4&amp;docguid=i7F935AC8B7AAE2F201831D520B3BBDD3\">Ver texto completo<\/a><\/p>\r\n\r\n\r\n<hr class=\"wp-block-separator has-alpha-channel-opacity\" \/>\r\n\r\n\r\n<p><strong>Resoluci\u00f3n exenta N\u00b0 2.933, Ministerio del Interior y Seguridad P\u00fablica (22 de junio)<\/strong><\/p>\r\n\r\n\r\n\r\n<p>Dispone medida provisional de extensi\u00f3n del plazo contemplado en el art\u00edculo 31 de la ley N\u00b0 19.880, en los casos que indica, producto de la emergencia sanitaria por brote de Covid-19<br \/><a href=\"https:\/\/westlawchile.cl\/maf\/app\/document?&amp;src=laley4&amp;docguid=i7A8CFBF807F16893EEE6A91EE611E84C\">Ver texto completo<\/a><\/p>\r\n\r\n\r\n<hr class=\"wp-block-separator has-alpha-channel-opacity\" \/>\r\n\r\n\r\n<p><strong>Ley N\u00b0 21.240, Ministerio de Justicia y Derechos Humanos (20 de junio)<\/strong><\/p>\r\n\r\n\r\n\r\n<p>Modifica el C\u00f3digo Penal y la ley N\u00ba 20.393 para sancionar la inobservancia del aislamiento u otra medida preventiva dispuesta por la autoridad sanitaria, en caso de epidemia o pandemia<br \/><a href=\"https:\/\/westlawchile.cl\/maf\/app\/document?&amp;src=laley4&amp;docguid=iA57093CC02171D1FDAFBAFDF2C540DDF\">Ver texto completo<\/a><\/p>\r\n\r\n\r\n<hr class=\"wp-block-separator has-alpha-channel-opacity\" \/>\r\n\r\n\r\n<p><strong>Resoluci\u00f3n exenta N\u00b0 219, Direcci\u00f3n General del Cr\u00e9dito Prendario (20 de junio)<\/strong><\/p>\r\n\r\n\r\n\r\n<p>Declara suspensi\u00f3n de operaciones de cr\u00e9dito en las Unidades de Cr\u00e9dito Valpara\u00edso y Vi\u00f1a del Mar, ambas de la Regi\u00f3n de Valpara\u00edso<br \/><a href=\"https:\/\/westlawchile.cl\/maf\/app\/document?&amp;src=laley4&amp;docguid=iDCBADD64740F6E3430845F7FC4F4EC1B\">Ver texto completo<\/a><\/p>\r\n\r\n\r\n<hr class=\"wp-block-separator has-alpha-channel-opacity\" \/>\r\n\r\n\r\n<p><strong>Resoluci\u00f3n exenta N\u00b0 477, Ministerio de Salud (20 de junio)<\/strong><\/p>\r\n\r\n\r\n\r\n<p>Dispone medidas sanitarias que indica por brote de Covid-19<br \/><a href=\"https:\/\/westlawchile.cl\/maf\/app\/document?&amp;src=laley4docguid=i671505A6AAA298A7021A5506050C455A\">Ver texto completo<\/a><\/p>\r\n\r\n\r\n<hr class=\"wp-block-separator has-alpha-channel-opacity\" \/>\r\n\r\n\r\n<p><strong>Resoluci\u00f3n exenta N\u00b0 10.301, Seremi de Salud X Regi\u00f3n de Los Lagos (19 de junio<\/strong>)<\/p>\r\n\r\n\r\n\r\n<p>Aplica medidas sanitarias que indica para la comuna de Puerto Montt<br \/><a href=\"https:\/\/westlawchile.cl\/maf\/app\/document?&amp;src=laley4&amp;docguid=i897ACEB68EB80157FE1AE5387F25E05C\">Ver texto completo<\/a><\/p>\r\n\r\n\r\n<hr class=\"wp-block-separator has-alpha-channel-opacity\" \/>\r\n\r\n\r\n<p><strong>Resoluci\u00f3n exenta N\u00b0 10.302, Seremi de Salud X Regi\u00f3n de Los Lagos (19 de junio<\/strong>)<\/p>\r\n\r\n\r\n\r\n<p>Aplica medidas sanitarias que indica referidas a avistamiento de Fragata portuguesa en playa de Rahue, sector sur de Cucao, comuna de Chonchi<br \/><a href=\"https:\/\/westlawchile.cl\/maf\/app\/document?&amp;src=laley4&amp;docguid=iB7DEC86EC108DC4D246E8FEF4DCF1FCA\">Ver texto completo<\/a><\/p>\r\n\r\n\r\n<hr class=\"wp-block-separator has-alpha-channel-opacity\" \/>\r\n\r\n\r\n<p><strong>Resoluci\u00f3n exenta N\u00b0 10.515, Seremi de Salud X Regi\u00f3n de Los Lagos (19 de junio<\/strong>)<\/p>\r\n\r\n\r\n\r\n<p>Aplica medidas sanitarias que indica referidas a avistamiento de Fragata portuguesa en sectores que indica de la Regi\u00f3n de Los Lagos<br \/><a href=\"https:\/\/westlawchile.cl\/maf\/app\/document?&amp;src=laley4&amp;docguid=i2487890AECB5F7C9ABB329F418C9F9DF\">Ver texto completo<\/a><\/p>\r\n\r\n\r\n<hr class=\"wp-block-separator has-alpha-channel-opacity\" \/>\r\n\r\n\r\n<p><strong>Resoluci\u00f3n exenta N\u00b0 1.138, Ministerio de Transportes y Telecomunicaciones (19 de junio<\/strong>)<\/p>\r\n\r\n\r\n\r\n<p>Suspende plazo establecido en el inciso segundo del art\u00edculo 10\u00ba del decreto N\u00ba 156, de 1990, respecto de los veh\u00edculos rechazados en las plantas de revisi\u00f3n t\u00e9cnica, en el caso que indica<br \/><a href=\"https:\/\/westlawchile.cl\/maf\/app\/document?&amp;src=laley4&amp;docguid=iB46CD1EEAA20932BE6810866E464D512\">Ver texto completo<\/a><\/p>\r\n\r\n\r\n<hr class=\"wp-block-separator has-alpha-channel-opacity\" \/>\r\n\r\n\r\n<p><strong>Resoluci\u00f3n exenta N\u00b0 467, Ministerio de Salud (18 de junio<\/strong>)<\/p>\r\n\r\n\r\n\r\n<p>Dispone medidas sanitarias que indica por brote de Covid-19<br \/><a href=\"https:\/\/westlawchile.cl\/maf\/app\/document?&amp;src=laley4&amp;docguid=iC64914D6DA80E35DBC28A6FF5E38D52B\">Ver texto completo<\/a><\/p>\r\n\r\n\r\n<hr class=\"wp-block-separator has-alpha-channel-opacity\" \/>\r\n\r\n\r\n<p><strong>Decreto N\u00b0 269, Ministerio del Interior y Seguridad P\u00fablica (16 de junio)<\/strong><\/p>\r\n\r\n\r\n\r\n<p>Prorroga declaraci\u00f3n de estado de excepci\u00f3n constitucional de cat\u00e1strofe, por calamidad p\u00fablica, en el territorio de Chile, por el lapso que indica<br \/><a href=\"https:\/\/westlawchile.cl\/maf\/app\/document?&amp;src=laley4&amp;docguid=iC2EEB24531B2AE4197D92A2EF5E004A8\">Ver texto completo<\/a><\/p>\r\n\r\n\r\n<hr class=\"wp-block-separator has-alpha-channel-opacity\" \/>\r\n\r\n\r\n<p><strong>Resoluci\u00f3n exenta N\u00b0 207, Direcci\u00f3n General del Cr\u00e9dito Prendario (16 de junio)<\/strong><\/p>\r\n\r\n\r\n\r\n<p>Regulariza suspensi\u00f3n de las operaciones en la Unidad de Cr\u00e9dito Puerto Montt<br \/><a href=\"https:\/\/westlawchile.cl\/maf\/app\/document?&amp;src=laley4&amp;docguid=i73C7D307A246BF67FE1CB63C22237E0E\">Ver texto completo<\/a><\/p>\r\n\r\n\r\n<hr class=\"wp-block-separator has-alpha-channel-opacity\" \/>\r\n\r\n\r\n<p><strong>Resoluci\u00f3n exenta N\u00b0 1.696, Ministerio de Transportes y Telecomunicaciones (16 de junio)<\/strong><\/p>\r\n\r\n\r\n\r\n<p>Suspende plazo establecido para el reemplazo de los taxis cancelados del Registro de Servicios de Transporte de Pasajeros por motivos que indica<br \/><a href=\"https:\/\/westlawchile.cl\/maf\/app\/document?&amp;src=laley4&amp;docguid=iAEF29C6EBED92F72A2367486774EA9E8\">Ver texto completo<\/a><\/p>\r\n\r\n\r\n<hr class=\"wp-block-separator has-alpha-channel-opacity\" \/>\r\n\r\n\r\n<p><strong>Decreto N\u00b0 842, Ministerio de Hacienda (13 de junio)<\/strong><\/p>\r\n\r\n\r\n\r\n<p>Modifica decreto N\u00ba 420, de 2020, estableciendo nueva medida de \u00edndole tributaria que indica<br \/><a href=\"https:\/\/westlawchile.cl\/maf\/app\/document?&amp;src=laley4&amp;docguid=i57670F038666F139CA6A4BB24A1385AD\">Ver texto completo<\/a><\/p>\r\n\r\n\r\n<hr class=\"wp-block-separator has-alpha-channel-opacity\" \/>\r\n\r\n\r\n<p><strong>Resoluci\u00f3n N\u00b0 13, Contralor\u00eda General de la Rep\u00fablica (13 de junio)<\/strong><\/p>\r\n\r\n\r\n\r\n<p>Exime excepcional y temporalmente del tr\u00e1mite de toma de raz\u00f3n los actos administrativos sobre la materia que indica<br \/><a href=\"https:\/\/westlawchile.cl\/maf\/app\/document?&amp;src=laley4&amp;docguid=i2C701E4A523AF4ABDCC97B3D4DB6E99C\">Ver texto completo<\/a><\/p>\r\n\r\n\r\n<hr class=\"wp-block-separator has-alpha-channel-opacity\" \/>\r\n\r\n\r\n<p><strong>Resoluci\u00f3n exenta N\u00b0 448, Minsal (11 de junio)<\/strong><\/p>\r\n\r\n\r\n\r\n<p>Dispone medidas sanitarias que indica por brote de Covid-19<br \/><a href=\"https:\/\/westlawchile.cl\/maf\/app\/document?&amp;src=laley4&amp;docguid=i28E6ED153393B304D0BF0302A213BAAC\">Ver texto completo<\/a><\/p>\r\n\r\n\r\n<hr class=\"wp-block-separator has-alpha-channel-opacity\" \/>\r\n\r\n\r\n<p><strong>Resoluci\u00f3n exenta N\u00b0 576, Ministerio de las culturas, las artes y el patrimonio (11 de junio)<\/strong><\/p>\r\n\r\n\r\n\r\n<p>Autoriza ampliar plazo de renovaci\u00f3n autom\u00e1tica de los pr\u00e9stamos domiciliarios de material bibliogr\u00e1fico y otros que conformen colecciones de las bibliotecas p\u00fablicas dependientes del Servicio Nacional del Patrimonio Cultural y de los M\u00f3dulos del Programa Bibliometro<br \/><a href=\"https:\/\/westlawchile.cl\/maf\/app\/document?&amp;src=laley4&amp;docguid=iF35CA45A0E411397DDAB5C5B6364F383\">Ver texto completo<\/a><\/p>\r\n\r\n\r\n<hr class=\"wp-block-separator has-alpha-channel-opacity\" \/>\r\n\r\n\r\n<p><strong>Resoluci\u00f3n exenta N\u00b0 94, Ministerio de ciencia, tecnolog\u00eda, conocimiento e innovaci\u00f3n (11 de junio)<\/strong><\/p>\r\n\r\n\r\n\r\n<p>Otorga autorizaci\u00f3n para publicar, distribuir, compartir, difundir, adaptar, extraer en todo o parte, utilizar de cualquier forma que entra\u00f1e variaci\u00f3n o tratamiento de las bases de datos que indica<br \/><a href=\"https:\/\/westlawchile.cl\/maf\/app\/document?&amp;src=laley4docguid=iF1A5C92A1E18D9AD9EFE0DF821FEB171\">Ver texto completo<\/a><\/p>\r\n\r\n\r\n<hr class=\"wp-block-separator has-alpha-channel-opacity\" \/>\r\n\r\n\r\n<p><strong>Decreto N\u00b0 259, Ministerio del Interior y Seguridad P\u00fablica (11 de junio)<\/strong><\/p>\r\n\r\n\r\n\r\n<p>Extiende vigencia del decreto N\u00ba 102, de 2020, que dispone el cierre temporal de lugares habilitados para el ingreso y egreso de extranjeros, por Emergencia de Salud P\u00fablica de Importancia Internacional por brote del nuevo coronavirus (2019-NCOV).<br \/><a href=\"https:\/\/westlawchile.cl\/maf\/app\/document?&amp;src=laley4&amp;docguid=iD6ED9577C9B46CE796DA87AB4A717290\">Ver texto completo<\/a><\/p>\r\n\r\n\r\n<hr class=\"wp-block-separator has-alpha-channel-opacity\" \/>\r\n\r\n\r\n<p><strong>Resoluci\u00f3n exenta N\u00b0 3.439, Servicio Agr\u00edcola y Ganadero (10 de junio)<\/strong><\/p>\r\n\r\n\r\n\r\n<p>Adecua disponibilidad de servicios para el Programa de Exportaciones en Origen, debido a emergencia por Covid-19<br \/><a href=\"https:\/\/westlawchile.cl\/maf\/app\/document?&amp;src=laley4&amp;docguid=i86F2C19DD2CE552AFCD31795719790CE\">Ver texto completo<\/a><\/p>\r\n\r\n\r\n<hr class=\"wp-block-separator has-alpha-channel-opacity\" \/>\r\n\r\n\r\n<p><strong>Resoluci\u00f3n exenta N\u00b0 436, Gobernaci\u00f3n de Isla de Pascua (10 de junio)<\/strong><\/p>\r\n\r\n\r\n\r\n<p>Establece modalidad excepcional que indica<br \/><a href=\"https:\/\/westlawchile.cl\/maf\/app\/document?&amp;src=laley4&amp;docguid=iCB895C11BD77A296564DA197A41EFFF4\">Ver texto completo<\/a><\/p>\r\n\r\n\r\n<hr class=\"wp-block-separator has-alpha-channel-opacity\" \/>\r\n\r\n\r\n<p><strong>Resoluci\u00f3n exenta N\u00b0 424, Ministerio de Salud (9 de junio)<\/strong><\/p>\r\n\r\n\r\n\r\n<p>Dispone medidas sanitarias que indica por brote de Covid-19<br \/><a href=\"https:\/\/westlawchile.cl\/maf\/app\/document?&amp;src=laley4&amp;docguid=i9537CBA30E146CBB388AEB88B401B75C\">Ver texto completo<\/a><\/p>\r\n\r\n\r\n<hr class=\"wp-block-separator has-alpha-channel-opacity\" \/>\r\n\r\n\r\n<p><strong>Resoluci\u00f3n exenta N\u00b0 897, Superintendencia del Medio Ambiente (9 de junio)<\/strong><\/p>\r\n\r\n\r\n\r\n<p>Dicta instrucci\u00f3n de car\u00e1cter general que dispone medidas de excepci\u00f3n para la realizaci\u00f3n de las actividades de fiscalizaci\u00f3n ambiental desarrolladas por las ETFA<br \/><a href=\"https:\/\/westlawchile.cl\/maf\/app\/document?&amp;src=laley4&amp;docguid=iAB87D552ED8BB1BF8811BD5BEF451256\">Ver texto completo<\/a><\/p>\r\n\r\n\r\n<hr class=\"wp-block-separator has-alpha-channel-opacity\" \/>\r\n\r\n\r\n<p><strong>Resoluci\u00f3n exenta N\u00b0 2.606, Ministerio del Interior y Seguridad P\u00fablica (6 de junio)<\/strong><\/p>\r\n\r\n\r\n\r\n<p>Dispone medida provisional de extensi\u00f3n del plazo que indica, producto de la emergencia sanitaria por brote de covid-19<br \/><a href=\"https:\/\/westlawchile.cl\/maf\/app\/document?&amp;src=laley4&amp;&amp;docguid=i1C0D59B4DE113472AE5848C6CC0D2703\">Ver texto completo<\/a><\/p>\r\n\r\n\r\n<hr class=\"wp-block-separator has-alpha-channel-opacity\" \/>\r\n\r\n\r\n<p><strong>Resoluci\u00f3n exenta N\u00b0 158, Ministerio de Desarrollo Social y Familia (6 de junio)<\/strong><\/p>\r\n\r\n\r\n\r\n<p>Modifica resoluci\u00f3n N\u00ba 138 exenta, de 2020, que determina procedimiento y metodolog\u00eda de c\u00e1lculo del indicador socioecon\u00f3mico de emergencia, forma de verificaci\u00f3n de los dem\u00e1s requisitos establecidos y orden de prelaci\u00f3n para el pago del ingreso familiar de emergencia en los casos que se indican, seg\u00fan la ley N\u00ba 21.230 y fija su texto refundido<br \/><a href=\"https:\/\/westlawchile.cl\/maf\/app\/document?&amp;src=laley4&amp;docguid=i99E5482B7C05A1114563FA8C82EED550\">Ver texto completo<\/a><\/p>\r\n\r\n\r\n<hr class=\"wp-block-separator has-alpha-channel-opacity\" \/>\r\n\r\n\r\n<p><strong>Decreto N\u00b0 19, Ministerio de Salud (6 de junio)<\/strong><\/p>\r\n\r\n\r\n\r\n<p>Modifica decreto N\u00ba 4, de 2020, que decreta alerta sanitaria por el per\u00edodo que se se\u00f1ala y otorga facultades extraordinarias que indica por Emergencia de Salud P\u00fablica de Importancia Internacional por brote del nuevo coronavirus (2019-NCOV)<br \/><a href=\"https:\/\/westlawchile.cl\/maf\/app\/document?&amp;src=laley4&amp;docguid=i7070AE6CC8EB0D7CAE07C21F52A2CCC7\">Ver texto completo<\/a><\/p>\r\n\r\n\r\n<hr class=\"wp-block-separator has-alpha-channel-opacity\" \/>\r\n\r\n\r\n<p><strong>Resoluci\u00f3n exenta N\u00b0 419, Ministerio de Salud (6 de junio)<\/strong><\/p>\r\n\r\n\r\n\r\n<p>Establece los requisitos que indica para las residencias sanitarias<br \/><a href=\"https:\/\/westlawchile.cl\/maf\/app\/document?&amp;src=laley4&amp;docguid=i9C3CEF8E841FD5EAD46586FA1C016176\">Ver texto completo<\/a><\/p>\r\n\r\n\r\n<hr class=\"wp-block-separator has-alpha-channel-opacity\" \/>\r\n\r\n\r\n<p><strong>Resoluci\u00f3n exenta N\u00b0 420, Ministerio de Salud (6 de junio)<\/strong><\/p>\r\n\r\n\r\n\r\n<p>Dispone que los establecimientos de atenci\u00f3n primaria de salud ejecuten las medidas que indica<\/p>\r\n\r\n\r\n<hr class=\"wp-block-separator has-alpha-channel-opacity\" \/>\r\n\r\n\r\n<p><strong>Resoluci\u00f3n exenta N\u00b0 211, Superintendencia de Educaci\u00f3n (6 de junio)<\/strong><\/p>\r\n\r\n\r\n\r\n<p>Establece modalidad excepcional de tramitaci\u00f3n que indica permitiendo su gesti\u00f3n a trav\u00e9s de medios electr\u00f3nicos y suspende procedimientos que se\u00f1ala, mientras se mantenga la emergencia de salud p\u00fablica derivada del brote de Covid-19<br \/><a href=\"https:\/\/westlawchile.cl\/maf\/app\/document?&amp;src=laley4&amp;docguid=iF55FD59C213DDE5CF9E53DC02C4B7F21\">Ver texto completo<\/a><\/p>\r\n\r\n\r\n<hr class=\"wp-block-separator has-alpha-channel-opacity\" \/>\r\n\r\n\r\n<p><strong>Resoluci\u00f3n exenta N\u00b0 2.789, Subsecretar\u00eda para las Fuerzas Armadas (6 de junio)<\/strong><\/p>\r\n\r\n\r\n\r\n<p>Otorga pr\u00f3rroga para iniciar o reanudar actividades respecto de las concesiones de acuicultura de especie salm\u00f3nidos que indica y fija procedimiento que se\u00f1ala<br \/><a href=\"https:\/\/westlawchile.cl\/maf\/app\/document?&amp;src=laley4&amp;docguid=i67B35A7EF6CC6BD1ECF67F703AB6492B\">Ver texto completo<\/a><\/p>\r\n\r\n\r\n<hr class=\"wp-block-separator has-alpha-channel-opacity\" \/>\r\n\r\n\r\n<p><strong>Resoluci\u00f3n exenta N\u00b0 389, Seremi de Transportes y Telecomunicaciones II Regi\u00f3n de Antofagasta (6 de junio)<\/strong><\/p>\r\n\r\n\r\n\r\n<p>Suspende plazo establecido para el reemplazo de los taxis cancelados del Registro de Servicios de Transporte de Pasajeros por los motivos que indica<br \/><a href=\"https:\/\/westlawchile.cl\/maf\/app\/document?&amp;src=laley4&amp;docguid=i30F2216D1700F04F01D4EEF40271FE44\">Ver texto completo<\/a><\/p>\r\n\r\n\r\n<hr class=\"wp-block-separator has-alpha-channel-opacity\" \/>\r\n\r\n\r\n<p><strong>Resoluci\u00f3n exenta N\u00b0 415, Superintendencia del Medio Ambiente (5 de junio)<\/strong><\/p>\r\n\r\n\r\n\r\n<p>Da inicio a la elaboraci\u00f3n del anteproyecto de norma primaria de calidad del aire para compuestos org\u00e1nicos vol\u00e1tiles<br \/><a href=\"https:\/\/westlawchile.cl\/maf\/app\/document?&amp;src=laley4&amp;docguid=iB94377F2ED326D7688AEB51014C4C0CB\">Ver texto completo<\/a><\/p>\r\n\r\n\r\n<hr class=\"wp-block-separator has-alpha-channel-opacity\" \/>\r\n\r\n\r\n<p><strong>Resoluci\u00f3n exenta N\u00b0 1.924, Servicio Nacional de Aduanas (5 de junio)<\/strong><\/p>\r\n\r\n\r\n\r\n<p>Aprueba el nuevo procedimiento de redestinaci\u00f3n para env\u00edos postales, v\u00eda empresa Correos de Chile, desde la Aduana de Valpara\u00edso y San Antonio a la Aduana Metropolitana<br \/><a href=\"https:\/\/westlawchile.cl\/maf\/app\/document?&amp;src=laley4&amp;docguid=iB0D38BFA80A0CD3607EE2F8D7C241E93\">Ver texto completo<\/a><\/p>\r\n\r\n\r\n<hr class=\"wp-block-separator has-alpha-channel-opacity\" \/>\r\n\r\n\r\n<p><strong>\u00a0<\/strong><strong>Resoluci\u00f3n exenta N\u00b0 856, Subsecretar\u00eda de Econom\u00eda y Empresas de Menor Tama\u00f1o (5 de junio)<\/strong><\/p>\r\n\r\n\r\n\r\n<p>Establece medidas excepcionales para cooperativas distintas a las de ahorro y cr\u00e9dito, en relaci\u00f3n a lo dispuesto en los art\u00edculos 71 y 72 de la resoluci\u00f3n N\u00b0 1.321 exenta, de 2013, respecto de materias que indica<br \/><a href=\"https:\/\/westlawchile.cl\/maf\/app\/document?&amp;src=laley4&amp;docguid=i4B9BA2BB32DB20C63DD624B769630F3B\">Ver texto completo<\/a><\/p>\r\n\r\n\r\n<hr class=\"wp-block-separator has-alpha-channel-opacity\" \/>\r\n\r\n\r\n<p><strong>Resoluci\u00f3n exenta N\u00b0 194, Direcci\u00f3n General del Cr\u00e9dito Prendario (5 de junio)<\/strong><\/p>\r\n\r\n\r\n\r\n<p>Reanuda las operaciones de cr\u00e9dito en la Unidad de Cr\u00e9dito de Antofagasta<br \/><a href=\"https:\/\/westlawchile.cl\/maf\/app\/document?&amp;src=laley4&amp;docguid=iFCBC7AB5DE0DA225E97561B8A34B3C44\">Ver texto completo<\/a><\/p>\r\n\r\n\r\n<hr class=\"wp-block-separator has-alpha-channel-opacity\" \/>\r\n\r\n\r\n<p><strong>Resoluci\u00f3n exenta N\u00b0 195, Direcci\u00f3n General del Cr\u00e9dito Prendario (5 de junio)<\/strong><\/p>\r\n\r\n\r\n\r\n<p>Declara suspensi\u00f3n de remates en las Unidades de Cr\u00e9dito del pa\u00eds para el mes de junio<br \/><a href=\"https:\/\/westlawchile.cl\/maf\/app\/document?&amp;src=laley4&amp;docguid=iB5056918AE34E67780B97C5E87BD9B0B\">Ver texto completo<\/a><\/p>\r\n\r\n\r\n<hr class=\"wp-block-separator has-alpha-channel-opacity\" \/>\r\n\r\n\r\n<p><strong>Decreto N\u00b0 188, Ministerio del Interior y Seguridad P\u00fablica (4 de junio)<\/strong><\/p>\r\n\r\n\r\n\r\n<p>Establece medida extraordinaria que indica a causa de la enfermedad Covid-19<br \/><a href=\"https:\/\/westlawchile.cl\/maf\/app\/document?&amp;src=laley4&amp;docguid=iD20F534A77E863AB31676D3535DA7E19\">Ver texto completo<\/a><\/p>\r\n\r\n\r\n<hr class=\"wp-block-separator has-alpha-channel-opacity\" \/>\r\n\r\n\r\n<p><strong>Resoluci\u00f3n exenta N\u00b0 417, Ministerio de Salud (4 de junio)<\/strong><\/p>\r\n\r\n\r\n\r\n<p>Dispone medidas sanitarias que indica por brote de Covid-19<br \/><a href=\"https:\/\/westlawchile.cl\/maf\/app\/document?&amp;src=laley4&amp;docguid=i7D801ADDE436EF3F0929ED9E013C5ADA\">Ver texto completo<\/a><\/p>\r\n\r\n\r\n<hr class=\"wp-block-separator has-alpha-channel-opacity\" \/>\r\n\r\n\r\n<p><strong>Resoluci\u00f3n exenta N\u00b0 418, Ministerio de Salud (4 de junio)<\/strong><\/p>\r\n\r\n\r\n\r\n<p>Dispone precios m\u00e1ximos y deja constancia de lo que indica<br \/><a href=\"https:\/\/westlawchile.cl\/maf\/app\/document?&amp;src=laley4&amp;docguid=i9E296928F8A50F5CA34D94EF6FF565E8\">Ver texto completo<\/a><\/p>\r\n\r\n\r\n<hr class=\"wp-block-separator has-alpha-channel-opacity\" \/>\r\n\r\n\r\n<p><strong>Resoluci\u00f3n exenta N\u00b0 361, Seremi de Salud XI Regi\u00f3n de Ays\u00e9n\u00a0(4 de junio)<\/strong><\/p>\r\n\r\n\r\n\r\n<p>Dispone medidas de resguardo en contexto Covid-19 para la poblaci\u00f3n de Ays\u00e9n<br \/><a href=\"https:\/\/westlawchile.cl\/maf\/app\/document?&amp;src=laley4&amp;docguid=iC965EC16B00E9D6C8D713EC0327BC383\">Ver texto completo<\/a><\/p>\r\n\r\n\r\n<hr class=\"wp-block-separator has-alpha-channel-opacity\" \/>\r\n\r\n\r\n<p><strong>Decreto N\u00b0 254, Ministerio del Interior y Seguridad P\u00fablica (3 de junio)<\/strong><\/p>\r\n\r\n\r\n\r\n<p>Extiende vigencia del decreto N\u00ba 102, de 2020, que dispone el cierre temporal de lugares habilitados para el ingreso y egreso de extranjeros, por Emergencia de Salud P\u00fablica de Importancia Internacional por brote del nuevo coronavirus (2019-NCOV)<br \/><a href=\"https:\/\/westlawchile.cl\/maf\/app\/document?&amp;src=laley4&amp;docguid=iBC49DA18A8426FFD2B97FB9F4CB066BF\">Ver texto completo<\/a><\/p>\r\n\r\n\r\n<hr class=\"wp-block-separator has-alpha-channel-opacity\" \/>\r\n\r\n\r\n<p><strong>Resoluci\u00f3n exenta N\u00b0 409, Ministerio de Salud (3 de junio)<\/strong><\/p>\r\n\r\n\r\n\r\n<p>Dispone medidas sanitarias que indica por brote de Covid-19<br \/><a href=\"https:\/\/westlawchile.cl\/maf\/app\/document?&amp;src=laley4&amp;docguid=i62071BB183615248FB571B517DA43F0E\">Ver texto completo<\/a><\/p>\r\n\r\n\r\n<hr class=\"wp-block-separator has-alpha-channel-opacity\" \/>\r\n\r\n\r\n<p><strong>Resoluci\u00f3n exenta N\u00b0 1.556, Servicio Nacional de Aduanas (2 de junio)<\/strong><\/p>\r\n\r\n\r\n\r\n<p>Dispone nuevas medidas de facilitaci\u00f3n en el contexto del brote de Covid-19<br \/><a href=\"https:\/\/westlawchile.cl\/maf\/app\/document?&amp;src=laley4&amp;docguid=i0D6985AA30022DB95DF041B4AF660EFA\">Ver texto completo<\/a><\/p>\r\n\r\n\r\n<hr class=\"wp-block-separator has-alpha-channel-opacity\" \/>\r\n\r\n\r\n<p><strong>Resoluci\u00f3n exenta N\u00b0 2.437, Ministerio de Educaci\u00f3n (2 de junio)<\/strong><\/p>\r\n\r\n\r\n\r\n<p>Dispone la suspensi\u00f3n de procedimientos administrativos en materia educacional que indica y aprueba protocolo excepcional de acreditaci\u00f3n requisitos normativos de infraestructura<br \/><a href=\"https:\/\/westlawchile.cl\/maf\/app\/document?&amp;src=laley4&amp;docguid=i258DE618D0081E3715737BA85C9459B1\">Ver texto completo<\/a><\/p>\r\n\r\n\r\n<hr class=\"wp-block-separator has-alpha-channel-opacity\" \/>\r\n\r\n\r\n<p><strong>Ley N\u00b0 21.232, Ministerio del Trabajo y Previsi\u00f3n Social (1 de junio)<\/strong><\/p>\r\n\r\n\r\n\r\n<p>Modifica la ley N\u00ba 21.227, que faculta el acceso a prestaciones del Seguro de Desempleo de la ley N\u00b0 19.728 en circunstancias excepcionales, en las materias que indica<br \/><a href=\"https:\/\/westlawchile.cl\/maf\/app\/document?&amp;src=laley4&amp;docguid=i4D64E254FA9F9E0CE8A1C2B507F0793F\">Ver texto completo<\/a><\/p>\r\n\r\n\r\n<hr class=\"wp-block-separator has-alpha-channel-opacity\" \/>\r\n\r\n\r\n<p><strong>Ley N\u00b0 21.237, Ministerio Secretar\u00eda General de la Presidencia (30 de mayo)<\/strong><\/p>\r\n\r\n\r\n\r\n<p>Reforma Constitucional que permite el funcionamiento del Congreso Pleno por medios telem\u00e1ticos y establece una nueva fecha para la cuenta a que se refiere el art\u00edculo 24 de la Constituci\u00f3n para el a\u00f1o 2020<br \/><a href=\"https:\/\/westlawchile.cl\/maf\/app\/document?&amp;src=laley4&amp;docguid=iAAE9482F47CEDAEA50FD10EB2E8F3AC9\">Ver texto completo<\/a><\/p>\r\n\r\n\r\n<hr class=\"wp-block-separator has-alpha-channel-opacity\" \/>\r\n\r\n\r\n<p><strong>Resoluci\u00f3n exenta N\u00b0 403, Ministerio de Salud (30 de mayo)<\/strong><\/p>\r\n\r\n\r\n\r\n<p>Dispone medidas sanitarias que indica por brote de covid-19<br \/><a href=\"https:\/\/westlawchile.cl\/maf\/app\/document?&amp;src=laley4&amp;docguid=i841E6AC8E8234652AD23B08E8ED8C370\">Ver texto completo<\/a><\/p>\r\n\r\n\r\n<hr class=\"wp-block-separator has-alpha-channel-opacity\" \/>\r\n\r\n\r\n<p><strong>Resoluci\u00f3n exenta N\u00b0 303, Ministerio de Desarrollo Social y Familia (30 de mayo)<\/strong><\/p>\r\n\r\n\r\n\r\n<p>Excepciona cumplimiento del requisito Control de Salud para la condicionante Control Ni\u00f1o Sano, de la transferencia monetaria condicionada de la especie, en virtud del estado de excepci\u00f3n constitucional de cat\u00e1strofe por calamidad p\u00fablica, declarado a causa de la pandemia por la Covid-19, y aprueba su pago<br \/><a href=\"https:\/\/westlawchile.cl\/maf\/app\/document?&amp;src=laley4&amp;docguid=iA31CA1D5B4E2DF80E666E0A9C21BCA2D\">Ver texto completo<\/a><\/p>\r\n\r\n\r\n<hr class=\"wp-block-separator has-alpha-channel-opacity\" \/>\r\n\r\n\r\n<p><strong>Resoluci\u00f3n exenta N\u00b0 311, Ministerio de Desarrollo Social y Familia (30 de mayo)<\/strong><\/p>\r\n\r\n\r\n\r\n<p>Aprueba formato y gu\u00eda de aplicaci\u00f3n de la Ficha B\u00e1sica de Emergencia<br \/><a href=\"https:\/\/westlawchile.cl\/maf\/app\/document?&amp;src=laley4&amp;docguid=i4CA749C742B78A0762FF5BD22775E338\">Ver texto completo<\/a><\/p>\r\n\r\n\r\n<hr class=\"wp-block-separator has-alpha-channel-opacity\" \/>\r\n\r\n\r\n<p><strong>Ley N\u00b0 21.235, Ministerio del Trabajo y Previsi\u00f3n Social (29 de mayo)<\/strong><\/p>\r\n\r\n\r\n\r\n<p>Suspende temporalmente procesos electorales de directivas y delegados sindicales, y prorroga la vigencia de los mandatos de dichos directores y delegados sindicales en los casos que indica<br \/><a href=\"https:\/\/westlawchile.cl\/maf\/app\/document?&amp;src=laley4&amp;docguid=i29BE8861ABA7D694F3CD0C0234286C9E\">Ver texto completo<\/a><\/p>\r\n\r\n\r\n<hr class=\"wp-block-separator has-alpha-channel-opacity\" \/>\r\n\r\n\r\n<p><strong>Resoluci\u00f3n exenta N\u00b0 396, Ministerio de Salud (29 de mayo)<\/strong><\/p>\r\n\r\n\r\n\r\n<p>Dispone medidas sanitarias que indica por brote de Covid-19<br \/><a href=\"https:\/\/westlawchile.cl\/maf\/app\/document?&amp;src=laley4&amp;docguid=iB81FEAC29F1A7CADE0A219C0CC60228D\">Ver texto completo<\/a><\/p>\r\n\r\n\r\n<hr class=\"wp-block-separator has-alpha-channel-opacity\" \/>\r\n\r\n\r\n<p><strong>Resoluci\u00f3n exenta N\u00b0 301, Ministerio de Desarrollo Social y Familia (29 de mayo)<\/strong><\/p>\r\n\r\n\r\n\r\n<p>Aprueba Protocolo excepcional de levantamiento de informaci\u00f3n de manera remota para la Ficha B\u00e1sica de Emergencia aplicada en casos de emergencias por d\u00e9ficit h\u00eddrico, y anexo que indica<br \/><a href=\"https:\/\/westlawchile.cl\/maf\/app\/document?&amp;src=laley4&amp;docguid=i616E6E936DA9B6002B9B920F8CECDB47\">Ver texto completo<\/a><\/p>\r\n\r\n\r\n<hr class=\"wp-block-separator has-alpha-channel-opacity\" \/>\r\n\r\n\r\n<p><strong>Resoluci\u00f3n exenta N\u00b0 1.750, Direcci\u00f3n General de Movilizaci\u00f3n Nacional (29 de mayo)<\/strong><\/p>\r\n\r\n\r\n\r\n<p>Deja sin efecto resoluci\u00f3n N\u00b0 1.489 exenta, de 2020, que suspende actuaciones relativas a la ley N\u00ba 17.798 sobre Control de Armas<br \/><a href=\"https:\/\/westlawchile.cl\/maf\/app\/document?&amp;src=laley4&amp;docguid=i4387290843152CE72808E4724029FF90\">Ver texto completo<\/a><\/p>\r\n\r\n\r\n<hr class=\"wp-block-separator has-alpha-channel-opacity\" \/>\r\n\r\n\r\n<p><strong>Resoluci\u00f3n exenta N\u00b0 2.354, Ministerio del Interior y Seguridad P\u00fablica (28 de mayo)<\/strong><\/p>\r\n\r\n\r\n\r\n<p>Revoca resoluci\u00f3n N\u00ba 1.728 exenta, de 2020, que delega facultad que indica en el Intendente de la Regi\u00f3n de Antofagasta<br \/><a href=\"https:\/\/westlawchile.cl\/maf\/app\/document?&amp;src=laley4&amp;docguid=iB9F7A08D83F655898D66C906DA0B8C42\">Ver texto completo<\/a><\/p>\r\n\r\n\r\n<hr class=\"wp-block-separator has-alpha-channel-opacity\" \/>\r\n\r\n\r\n<p><strong>Resoluci\u00f3n exenta N\u00b0 J1-2.580, Seremi de Salud IX Regi\u00f3n de la Araucan\u00eda (28 de mayo)<\/strong><\/p>\r\n\r\n\r\n\r\n<p>Deja sin efecto resoluci\u00f3n N\u00b0 J1-1.649 exenta, de 2020<br \/><a href=\"https:\/\/westlawchile.cl\/maf\/app\/document?&amp;src=laley4&amp;docguid=iDFC50F7CEA82D6020BC439BC97ABD9DA\">Ver texto completo<\/a><\/p>\r\n\r\n\r\n<hr class=\"wp-block-separator has-alpha-channel-opacity\" \/>\r\n\r\n\r\n<p><strong>Decreto N\u00b0 240, Ministerio del Interior y Seguridad P\u00fablica (27 de mayo)<\/strong><\/p>\r\n\r\n\r\n\r\n<p>Extiende vigencia del decreto supremo N\u00ba 102, de 2020, que dispone el cierre temporal de lugares habilitados para el ingreso y egreso de extranjeros, por Emergencia de Salud P\u00fablica de Importancia Internacional por brote del nuevo coronavirus (2019-NCOV)<br \/><a href=\"https:\/\/westlawchile.cl\/maf\/app\/document?&amp;src=laley4&amp;docguid=i310512A0148A1F29D413398BD4C325A2\">Ver texto completo<\/a><\/p>\r\n\r\n\r\n<hr class=\"wp-block-separator has-alpha-channel-opacity\" \/>\r\n\r\n\r\n<p><strong>Resoluci\u00f3n exenta N\u00b0 957, Direcci\u00f3n General de Aguas (26 de mayo)<\/strong><\/p>\r\n\r\n\r\n\r\n<p>Prorroga resoluci\u00f3n N\u00ba 492 exenta, de 2020, que dispone suspensi\u00f3n de plazos en procedimientos administrativos que indica<br \/><a href=\"https:\/\/westlawchile.cl\/maf\/app\/document?&amp;docguid=i3DE5C9CC4608F3DA6FDE4D0529BA1EF0\">Ver texto completo<\/a><\/p>\r\n\r\n\r\n<hr class=\"wp-block-separator has-alpha-channel-opacity\" \/>\r\n\r\n\r\n<p><strong>Resoluci\u00f3n exenta N\u00b0 694, Superintendencia del Medio Ambiente (26 de mayo)<\/strong><\/p>\r\n\r\n\r\n\r\n<p>Instruye Programa de Fiscalizaci\u00f3n a\u00f1o 2020, para el Plan Operacional de Gesti\u00f3n de Episodios Cr\u00edticos de Contaminaci\u00f3n Ambiental, en el marco de lo dispuesto por el Plan de Prevenci\u00f3n y Descontaminaci\u00f3n Atmosf\u00e9rica de la Regi\u00f3n Metropolitana de Santiago<br \/><a href=\"https:\/\/westlawchile.cl\/maf\/app\/document?&amp;docguid=i293203B4C98E566C96C33055F6C11EEA\">Ver texto completo<\/a><\/p>\r\n\r\n\r\n<hr class=\"wp-block-separator has-alpha-channel-opacity\" \/>\r\n\r\n\r\n<p><strong>Resoluci\u00f3n exenta N\u00b0 279, Subsecretar\u00eda de Servicios Sociales (25 de mayo)<\/strong><\/p>\r\n\r\n\r\n\r\n<p>Suspende proceso de consulta ind\u00edgena iniciada por resoluci\u00f3n N\u00ba 74 exenta, de 2020<br \/><a href=\"https:\/\/westlawchile.cl\/maf\/app\/document?&amp;src=laley4&amp;docguid=i033D53D397D7C64D2679991640E5B623\">Ver texto completo<\/a><\/p>\r\n\r\n\r\n<hr class=\"wp-block-separator has-alpha-channel-opacity\" \/>\r\n\r\n\r\n<p><strong>Resoluci\u00f3n exenta N\u00b0 1.084, Direcci\u00f3n General de Concesiones de Obras P\u00fablicas (25 de mayo)<\/strong><\/p>\r\n\r\n\r\n\r\n<p>Dispone suspensi\u00f3n de plazos en el proceso de consulta ind\u00edgena del proyecto denominado Ruta del Villarrica<br \/><a href=\"https:\/\/westlawchile.cl\/maf\/app\/document?&amp;src=laley4&amp;docguid=iB2BC8E5891F7DE28C6859B5393C053A2\">Ver texto completo<\/a><br \/><del><\/del><\/p>\r\n\r\n\r\n<hr class=\"wp-block-separator has-alpha-channel-opacity\" \/>\r\n\r\n\r\n<p><strong>Resoluci\u00f3n exenta N\u00b0 J1-2.457, Seremi de Salud IX Regi\u00f3n de la Araucan\u00eda (25 de mayo)<\/strong><\/p>\r\n\r\n\r\n\r\n<p>Deja sin efecto resoluci\u00f3n N\u00ba J1-1.428 exenta, de 2020<br \/><a href=\"https:\/\/westlawchile.cl\/maf\/app\/document?&amp;src=laley4&amp;docguid=iC606D105C0E66C73EE547CC9DF83F5A6\">Ver texto completo<\/a><\/p>\r\n\r\n\r\n<hr class=\"wp-block-separator has-alpha-channel-opacity\" \/>\r\n\r\n\r\n<p><strong>Decreto N\u00b0 4, Ministerio de Agricultura (23 de mayo)<\/strong><\/p>\r\n\r\n\r\n\r\n<p>Crea consejo asesor ministerial denominado Consejo de Exministros de Agricultura<br \/><a href=\"https:\/\/westlawchile.cl\/maf\/app\/document?&amp;src=laley4&amp;docguid=i422E89F9F2E7B0E6E0C3A0FF803A7028\">Ver texto completo<\/a><\/p>\r\n\r\n\r\n<hr class=\"wp-block-separator has-alpha-channel-opacity\" \/>\r\n\r\n\r\n<p><strong>Resoluci\u00f3n exenta N\u00b0 373, Ministerio de Salud (22 de mayo)<\/strong><\/p>\r\n\r\n\r\n\r\n<p>Dispone medidas sanitarias que indica por brote de Covid-19<br \/><a href=\"https:\/\/westlawchile.cl\/maf\/app\/document?&amp;src=laley4&amp;docguid=iA56CD95DF8D06BADA63D591C2F2A2EFB\">Ver texto completo<\/a><\/p>\r\n\r\n\r\n<hr class=\"wp-block-separator has-alpha-channel-opacity\" \/>\r\n\r\n\r\n<p><strong>Resoluci\u00f3n exenta N\u00b0 1.208, Subsecretar\u00eda de Pesca y Acuicultura (22 de mayo)<\/strong><\/p>\r\n\r\n\r\n\r\n<p>Dispone suspensi\u00f3n de la obligaci\u00f3n del uso de c\u00e1maras en el sector artesanal por causa de fuerza mayor derivada de la pandemia del coronavirus Covid-19<br \/><a href=\"https:\/\/westlawchile.cl\/maf\/app\/document?&amp;docguid=iB586DB9C3D4C427DFAD92A8E921B3FE1\">Ver texto completo<\/a><\/p>\r\n\r\n\r\n<hr class=\"wp-block-separator has-alpha-channel-opacity\" \/>\r\n\r\n\r\n<p><strong>Resoluci\u00f3n exenta N\u00b0 173, Direcci\u00f3n General del Cr\u00e9dito Prendario (22 de mayo)<\/strong><\/p>\r\n\r\n\r\n\r\n<p>Reanuda las operaciones de cr\u00e9dito en la Unidad de Cr\u00e9dito de Arica<br \/><a href=\"https:\/\/westlawchile.cl\/maf\/app\/document?&amp;src=laley4&amp;docguid=i7E377C144C27A5698F8AF221E5AD6266\">Ver texto completo<\/a><\/p>\r\n\r\n\r\n<hr class=\"wp-block-separator has-alpha-channel-opacity\" \/>\r\n\r\n\r\n<p><strong>Decreto N\u00b0 205, Ministerio del Interior y Seguridad P\u00fablica (20 de mayo)<\/strong><\/p>\r\n\r\n\r\n\r\n<p>Extiende vigencia del decreto supremo N\u00ba 102, de 2020, que dispone el cierre temporal de lugares habilitados para el ingreso y egreso de extranjeros, por Emergencia de Salud P\u00fablica de Importancia Internacional por brote del nuevo coronavirus (2019-NCOV)<br \/><a href=\"https:\/\/westlawchile.cl\/maf\/app\/document?&amp;src=laley4&amp;docguid=i4ECF92DD515337CFE5246F08217A9AAB\">Ver texto completo<\/a><\/p>\r\n\r\n\r\n<hr class=\"wp-block-separator has-alpha-channel-opacity\" \/>\r\n\r\n\r\n<p><strong>Resoluci\u00f3n exenta N\u00b0 138, Ministerio de Desarrollo Social y Familia (20 de mayo)<\/strong><\/p>\r\n\r\n\r\n\r\n<p>Determina procedimiento y metodolog\u00eda de c\u00e1lculo del indicador socioecon\u00f3mico de emergencia, forma de verificaci\u00f3n de los dem\u00e1s requisitos establecidos y orden de prelaci\u00f3n para el pago del ingreso familiar de emergencia en los casos que se indican, seg\u00fan la ley N\u00ba 21.230<br \/><a href=\"https:\/\/westlawchile.cl\/maf\/app\/document?&amp;src=laley4&amp;docguid=iEA61B8882FC6177863BB078230EF7E1F\">Ver texto completo<\/a><\/p>\r\n\r\n\r\n<hr class=\"wp-block-separator has-alpha-channel-opacity\" \/>\r\n\r\n\r\n<p><strong>Resoluci\u00f3n exenta N\u00b0 357, Ministerio de Salud (20 de mayo)<\/strong><\/p>\r\n\r\n\r\n\r\n<p>Dispone medidas sanitarias que indica por brote de Covid-19<br \/><a href=\"https:\/\/westlawchile.cl\/maf\/app\/document?&amp;src=laley4&amp;docguid=i46EC30AA4833001E557D687AAD3E247E\">Ver texto completo<\/a><\/p>\r\n\r\n\r\n<hr class=\"wp-block-separator has-alpha-channel-opacity\" \/>\r\n\r\n\r\n<p><strong>Resoluci\u00f3n exenta N\u00b0 161, Direcci\u00f3n General del Cr\u00e9dito Prendario (20 de mayo)<\/strong><\/p>\r\n\r\n\r\n\r\n<p>Declara suspensi\u00f3n de las operaciones de cr\u00e9dito en la Unidad de Cr\u00e9dito de Iquique, de la Regi\u00f3n de Tarapac\u00e1<br \/><a href=\"https:\/\/westlawchile.cl\/maf\/app\/document?&amp;src=laley4&amp;docguid=i4B46E455D4C585F8101974162D5F28BB\">Ver texto completo<\/a><\/p>\r\n\r\n\r\n<hr class=\"wp-block-separator has-alpha-channel-opacity\" \/>\r\n\r\n\r\n<p><strong>Resoluci\u00f3n exenta N\u00b0 162, Direcci\u00f3n General del Cr\u00e9dito Prendario (20 de mayo)<\/strong><\/p>\r\n\r\n\r\n\r\n<p>Regulariza suspensi\u00f3n de las operaciones en las Unidades de Cr\u00e9dito Antofagasta, San Diego y Puente Alto<br \/><a href=\"https:\/\/westlawchile.cl\/maf\/app\/document?&amp;docguid=iA1D6B2FB6D45662A60196C5BDEB230F0\">Ver texto completo<\/a><\/p>\r\n\r\n\r\n<hr class=\"wp-block-separator has-alpha-channel-opacity\" \/>\r\n\r\n\r\n<p><strong>Resoluci\u00f3n exenta N\u00b0 169, Direcci\u00f3n General del Cr\u00e9dito Prendario (20 de mayo)<\/strong><\/p>\r\n\r\n\r\n\r\n<p>Declara suspensi\u00f3n de las operaciones de cr\u00e9dito en la Unidad de Cr\u00e9dito de Arica, de la Regi\u00f3n de Arica y Parinacota<br \/><a href=\"https:\/\/westlawchile.cl\/maf\/app\/document?&amp;src=laley4&amp;docguid=i5721FA8E9B051C09EAF75CED2EBACC58\">Ver texto completo<\/a><\/p>\r\n\r\n\r\n<hr class=\"wp-block-separator has-alpha-channel-opacity\" \/>\r\n\r\n\r\n<p><strong>Resoluci\u00f3n exenta N\u00b0 356, Ministerio de Salud (19 de mayo)<\/strong><\/p>\r\n\r\n\r\n\r\n<p>Instruye aumento de capacidad ventilatoria a los prestadores privados de salud cerrados de alta complejidad<br \/><a href=\"https:\/\/westlawchile.cl\/maf\/app\/document?&amp;src=laley4&amp;docguid=iF20F18E56CF57438A7997D3E1774425D\">Ver texto completo<\/a><\/p>\r\n\r\n\r\n<hr class=\"wp-block-separator has-alpha-channel-opacity\" \/>\r\n\r\n\r\n<p><strong>Resoluci\u00f3n exenta N\u00b0 1.000, Seremi de Salud VII Regi\u00f3n del Maule (19 de mayo)<\/strong><\/p>\r\n\r\n\r\n\r\n<p>Deja sin efecto resoluci\u00f3n N\u00ba 726 exenta, de 2020<br \/><a href=\"https:\/\/westlawchile.cl\/maf\/app\/document?&amp;src=laley4&amp;docguid=i53837B6D5F589550840FF5F21E863C54\">Ver texto completo<\/a><\/p>\r\n\r\n\r\n<hr class=\"wp-block-separator has-alpha-channel-opacity\" \/>\r\n\r\n\r\n<p><strong>Decreto N\u00b0 28, Ministerio de Transportes y Telecomunicaciones (19 de mayo)<\/strong><\/p>\r\n\r\n\r\n\r\n<p>Modifica decretos N\u00ba 38, de 1992 y N\u00ba 80, de 2004<br \/><a href=\"https:\/\/westlawchile.cl\/maf\/app\/document?&amp;src=laley4&amp;docguid=iDB9E7348393A739623C05CC8900EB868\">Ver texto completo<\/a><\/p>\r\n\r\n\r\n<hr class=\"wp-block-separator has-alpha-channel-opacity\" \/>\r\n\r\n\r\n<p><strong>Ley N\u00b0 21.230, Ministerio de Desarrollo Social y Familia (16 de mayo)<\/strong><\/p>\r\n\r\n\r\n\r\n<p>Concede un Ingreso Familiar de Emergencia<br \/><a href=\"https:\/\/westlawchile.cl\/maf\/app\/document?&amp;src=laley4&amp;docguid=iDA167E7CDF000FA9D00DC782B8856D9C\">Ver texto completo<\/a><\/p>\r\n\r\n\r\n<hr class=\"wp-block-separator has-alpha-channel-opacity\" \/>\r\n\r\n\r\n<p><strong>Resoluci\u00f3n exenta N\u00b0 133, Ministerio de Hacienda (16 de mayo)<\/strong><\/p>\r\n\r\n\r\n\r\n<p>Se\u00f1ala las zonas o territorios afectados por acto o declaraci\u00f3n de autoridad y las actividades o establecimientos exceptuados de la paralizaci\u00f3n de actividades, para efectos de acceder a las prestaciones a que se refieren los art\u00edculos 1 y 2 de la ley N\u00ba 21.227<br \/><a href=\"https:\/\/westlawchile.cl\/maf\/app\/document?&amp;src=laley4&amp;docguid=iCD4F47EBB4F3297954385CF0B6AB767D\">Ver texto completo<\/a><\/p>\r\n\r\n\r\n<hr class=\"wp-block-separator has-alpha-channel-opacity\" \/>\r\n\r\n\r\n<p><strong>Resoluci\u00f3n exenta N\u00b0 349, Ministerio de Salud (15 de mayo 2020)<\/strong><\/p>\r\n\r\n\r\n\r\n<p>Dispone medidas sanitarias que indica por brote de Covid-19<br \/><a href=\"https:\/\/westlawchile.cl\/maf\/app\/document?&amp;docguid=i3525B4E5EE9AC1BD0111DE9DBFA2C1C3\">Ver texto completo<\/a><\/p>\r\n\r\n\r\n<hr class=\"wp-block-separator has-alpha-channel-opacity\" \/>\r\n\r\n\r\n<p><strong>Resoluci\u00f3n exenta N\u00b0 159, Direcci\u00f3n General del Cr\u00e9dito Prendario (15 de mayo 2020)<\/strong><\/p>\r\n\r\n\r\n\r\n<p>Declara reanudaci\u00f3n de las operaciones de cr\u00e9dito en la Unidad de Cr\u00e9dito de Punta Arenas<br \/><a href=\"https:\/\/westlawchile.cl\/maf\/app\/document?&amp;src=laley4&amp;docguid=i97C11292F06881F264692F020C74720B\">Ver texto completo<\/a><\/p>\r\n\r\n\r\n<hr class=\"wp-block-separator has-alpha-channel-opacity\" \/>\r\n\r\n\r\n<p><strong>Resoluci\u00f3n exenta N\u00b0 261, Seremi de Transporte XV Regi\u00f3n de Arica y Parinacota (15 de mayo 2020)<\/strong><\/p>\r\n\r\n\r\n\r\n<p>Suspende plazo establecido para el reemplazo de los taxis cancelados del Registro de Servicios de Transporte de Pasajeros<br \/><a href=\"https:\/\/westlawchile.cl\/maf\/app\/document?&amp;src=laley4&amp;docguid=i4EB15197FAA8AE548FB045299E0FA0DE\">Ver texto completo<\/a><\/p>\r\n\r\n\r\n<hr class=\"wp-block-separator has-alpha-channel-opacity\" \/>\r\n\r\n\r\n<p><strong>Decreto N\u00b0 203, Ministerio del Interior y Seguridad P\u00fablica (14 de mayo 2020)<\/strong><\/p>\r\n\r\n\r\n\r\n<p>Modifica decreto N\u00b0 104, de 2020, que declara estado de excepci\u00f3n constitucional de cat\u00e1strofe, por calamidad p\u00fablica, en el territorio de Chile<br \/><a href=\"https:\/\/westlawchile.cl\/maf\/app\/document?&amp;src=laley4&amp;docguid=i18855B22C80ACC6943FA7EAA86020C40\">Ver texto completo<\/a><\/p>\r\n\r\n\r\n<hr class=\"wp-block-separator has-alpha-channel-opacity\" \/>\r\n\r\n\r\n<p><strong>Resoluci\u00f3n exenta N\u00b0 217, Ministerio de Educaci\u00f3n (14 de mayo 2020)<\/strong><\/p>\r\n\r\n\r\n\r\n<p>Dispone pr\u00f3rroga del plazo de suspensi\u00f3n de procedimientos administrativos educacionales que indica<br \/><a href=\"https:\/\/westlawchile.cl\/maf\/app\/document?&amp;src=laley4&amp;docguid=i93651DE12E50210777B8DEFF93095932\">Ver texto completo<\/a><\/p>\r\n\r\n\r\n<hr class=\"wp-block-separator has-alpha-channel-opacity\" \/>\r\n\r\n\r\n<p><strong>Resoluci\u00f3n exenta N\u00b0 160, Direcci\u00f3n General del Cr\u00e9dito Prendario (14 de mayo 2020)<\/strong><\/p>\r\n\r\n\r\n\r\n<p>Declara reanudaci\u00f3n de las operaciones de cr\u00e9dito en la Unidad de Cr\u00e9dito de Temuco<br \/><a href=\"https:\/\/westlawchile.cl\/maf\/app\/document?&amp;src=laley4&amp;docguid=iA67A553C4B48F44AD725E8D1E54F6FC3\">Ver texto completo<\/a><\/p>\r\n\r\n\r\n<hr class=\"wp-block-separator has-alpha-channel-opacity\" \/>\r\n\r\n\r\n<p><strong>Decreto N\u00b0 18, Ministerio de Salud (14 de mayo 2020)<\/strong><\/p>\r\n\r\n\r\n\r\n<p>Modifica decreto N\u00ba 4, de 2020, que decreta alerta sanitaria por el per\u00edodo que se se\u00f1ala y otorga facultades extraordinarias que indica por Emergencia de Salud P\u00fablica de Importancia Internacional por brote del nuevo coronavirus (2019-NCOV)<br \/><a href=\"https:\/\/westlawchile.cl\/maf\/app\/document?&amp;src=laley4&amp;docguid=i02E80F86ACCC51BCDCA48DDE3AE963B2\">Ver texto completo<\/a><\/p>\r\n\r\n\r\n<hr class=\"wp-block-separator has-alpha-channel-opacity\" \/>\r\n\r\n\r\n<p><strong>Resoluci\u00f3n exenta N\u00b0 347, Ministerio de Salud (14 de mayo 2020)<\/strong><\/p>\r\n\r\n\r\n\r\n<p>Dispone medidas sanitarias que indica por brote de Covid-19<br \/><a href=\"https:\/\/westlawchile.cl\/maf\/app\/document?&amp;src=laley4&amp;docguid=iAFF1188FC6889C5EAC75516D51FBC2B5\">Ver texto completo<\/a><\/p>\r\n\r\n\r\n<hr class=\"wp-block-separator has-alpha-channel-opacity\" \/>\r\n\r\n\r\n<p><strong>Decreto N\u00b0 202, Ministerio del Interior y Seguridad P\u00fablica (13 de mayo 2020)<\/strong><\/p>\r\n\r\n\r\n\r\n<p>Extiende la vigencia del decreto supremo N\u00ba 102, de 2020, que dispone el cierre temporal de lugares habilitados para el ingreso y egreso de extranjeros, por Emergencia de Salud P\u00fablica de Importancia Internacional por brote del nuevo coronavirus (2019-NCOV).<br \/><a href=\"https:\/\/westlawchile.cl\/maf\/app\/document?&amp;src=laley4&amp;docguid=i80CE943E5F408F909D9961A4B346097A\">Ver texto completo<\/a><\/p>\r\n\r\n\r\n<hr class=\"wp-block-separator has-alpha-channel-opacity\" \/>\r\n\r\n\r\n<p><strong>Resoluci\u00f3n exenta N\u00b0 341, Ministerio de Salud (13 de mayo de 2020)<\/strong><\/p>\r\n\r\n\r\n\r\n<p>Dispone medidas sanitarias que indica por brote de Covid-19<br \/><a href=\"https:\/\/westlawchile.cl\/maf\/app\/document?&amp;src=laley4&amp;docguid=iADAD63467C3EE62A6EEE54222DB66F69\">Ver texto completo<\/a><\/p>\r\n\r\n\r\n<hr class=\"wp-block-separator has-alpha-channel-opacity\" \/>\r\n\r\n\r\n<p><strong>\u00a0<\/strong><strong>Resoluci\u00f3n exenta N\u00b0 1.099, Subsecretar\u00eda de Pesca y Acuicultura (13 de mayo de 2020)<\/strong><\/p>\r\n\r\n\r\n\r\n<p>Dispone reglas especiales de atenci\u00f3n a la ciudadan\u00eda por causa de fuerza mayor derivada de la pandemia del Coronavirus Covid-19<br \/><a href=\"https:\/\/westlawchile.cl\/maf\/app\/document?&amp;src=laley4&amp;docguid=i0823FFB0D781A70970921398F6A589C9\">Ver texto completo<\/a><\/p>\r\n\r\n\r\n<hr class=\"wp-block-separator has-alpha-channel-opacity\" \/>\r\n\r\n\r\n<p><strong>Resoluci\u00f3n exenta N\u00b0 334, Ministerio de Salud (12 de mayo de 2020)<\/strong><\/p>\r\n\r\n\r\n\r\n<p>Dispone medidas sanitarias que indica por brote de Covid-19<br \/><a href=\"https:\/\/westlawchile.cl\/maf\/app\/document?&amp;src=laley4&amp;docguid=i49B2FACF085478110BEDE5C3F0C333E3\">Ver texto completo<\/a><\/p>\r\n\r\n\r\n<hr class=\"wp-block-separator has-alpha-channel-opacity\" \/>\r\n\r\n\r\n<p><strong>Resoluci\u00f3n exenta N\u00b0 272\/673, Ministerio Secretar\u00eda General de Gobierno (12 de mayo de 2020)<\/strong><\/p>\r\n\r\n\r\n\r\n<p>Aprueba modificaci\u00f3n de calendario del concurso del Fondo de Fomento de Medios de Comunicaci\u00f3n Social, a\u00f1o 2020<br \/><a href=\"https:\/\/westlawchile.cl\/maf\/app\/document?&amp;src=laley4&amp;docguid=iE14B3CF7A6F9B180F4E7322F1EE0AC2E\">Ver texto completo<\/a><\/p>\r\n\r\n\r\n<hr class=\"wp-block-separator has-alpha-channel-opacity\" \/>\r\n\r\n\r\n<p><strong>Resoluci\u00f3n exenta N\u00b0 272\/682, Ministerio Secretar\u00eda General de Gobierno (12 de mayo de 2020)<\/strong><\/p>\r\n\r\n\r\n\r\n<p>Aprueba modificaci\u00f3n de bases administrativas del concurso p\u00fablico del Fondo de Fortalecimiento de Organizaciones de Inter\u00e9s P\u00fablico, a\u00f1o 2020<br \/><a href=\"https:\/\/westlawchile.cl\/maf\/app\/document?&amp;src=laley4&amp;docguid=i2F3C8326F19BBAC010DC2837A2C73CA6\">Ver texto completo<\/a><\/p>\r\n\r\n\r\n<hr class=\"wp-block-separator has-alpha-channel-opacity\" \/>\r\n\r\n\r\n<p><strong>Decreto N\u00b0 26, Ministerio de Transportes y Telecomunicaciones (11 de mayo de 2020)<\/strong><\/p>\r\n\r\n\r\n\r\n<p>Modifica el decreto N\u00ba 96, de 2018, que modific\u00f3 los decretos N\u00b0s. 97, de 1984, y 170, de 1985<br \/><a href=\"https:\/\/westlawchile.cl\/maf\/app\/document?&amp;src=laley4&amp;docguid=i0B4C66B74A013A95111FBFA20FBAB1C8\">Ver texto completo<\/a><\/p>\r\n\r\n\r\n<hr class=\"wp-block-separator has-alpha-channel-opacity\" \/>\r\n\r\n\r\n<p><strong>Resoluci\u00f3n N\u00b0 969, Seremi de Salud VII Regi\u00f3n del Maule (9 de mayo 2020)<\/strong><\/p>\r\n\r\n\r\n\r\n<p>Proh\u00edbe el funcionamiento de fuentes fijas comunitarias e industriales que emitan material particulado y el funcionamiento de fuentes fijas particulares que utilicen le\u00f1a, o dendroenerg\u00e9ticos s\u00f3lidos u otro material s\u00f3lido combustible durante situaciones de preemergencia o emergencia ambiental en la comuna de Linares<br \/><a href=\"https:\/\/westlawchile.cl\/maf\/app\/document?&amp;src=laley4&amp;docguid=i6CD3187AC864D7288187136A885DA4F9\">Ver texto completo<\/a><\/p>\r\n\r\n\r\n<hr class=\"wp-block-separator has-alpha-channel-opacity\" \/>\r\n\r\n\r\n<p><strong>Resoluci\u00f3n exenta N\u00b0 251, Seremi de Transporte IV Regi\u00f3n de Coquimbo (9 de mayo 2020)<\/strong><\/p>\r\n\r\n\r\n\r\n<p>Suspende plazo establecido para el reemplazo de los taxis cancelados del Registro de Servicios de Transporte de Pasajeros de la Regi\u00f3n de Coquimbo, por los motivos que indica<br \/><a href=\"https:\/\/westlawchile.cl\/maf\/app\/document?&amp;src=laley4&amp;docguid=i2A8DDBA51023ECA30758A73213D9FFFF\">Ver texto completo<\/a><\/p>\r\n\r\n\r\n<hr class=\"wp-block-separator has-alpha-channel-opacity\" \/>\r\n\r\n\r\n<p><strong>Resoluci\u00f3n exenta N\u00b0 276, Seremi de Transporte XII Regi\u00f3n de Magallanes y la Ant\u00e1rtica Chilena (9 de mayo 2020)<\/strong><\/p>\r\n\r\n\r\n\r\n<p>Establece plazo de vigencia de certificados de inscripci\u00f3n en el Registro de Servicios de Transporte de Pasajeros Prestados en las modalidades de taxis en las circunstancias que indica<br \/><a href=\"https:\/\/westlawchile.cl\/maf\/app\/document?&amp;src=laley4&amp;docguid=i4987BBF6D5D4D56925226BF4523C364A\">Ver texto completo<\/a><\/p>\r\n\r\n\r\n<hr class=\"wp-block-separator has-alpha-channel-opacity\" \/>\r\n\r\n\r\n<p><strong>\u00a0<\/strong><strong>Resoluci\u00f3n exenta N\u00b0 277, Seremi de Transporte XII Regi\u00f3n de Magallanes y la Ant\u00e1rtica Chilena (9 de mayo 2020)<\/strong><\/p>\r\n\r\n\r\n\r\n<p>Suspende plazo establecido para el reemplazo de los taxis cancelados del registro de servicios de transporte de pasajeros por motivos que indica<br \/><a href=\"https:\/\/westlawchile.cl\/maf\/app\/document?&amp;src=laley4&amp;docguid=i8D8BC992B65094544FD96B1EA298A55B\">Ver texto completo<\/a><\/p>\r\n\r\n\r\n<hr class=\"wp-block-separator has-alpha-channel-opacity\" \/>\r\n\r\n\r\n<p><strong>Resoluci\u00f3n exenta N\u00b0 1.728, Ministerio del Interior y Seguridad P\u00fablica (9 de mayo 2020)<\/strong><\/p>\r\n\r\n\r\n\r\n<p>Delega facultad que indica en el Intendente de la Regi\u00f3n de Antofagasta<br \/><a href=\"https:\/\/westlawchile.cl\/maf\/app\/document?&amp;src=laley4&amp;docguid=iF3B2E1A3C8FC4E9E67460A3A74154AF5\">Ver texto completo<\/a><\/p>\r\n\r\n\r\n<hr class=\"wp-block-separator has-alpha-channel-opacity\" \/>\r\n\r\n\r\n<p><strong>Resoluci\u00f3n N\u00b0 49, Servicio de Impuestos Internos (8 de mayo de 2020)<\/strong><\/p>\r\n\r\n\r\n\r\n<p>Crea modelo de certificado N\u00b0 66<br \/><a href=\"https:\/\/westlawchile.cl\/maf\/app\/document?&amp;src=laley4&amp;docguid=i0257D024067D2E150D3824001873C48D\">Ver texto completo<\/a><\/p>\r\n\r\n\r\n<hr class=\"wp-block-separator has-alpha-channel-opacity\" \/>\r\n\r\n\r\n<p><strong>Resoluci\u00f3n exenta N\u00b0 327, Ministerio de Salud (7 de mayo de 2010)<\/strong><\/p>\r\n\r\n\r\n\r\n<p>Dispone medidas sanitarias que indica por brote de Covid-19<br \/><a href=\"https:\/\/westlawchile.cl\/maf\/app\/document?&amp;src=laley4&amp;docguid=i690A17D164F9803E8AD90637CE701079\">Ver texto completo<\/a><\/p>\r\n\r\n\r\n<hr class=\"wp-block-separator has-alpha-channel-opacity\" \/>\r\n\r\n\r\n<p><strong>Decreto N\u00b0 199, Ministerio del Interior y Seguridad P\u00fablica (6 de mayo 2020)<\/strong><\/p>\r\n\r\n\r\n\r\n<p>Extiende la vigencia del decreto supremo N\u00b0 102, de 2020, que dispone el cierre temporal de lugares habilitados para el ingreso y egreso de extranjeros, por Emergencia de Salud P\u00fablica de Importancia Internacional por brote del nuevo coronavirus (2019-NCOV).<br \/><a href=\"https:\/\/westlawchile.cl\/maf\/app\/document?&amp;src=laley4&amp;docguid=i6B71E6C07FCBBD558F5F490BD1499024\">Ver texto completo<\/a><\/p>\r\n\r\n\r\n<hr class=\"wp-block-separator has-alpha-channel-opacity\" \/>\r\n\r\n\r\n<p><strong>Resoluci\u00f3n exenta N\u00b0 326, Ministerio de Salud (5 de mayo de 2020)<\/strong><\/p>\r\n\r\n\r\n\r\n<p>Dispone medidas sanitarias que indica por brote de covid-19<\/p>\r\n\r\n\r\n<hr class=\"wp-block-separator has-alpha-channel-opacity\" \/>\r\n\r\n\r\n<p><strong>\u00a0<\/strong><strong>Resoluci\u00f3n N\u00b0 6.572, Seremi de Salud XIII Regi\u00f3n Metropolitana (5 de mayo de 2020)<\/strong><\/p>\r\n\r\n\r\n\r\n<p>Dicta instrucciones para fuentes estacionarias en situaciones de preemergencia ambiental<br \/><a href=\"https:\/\/westlawchile.cl\/maf\/app\/document?&amp;src=laley4&amp;docguid=i2E4A9585EF59F1085F0219816E9B01B6\">Ver texto completo<\/a><\/p>\r\n\r\n\r\n<hr class=\"wp-block-separator has-alpha-channel-opacity\" \/>\r\n\r\n\r\n<p><strong>Circular N\u00b0 32, Servicio Nacional de Aduanas (5 de mayo de 2020)<\/strong><\/p>\r\n\r\n\r\n\r\n<p>Nuevos reg\u00edmenes transitorios de depreciaci\u00f3n<br \/><a href=\"https:\/\/westlawchile.cl\/maf\/app\/document?&amp;src=laley4&amp;docguid=i6DBEB201E6102E56FC7430A73F0AEC51\">Ver texto completo<\/a><\/p>\r\n\r\n\r\n<hr class=\"wp-block-separator has-alpha-channel-opacity\" \/>\r\n\r\n\r\n<p><strong>Resoluci\u00f3n exenta N\u00b0 10, Servicio de Registro Civil e Identificaci\u00f3n (2 de mayo de 2020)<\/strong><\/p>\r\n\r\n\r\n\r\n<p>Crea Suboficina de Emergencia que funcionar\u00e1 en la Regi\u00f3n de Magallanes y de la Ant\u00e1rtica Chilena<br \/><a href=\"https:\/\/westlawchile.cl\/maf\/app\/document?&amp;src=laley4&amp;docguid=iC42829104394100197337E26D1539B0B\">Ver texto completo<\/a><\/p>\r\n\r\n\r\n<hr class=\"wp-block-separator has-alpha-channel-opacity\" \/>\r\n\r\n\r\n<p><strong>Decreto N\u00b0 17, de 2020, Ministerio de Salud (2 de mayo de 2020)<\/strong><\/p>\r\n\r\n\r\n\r\n<p>Deroga decreto N\u00b0 11, de 2020, que suspende garant\u00eda de oportunidad de las garant\u00edas expl\u00edcitas en salud en los problemas de salud que indica<br \/><a href=\"https:\/\/westlawchile.cl\/maf\/app\/document?&amp;src=laley4&amp;docguid=i338D18A6BEF3592F865245314324E25F\">Ver texto completo<\/a><\/p>\r\n\r\n\r\n<hr class=\"wp-block-separator has-alpha-channel-opacity\" \/>\r\n\r\n\r\n<p><strong>Resoluci\u00f3n exenta N\u00b0 1.628, Servicio Nacional de Aduanas (2 de mayo de 2020)<\/strong><\/p>\r\n\r\n\r\n\r\n<p>Dispone nuevas medidas de facilitaci\u00f3n en el contexto del brote de Covid-19<br \/><a href=\"https:\/\/westlawchile.cl\/maf\/app\/document?&amp;docguid=iF7B20E3C379801108351E977FA81BE02\">Ver texto completo<\/a><\/p>\r\n\r\n\r\n<hr class=\"wp-block-separator has-alpha-channel-opacity\" \/>\r\n\r\n\r\n<p><strong>Resoluci\u00f3n exenta N\u00b0 323, Ministerio de Salud (30 de abril de 2020)<\/strong><\/p>\r\n\r\n\r\n\r\n<p>Dispone medidas sanitarias que indica por brote de covid-19<br \/><a href=\"https:\/\/westlawchile.cl\/maf\/app\/document?&amp;docguid=iA98D89DE1591AFBB515FF50C11597A29\">Ver texto completo<\/a><\/p>\r\n\r\n\r\n<hr class=\"wp-block-separator has-alpha-channel-opacity\" \/>\r\n\r\n\r\n<p><strong>Resoluci\u00f3n exenta N\u00b0 1.436, SEREMI de Salud VI Regi\u00f3n del Libertador General Bernardo O\u2019Higgins (30 de abril de 2020)<\/strong><\/p>\r\n\r\n\r\n\r\n<p>Proh\u00edbe funcionamiento de fuentes fijas que usen como combustible le\u00f1a u otro dendroenerg\u00e9tico en las comunas que indica<br \/><a href=\"https:\/\/westlawchile.cl\/maf\/app\/document?&amp;src=laley4&amp;docguid=iAE33C5BD94E2F829E858C5A69D8F93F6\">Ver texto completo<\/a><\/p>\r\n\r\n\r\n<hr class=\"wp-block-separator has-alpha-channel-opacity\" \/>\r\n\r\n\r\n<p><strong>Resoluci\u00f3n exenta N\u00b0 154, Direcci\u00f3n General del Cr\u00e9dito Prendario (30 de abril de 2020)<\/strong><\/p>\r\n\r\n\r\n\r\n<p>Declara suspensi\u00f3n de remates en las unidades de cr\u00e9dito del pa\u00eds para el mes de mayo<br \/><a href=\"https:\/\/westlawchile.cl\/maf\/app\/document?&amp;docguid=iAE6B75B7DDCA702B58A9BBCAD80176A0\">Ver texto completo<\/a><\/p>\r\n\r\n\r\n<hr class=\"wp-block-separator has-alpha-channel-opacity\" \/>\r\n\r\n\r\n<p><strong>Resoluci\u00f3n exenta N\u00b0 1.555, Seremi de Transportes y Telecomunicaciones XIII Regi\u00f3n Metropolitana (30 de abril de 2020)<\/strong><\/p>\r\n\r\n\r\n\r\n<p>Proh\u00edbe circulaci\u00f3n de veh\u00edculos motorizados en las condiciones que indica<br \/><a href=\"https:\/\/westlawchile.cl\/maf\/app\/document?&amp;src=laley4&amp;docguid=i43AB46DA8B6DADDCB104E37374BEABE9\">Ver texto completo<\/a><\/p>\r\n\r\n\r\n<hr class=\"wp-block-separator has-alpha-channel-opacity\" \/>\r\n\r\n\r\n<p><strong>Decreto N\u00b0 4T, Ministerio de Energ\u00eda (30 de abril de 2020)<\/strong><\/p>\r\n\r\n\r\n\r\n<p>Complementa decretos N\u00bas. 3T y 10T, de 2019<br \/><a href=\"https:\/\/westlawchile.cl\/maf\/app\/document?&amp;src=laley4&amp;docguid=i8037839711E44FB3D7A2FACCBF8ECB9F\">Ver texto completo<\/a><\/p>\r\n\r\n\r\n<hr class=\"wp-block-separator has-alpha-channel-opacity\" \/>\r\n\r\n\r\n<p><strong>Resoluci\u00f3n exenta N\u00b0 511, Ministerio de las Culturas, las Artes y el Patrimonio (30 de abril de 2020)<\/strong><\/p>\r\n\r\n\r\n\r\n<p>Deja sin efecto resoluci\u00f3n N\u00ba 479 exenta, de 2020 y autoriza renovaci\u00f3n autom\u00e1tica de los pr\u00e9stamos domiciliarios de material bibliogr\u00e1fico y otros que conformen colecciones de las bibliotecas p\u00fablicas dependientes del Servicio Nacional del Patrimonio Cultural y de los m\u00f3dulos del Programa Bibliometro<br \/><a href=\"https:\/\/westlawchile.cl\/maf\/app\/document?&amp;src=laley4&amp;docguid=i6F896E0A234637B9EC28072C759B88A3\">Ver texto completo<\/a><\/p>\r\n\r\n\r\n<hr class=\"wp-block-separator has-alpha-channel-opacity\" \/>\r\n\r\n\r\n<p><strong>Decreto N\u00b0 191, Ministerio del Interior y Seguridad P\u00fablica (29 de abril de 2020)<\/strong><\/p>\r\n\r\n\r\n\r\n<p>Extiende la vigencia del decreto supremo N\u00b0 102, de 2020, que dispone el cierre temporal de lugares habilitados para el ingreso y egreso de extranjeros, por Emergencia de Salud P\u00fablica de Importancia Internacional por brote del nuevo coronavirus (2019-NCOV)<br \/><a href=\"https:\/\/westlawchile.cl\/maf\/app\/document?&amp;src=laley4&amp;docguid=iD29760A824E67E871D6218FA6BC4502E\">Ver texto completo<\/a><\/p>\r\n\r\n\r\n<hr class=\"wp-block-separator has-alpha-channel-opacity\" \/>\r\n\r\n\r\n<p><strong>Resoluci\u00f3n exenta N\u00b0 322, Ministerio de Salud (29 de abril de 2020)<\/strong><\/p>\r\n\r\n\r\n\r\n<p>Dispone medidas sanitarias que indica por brote de Covid-19<strong><br \/><\/strong><a href=\"https:\/\/westlawchile.cl\/maf\/app\/document?&amp;src=laley4&amp;docguid=i5603871EE3C6C80F34A6A4FCB4E9E897\">Ver texto completo<\/a><\/p>\r\n\r\n\r\n<hr class=\"wp-block-separator has-alpha-channel-opacity\" \/>\r\n\r\n\r\n<p><strong>Resoluci\u00f3n exenta N\u00b0 J1-1.806, Secretar\u00eda Regional Ministerial IX Regi\u00f3n de la Araucan\u00eda (29 de abril de 2020)<\/strong><\/p>\r\n\r\n\r\n\r\n<p>Proh\u00edbe funcionamiento de Parque Nacional Conguill\u00edo<br \/><a href=\"https:\/\/westlawchile.cl\/maf\/app\/document?&amp;src=laley4&amp;docguid=iACCECC73CC4D450A2D259DF273DF4E00\">Ver texto completo<\/a><\/p>\r\n\r\n\r\n<hr class=\"wp-block-separator has-alpha-channel-opacity\" \/>\r\n\r\n\r\n<p><strong>Resoluci\u00f3n exenta N\u00b0 851, Departamento de Cooperativas (29 de abril de 2020)<\/strong><\/p>\r\n\r\n\r\n\r\n<p>Establece ampliaci\u00f3n de plazos para realizaci\u00f3n de junta general de socios por materia que indica<br \/><a href=\"https:\/\/westlawchile.cl\/maf\/app\/document?&amp;src=laley4&amp;docguid=i1015156A48CE71FBAACFE5EC4BE8B181\">Ver texto completo<\/a><\/p>\r\n\r\n\r\n<hr class=\"wp-block-separator has-alpha-channel-opacity\" \/>\r\n\r\n\r\n<p><strong>Resoluci\u00f3n exenta N\u00b0 991, Direcci\u00f3n General de Concesiones de Obras P\u00fablicas (29 de abril de 2020)<\/strong><\/p>\r\n\r\n\r\n\r\n<p>Dispone suspensi\u00f3n de plazos en el proceso de consulta ind\u00edgena del proyecto Ruta del Villarrica<br \/><a href=\"https:\/\/westlawchile.cl\/maf\/app\/document?&amp;src=laley4&amp;docguid=iE6F1DCFA69C3C57FA29A761F04409783\">Ver texto completo<\/a><\/p>\r\n\r\n\r\n<hr class=\"wp-block-separator has-alpha-channel-opacity\" \/>\r\n\r\n\r\n<p><strong>Resoluci\u00f3n exenta N\u00b0 198, Superintendencia de Educaci\u00f3n (28 de abril de 2020)<\/strong><\/p>\r\n\r\n\r\n\r\n<p>Autoriza tramitaci\u00f3n excepcional de denuncias relacionadas con casos cr\u00edticos que se verifiquen durante la emergencia de salud p\u00fablica derivada del brote de Covid 19<br \/><a href=\"https:\/\/westlawchile.cl\/maf\/app\/document?&amp;src=laley4&amp;docguid=i431825753362B0DA9BE04F0C91FB0F1E\">Ver texto completo<\/a><\/p>\r\n\r\n\r\n<hr class=\"wp-block-separator has-alpha-channel-opacity\" \/>\r\n\r\n\r\n<p><strong>Resoluci\u00f3n exenta N\u00b0 650, Secretar\u00eda Regional Ministerial VII Regi\u00f3n del Maule (28 de abril de 2020)<\/strong><\/p>\r\n\r\n\r\n\r\n<p>Decreta prohibici\u00f3n de realizaci\u00f3n de ceremonias, actos p\u00fablicos y eventos en la Regi\u00f3n del Maule superiores a 50 personas con motivo de la alerta sanitaria decretada por el Ministerio de Salud por brote del nuevo coronavirus (2019-NCOV)<br \/><a href=\"https:\/\/westlawchile.cl\/maf\/app\/document?&amp;src=laley4&amp;docguid=i00B42BD24CB174BC83C6F3387DCBDA73\">Ver texto completo<\/a><\/p>\r\n\r\n\r\n<hr class=\"wp-block-separator has-alpha-channel-opacity\" \/>\r\n\r\n\r\n<p><strong>Resoluci\u00f3n exenta N\u00b0 651, Secretar\u00eda Regional Ministerial VII Regi\u00f3n del Maule (28 de abril de 2020)<\/strong><\/p>\r\n\r\n\r\n\r\n<p>Instruye aplicaci\u00f3n de protocolo para gestionar la limpieza y desinfecci\u00f3n de ambientes potencialmente contaminados o contaminados con Novel Coronavirus (SARS-VOC-2)<br \/><a href=\"https:\/\/westlawchile.cl\/maf\/app\/document?&amp;src=laley4&amp;docguid=iF199D3ABA513D11001B59066DA98EC68\">Ver texto completo<\/a><\/p>\r\n\r\n\r\n<hr class=\"wp-block-separator has-alpha-channel-opacity\" \/>\r\n\r\n\r\n<p><strong>Resoluci\u00f3n exenta N\u00b0 726, Secretar\u00eda Regional Ministerial VII Regi\u00f3n del Maule (28 de abril de 2020)<\/strong><\/p>\r\n\r\n\r\n\r\n<p>Decreta prohibici\u00f3n de realizaci\u00f3n de aforo y eventos religiosos en el contexto de la alerta sanitaria decretada por el Ministerio de Salud por brote del Covid-19<br \/><a href=\"https:\/\/westlawchile.cl\/maf\/app\/document?&amp;src=laley4&amp;docguid=iF55F564E0D3D98576094A99766F0198C\">Ver texto completo<\/a><\/p>\r\n\r\n\r\n<hr class=\"wp-block-separator has-alpha-channel-opacity\" \/>\r\n\r\n\r\n<p><strong>Resoluci\u00f3n exenta N\u00b0 787, Secretar\u00eda Regional Ministerial VII Regi\u00f3n del Maule (28 de abril de 2020)<\/strong><\/p>\r\n\r\n\r\n\r\n<p>Dispone instalaci\u00f3n de puntos preventivos de salud en lugares que indica<br \/><a href=\"https:\/\/westlawchile.cl\/maf\/app\/document?&amp;src=laley4&amp;docguid=i4BF14B490885124BD727F95081DDA87A\">Ver texto completo<\/a><\/p>\r\n\r\n\r\n<hr class=\"wp-block-separator has-alpha-channel-opacity\" \/>\r\n\r\n\r\n<p><strong>Resoluci\u00f3n exenta N\u00b0 1.417, Direcci\u00f3n General de Movilizaci\u00f3n Nacional (28 de abril de 2020)<\/strong><\/p>\r\n\r\n\r\n\r\n<p>Ampl\u00eda plazo para la renovaci\u00f3n anual de inscripciones del Registro Nacional de Armas y Explosivos a la totalidad de las AA.FF<br \/><a href=\"https:\/\/westlawchile.cl\/maf\/app\/document?&amp;src=laley4&amp;docguid=iA8343149903B1C88FBA60FA3C41DE6CD\">Ver texto completo<\/a><\/p>\r\n\r\n\r\n<hr class=\"wp-block-separator has-alpha-channel-opacity\" \/>\r\n\r\n\r\n<p><strong>Resoluci\u00f3n exenta N\u00b0 1.489, Direcci\u00f3n General de Movilizaci\u00f3n Nacional (28 de abril de 2020)<\/strong><\/p>\r\n\r\n\r\n\r\n<p>Establece suspensi\u00f3n que indica en actuaciones relativas a la ley N\u00ba 17.798 sobre control de armas<br \/><a href=\"https:\/\/westlawchile.cl\/maf\/app\/document?&amp;docguid=i585FD04A108036358658FDE5F90F9426\">Ver texto completo<\/a><\/p>\r\n\r\n\r\n<hr class=\"wp-block-separator has-alpha-channel-opacity\" \/>\r\n\r\n\r\n<p><strong>Resoluci\u00f3n exenta N\u00b0 600, Superintendencia del Medio Ambiente (28 de abril de 2020)<\/strong><\/p>\r\n\r\n\r\n\r\n<p>Dispone extensi\u00f3n de la vigencia de los certificados de verificaci\u00f3n y de calibraci\u00f3n de los equipos e instrumentos de muestreo y medici\u00f3n que indica<br \/><a href=\"https:\/\/westlawchile.cl\/maf\/app\/document?&amp;docguid=i78D06DD23F98344AB9EAFA9FD07C12CE\">Ver texto completo<\/a><\/p>\r\n\r\n\r\n<hr class=\"wp-block-separator has-alpha-channel-opacity\" \/>\r\n\r\n\r\n<p><strong>Resoluci\u00f3n exenta N\u00b0 651, Superintendencia del Medio Ambiente (28 de abril de 2020)<\/strong><\/p>\r\n\r\n\r\n\r\n<p>Aprueba instrucciones de car\u00e1cter general sobre catastro y deber de reporte para los titulares del comercio de le\u00f1a afectos a planes de prevenci\u00f3n y\/o descontaminaci\u00f3n que indica<br \/><a href=\"https:\/\/westlawchile.cl\/maf\/app\/document?&amp;src=laley4&amp;docguid=iFFDBD8049E30CA181CA11B40CE86A9FA\">Ver texto completo<\/a><\/p>\r\n\r\n\r\n<hr class=\"wp-block-separator has-alpha-channel-opacity\" \/>\r\n\r\n\r\n<p><strong>Decreto N\u00b0 25, Ministerio de Salud\u00a0(25 de abril de 2020)<\/strong><\/p>\r\n\r\n\r\n\r\n<p>Aprueba monograf\u00eda del producto Soluci\u00f3n Higienizante de manos No Est\u00e9ril como parte de la Farmacopea Farmac\u00e9utica Oficinal Oficial<br \/><a href=\"https:\/\/westlawchile.cl\/maf\/app\/document?&amp;src=laley4&amp;docguid=i2DEEB15739AC6F4ACA6E355BE9C9C084\">Ver texto completo<\/a><\/p>\r\n\r\n\r\n<hr class=\"wp-block-separator has-alpha-channel-opacity\" \/>\r\n\r\n\r\n<p><strong>Resoluci\u00f3n exenta N\u00b0 1.274, Fuerza A\u00e9rea de Chile (25 de abril de 2020)<\/strong><\/p>\r\n\r\n\r\n\r\n<p>Cancela Feria Internacional del Aire y del Espacio 2020 y dispone t\u00e9rmino de contratos y procesos licitatorios<br \/><a href=\"https:\/\/westlawchile.cl\/maf\/app\/document?&amp;docguid=iAEEEB30FE9B1883759DD11EC3505219B\">Ver texto completo<\/a><\/p>\r\n\r\n\r\n<hr class=\"wp-block-separator has-alpha-channel-opacity\" \/>\r\n\r\n\r\n<p><strong>Resoluci\u00f3n exenta N\u00b0 1.051, Caja de Previsi\u00f3n de la Defensa Nacional (25 de abril de 2020)<\/strong><\/p>\r\n\r\n\r\n\r\n<p>Mantiene beneficio de cargas familiares que indica<br \/><a href=\"https:\/\/westlawchile.cl\/maf\/app\/document?&amp;docguid=iBCBEFA965354E3B4EDBB744567AAAAFF\">Ver texto completo<\/a><\/p>\r\n\r\n\r\n<hr class=\"wp-block-separator has-alpha-channel-opacity\" \/>\r\n\r\n\r\n<p><strong>Decreto N\u00b0 507, Ministerio de Hacienda (25 de abril de 2020)<\/strong><\/p>\r\n\r\n\r\n\r\n<p>Modifica decreto N\u00ba 103, de 2020, y autoriza emisi\u00f3n de valores representativos de deuda p\u00fablica directa, para su colocaci\u00f3n en el mercado de capitales que se\u00f1ala<br \/><a href=\"https:\/\/westlawchile.cl\/maf\/app\/document?&amp;docguid=i8F6DD6BCE8C57893DACFDB0408472AB5\">Ver texto completo<\/a><\/p>\r\n\r\n\r\n<hr class=\"wp-block-separator has-alpha-channel-opacity\" \/>\r\n\r\n\r\n<p><strong>Decreto N\u00b0 130, Ministerio de Hacienda (25 de abril de 2020)<\/strong><\/p>\r\n\r\n\r\n\r\n<p>Aprueba Reglamento de Administraci\u00f3n del Fondo de Garant\u00eda para Peque\u00f1os y Medianos Empresarios aplicable a las l\u00edneas de garant\u00eda Covid-19<br \/><a href=\"https:\/\/westlawchile.cl\/maf\/app\/document?&amp;docguid=iDBB6BD020ABBBBE18993ABCCBA830B6A\">Ver texto completo<\/a><\/p>\r\n\r\n\r\n<hr class=\"wp-block-separator has-alpha-channel-opacity\" \/>\r\n\r\n\r\n<p><strong>Auto Acordado S\/N, Tribunal de Propiedad Industrial (25 de abril de 2020)<\/strong><\/p>\r\n\r\n\r\n\r\n<p>Relativo al procedimiento de Audiencias por Sistema de Video Conferencia&lt;<br \/><a href=\"https:\/\/westlawchile.cl\/maf\/app\/document?&amp;docguid=i030FCD356E03AFF5E5C2B3F195CA6A8E\">Ver texto completo<\/a><\/p>\r\n\r\n\r\n<hr class=\"wp-block-separator has-alpha-channel-opacity\" \/>\r\n\r\n\r\n<p><strong>Ley N\u00b0 21.229, Ministerio de Hacienda (24 de abril de 2020)<\/strong><\/p>\r\n\r\n\r\n\r\n<p>Aumenta el capital del Fondo de Garant\u00eda para Peque\u00f1os y Medianos Empresarios y flexibiliza temporalmente sus requisitos<br \/><a href=\"https:\/\/westlawchile.cl\/maf\/app\/document?&amp;docguid=i7D92C2A9E634B46934A0FB35C6E5AD8F&amp;\">Ver texto completo<\/a><\/p>\r\n\r\n\r\n<hr class=\"wp-block-separator has-alpha-channel-opacity\" \/>\r\n\r\n\r\n<p><strong>Decreto N\u00b0 27, Subsecretar\u00eda de Econom\u00eda y Empresas de Menor Tama\u00f1o (24 de abril de 2020)<\/strong><\/p>\r\n\r\n\r\n\r\n<p>Aprueba Reglamento del R\u00e9gimen Especial de Donaciones para las Micro, Peque\u00f1as y Medianas Empresas, establecido por el art\u00edculo cuarto de la ley N\u00b0 21.207<br \/><a href=\"https:\/\/westlawchile.cl\/maf\/app\/document?&amp;docguid=iC8A597A4797CA99FC4DD0A7F77D72948\">Ver texto completo<\/a><\/p>\r\n\r\n\r\n<hr class=\"wp-block-separator has-alpha-channel-opacity\" \/>\r\n\r\n\r\n<p><strong>Auto Acordado S\/N, Tribunal Calificador de Elecciones (24 de abril de 2020)<\/strong><\/p>\r\n\r\n\r\n\r\n<p>Regula funcionamiento frente al estado de excepci\u00f3n constitucional de cat\u00e1strofe<br \/><a href=\"https:\/\/westlawchile.cl\/maf\/app\/document?&amp;docguid=i822920E20FE10513B0E3F3B687CA2347\">Ver texto completo<\/a><\/p>\r\n\r\n\r\n<hr class=\"wp-block-separator has-alpha-channel-opacity\" \/>\r\n\r\n\r\n<p><strong>Resoluci\u00f3n exenta N\u00b0 9.227, Secretar\u00eda Regional Ministerial X Regi\u00f3n de Los Lagos (23 de abril de 2020)<\/strong><\/p>\r\n\r\n\r\n\r\n<p>Establece medidas sanitarias para transporte p\u00fablico en la Regi\u00f3n de Los Lagos<br \/><a href=\"https:\/\/westlawchile.cl\/maf\/app\/document?&amp;src=laley4&amp;docguid=i7EEDD3DF2FFAF071B9047A46A4D42F7B\">Ver texto completo<\/a><\/p>\r\n\r\n\r\n<hr class=\"wp-block-separator has-alpha-channel-opacity\" \/>\r\n\r\n\r\n<p><strong>Resoluci\u00f3n exenta N\u00b0 335, de 2020, Junta de Aeron\u00e1utica Civil (23 de abril de 2020)<\/strong><\/p>\r\n\r\n\r\n\r\n<p>Prorroga y complementa exigencia de requisitos especiales para la operaci\u00f3n de vuelos no regulares hacia Chile<br \/><a href=\"https:\/\/westlawchile.cl\/maf\/app\/document?&amp;src=laley4&amp;docguid=iB1B827D353BEE8D2EAB8BB6F45635D37\">Ver texto completo<\/a><\/p>\r\n\r\n\r\n<hr class=\"wp-block-separator has-alpha-channel-opacity\" \/>\r\n\r\n\r\n<p><strong>Resoluci\u00f3n exenta N\u00b0 59, Ministerio de Ciencia, Tecnolog\u00eda, Conocimiento e Innovaci\u00f3n (23 de abril de 2020)<\/strong><\/p>\r\n\r\n\r\n\r\n<p>Crea Consejo Consultivo P\u00fablico-Privado de la Subsecretar\u00eda de Ciencia, Tecnolog\u00eda, Conocimiento e Innovaci\u00f3n, denominado Consejo Asesor de la Red Diagn\u00f3stica de Laboratorios Universitarios para el Diagn\u00f3stico de Covid-19<br \/><a href=\"https:\/\/westlawchile.cl\/maf\/app\/document?&amp;src=laley4&amp;docguid=i16C17BDA449B480C794DE3FA6903F837\">Ver texto completo<\/a><\/p>\r\n\r\n\r\n<hr class=\"wp-block-separator has-alpha-channel-opacity\" \/>\r\n\r\n\r\n<p><strong>Decreto N\u00b0 186, de 2020, Ministerio del Interior y Seguridad P\u00fablica (22 de abril de 2020)<\/strong><\/p>\r\n\r\n\r\n\r\n<p>Extiende la vigencia del decreto supremo N\u00b0 102, de 2020, que dispone el cierre temporal de lugares habilitados para el ingreso y egreso de extranjeros, por Emergencia de Salud P\u00fablica de Importancia Internacional por brote del nuevo coronavirus (2019-NCOV)<br \/><a href=\"https:\/\/westlawchile.cl\/maf\/app\/document?&amp;src=laley4&amp;docguid=iE4EEEB8E9DE207838E6024C61B7ACA83\">Ver texto completo<\/a><\/p>\r\n\r\n\r\n<hr class=\"wp-block-separator has-alpha-channel-opacity\" \/>\r\n\r\n\r\n<p><strong>Resoluci\u00f3n exenta N\u00b0 289, Ministerio de Salud (22 de abril de 2020)<\/strong><\/p>\r\n\r\n\r\n\r\n<p>Dispone medidas sanitarias que indica por brote de Covid-19<br \/><a href=\"https:\/\/westlawchile.cl\/maf\/app\/document?&amp;src=laley4&amp;docguid=i8E2BEEEB2BE4FC9ED3B5CBE8AD49FA56\">Ver texto completo<\/a><\/p>\r\n\r\n\r\n<hr class=\"wp-block-separator has-alpha-channel-opacity\" \/>\r\n\r\n\r\n<p><strong>Resoluci\u00f3n exenta N\u00b0 968, Subsecretar\u00eda para las Fuerzas Armadas (21 de abril de 2020)<\/strong><\/p>\r\n\r\n\r\n\r\n<p>Autoriza pago autom\u00e1tico de la pensi\u00f3n de los beneficiarios en la Cuenta RUT del Banco del Estado de Chile<br \/><a href=\"https:\/\/westlawchile.cl\/maf\/app\/document?&amp;src=laley4&amp;docguid=i82B029854BC3D052BBB370D0A1124168\">Ver texto completo<\/a><\/p>\r\n\r\n\r\n<hr class=\"wp-block-separator has-alpha-channel-opacity\" \/>\r\n\r\n\r\n<p><strong>Resoluci\u00f3n exenta N\u00b0 314, Instituto Nacional de Propiedad Industrial (21 de abril de 2020)<\/strong><\/p>\r\n\r\n\r\n\r\n<p>Concede de oficio ampliaci\u00f3n de plazos que indica<br \/><a href=\"https:\/\/westlawchile.cl\/maf\/app\/document?&amp;src=laley4&amp;docguid=i938F3A06F35B3ED9EFBF9A53E27216F5\">Ver texto completo<\/a><\/p>\r\n\r\n\r\n<hr class=\"wp-block-separator has-alpha-channel-opacity\" \/>\r\n\r\n\r\n<p><strong>Resoluci\u00f3n exenta N\u00b0 8.668, Secretar\u00eda Regional Ministerial X Regi\u00f3n de Los Lagos (21 de abril de 2020)<\/strong><\/p>\r\n\r\n\r\n\r\n<p>Autoriza protocolo de seguridad sanitaria para lugares de trabajo<br \/><a href=\"https:\/\/westlawchile.cl\/maf\/app\/document?&amp;src=laley4&amp;docguid=i94D8AF793788D511903ED8FC21F69800\">Ver texto completo<\/a><\/p>\r\n\r\n\r\n<hr class=\"wp-block-separator has-alpha-channel-opacity\" \/>\r\n\r\n\r\n<p><strong>Resoluci\u00f3n exenta N\u00b0 9.224, Secretar\u00eda Regional Ministerial X Regi\u00f3n de Los Lagos (21 de abril de 2020)<\/strong><\/p>\r\n\r\n\r\n\r\n<p>Incorpora obligaci\u00f3n que indica en resoluci\u00f3n N\u00b0 8.668, de 2020<br \/><a href=\"https:\/\/westlawchile.cl\/maf\/app\/document?&amp;src=laley4&amp;docguid=i8F67E0642F98FC6F0586A82AD9067EA1\">Ver texto completo<\/a><\/p>\r\n\r\n\r\n<hr class=\"wp-block-separator has-alpha-channel-opacity\" \/>\r\n\r\n\r\n<p><strong>Resoluci\u00f3n exenta N\u00b0 9.585, Secretar\u00eda Regional Ministerial X Regi\u00f3n de Los Lagos (21 de abril de 2020)<\/strong><\/p>\r\n\r\n\r\n\r\n<p>Establece medidas sanitarias para transporte p\u00fablico en la Regi\u00f3n de Los Lagos<br \/><a href=\"https:\/\/westlawchile.cl\/maf\/app\/document?&amp;src=laley4&amp;docguid=iD265EB6FC92C0F8E64E1E30C92E4F68F\">Ver texto completo<\/a><\/p>\r\n\r\n\r\n<hr class=\"wp-block-separator has-alpha-channel-opacity\" \/>\r\n\r\n\r\n<p><strong>Resoluci\u00f3n exenta N\u00b0 32.201, Superintendencia de Electricidad y Combustibles (21 de abril de 2020)<\/strong><\/p>\r\n\r\n\r\n\r\n<p>Suspende plazos asociados a actuaciones que indica<br \/><a href=\"https:\/\/westlawchile.cl\/maf\/app\/document?&amp;src=laley4&amp;docguid=i706AED8A9A11066313BB3408D1DE6559\">Ver texto completo<\/a><\/p>\r\n\r\n\r\n<hr class=\"wp-block-separator has-alpha-channel-opacity\" \/>\r\n\r\n\r\n<p><strong>Resoluci\u00f3n exenta N\u00b0 470, Ministerio de las Culturas, las Artes y el Patrimonio (21 de abril de 2020)<\/strong><\/p>\r\n\r\n\r\n\r\n<p>Establece modalidad excepcional para la modificaci\u00f3n de convenios de ejecuci\u00f3n de proyectos en el marco de la contingencia sanitaria del pa\u00eds<br \/><a href=\"https:\/\/westlawchile.cl\/maf\/app\/document?&amp;src=laley4&amp;docguid=i12093C0816F8DD3864CD0D3212648A8E\">Ver texto completo<\/a><\/p>\r\n\r\n\r\n<hr class=\"wp-block-separator has-alpha-channel-opacity\" \/>\r\n\r\n\r\n<p><strong>Decreto N\u00b0 553, Ministerio de Hacienda (18 de abril de 2020)<\/strong><\/p>\r\n\r\n\r\n\r\n<p>Modifica decreto N\u00b0 420, de 2020, estableciendo nueva medida de \u00edndole tributaria<\/p>\r\n\r\n\r\n<hr class=\"wp-block-separator has-alpha-channel-opacity\" \/>\r\n\r\n\r\n<p><strong>Ley N\u00b0 21.228, Ministerio de Justicia y Derechos Humanos (17 de abril de 2020)<\/strong><\/p>\r\n\r\n\r\n\r\n<p>Concede indulto general conmutativo a causa de la enfermedad Covid-19 en Chile<br \/><a href=\"https:\/\/westlawchile.cl\/maf\/app\/document?&amp;src=laley4&amp;docguid=iE79FA59ADD88157F881C315EFAC05595\">Ver texto completo<\/a><\/p>\r\n\r\n\r\n<hr class=\"wp-block-separator has-alpha-channel-opacity\" \/>\r\n\r\n\r\n<p><strong>Auto Acordado N\u00b0 53, Corte Suprema (17 de abril de 2020)<\/strong><\/p>\r\n\r\n\r\n\r\n<p>Sobre funcionamiento del Poder Judicial durante la emergencia sanitaria nacional provocada por el brote del nuevo Coronavirus<br \/><a href=\"https:\/\/westlawchile.cl\/maf\/app\/document?&amp;docguid=i2881EA5D9B6246BA9D7EA9E99E86D39E\">Ver texto completo<\/a><\/p>\r\n\r\n\r\n<hr class=\"wp-block-separator has-alpha-channel-opacity\" \/>\r\n\r\n\r\n<p><strong>Resoluci\u00f3n exenta N\u00b0 282, Ministerio de Salud (17 de abril de 2020)<\/strong><\/p>\r\n\r\n\r\n\r\n<p>Dispone uso obligatorio de mascarillas en lugares y circunstancias que indica<br \/><a href=\"https:\/\/westlawchile.cl\/maf\/app\/document?&amp;docguid=i5400218D9FAE6528850F26AF5C03D311\">Ver texto completo<\/a><\/p>\r\n\r\n\r\n<hr class=\"wp-block-separator has-alpha-channel-opacity\" \/>\r\n\r\n\r\n<p><strong>Resoluci\u00f3n N\u00b0 8, Contralor\u00eda General de la Rep\u00fablica (17 de abril de 2020)<\/strong><\/p>\r\n\r\n\r\n\r\n<p>Establece r\u00e9gimen de excepci\u00f3n en la tramitaci\u00f3n de sumarios instruidos por la Contralor\u00eda General de la Rep\u00fablica por el periodo que indica<br \/><a href=\"https:\/\/westlawchile.cl\/maf\/app\/document?&amp;docguid=i8F46103735CAB1AD041B8F8EBDD7043B\">Ver texto completo<\/a><\/p>\r\n\r\n\r\n<hr class=\"wp-block-separator has-alpha-channel-opacity\" \/>\r\n\r\n\r\n<p><strong>Resoluci\u00f3n N\u00b0 9, Contralor\u00eda General de la Rep\u00fablica (17 de abril de 2020)<\/strong><\/p>\r\n\r\n\r\n\r\n<p>Establece plazo excepcional para la rendici\u00f3n de cuenta<br \/><a href=\"https:\/\/westlawchile.cl\/maf\/app\/document?&amp;src=laley4&amp;docguid=i2E73C13F93966020FD303ECD41175CD3\">Ver texto completo<\/a><\/p>\r\n\r\n\r\n<hr class=\"wp-block-separator has-alpha-channel-opacity\" \/>\r\n\r\n\r\n<p><strong>Resoluci\u00f3n exenta N\u00b0 40 y 41, Servicio de Impuestos Internos (17 de abril de 2020)<\/strong><\/p>\r\n\r\n\r\n\r\n<p>Sobre aplicaci\u00f3n de medidas tributarias que indica<br \/><a href=\"https:\/\/westlawchile.cl\/maf\/app\/document?&amp;src=laley4&amp;docguid=i46D24E3C306F4CE5B67C26455ECC2B3B\">Ver texto completo<\/a><\/p>\r\n\r\n\r\n<hr class=\"wp-block-separator has-alpha-channel-opacity\" \/>\r\n\r\n\r\n<p><strong>Resoluci\u00f3n exenta N\u00b0 J1-1.561, Secretar\u00eda Regional Ministerial IX Regi\u00f3n de la Araucan\u00eda (17 de abril de 2020)<\/strong><\/p>\r\n\r\n\r\n\r\n<p>Instruye protocolo de sanitizaci\u00f3n<br \/><a href=\"https:\/\/westlawchile.cl\/maf\/app\/document?&amp;docguid=i8BE0D4603A10FBF4F82B0264E155C39C\">Ver texto completo<\/a><\/p>\r\n\r\n\r\n<hr class=\"wp-block-separator has-alpha-channel-opacity\" \/>\r\n\r\n\r\n<p><strong>Resoluci\u00f3n exenta N\u00b0 J1-1.649, Secretar\u00eda Regional Ministerial IX Regi\u00f3n de la Araucan\u00eda (17 de abril de 2020)<\/strong><\/p>\r\n\r\n\r\n\r\n<p>Proh\u00edbe atenciones odontol\u00f3gicas en la Regi\u00f3n de la Araucan\u00eda<br \/><a href=\"https:\/\/westlawchile.cl\/maf\/app\/document?&amp;src=laley4&amp;docguid=i71FB3841717DFB75858FFB2001197C92\">Ver texto completo<\/a><\/p>\r\n\r\n\r\n<hr class=\"wp-block-separator has-alpha-channel-opacity\" \/>\r\n\r\n\r\n<p><strong>Resoluci\u00f3n exenta N\u00b0 141, Direcci\u00f3n General del Cr\u00e9dito Prendario (17 de abril de 2020)<\/strong><\/p>\r\n\r\n\r\n\r\n<p>Regulariza reanudaci\u00f3n de las operaciones de cr\u00e9dito en la Unidad de Cr\u00e9dito de San Diego<br \/><a href=\"https:\/\/westlawchile.cl\/maf\/app\/document?&amp;src=laley4&amp;docguid=iC3760621D3D79479947DB9DBDE47BCBB\">Ver texto completo<\/a><\/p>\r\n\r\n\r\n<hr class=\"wp-block-separator has-alpha-channel-opacity\" \/>\r\n\r\n\r\n<p><strong>Resoluci\u00f3n exenta N\u00b0 272\/538, Ministerio Secretar\u00eda General de Gobierno (16 de abril de 2020)<\/strong><\/p>\r\n\r\n\r\n\r\n<p>Aprueba modificaci\u00f3n de bases administrativas del concurso p\u00fablico del Fondo de Fomento de Medios de Comunicaci\u00f3n Social, a\u00f1o 2020<br \/><a href=\"https:\/\/westlawchile.cl\/maf\/app\/document?&amp;docguid=iFDF82FCE9179926F270E65091940AB09\">Ver texto completo<\/a><\/p>\r\n\r\n\r\n<hr class=\"wp-block-separator has-alpha-channel-opacity\" \/>\r\n\r\n\r\n<p><strong>Resoluci\u00f3n exenta N\u00b0 272\/539, Ministerio Secretar\u00eda General de Gobierno (16 de abril de 2020)<\/strong><\/p>\r\n\r\n\r\n\r\n<p>Aprueba modificaci\u00f3n de bases administrativas del concurso p\u00fablico del Fondo de Fortalecimiento de Organizaciones de Inter\u00e9s P\u00fablico, a\u00f1o 2020<br \/><a href=\"https:\/\/westlawchile.cl\/maf\/app\/document?&amp;src=laley4&amp;docguid=i7BD7CB2EA6A2314BBF25EAB3881F250C\">Ver texto completo<\/a><\/p>\r\n\r\n\r\n<hr class=\"wp-block-separator has-alpha-channel-opacity\" \/>\r\n\r\n\r\n<p><strong>Resoluci\u00f3n exenta N\u00b0 272\/546, Ministerio Secretar\u00eda General de Gobierno (16 de abril de 2020)<\/strong><\/p>\r\n\r\n\r\n\r\n<p>Aprueba modificaci\u00f3n de bases administrativas del concurso p\u00fablico del Fondo de Fortalecimiento de Organizaciones de Inter\u00e9s P\u00fablico a\u00f1o 2020<br \/><a href=\"https:\/\/westlawchile.cl\/maf\/app\/document?&amp;docguid=i7BD7CB2EA6A2314BBF25EAB3881F250C\">Ver texto completo<\/a><\/p>\r\n\r\n\r\n<hr class=\"wp-block-separator has-alpha-channel-opacity\" \/>\r\n\r\n\r\n<p><strong>Resoluci\u00f3n N\u00b0 672, Servicio Nacional de Pesca y Acuicultura (16 de abril de 2020)<\/strong><\/p>\r\n\r\n\r\n\r\n<p>Modifica resoluci\u00f3n N\u00ba 565, de 2020, que autoriz\u00f3, por causa de fuerza mayor, la aplicaci\u00f3n de medidas que indica<br \/><a href=\"https:\/\/westlawchile.cl\/maf\/app\/document?&amp;src=laley4&amp;docguid=iF25A70907CDC101F6B6B7ACD72FECF86\">Ver texto completo<\/a><\/p>\r\n\r\n\r\n<hr class=\"wp-block-separator has-alpha-channel-opacity\" \/>\r\n\r\n\r\n<p><strong>Resoluci\u00f3n N\u00b0 723, Servicio Nacional de Pesca y Acuicultura (16 de abril de 2020)<\/strong><\/p>\r\n\r\n\r\n\r\n<p>Establece modalidad excepcional de oficinas de partes virtuales en las Direcciones Regionales y Direcci\u00f3n Nacional del Servicio Nacional de Pesca y Acuicultura, atendido el brote de Coronavirus (COVID-19)<br \/><a href=\"https:\/\/westlawchile.cl\/maf\/app\/document?&amp;src=laley4&amp;docguid=iD8BD0B578D6359AF940B85053B922456\">Ver texto completo<\/a><\/p>\r\n\r\n\r\n<hr class=\"wp-block-separator has-alpha-channel-opacity\" \/>\r\n\r\n\r\n<p><strong>\u00a0<\/strong><strong>Decreto N\u00b0 181, Ministerio del Interior y Seguridad P\u00fablica (15 de abril de 2020)<\/strong><\/p>\r\n\r\n\r\n\r\n<p>Extiende la vigencia del decreto supremo N\u00ba 102, de 2020, que dispone el cierre temporal de lugares habilitados para el ingreso y egreso de extranjeros, por Emergencia de Salud P\u00fablica de Importancia Internacional por brote del nuevo coronavirus (2019-NCOV)<\/p>\r\n\r\n\r\n<hr class=\"wp-block-separator has-alpha-channel-opacity\" \/>\r\n\r\n\r\n<p><strong>Resoluci\u00f3n exenta N\u00b0 261, Ministerio de Salud (15 de abril de 2020)<\/strong><\/p>\r\n\r\n\r\n\r\n<p>Dispone medidas sanitarias que indica por brote de Covid-19<\/p>\r\n\r\n\r\n<hr class=\"wp-block-separator has-alpha-channel-opacity\" \/>\r\n\r\n\r\n<p><strong>Resoluci\u00f3n exenta N\u00b0 258, Ministerio de Salud (15 de abril de 2020)<\/strong><\/p>\r\n\r\n\r\n\r\n<p>Dispone precios m\u00e1ximos que indica<\/p>\r\n\r\n\r\n<hr class=\"wp-block-separator has-alpha-channel-opacity\" \/>\r\n\r\n\r\n<p><strong>Decreto N\u00b0 545, de 2020, Ministerio de Hacienda (15 de abril de 2020)<\/strong><\/p>\r\n\r\n\r\n\r\n<p>Establece norma de excepci\u00f3n que permite nombrar en cargos de jefes de servicio de primer nivel jer\u00e1rquico del Sistema de Alta Direcci\u00f3n P\u00fablica a personas que hayan cumplido el tercer trienio de designaci\u00f3n en el mismo cargo, por el per\u00edodo necesario para que finalicen los concursos p\u00fablicos destinados a la provisi\u00f3n de dichas plazas con titulares<\/p>\r\n\r\n\r\n<hr class=\"wp-block-separator has-alpha-channel-opacity\" \/>\r\n\r\n\r\n<p><strong>Circular N\u00b0 398, Instituto Nacional de Propiedad Industrial (14 de abril de 2020)<\/strong><\/p>\r\n\r\n\r\n\r\n<p>Informa aplicaci\u00f3n en el Instituto Nacional de Propiedad Industrial de la ley 21.226, que establece un r\u00e9gimen jur\u00eddico de excepci\u00f3n para los procesos judiciales, en las audiencias y actuaciones judiciales, y para los plazos y ejercicio de las acciones que indica, por el impacto de la enfermedad Covid-19 en Chile<br \/><a href=\"https:\/\/westlawchile.cl\/maf\/app\/document?&amp;src=laley4&amp;docguid=i7BBABE63611D72CDB4FEBFFEC4EC5190\">Ver texto completo<\/a><\/p>\r\n\r\n\r\n<hr class=\"wp-block-separator has-alpha-channel-opacity\" \/>\r\n\r\n\r\n<p><strong>Decreto N\u00b0 25, Ministerio de Transportes y Telecomunicaciones (14 de abril de 2020)<\/strong><\/p>\r\n\r\n\r\n\r\n<p>Modifica decreto N\u00ba 110, de 2018<br \/><a href=\"https:\/\/westlawchile.cl\/maf\/app\/document?&amp;docguid=iE76C80B21A121E2620D9B22E5C906B98\">Ver texto completo<\/a><\/p>\r\n\r\n\r\n<hr class=\"wp-block-separator has-alpha-channel-opacity\" \/>\r\n\r\n\r\n<p><strong>Resoluci\u00f3n exenta N\u00b0 575, Superintendencia del Medio Ambiente (14 de abril de 2020)<\/strong><\/p>\r\n\r\n\r\n\r\n<p>Dispone medida provisional de suspensi\u00f3n de tramitaci\u00f3n de los procedimientos administrativos sancionatorios y de los plazos en procedimientos y actuaciones que indica<br \/><a href=\"https:\/\/westlawchile.cl\/maf\/app\/document?&amp;src=laley4&amp;docguid=iBA1D56081BCCD527FCD597368151C230\">Ver texto completo<\/a><\/p>\r\n\r\n\r\n<hr class=\"wp-block-separator has-alpha-channel-opacity\" \/>\r\n\r\n\r\n<p><strong>Decreto exento N\u00b0 101, Ministerio de Hacienda (13 de abril de 2020)<\/strong><\/p>\r\n\r\n\r\n\r\n<p>Determina la fecha seg\u00fan la cual deben cumplirse los requisitos exigidos en el art\u00edculo 1 del art\u00edculo primero de la ley N\u00ba 21.225, que autoriza la entrega de un bono de apoyo a los ingresos familiares y establece la forma de acreditaci\u00f3n de los requisitos exigidos a los beneficiarios se\u00f1alados en el inciso tercero del citado art\u00edculo 1<br \/><a href=\"https:\/\/westlawchile.cl\/maf\/app\/document?&amp;docguid=iFF4421AB168FA3BBCD153DDCDF8B3A67\">Ver texto completo<\/a><\/p>\r\n\r\n\r\n<hr class=\"wp-block-separator has-alpha-channel-opacity\" \/>\r\n\r\n\r\n<p><strong>\u00a0<\/strong><strong>Resoluci\u00f3n exenta N\u00b0 10, Servicio de Registro Civil e Identificaci\u00f3n (13 de abril de 2020)<\/strong><\/p>\r\n\r\n\r\n\r\n<p>Crea Suboficina de Emergencia, que funcionar\u00e1 en la Regi\u00f3n de Antofagasta<br \/><a href=\"https:\/\/westlawchile.cl\/maf\/app\/document?&amp;src=laley4&amp;docguid=i24470BEEB55F7D9B0CFDA3F51AE25A4E\">Ver texto completo<\/a><\/p>\r\n\r\n\r\n<hr class=\"wp-block-separator has-alpha-channel-opacity\" \/>\r\n\r\n\r\n<p><strong>Resoluci\u00f3n exenta N\u00b0 1.035, Instituto de Salud P\u00fablica (13 de abril de 2020)<\/strong><\/p>\r\n\r\n\r\n\r\n<p>Modifica resoluci\u00f3n N\u00b0 56 exenta, de 2019, que determina delegaci\u00f3n de facultades en el Instituto de Salud P\u00fablica de Chile, atendido el brote de coronavirus (Covid-19)<br \/><a href=\"https:\/\/westlawchile.cl\/maf\/app\/document?&amp;src=laley4&amp;docguid=iE58BE209A4A7AAC80456CF76CE0740A8\">Ver texto completo<\/a><\/p>\r\n\r\n\r\n<hr class=\"wp-block-separator has-alpha-channel-opacity\" \/>\r\n\r\n\r\n<p><strong>Resoluci\u00f3n exenta N\u00b0 1.036, Instituto de Salud P\u00fablica (13 de abril de 2020)<\/strong><\/p>\r\n\r\n\r\n\r\n<p>Modifica resoluci\u00f3n N\u00ba 56 exenta, de 2019, que determina delegaci\u00f3n de facultades en el Instituto de Salud P\u00fablica de Chile y deja sin efecto resoluci\u00f3n N\u00b0 2.414 exenta, de 2019<br \/><a href=\"https:\/\/westlawchile.cl\/maf\/app\/document?&amp;src=laley4&amp;docguid=i86361D11AE23E13DEC9D783D3E74FF36\">Ver texto completo<\/a><\/p>\r\n\r\n\r\n<hr class=\"wp-block-separator has-alpha-channel-opacity\" \/>\r\n\r\n\r\n<p><strong>Resoluci\u00f3n exenta N\u00b0 610, Ministerio de Transportes y Telecomunicaciones (13 de abril de 2020)<\/strong><\/p>\r\n\r\n\r\n\r\n<p>Modifica resoluci\u00f3n N\u00b0 470 exenta, de 2013, que faculta a los Jefes de Divisi\u00f3n y de Departamento para firmar Por orden del Subsecretario de Telecomunicaciones y delega facultades que indica<br \/><a href=\"https:\/\/westlawchile.cl\/maf\/app\/document?&amp;src=laley4&amp;docguid=i54E99FB88208C475591F215B234AB7A7\">Ver texto completo<\/a><\/p>\r\n\r\n\r\n<hr class=\"wp-block-separator has-alpha-channel-opacity\" \/>\r\n\r\n\r\n<p><strong>Resoluci\u00f3n exenta N\u00b0 247, Ministerio de Salud (9 de abril de 2020)<\/strong><\/p>\r\n\r\n\r\n\r\n<p>Dispone medidas sanitarias que indica por brote de Covid-19<br \/><a href=\"https:\/\/westlawchile.cl\/maf\/app\/document?&amp;src=laley4&amp;docguid=i4F5CFCDB66A8E2CBE39D02542FD4C9CB\">Ver texto completo<\/a><\/p>\r\n\r\n\r\n<hr class=\"wp-block-separator has-alpha-channel-opacity\" \/>\r\n\r\n\r\n<p><strong>Resoluci\u00f3n exenta N\u00b0 J1-1.428, Secretar\u00eda Regional Ministerial IX Regi\u00f3n de la Araucan\u00eda (9 de abril de 2020)<\/strong><\/p>\r\n\r\n\r\n\r\n<p>Proh\u00edbe eventos p\u00fablicos y privados que indica<br \/><a href=\"https:\/\/westlawchile.cl\/maf\/app\/document?&amp;src=laley4&amp;docguid=iE4E95CD7CBF72274AB970DAFAF1A7058\">Ver texto completo<\/a><\/p>\r\n\r\n\r\n<hr class=\"wp-block-separator has-alpha-channel-opacity\" \/>\r\n\r\n\r\n<p><strong>Decreto N\u00b0 180, Ministerio del Interior y Seguridad P\u00fablica (8 de abril de 2020)<\/strong><\/p>\r\n\r\n\r\n\r\n<p>Extiende la vigencia del decreto supremo N\u00b0 102, de 2020, que dispone el cierre temporal de lugares habilitados para el ingreso y egreso de extranjeros, por Emergencia de Salud P\u00fablica de Importancia Internacional por brote del nuevo Coronavirus (2019-NCOV).<br \/><a href=\"https:\/\/westlawchile.cl\/maf\/app\/document?&amp;src=laley4&amp;docguid=iFE7D593AB30B64CACE21EFEE2A1AE723\">Ver texto completo<\/a><\/p>\r\n\r\n\r\n<hr class=\"wp-block-separator has-alpha-channel-opacity\" \/>\r\n\r\n\r\n<p><strong>Resoluci\u00f3n exenta N\u00b0 88, Ministerio de Salud (8 de abril de 2020)<\/strong><\/p>\r\n\r\n\r\n\r\n<p>Se\u00f1ala las zonas o territorios afectados por acto o declaraci\u00f3n de autoridad y las actividades o establecimientos exceptuados de la paralizaci\u00f3n de actividades, para efectos de acceder a las prestaciones a que se refieren los art\u00edculos 1 y 2 de la ley N\u00b0 21.227<br \/><a href=\"https:\/\/westlawchile.cl\/maf\/app\/document?&amp;src=laley4&amp;docguid=iBDF79EB8493BCA94BE3A6A6D797BA05B\">Ver texto completo<\/a><\/p>\r\n\r\n\r\n<hr class=\"wp-block-separator has-alpha-channel-opacity\" \/>\r\n\r\n\r\n<p><strong>Resoluci\u00f3n exenta N\u00b0 137, Direcci\u00f3n General del Cr\u00e9dito Prendario (8 de abril de 2020)<\/strong><\/p>\r\n\r\n\r\n\r\n<p>Regulariza reanudaci\u00f3n de las operaciones de cr\u00e9dito en la Unidad de Cr\u00e9dito de Los Andes<\/p>\r\n\r\n\r\n<hr class=\"wp-block-separator has-alpha-channel-opacity\" \/>\r\n\r\n\r\n<p><strong>Resoluci\u00f3n exenta N\u00b0 492, Direcci\u00f3n General de Aguas (8 de abril de 2020)<\/strong><\/p>\r\n\r\n\r\n\r\n<p>Dispone suspensi\u00f3n de plazos en procedimientos administrativos que indica<\/p>\r\n\r\n\r\n<hr class=\"wp-block-separator has-alpha-channel-opacity\" \/>\r\n\r\n\r\n<p><strong>Decreto N\u00b0 11, Ministerio de Salud (8 de abril de 2020)<\/strong><\/p>\r\n\r\n\r\n\r\n<p>Suspende garant\u00eda de oportunidad de las garant\u00edas expl\u00edcitas en salud en los problemas de salud que indica<\/p>\r\n\r\n\r\n<hr class=\"wp-block-separator has-alpha-channel-opacity\" \/>\r\n\r\n\r\n<p><strong>Resoluci\u00f3n exenta N\u00b0 244, Ministerio de Salud (7 de abril de 2020)<\/strong><\/p>\r\n\r\n\r\n\r\n<p>Dispone medidas sanitarias que indica por brote de Covid-19<strong><br \/><\/strong><a href=\"https:\/\/westlawchile.cl\/maf\/app\/document?&amp;src=laley4&amp;docguid=i428F1ABFB65668F28095A79BF208DABE\">Ver texto completo<\/a><\/p>\r\n\r\n\r\n<hr class=\"wp-block-separator has-alpha-channel-opacity\" \/>\r\n\r\n\r\n<p><strong>Resoluci\u00f3n exenta N\u00b0 1.377, Servicio Nacional de Aduanas (7 de abril de 2020)<\/strong><\/p>\r\n\r\n\r\n\r\n<p>Modifica resoluci\u00f3n N\u00ba 1.179, de 2020, que dispone medidas de facilitaci\u00f3n en el contexto del brote de Covid-19<br \/><a href=\"https:\/\/westlawchile.cl\/maf\/app\/document?&amp;docguid=i768BCAC3E2ECD3A74D86F609F9A7358E\">Ver texto completo<\/a><\/p>\r\n\r\n\r\n<hr class=\"wp-block-separator has-alpha-channel-opacity\" \/>\r\n\r\n\r\n<p><strong>Resoluci\u00f3n exenta N\u00b0 886, Subsecretar\u00eda de Pesca y Acuicultura (7 de abril de 2020)<\/strong><\/p>\r\n\r\n\r\n\r\n<p>Dispone suspensi\u00f3n de plazos, procedimientos y otras medidas por causa de fuerza mayor derivada de la pandemia del coronavirus Covid-19<br \/><a href=\"https:\/\/westlawchile.cl\/maf\/app\/document?&amp;src=laley4&amp;docguid=iB1900468A0F3577D99185BA74F6E40E3\">Ver texto completo<\/a><\/p>\r\n\r\n\r\n<hr class=\"wp-block-separator has-alpha-channel-opacity\" \/>\r\n\r\n\r\n<p><strong>Resoluci\u00f3n exenta N\u00b0 186, Subsecretar\u00eda de Servicios Sociales (7 de abril de 2020)<\/strong><\/p>\r\n\r\n\r\n\r\n<p>Suspende proceso de consulta ind\u00edgena iniciada por resoluci\u00f3n N\u00ba 74 exenta, de 2020<br \/><a href=\"https:\/\/westlawchile.cl\/maf\/app\/document?&amp;src=laley4&amp;docguid=iE1DE9D5D61BC7B5714D3E0CCB4B82A52\">Ver texto completo<\/a><\/p>\r\n\r\n\r\n<hr class=\"wp-block-separator has-alpha-channel-opacity\" \/>\r\n\r\n\r\n<p><strong>Ley N\u00b0 21.227, Ministerio del Trabajo y Previsi\u00f3n Social (6 de abril de 2020)<\/strong><\/p>\r\n\r\n\r\n\r\n<p>Faculta el acceso a prestaciones del Seguro de Desempleo de la ley N\u00ba 19.728, en circunstancias excepcionales<br \/><a href=\"https:\/\/westlawchile.cl\/maf\/app\/document?&amp;src=laley4&amp;docguid=iF96141E746BE1A85E9003EC154B4F160\">Ver texto completo<\/a><\/p>\r\n\r\n\r\n<hr class=\"wp-block-separator has-alpha-channel-opacity\" \/>\r\n\r\n\r\n<p><strong>Resoluci\u00f3n exenta N\u00b0 848, Subsecretar\u00eda de Econom\u00eda y Empresas de Menor Tama\u00f1o (6 de abril de 2020)<\/strong><\/p>\r\n\r\n\r\n\r\n<p>Dispone pr\u00f3rroga de plazo para remisi\u00f3n de estados financieros auditados respecto de cooperativas que indica<br \/><a href=\"https:\/\/westlawchile.cl\/maf\/app\/document?&amp;src=laley4&amp;docguid=i5B5DBC55A15BCFDAE66ABC9FE45663C7\">Ver texto completo<\/a><\/p>\r\n\r\n\r\n<hr class=\"wp-block-separator has-alpha-channel-opacity\" \/>\r\n\r\n\r\n<p><strong>Resoluci\u00f3n exenta N\u00b0 849, Subsecretar\u00eda de Econom\u00eda y Empresas de Menor Tama\u00f1o (6 de abril de 2020)<\/strong><\/p>\r\n\r\n\r\n\r\n<p>Informa medidas excepcionales para cooperativas de ahorro y cr\u00e9dito respecto de materias que indica<br \/><a href=\"https:\/\/westlawchile.cl\/maf\/app\/document?&amp;src=laley4&amp;docguid=iEEE54D88C73A48AACA4D6D50C95B5AE4\">Ver texto completo<\/a><\/p>\r\n\r\n\r\n<hr class=\"wp-block-separator has-alpha-channel-opacity\" \/>\r\n\r\n\r\n<p><strong>Resoluci\u00f3n exenta N\u00b0 242, Ministerio de Salud (6 de abril de 2020)<\/strong><\/p>\r\n\r\n\r\n\r\n<p>Dispone medidas sanitarias que indica por brote de COVID-19<br \/><a href=\"https:\/\/westlawchile.cl\/maf\/app\/document?&amp;docguid=iFC787D328EC1B1CE552CB76F3BB28FBB\">Ver texto completo<\/a><\/p>\r\n\r\n\r\n<hr class=\"wp-block-separator has-alpha-channel-opacity\" \/>\r\n\r\n\r\n<p><strong>Resoluci\u00f3n exenta N\u00b0 280, Junta de Aeron\u00e1utica Civil (6 de abril de 2020)<\/strong><\/p>\r\n\r\n\r\n\r\n<p>Aprueba requisitos especiales para la operaci\u00f3n de vuelos no regulares de empresas a\u00e9reas<br \/><a href=\"https:\/\/westlawchile.cl\/maf\/app\/document?&amp;src=laley4&amp;docguid=iB2726A2776D0D203349094A92519AA00\">Ver texto completo<\/a><\/p>\r\n\r\n\r\n<hr class=\"wp-block-separator has-alpha-channel-opacity\" \/>\r\n\r\n\r\n<p><strong>Resoluci\u00f3n exenta N\u00b0 133, Direcci\u00f3n General del Cr\u00e9dito Prendario (4\u00a0<\/strong><strong>de abril de 2020)<\/strong><\/p>\r\n\r\n\r\n\r\n<p>Declara suspensi\u00f3n de las operaciones de cr\u00e9dito en la Unidad de Cr\u00e9dito de Punta Arenas, de la Regi\u00f3n de Magallanes y la Ant\u00e1rtica Chilena<br \/><a href=\"https:\/\/westlawchile.cl\/maf\/app\/document?&amp;src=laley4&amp;docguid=i5B5F953CC4407825E1339BD717D7C286\">Ver texto completo<\/a><\/p>\r\n\r\n\r\n<hr class=\"wp-block-separator has-alpha-channel-opacity\" \/>\r\n\r\n\r\n<p><strong>Decreto N\u00b0 9, Ministerio de Salud (4 de abril de 2020)<\/strong><\/p>\r\n\r\n\r\n\r\n<p>Establece coordinaci\u00f3n por Emergencia de Salud P\u00fablica de Importancia Internacional que indica y designa Ministro Coordinador<br \/><a href=\"https:\/\/westlawchile.cl\/maf\/app\/document?&amp;src=laley4&amp;docguid=i2E7B70AA45F8224700BB611BBF5847E3\">Ver texto completo<\/a><\/p>\r\n\r\n\r\n<hr class=\"wp-block-separator has-alpha-channel-opacity\" \/>\r\n\r\n\r\n<p><strong>Resoluci\u00f3n exenta N\u00b0 241, Ministerio de Salud (4 de abril de 2020)<\/strong><\/p>\r\n\r\n\r\n\r\n<p>Dispone medidas sanitarias que indica por brote de Covid-19<br \/><a href=\"https:\/\/westlawchile.cl\/maf\/app\/document?&amp;src=laley4&amp;docguid=i271760BB4005FED45857974C076A6239\">Ver texto completo<\/a><\/p>\r\n\r\n\r\n<hr class=\"wp-block-separator has-alpha-channel-opacity\" \/>\r\n\r\n\r\n<p><strong>Decreto N\u00b0 24, Ministerio de Transportes y Telecomunicaciones (4 de abril de 2020)<\/strong><\/p>\r\n\r\n\r\n\r\n<p>Extiende vigencia de los certificados de revisi\u00f3n t\u00e9cnica y de verificaci\u00f3n de emisiones contaminantes, en los casos que indica<br \/><a href=\"https:\/\/westlawchile.cl\/maf\/app\/document?&amp;docguid=i32293AE3D7727D899C18528A77A57AF3\">Ver texto completo<\/a><\/p>\r\n\r\n\r\n<hr class=\"wp-block-separator has-alpha-channel-opacity\" \/>\r\n\r\n\r\n<p><strong>Resoluci\u00f3n exenta N\u00b0 97, Secretar\u00eda Regional Ministerial III Regi\u00f3n de Atacama (4 de abril de 2020)<\/strong><\/p>\r\n\r\n\r\n\r\n<p>Deja sin efecto resoluciones exentas N\u00b0 140 de 1995, N\u00b0 536 de 2003, N\u00b0 170 de 2007, y la obligaci\u00f3n contenida en el resuelvo 2 de la resoluci\u00f3n N\u00b0 380 exenta, de 2003<br \/><a href=\"https:\/\/westlawchile.cl\/maf\/app\/document?&amp;src=laley4&amp;docguid=i94FB6260C1AF8908C0246C1091E3D371\">Ver texto completo<\/a><\/p>\r\n\r\n\r\n<hr class=\"wp-block-separator has-alpha-channel-opacity\" \/>\r\n\r\n\r\n<p><strong>Resoluci\u00f3n exenta N\u00b0 548, Superintendencia del Medio Ambiente (4 de abril de 2020)<\/strong><\/p>\r\n\r\n\r\n\r\n<p>Dispone suspensi\u00f3n de tramitaci\u00f3n de los procedimientos administrativos sancionatorios y de los plazos en procedimientos y actuaciones que indica<br \/><a href=\"https:\/\/westlawchile.cl\/maf\/app\/document?&amp;src=laley4&amp;docguid=i04A42E73DDAD645086B0A6D5EA21C1B7\">Ver texto completo<\/a><\/p>\r\n\r\n\r\n<hr class=\"wp-block-separator has-alpha-channel-opacity\" \/>\r\n\r\n\r\n<p><strong>Resoluci\u00f3n exenta N\u00b0 549, Superintendencia del Medio Ambiente (4 de abril de 2020)<\/strong><\/p>\r\n\r\n\r\n\r\n<p>Renueva reglas de funcionamiento especial de oficina de partes y oficina de transparencia y participaci\u00f3n ciudadana de la Superintendencia del Medio Ambiente<\/p>\r\n\r\n\r\n<hr class=\"wp-block-separator has-alpha-channel-opacity\" \/>\r\n\r\n\r\n<p><strong>Resoluci\u00f3n exenta N\u00b0 236, Ministerio de Salud (3 de abril de 2020)<\/strong><\/p>\r\n\r\n\r\n\r\n<p>Dispone medidas sanitarias que indica por brote de Covid-19<br \/><a href=\"https:\/\/westlawchile.cl\/maf\/app\/document?&amp;src=laley4&amp;docguid=i3154E96960BE6C3E4F0D25C0BF521490\">Ver texto completo<\/a><\/p>\r\n\r\n\r\n<hr class=\"wp-block-separator has-alpha-channel-opacity\" \/>\r\n\r\n\r\n<p><strong>Resoluci\u00f3n exenta N\u00b0 1.179, Servicio Nacional de Aduanas (3 de abril de 2020)<\/strong><\/p>\r\n\r\n\r\n\r\n<p>Dispone medidas de facilitaci\u00f3n en el contexto del brote de Covid-19<br \/><a href=\"https:\/\/westlawchile.cl\/maf\/app\/document?&amp;src=laley4&amp;docguid=iAA87A92AB982990EC88C513ED930BFDB\">Ver texto completo<\/a><\/p>\r\n\r\n\r\n<hr class=\"wp-block-separator has-alpha-channel-opacity\" \/>\r\n\r\n\r\n<p><strong>Ley N\u00b0 21.225, Ministerio de Hacienda (2 de abril de 2020)<\/strong><\/p>\r\n\r\n\r\n\r\n<p>Establece medidas para apoyar a las familias y a las micro, peque\u00f1as y medianas empresas por el impacto de la enfermedad Covid-19 en Chile<br \/><a href=\"https:\/\/westlawchile.cl\/maf\/app\/document?&amp;src=laley4&amp;docguid=iBD03E03C9FAC1E52CE5849CB84FFB0C9\">Ver texto completo<\/a><\/p>\r\n\r\n\r\n<hr class=\"wp-block-separator has-alpha-channel-opacity\" \/>\r\n\r\n\r\n<p><strong>Ley N\u00b0 21.226, Ministerio de Justicia y Derechos Humanos (2 de abril de 2020)<\/strong><\/p>\r\n\r\n\r\n\r\n<p>Establece un r\u00e9gimen jur\u00eddico de excepci\u00f3n para los procesos judiciales, en las audiencias y actuaciones judiciales, y para los plazos y ejercicio de las acciones que indica, por el impacto de la enfermedad Covid-19 en Chile<br \/><a href=\"https:\/\/westlawchile.cl\/maf\/app\/document?&amp;docguid=iE6C1CE5BFE2E1E7D91340DF023C3E048\">Ver texto completo<\/a><\/p>\r\n\r\n\r\n<hr class=\"wp-block-separator has-alpha-channel-opacity\" \/>\r\n\r\n\r\n<p><strong>Resoluci\u00f3n exenta N\u00b0 1.431, Ministerio de Defensa Nacional (2 de abril de 2020)<\/strong><\/p>\r\n\r\n\r\n\r\n<p>Autoriza pr\u00f3rroga en la renovaci\u00f3n de permisos o autorizaciones regidos por la ley N\u00ba 18.356<br \/><a href=\"https:\/\/westlawchile.cl\/maf\/app\/document?&amp;src=laley4&amp;docguid=iB47E980ED9252D9643165AE2378AE5B1\">Ver texto completo<\/a><\/p>\r\n\r\n\r\n<hr class=\"wp-block-separator has-alpha-channel-opacity\" \/>\r\n\r\n\r\n<p><strong>Resoluci\u00f3n exenta N\u00b0 1.313, Servicio Nacional de Aduanas (2 de abril de 2020)<\/strong><\/p>\r\n\r\n\r\n\r\n<p>Aprueba instrucciones para el ingreso simplificado de mercanc\u00edas declaradas como insumos cr\u00edticos<br \/><a href=\"https:\/\/westlawchile.cl\/maf\/app\/document?&amp;src=laley4&amp;docguid=i2F356FEA0FA5742257811F59EB1B83E4\">Ver texto completo<\/a><\/p>\r\n\r\n\r\n<hr class=\"wp-block-separator has-alpha-channel-opacity\" \/>\r\n\r\n\r\n<p><strong>Resoluci\u00f3n exenta N\u00b0 124, Direcci\u00f3n General del Cr\u00e9dito Prendario (2 de abril de 2020)<\/strong><\/p>\r\n\r\n\r\n\r\n<p>Declara suspensi\u00f3n de las operaciones de cr\u00e9dito en las Unidades de Cr\u00e9dito Matriz, Matucana y San Diego, de la Regi\u00f3n Metropolitana, y suspende funcionamiento presencial de la Direcci\u00f3n General de Cr\u00e9dito Prendario<br \/><a href=\"https:\/\/westlawchile.cl\/maf\/app\/document?&amp;src=laley4&amp;docguid=i942DC0B3EB53440591485EAC0A12B3BD\">Ver texto completo<\/a><\/p>\r\n\r\n\r\n<hr class=\"wp-block-separator has-alpha-channel-opacity\" \/>\r\n\r\n\r\n<p><strong>Resoluci\u00f3n exenta N\u00b0 130, Direcci\u00f3n General del Cr\u00e9dito Prendario (2 de abril de 2020)<\/strong><\/p>\r\n\r\n\r\n\r\n<p>Declara suspensi\u00f3n de las operaciones de cr\u00e9dito en la Unidad de Cr\u00e9dito de Temuco, de la Regi\u00f3n de la Araucan\u00eda<br \/><a href=\"https:\/\/westlawchile.cl\/maf\/app\/document?&amp;src=laley4&amp;docguid=i80228631632EE87C8FE207AB01802172\">Ver texto completo<\/a><\/p>\r\n\r\n\r\n<hr class=\"wp-block-separator has-alpha-channel-opacity\" \/>\r\n\r\n\r\n<p><strong>Resoluci\u00f3n exenta N\u00b0 546, Ministerio de Vivienda y Urbanismo (2 de abril de 2020)<\/strong><\/p>\r\n\r\n\r\n\r\n<p>Suspende, establece fechas para continuar la recepci\u00f3n de postulaciones y modifica la resoluci\u00f3n N\u00ba 342 exenta, de 2020, que llama a postulaci\u00f3n en condiciones especiales del Programa de Subsidio de Arriendo de Vivienda, regulado por el decreto N\u00ba 52, de 2013<br \/><a href=\"https:\/\/westlawchile.cl\/maf\/app\/document?&amp;src=laley4&amp;docguid=i674C6ACA0CC64789A8F0114A6C5D9700\">Ver texto completo<\/a><\/p>\r\n\r\n\r\n<hr class=\"wp-block-separator has-alpha-channel-opacity\" \/>\r\n\r\n\r\n<p><strong>Ley N\u00b0 21.222, Ministerio de Transportes y Telecomunicaciones (1 de abril de 2020)<\/strong><\/p>\r\n\r\n\r\n\r\n<p>Prorroga por un a\u00f1o la vigencia de las licencias de conducir que expiren en el a\u00f1o 2020<br \/><a href=\"https:\/\/westlawchile.cl\/maf\/app\/document?&amp;src=laley4&amp;docguid=iBDBFAC7242E41F82DF2832567D7388EE\">Ver texto completo<\/a><\/p>\r\n\r\n\r\n<hr class=\"wp-block-separator has-alpha-channel-opacity\" \/>\r\n\r\n\r\n<p><strong>Ley N\u00b0 21.223, Ministerio de Transportes y Telecomunicaciones (1 de abril de 2020)<\/strong><\/p>\r\n\r\n\r\n\r\n<p>Prorroga el plazo para la renovaci\u00f3n de los permisos de circulaci\u00f3n correspondientes al a\u00f1o 2020, y otras materias que indica<br \/><a href=\"https:\/\/westlawchile.cl\/maf\/app\/document?&amp;src=laley4&amp;docguid=i8B867B7C79BCE55F2CA1065C3CA862C3\">Ver texto completo<\/a><\/p>\r\n\r\n\r\n<hr class=\"wp-block-separator has-alpha-channel-opacity\" \/>\r\n\r\n\r\n<p><strong>Ley N\u00b0 21.224, Ministerio de Transportes y Telecomunicaciones (1 de abril de 2020)<\/strong><\/p>\r\n\r\n\r\n\r\n<p>Prorroga la fecha de renovaci\u00f3n de las revisiones t\u00e9cnicas<br \/><a href=\"https:\/\/westlawchile.cl\/maf\/app\/document?&amp;src=laley4&amp;docguid=i050B86FDDF49B161DFBDD8F271A25F88\">Ver texto completo<\/a><\/p>\r\n\r\n\r\n<hr class=\"wp-block-separator has-alpha-channel-opacity\" \/>\r\n\r\n\r\n<p><strong>Decreto N\u00b0 116, Ministerio del Interior y Seguridad P\u00fablica (1 de abril de 2020)<\/strong><\/p>\r\n\r\n\r\n\r\n<p>Extiende la vigencia del decreto N\u00ba 102, de 2020, que dispone el cierre temporal de lugares habilitados para el ingreso y egreso de extranjeros, por Emergencia de Salud P\u00fablica de Importancia Internacional por brote del nuevo Coronavirus (2019-NCOV)<br \/><a href=\"https:\/\/westlawchile.cl\/maf\/app\/document?&amp;src=laley4&amp;docguid=i11389D47C9980320523AAF5DAB2CF439\">Ver texto completo<\/a><\/p>\r\n\r\n\r\n<hr class=\"wp-block-separator has-alpha-channel-opacity\" \/>\r\n\r\n\r\n<p><strong>Decreto N\u00b0 420, Ministerio de Hacienda (1 de abril de 2020)<\/strong><\/p>\r\n\r\n\r\n\r\n<p>Establece medidas de \u00edndole tributaria, para apoyar a las familias, los trabajadores y a las micro, peque\u00f1as y medianas empresas, en las dificultades generadas por la propagaci\u00f3n de la enfermedad Covid-19 en Chile<br \/><a href=\"https:\/\/westlawchile.cl\/maf\/app\/document?&amp;docguid=i2666B1B7574A831B6807FA0A77D14A22\">Ver texto completo<\/a><\/p>\r\n\r\n\r\n<hr class=\"wp-block-separator has-alpha-channel-opacity\" \/>\r\n\r\n\r\n<p><strong>Resoluci\u00f3n exenta N\u00b0 227, Ministerio de Salud (1 de abril de 2020)<\/strong><\/p>\r\n\r\n\r\n\r\n<p>Dispone medidas sanitarias que indica por brote de COVID-19<\/p>\r\n\r\n\r\n<hr class=\"wp-block-separator has-alpha-channel-opacity\" \/>\r\n\r\n\r\n<p><strong>Resoluci\u00f3n exenta N\u00b0 156, Ministerio de Salud (1 de abril de 2020)<\/strong><\/p>\r\n\r\n\r\n\r\n<p>Dispone instrucciones para la coordinaci\u00f3n de la red p\u00fablica y privada de salud por parte de la Subsecretar\u00eda de Redes Asistenciales.<\/p>\r\n\r\n\r\n<hr class=\"wp-block-separator has-alpha-channel-opacity\" \/>\r\n\r\n\r\n<p><strong>Decreto N\u00b0 34, Ministerio de Justicia y Derechos Humanos (1 de abril de 2020)<\/strong><\/p>\r\n\r\n\r\n\r\n<p>Extiende vigencia de c\u00e9dula de identidad para extranjeros, conforme se indica<br \/><a href=\"https:\/\/westlawchile.cl\/maf\/app\/document?&amp;docguid=i13BA91D04953551106BF998C4C82AE5F\">Ver texto completo<\/a><\/p>\r\n\r\n\r\n<hr class=\"wp-block-separator has-alpha-channel-opacity\" \/>\r\n\r\n\r\n<p><strong>Resoluci\u00f3n exenta N\u00b0 98, Comisi\u00f3n Nacional de Energ\u00eda (1 de abril de 2020)<\/strong><\/p>\r\n\r\n\r\n\r\n<p>Dispone modalidad especial de entrega de los contratos a que se refiere la resoluci\u00f3n N\u00b0 628 exenta, de 2016, en consideraci\u00f3n de las circunstancias extraordinarias que se indican<br \/><a href=\"https:\/\/westlawchile.cl\/maf\/app\/document?&amp;src=laley4&amp;docguid=i4E4406BB7E924DAEF7B0787BCF58A113\">Ver texto completo<\/a><\/p>\r\n\r\n\r\n<hr class=\"wp-block-separator has-alpha-channel-opacity\" \/>\r\n\r\n\r\n<p><strong>Resoluci\u00f3n exenta N\u00b0 324, Instituto Nacional de Propiedad Industrial (1 de abril de 2020)<\/strong><\/p>\r\n\r\n\r\n\r\n<p>Modifica resoluci\u00f3n N\u00ba 318 exenta, de 2020, que regula trabajo remoto excepcional<\/p>\r\n\r\n\r\n<hr class=\"wp-block-separator has-alpha-channel-opacity\" \/>\r\n\r\n\r\n<p><strong>Resoluci\u00f3n exenta N\u00b0 1.393, Contralor\u00eda General de la Rep\u00fablica (31 de marzo de 2020)<\/strong><\/p>\r\n\r\n\r\n\r\n<p>Establece una modalidad excepcional para el ingreso de presentaciones de funcionarios p\u00fablicos y particulares que soliciten pronunciamientos jur\u00eddicos de la Contralor\u00eda General<br \/><a href=\"https:\/\/westlawchile.cl\/maf\/app\/document?&amp;src=laley4&amp;docguid=i25C44160560039F19AA6AD4BBA6F2483\">Ver texto completo<\/a><\/p>\r\n\r\n\r\n<hr class=\"wp-block-separator has-alpha-channel-opacity\" \/>\r\n\r\n\r\n<p><strong>Resoluci\u00f3n exenta N\u00b0 217, Ministerio de Salud (31 de marzo de 2020)<\/strong><\/p>\r\n\r\n\r\n\r\n<p>Dispone medidas sanitarias que indica por brote de COVID-19<br \/><a href=\"https:\/\/westlawchile.cl\/maf\/app\/document?&amp;src=laley4&amp;docguid=i3FE9F7029BD2A333A8178BCEF267EF37\">Ver texto completo<\/a><\/p>\r\n\r\n\r\n<hr class=\"wp-block-separator has-alpha-channel-opacity\" \/>\r\n\r\n\r\n<p><strong>\u00a0<\/strong><strong>Resoluci\u00f3n exenta N\u00b0 112, Direcci\u00f3n General del Cr\u00e9dito Prendario (31 de marzo de 2020)<\/strong><\/p>\r\n\r\n\r\n\r\n<p>Declara suspensi\u00f3n de remates en las unidades de cr\u00e9dito del pa\u00eds por los meses de marzo y abril<strong><br \/><\/strong><a href=\"https:\/\/westlawchile.cl\/maf\/app\/document?&amp;src=laley4&amp;docguid=i1DB7A461836013F1D3CC8771F9C2DEAB\">Ver texto completo<\/a><\/p>\r\n\r\n\r\n<hr class=\"wp-block-separator has-alpha-channel-opacity\" \/>\r\n\r\n\r\n<p><strong>Resoluci\u00f3n exenta N\u00b0 113, Direcci\u00f3n General del Cr\u00e9dito Prendario (31 de marzo de 2020)<\/strong><\/p>\r\n\r\n\r\n\r\n<p>Declara suspensi\u00f3n de las operaciones de cr\u00e9dito en las unidades de cr\u00e9dito de Los Andes, Copiap\u00f3 y Concepci\u00f3n<br \/><a href=\"https:\/\/westlawchile.cl\/maf\/app\/document?&amp;src=laley4&amp;docguid=i81B87C904978E7021290AE0BE8444361\">Ver texto completo<\/a><\/p>\r\n\r\n\r\n<hr class=\"wp-block-separator has-alpha-channel-opacity\" \/>\r\n\r\n\r\n<p><strong>\u00a0<\/strong><strong>Resoluci\u00f3n exenta N\u00b0 215, Ministerio de Salud (30 de marzo de 2020)<\/strong><\/p>\r\n\r\n\r\n\r\n<p>Dispone medidas sanitarias que indica por brote de COVID-19.<br \/><a href=\"https:\/\/westlawchile.cl\/maf\/app\/document?&amp;src=laley4&amp;docguid=i6A88C4559F8BD2687DF41A3C249B32C7\">Ver texto completo<\/a><\/p>\r\n\r\n\r\n<hr class=\"wp-block-separator has-alpha-channel-opacity\" \/>\r\n\r\n\r\n<p><strong>Resoluci\u00f3n exenta N\u00b0 212, Ministerio de Salud (28 de marzo de 2020)<\/strong><\/p>\r\n\r\n\r\n\r\n<p>Dispone medidas sanitarias que indica por brote de Covid-19<br \/><a href=\"https:\/\/westlawchile.cl\/maf\/app\/document?&amp;src=laley4&amp;docguid=i5853287FA87FA7C47ABDE664D9E8A951\">Ver texto completo<\/a><\/p>\r\n\r\n\r\n<hr class=\"wp-block-separator has-alpha-channel-opacity\" \/>\r\n\r\n\r\n<p><strong>Resoluci\u00f3n exenta N\u00b0 912, Seremi VI Regi\u00f3n del Libertador General Bernardo O\u2019Higgins (28 de marzo de 2020)<\/strong><\/p>\r\n\r\n\r\n\r\n<p>Dispone obligatoriedad de la toma del examen para determinar la presencia del coronavirus 2019<br \/><a href=\"https:\/\/westlawchile.cl\/maf\/app\/document?&amp;src=laley4&amp;docguid=i36D031804FB74CB451D8776ADDFF6745\">Ver texto completo<\/a><\/p>\r\n\r\n\r\n<hr class=\"wp-block-separator has-alpha-channel-opacity\" \/>\r\n\r\n\r\n<p><strong>Resoluci\u00f3n exenta N\u00b0 959, Seremi VI Regi\u00f3n del Libertador General Bernardo O\u2019Higgins (28 de marzo de 2020)<\/strong><\/p>\r\n\r\n\r\n\r\n<p>Proh\u00edbe funcionamiento de lugares que se\u00f1ala en todo el territorio de la Regi\u00f3n del Libertador General Bernardo O\u2019Higgins<br \/><a href=\"https:\/\/westlawchile.cl\/maf\/app\/document?&amp;src=laley4&amp;docguid=iC3FFE2B22E0576B8694C9B762CD79108\">Ver tecto completo<\/a><\/p>\r\n\r\n\r\n<hr class=\"wp-block-separator has-alpha-channel-opacity\" \/>\r\n\r\n\r\n<p><strong>Resoluci\u00f3n exenta N\u00b0 988, Seremi VI Regi\u00f3n del Libertador General Bernardo O\u2019Higgins (28 de marzo de 2020)<\/strong><\/p>\r\n\r\n\r\n\r\n<p>Establece l\u00edmite de asistentes en actividades ciudadanas en espacios abiertos y cerrados<br \/><a href=\"https:\/\/westlawchile.cl\/maf\/app\/document?&amp;src=laley4&amp;docguid=i22E14010830A077CAC9EECC8FB7C8111\">Ver texto completo<\/a><\/p>\r\n\r\n\r\n<hr class=\"wp-block-separator has-alpha-channel-opacity\" \/>\r\n\r\n\r\n<p><strong>Resoluci\u00f3n exenta n\u00famero 36, Ministerio de Energ\u00eda (28 de marzo de 2020)<\/strong><\/p>\r\n\r\n\r\n\r\n<p>Dispone suspensi\u00f3n de plazos en procedimientos y actuaciones que indica<br \/><a href=\"https:\/\/westlawchile.cl\/maf\/app\/document?&amp;src=laley4&amp;docguid=iEFF3A1692D8EF284F11C55CFD19F5AFD\">Ver texto completo<\/a><\/p>\r\n\r\n\r\n<hr class=\"wp-block-separator has-alpha-channel-opacity\" \/>\r\n\r\n\r\n<p><strong>Decreto N\u00b0 333, Ministerio de Hacienda (27 de marzo de 2020)<\/strong><\/p>\r\n\r\n\r\n\r\n<p>Autoriza disponer del 2% constitucional para atender los gastos necesarios derivados de la epidemia del coronavirus, Covid-19<br \/><a href=\"https:\/\/westlawchile.cl\/maf\/app\/document?&amp;src=laley4&amp;docguid=i69395867E4093ABDC68C683E5C168282\">Ver texto completo<\/a><\/p>\r\n\r\n\r\n<hr class=\"wp-block-separator has-alpha-channel-opacity\" \/>\r\n\r\n\r\n<p><strong>Ley N\u00b0 21.221, Ministerio Secretar\u00eda General de la Presidencia (26\u00a0de marzo de 2020)<\/strong><\/p>\r\n\r\n\r\n\r\n<p>Reforma Constitucional que establece un nuevo itinerario electoral para el Plebiscito Constituyente y otros eventos electorales que indica<br \/><a href=\"https:\/\/westlawchile.cl\/maf\/app\/document?&amp;src=laley4&amp;docguid=i56294A0475A00DDC0118229FC882762B\">Ver texto completo<\/a><\/p>\r\n\r\n\r\n<hr class=\"wp-block-separator has-alpha-channel-opacity\" \/>\r\n\r\n\r\n<p><strong>Resoluci\u00f3n exenta N\u00b0 210, Ministerio de Salud (26 de marzo de 2020)<\/strong><\/p>\r\n\r\n\r\n\r\n<p>Dispone medidas sanitarias que indica por brote de Covid-19.<br \/><a href=\"https:\/\/westlawchile.cl\/maf\/app\/document?&amp;src=laley4&amp;docguid=i5648C20F46FE2FA94EDFE6F5BC9CE617\">Ver texto completo<\/a><\/p>\r\n\r\n\r\n<hr class=\"wp-block-separator has-alpha-channel-opacity\" \/>\r\n\r\n\r\n<p><strong>Decreto N\u00b0 108, Ministerio del Interior y Seguridad P\u00fablica (26 de marzo de 2020)<\/strong><\/p>\r\n\r\n\r\n\r\n<p>Reemplaza al Jefe de la Defensa Nacional de la Regi\u00f3n de la Araucan\u00eda designado por decreto N\u00ba 104, de 2020, del Ministerio del Interior y Seguridad P\u00fablica.<br \/><a href=\"https:\/\/westlawchile.cl\/maf\/app\/document?&amp;src=laley4&amp;docguid=i72F0CDA5DE8FA65C09DCD94057DB1924\">Ver texto completo<\/a><\/p>\r\n\r\n\r\n<hr class=\"wp-block-separator has-alpha-channel-opacity\" \/>\r\n\r\n\r\n<p><strong>Ley N\u00b0 21.219, Ministerio Secretar\u00eda General de la Presidencia (26 de marzo de 2020)<\/strong><\/p>\r\n\r\n\r\n\r\n<p>Reforma constitucional que autoriza al Congreso Nacional a sesionar por medios telem\u00e1ticos en los casos que indica<br \/><a href=\"https:\/\/westlawchile.cl\/maf\/app\/document?&amp;src=laley4&amp;docguid=i68CD97240A20BBC441EEC4033B274618\">Ver texto completo<\/a><\/p>\r\n\r\n\r\n<hr class=\"wp-block-separator has-alpha-channel-opacity\" \/>\r\n\r\n\r\n<p><strong>Resoluci\u00f3n exenta N\u00b0 208, Ministerio de Salud (26 de marzo de 2020)<\/strong><\/p>\r\n\r\n\r\n\r\n<p>Dispone medidas sanitarias que indica por brote de Covid-19<br \/><a href=\"https:\/\/westlawchile.cl\/maf\/app\/document?&amp;src=laley4&amp;docguid=iE9588A92511B0F21A33CD2CDBEE57E8A\">Ver texto completo<\/a><\/p>\r\n\r\n\r\n<hr class=\"wp-block-separator has-alpha-channel-opacity\" \/>\r\n\r\n\r\n<p><strong>Resoluci\u00f3n exenta N\u00b0 209, Ministerio de Salud (26 de marzo de 2020)<\/strong><\/p>\r\n\r\n\r\n\r\n<p>Dispone precios m\u00e1ximos que indica<br \/><a href=\"https:\/\/westlawchile.cl\/maf\/app\/document?&amp;src=laley4&amp;docguid=iC4DEBA2AC36F7FFD325771C2B3A5B560\">Ver texto completo<\/a><\/p>\r\n\r\n\r\n<hr class=\"wp-block-separator has-alpha-channel-opacity\" \/>\r\n\r\n\r\n<p><strong>Resoluci\u00f3n exenta N\u00b0 518, Superintendencia del Medio Ambiente (26 de marzo de 2020)<\/strong><\/p>\r\n\r\n\r\n\r\n<p>Dispone suspensi\u00f3n de plazos en procedimientos y actuaciones que indica<br \/><a href=\"https:\/\/westlawchile.cl\/maf\/app\/document?&amp;src=laley4&amp;docguid=iD88F33F57C17CB29EDB5A2C3EE76A9E3\">Ver texto completo<\/a><\/p>\r\n\r\n\r\n<hr class=\"wp-block-separator has-alpha-channel-opacity\" \/>\r\n\r\n\r\n<p><strong>Resoluci\u00f3n exenta n\u00famero 569, Servicio Nacional de Pesca y Acuicultura (26 de marzo de 2020)<\/strong><\/p>\r\n\r\n\r\n\r\n<p>Modifica resoluci\u00f3n N\u00b0 563, de 2020, que estableci\u00f3 una modalidad excepcional flexible de la organizaci\u00f3n del trabajo para los funcionarios y funcionarias del Servicio Nacional de Pesca y Acuicultura, atendido el brote de Coronavirus (COVID-19), y delega facultad que indica<br \/><a href=\"https:\/\/westlawchile.cl\/maf\/app\/document?&amp;src=laley4&amp;docguid=iD8B2700205E85E50EC403B35D2C51174\">Ver texto completo<\/a><\/p>\r\n\r\n\r\n<hr class=\"wp-block-separator has-alpha-channel-opacity\" \/>\r\n\r\n\r\n<p><strong>Decreto N\u00b0 10, de 2020, Ministerio de Salud (25 de marzo de 2020)<\/strong><\/p>\r\n\r\n\r\n\r\n<p>Modifica decreto N\u00ba 4, de 2020, que decreta alerta sanitaria por el per\u00edodo que se se\u00f1ala y otorga facultades extraordinarias que indica por Emergencia de Salud P\u00fablica de Importancia Internacional por brote del nuevo coronavirus (2019-NCOV)<strong><br \/><\/strong><a href=\"https:\/\/westlawchile.cl\/maf\/app\/document?&amp;src=laley4&amp;docguid=i8EDCF48746DC67709A0BA32B277C00EC\">Ver texto completo<\/a><\/p>\r\n\r\n\r\n<hr class=\"wp-block-separator has-alpha-channel-opacity\" \/>\r\n\r\n\r\n<p><strong>Resoluci\u00f3n exenta N\u00b0 203, Ministerio de Salud (25 de marzo de 2020)<\/strong><\/p>\r\n\r\n\r\n\r\n<p>Dispone medidas sanitarias que indica por brote de Covid-19<br \/><a href=\"https:\/\/westlawchile.cl\/maf\/app\/document?&amp;src=laley4&amp;docguid=iACA27D9BDC146BB7D5744F5A36050B2C\">Ver texto completo<\/a><\/p>\r\n\r\n\r\n<hr class=\"wp-block-separator has-alpha-channel-opacity\" \/>\r\n\r\n\r\n<p><strong>\u00a0<\/strong><strong>Resoluci\u00f3n exenta N\u00b0 497, Superintendencia del Medio Ambiente (24 de marzo de 2020)<\/strong><\/p>\r\n\r\n\r\n\r\n<p>Dicta instrucci\u00f3n general a sujetos fiscalizados por la Superintendencia del Medio Ambiente en el contexto de brote de coronavirus (COVID-19)<br \/><a href=\"https:\/\/westlawchile.cl\/maf\/app\/document?&amp;docguid=iD18D7DD795D52AE6B9B0B2AB01662598\">Ver texto completo<\/a><\/p>\r\n\r\n\r\n<hr class=\"wp-block-separator has-alpha-channel-opacity\" \/>\r\n\r\n\r\n<p><strong>Resoluci\u00f3n exenta N\u00b0 1.188, Servicio Nacional de Capacitaci\u00f3n y Empleo (24 de marzo de 2020)<\/strong><\/p>\r\n\r\n\r\n\r\n<p>Dispone medida de suspensi\u00f3n inmediata de acciones de capacitaci\u00f3n financiadas por el Fondo Nacional de Capacitaci\u00f3n o por el Programa de Becas Laborales, en modalidad presencial, por plazo que indica<br \/><a href=\"https:\/\/westlawchile.cl\/maf\/app\/document?&amp;src=laley4&amp;docguid=i152CE7C405F8F7BF451A45277A671E24\">Ver texto completo<\/a><\/p>\r\n\r\n\r\n<hr class=\"wp-block-separator has-alpha-channel-opacity\" \/>\r\n\r\n\r\n<p><strong>Decreto N\u00b0 107, Ministerio del Interior y Seguridad P\u00fablica (23 de marzo de 2020)<\/strong><\/p>\r\n\r\n\r\n\r\n<p>Declara como zonas afectadas por cat\u00e1strofe a las comunas que indica.<br \/><a href=\"https:\/\/westlawchile.cl\/maf\/app\/document?&amp;src=laley4&amp;docguid=i2DBD022B179B608BEBF34AD945EA9E07\">Ver texto completo<\/a><\/p>\r\n\r\n\r\n<hr class=\"wp-block-separator has-alpha-channel-opacity\" \/>\r\n\r\n\r\n<p><strong>Decreto N\u00b0 32, Ministerio de Justicia y Derechos Humanos (23 de marzo de 2020)<\/strong><\/p>\r\n\r\n\r\n\r\n<p>Extiende la fecha de vencimiento de las c\u00e9dulas de identidad para chilenos<br \/><a href=\"https:\/\/westlawchile.cl\/maf\/app\/document?&amp;src=laley4&amp;docguid=i34FF321374B892A44A9065D5B398932D\">Ver texto completo<\/a><\/p>\r\n\r\n\r\n<hr class=\"wp-block-separator has-alpha-channel-opacity\" \/>\r\n\r\n\r\n<p><strong>Resoluci\u00f3n exenta N\u00b0 200, Ministerio de Salud (21 de marzo de 2020)<\/strong><\/p>\r\n\r\n\r\n\r\n<p>Dispone medidas sanitarias que indica por brote de Covid-19<br \/><a href=\"https:\/\/westlawchile.cl\/maf\/app\/document?&amp;src=laley4&amp;docguid=iAA41FDB2AB9352E538BE259CFA24A088\">Ver texto completo<\/a><\/p>\r\n\r\n\r\n<hr class=\"wp-block-separator has-alpha-channel-opacity\" \/>\r\n\r\n\r\n<p><strong>Resoluci\u00f3n exenta N\u00b0 726, Subsecretar\u00eda de Econom\u00eda y Empresas de Menor Tama\u00f1o (21 de marzo de 2020)<\/strong><\/p>\r\n\r\n\r\n\r\n<p>Imparte instrucciones para la celebraci\u00f3n de Juntas Generales de Socios en Cooperativas por motivos que indica<br \/><a href=\"https:\/\/westlawchile.cl\/maf\/app\/document?&amp;src=laley4&amp;docguid=i8233B0CD2FA4947F7408731F596AD333\">Ver texto completo<\/a><\/p>\r\n\r\n\r\n<hr class=\"wp-block-separator has-alpha-channel-opacity\" \/>\r\n\r\n\r\n<p><strong>Resoluci\u00f3n exenta N\u00b0 491, Superintendencia del Medio Ambiente (20 de marzo de 2020)<\/strong><\/p>\r\n\r\n\r\n\r\n<p>Dispone r\u00e9gimen especial de cumplimiento de jornada laboral y flexibilidad horaria por brote de Coronavirus (Covid-19)<br \/><a href=\"https:\/\/westlawchile.cl\/maf\/app\/document?&amp;src=laley4&amp;docguid=iA8185740D4C0017C6985E97BB41E3981\">Ver texto completo<\/a><\/p>\r\n\r\n\r\n<hr class=\"wp-block-separator has-alpha-channel-opacity\" \/>\r\n\r\n\r\n<p><strong>Resoluci\u00f3n exenta N\u00b0 814, Seremi VI Regi\u00f3n del Libertador General Bernardo O\u2019Higgins (20 de marzo de 2020)<\/strong><\/p>\r\n\r\n\r\n\r\n<p>Dispone medidas sanitarias que indica<\/p>\r\n\r\n\r\n<hr class=\"wp-block-separator has-alpha-channel-opacity\" \/>\r\n\r\n\r\n<p><strong>Resoluci\u00f3n exenta N\u00b0 823, Seremi VI Regi\u00f3n del Libertador General Bernardo O\u2019Higgins (20 de marzo de 2020)<\/strong><\/p>\r\n\r\n\r\n\r\n<p>Proh\u00edbe eventos p\u00fablicos o privados que tengan una convocatoria superior a 500 personas<\/p>\r\n\r\n\r\n<hr class=\"wp-block-separator has-alpha-channel-opacity\" \/>\r\n\r\n\r\n<p><strong>Resoluci\u00f3n exenta N\u00b0 860, Seremi VI Regi\u00f3n del Libertador General Bernardo O\u2019Higgins (20 de marzo de 2020)<\/strong><\/p>\r\n\r\n\r\n\r\n<p>Suspende clases en establecimientos educacionales por periodo que indica<\/p>\r\n\r\n\r\n<hr class=\"wp-block-separator has-alpha-channel-opacity\" \/>\r\n\r\n\r\n<p><strong>Resoluci\u00f3n exenta N\u00b0 194, Ministerio de Salud (20 de marzo de 2020)<\/strong><\/p>\r\n\r\n\r\n\r\n<p>Dispone medidas sanitarias que indica por brote de Covid-19<br \/><a href=\"https:\/\/westlawchile.cl\/maf\/app\/document?&amp;src=laley4&amp;docguid=iBFE63276E13C3826CE4B8287E061644F\">Ver texto completo<\/a><\/p>\r\n\r\n\r\n<hr class=\"wp-block-separator has-alpha-channel-opacity\" \/>\r\n\r\n\r\n<p><strong>Decreto N\u00b0 106, Ministerio del Interior y Seguridad P\u00fablica (19 de marzo de 2020)<\/strong><\/p>\r\n\r\n\r\n\r\n<p>Modifica el decreto N\u00ba 104, de 2020, del Ministerio del Interior y Seguridad P\u00fablica que declara estado de excepci\u00f3n constitucional de cat\u00e1strofe, por calamidad p\u00fablica, en el territorio de Chile.<br \/><a href=\"https:\/\/westlawchile.cl\/maf\/app\/document?&amp;src=laley4&amp;docguid=iC03A7433235A4F16D30F36AEC0EEE38E\">Ver texto completo<\/a><\/p>\r\n\r\n\r\n<hr class=\"wp-block-separator has-alpha-channel-opacity\" \/>\r\n\r\n\r\n<p><strong>Resoluci\u00f3n exenta N\u00b0 188, Ministerio de Salud (19 de marzo de 2020)<\/strong><\/p>\r\n\r\n\r\n\r\n<p>Dispone medidas sanitarias que indica por brote de Covid-19<br \/><a href=\"https:\/\/westlawchile.cl\/maf\/app\/document?&amp;src=laley4&amp;docguid=i91CEF0224990F1A23753F94FCE9DDFF6\">Ver texto completo<\/a><\/p>\r\n\r\n\r\n<hr class=\"wp-block-separator has-alpha-channel-opacity\" \/>\r\n\r\n\r\n<p><strong>Decreto N\u00b0 104, Ministerio del Interior y Seguridad P\u00fablica (18 de marzo de 2020)<\/strong><\/p>\r\n\r\n\r\n\r\n<p>Declara estado de excepci\u00f3n constitucional de cat\u00e1strofe, por calamidad p\u00fablica, en el territorio de Chile.<br \/><a href=\"https:\/\/westlawchile.cl\/maf\/app\/document?&amp;docguid=i8E5E2DF19A2C19CA43AC03A563798331\">Ver texto completo<\/a><\/p>\r\n\r\n\r\n<hr class=\"wp-block-separator has-alpha-channel-opacity\" \/>\r\n\r\n\r\n<p><strong>Resoluci\u00f3n exenta N\u00b0 183, Ministerio de Salud (18 de marzo de 2020)<\/strong><\/p>\r\n\r\n\r\n\r\n<p>Dispone medidas sanitarias que indica por brote de Covid-19<br \/><a href=\"https:\/\/westlawchile.cl\/maf\/app\/document?&amp;src=laley4&amp;docguid=iE61D0FD865B54178B9194C86FDF8EEB5\">Ver texto completo<\/a><\/p>\r\n\r\n\r\n<hr class=\"wp-block-separator has-alpha-channel-opacity\" \/>\r\n\r\n\r\n<p><strong>Resoluci\u00f3n N\u00b0 5, Contralor\u00eda General de la Rep\u00fablica (17 de marzo de 2020)<\/strong><\/p>\r\n\r\n\r\n\r\n<p>Establece una modalidad excepcional de ingreso y tramitaci\u00f3n de actos administrativos para el control preventivo de legalidad (toma de raz\u00f3n)<br \/><a href=\"https:\/\/westlawchile.cl\/maf\/app\/document?&amp;src=laley4&amp;docguid=iE606E2BC657811FA66FCAE76E3FD91FA\">Ver texto completo<\/a><\/p>\r\n\r\n\r\n<hr class=\"wp-block-separator has-alpha-channel-opacity\" \/>\r\n\r\n\r\n<p><strong>Resoluci\u00f3n exenta N\u00b0 1.272, Contralor\u00eda General de la Rep\u00fablica (17 de marzo de 2020)<\/strong><\/p>\r\n\r\n\r\n\r\n<p>Establece una modalidad excepcional para el ingreso de los oficios de servicios p\u00fablicos que soliciten un pronunciamiento jur\u00eddico de la Contralor\u00eda General o atiendan un requerimiento de informe, y una medida especial respecto de los actos administrativos exentos sujetos a registro<br \/><a href=\"https:\/\/westlawchile.cl\/maf\/app\/document?&amp;src=laley4&amp;docguid=i64962428E9FE22796CF1F355DAD63E2D\">Ver texto completo<\/a><\/p>\r\n\r\n\r\n<hr class=\"wp-block-separator has-alpha-channel-opacity\" \/>\r\n\r\n\r\n<p><strong>Decreto N\u00b0 102, Ministerio del Interior (17 de marzo de 2020)<\/strong><\/p>\r\n\r\n\r\n\r\n<p>Dispone cierre temporal de lugares habilitados para el ingreso y egreso de extranjeros, por emergencia de salud p\u00fablica de importancia internacional (ESPII) por brote del nuevo coronavirus (2019-NCOV).<br \/><a href=\"https:\/\/westlawchile.cl\/maf\/app\/document?&amp;src=laley4&amp;docguid=i86161D797C154D927D6782C3125DA3AE\">Ver texto completo<\/a><\/p>\r\n\r\n\r\n<hr class=\"wp-block-separator has-alpha-channel-opacity\" \/>\r\n\r\n\r\n<p><strong>Resoluci\u00f3n exenta n\u00famero 180, Ministerio de Salud (17 de marzo de 2020)<\/strong><\/p>\r\n\r\n\r\n\r\n<p>Dispone medidas sanitarias que indica por brote de Covid-19<br \/><a href=\"https:\/\/westlawchile.cl\/maf\/app\/document?&amp;docguid=iEE3B0FDA61AFC64A8B1DB21E0C1F97D2\">Ver texto completo<\/a><\/p>\r\n\r\n\r\n<hr class=\"wp-block-separator has-alpha-channel-opacity\" \/>\r\n\r\n\r\n<p><strong>Decreto N\u00b0 6, Ministerio de Salud (7 de marzo de 2020)<\/strong><\/p>\r\n\r\n\r\n\r\n<p>Modifica decreto N\u00ba 4, de 2020, que decreta Alerta Sanitaria por el per\u00edodo que se se\u00f1ala y otorga facultades extraordinarias que indica por Emergencia de Salud P\u00fablica de Importancia Internacional por brote del nuevo Coronavirus 2019-NCOV<br \/><a href=\"https:\/\/westlawchile.cl\/maf\/app\/document?&amp;docguid=iE537A1F674D6BF246850433EA7EE94D7\">Ver texto completo<\/a><\/p>\r\n\r\n\r\n<hr class=\"wp-block-separator has-alpha-channel-opacity\" \/>\r\n\r\n\r\n<p><strong>Resoluci\u00f3n exenta N\u00b0 108, Ministerio de Salud (28 de febrero de 2020)<\/strong><\/p>\r\n\r\n\r\n\r\n<p>Establece declaraci\u00f3n jurada de estado de salud como medida de control sanitario obligatorio para viajeros que ingresan a Chile y aprueba formulario para realizar la declaraci\u00f3n<br \/><a href=\"https:\/\/westlawchile.cl\/maf\/app\/document?&amp;docguid=iA0AE8767B9A2EC552026790AE27DCB8D\">Ver texto completo<\/a><\/p>\r\n\r\n\r\n<hr class=\"wp-block-separator has-alpha-channel-opacity\" \/>\r\n\r\n\r\n<p><strong>Decreto N\u00b0 4, Ministerio de Salud (8 de febrero 2020)<\/strong><\/p>\r\n\r\n\r\n\r\n<p>Decreta Alerta Sanitaria por el per\u00edodo que se se\u00f1ala y otorga facultades extraordinarias que indica por Emergencia de Salud P\u00fablica de Importancia Internacional por brote del nuevo Coronavirus (2019-nCoV)<br \/><a href=\"https:\/\/westlawchile.cl\/maf\/app\/document?&amp;docguid=i5D8FFE1F5C4D423D8DBAA7D192FE1E0E\">Ver texto completo<\/a><\/p>\r\n","protected":false},"excerpt":{"rendered":"<p>2024 Sin normativa Covid (al 7 de febrero de 2024) 2023 Resoluci\u00f3n exenta N\u00b0 6.818, Servicio Agr\u00edcola y Ganadero (22 de noviembre)Ajusta requisitos de Coronavirus, en raz\u00f3n de la situaci\u00f3n actual de la [&hellip;]<\/p>\n","protected":false},"author":1,"featured_media":2285,"comment_status":"closed","ping_status":"closed","sticky":false,"template":"","format":"standard","meta":{"footnotes":""},"categories":[68],"tags":[70,69],"_links":{"self":[{"href":"https:\/\/laleyaldia.cl\/index.php?rest_route=\/wp\/v2\/posts\/2235"}],"collection":[{"href":"https:\/\/laleyaldia.cl\/index.php?rest_route=\/wp\/v2\/posts"}],"about":[{"href":"https:\/\/laleyaldia.cl\/index.php?rest_route=\/wp\/v2\/types\/post"}],"author":[{"embeddable":true,"href":"https:\/\/laleyaldia.cl\/index.php?rest_route=\/wp\/v2\/users\/1"}],"replies":[{"embeddable":true,"href":"https:\/\/laleyaldia.cl\/index.php?rest_route=%2Fwp%2Fv2%2Fcomments&post=2235"}],"version-history":[{"count":5,"href":"https:\/\/laleyaldia.cl\/index.php?rest_route=\/wp\/v2\/posts\/2235\/revisions"}],"predecessor-version":[{"id":2515,"href":"https:\/\/laleyaldia.cl\/index.php?rest_route=\/wp\/v2\/posts\/2235\/revisions\/2515"}],"wp:featuredmedia":[{"embeddable":true,"href":"https:\/\/laleyaldia.cl\/index.php?rest_route=\/wp\/v2\/media\/2285"}],"wp:attachment":[{"href":"https:\/\/laleyaldia.cl\/index.php?rest_route=%2Fwp%2Fv2%2Fmedia&parent=2235"}],"wp:term":[{"taxonomy":"category","embeddable":true,"href":"https:\/\/laleyaldia.cl\/index.php?rest_route=%2Fwp%2Fv2%2Fcategories&post=2235"},{"taxonomy":"post_tag","embeddable":true,"href":"https:\/\/laleyaldia.cl\/index.php?rest_route=%2Fwp%2Fv2%2Ftags&post=2235"}],"curies":[{"name":"wp","href":"https:\/\/api.w.org\/{rel}","templated":true}]}}